{"id":1908,"date":"2023-11-29T11:49:45","date_gmt":"2023-11-29T14:49:45","guid":{"rendered":"https:\/\/portal.pi.gov.br\/seres\/?p=1908"},"modified":"2023-11-29T11:49:46","modified_gmt":"2023-11-29T14:49:46","slug":"comunidade-quilombola-sumidouro-em-queimada-nova-recebe-titulo-coletivo-de-terras","status":"publish","type":"post","link":"https:\/\/portal.pi.gov.br\/seres\/2023\/11\/29\/comunidade-quilombola-sumidouro-em-queimada-nova-recebe-titulo-coletivo-de-terras\/","title":{"rendered":"Comunidade Quilombola Sumidouro, em Queimada Nova, recebe T\u00edtulo Coletivo de Terras"},"content":{"rendered":"\n<p>A secret\u00e1ria de Estado das Rela\u00e7\u00f5es Sociais N\u00fabia Lopes acompanhou, nesta ter\u00e7a-feira (28), a entrega do T\u00edtulo Coletivo de Terras concedido pelo Instituto da Regulariza\u00e7\u00e3o Fundi\u00e1ria e do Patrim\u00f4nio Imobili\u00e1rio do Estado do Piau\u00ed (Interpi) \u00e0 Comunidade Quilombola Sumidouro, localizada no munic\u00edpio de Queimada Nova, um importante passo em prol da justi\u00e7a social e reconhecimento hist\u00f3rico do povo quilombola Sumidouro.<\/p>\n\n\n<div class=\"wp-block-image\">\n<figure class=\"aligncenter size-large is-resized\"><img decoding=\"async\" loading=\"lazy\" src=\"https:\/\/portal.pi.gov.br\/seres\/wp-content\/uploads\/sites\/87\/2023\/11\/WhatsApp-Image-2023-11-29-at-11.02.43-1024x768.jpeg\" alt=\"\" class=\"wp-image-1916\" width=\"483\" height=\"362\" srcset=\"https:\/\/portal.pi.gov.br\/seres\/wp-content\/uploads\/sites\/87\/2023\/11\/WhatsApp-Image-2023-11-29-at-11.02.43-1024x768.jpeg 1024w, https:\/\/portal.pi.gov.br\/seres\/wp-content\/uploads\/sites\/87\/2023\/11\/WhatsApp-Image-2023-11-29-at-11.02.43-300x225.jpeg 300w, https:\/\/portal.pi.gov.br\/seres\/wp-content\/uploads\/sites\/87\/2023\/11\/WhatsApp-Image-2023-11-29-at-11.02.43-768x576.jpeg 768w, https:\/\/portal.pi.gov.br\/seres\/wp-content\/uploads\/sites\/87\/2023\/11\/WhatsApp-Image-2023-11-29-at-11.02.43-420x315.jpeg 420w, https:\/\/portal.pi.gov.br\/seres\/wp-content\/uploads\/sites\/87\/2023\/11\/WhatsApp-Image-2023-11-29-at-11.02.43-540x405.jpeg 540w, https:\/\/portal.pi.gov.br\/seres\/wp-content\/uploads\/sites\/87\/2023\/11\/WhatsApp-Image-2023-11-29-at-11.02.43-780x585.jpeg 780w, https:\/\/portal.pi.gov.br\/seres\/wp-content\/uploads\/sites\/87\/2023\/11\/WhatsApp-Image-2023-11-29-at-11.02.43-1536x1152.jpeg 1536w, https:\/\/portal.pi.gov.br\/seres\/wp-content\/uploads\/sites\/87\/2023\/11\/WhatsApp-Image-2023-11-29-at-11.02.43-2048x1536.jpeg 2048w, https:\/\/portal.pi.gov.br\/seres\/wp-content\/uploads\/sites\/87\/2023\/11\/WhatsApp-Image-2023-11-29-at-11.02.43-947x710.jpeg 947w, https:\/\/portal.pi.gov.br\/seres\/wp-content\/uploads\/sites\/87\/2023\/11\/WhatsApp-Image-2023-11-29-at-11.02.43-624x468.jpeg 624w\" sizes=\"(max-width: 483px) 100vw, 483px\" \/><\/figure><\/div>\n\n\n<p>Essa a\u00e7\u00e3o hist\u00f3rica repara d\u00e9cadas de luta e reconhece a ancestralidade da comunidade, antes habitada por fazendeiros, cujas terras, ap\u00f3s o falecimento, foram transferidas para o dom\u00ednio do casal Catarina dos Santos e Valentim dos Santos em 1872. A comunidade, formada por descendentes de pessoas escravizadas, ver\u00e1 agora a consolida\u00e7\u00e3o de sua hist\u00f3ria por meio desse t\u00edtulo, proporcionando seguran\u00e7a jur\u00eddica e abrindo portas para o acesso a pol\u00edticas p\u00fablicas.<\/p>\n\n\n<div class=\"wp-block-image\">\n<figure class=\"aligncenter size-large is-resized\"><img decoding=\"async\" loading=\"lazy\" src=\"https:\/\/portal.pi.gov.br\/seres\/wp-content\/uploads\/sites\/87\/2023\/11\/WhatsApp-Image-2023-11-29-at-11.03.46-1024x768.jpeg\" alt=\"\" class=\"wp-image-1913\" width=\"479\" height=\"359\" srcset=\"https:\/\/portal.pi.gov.br\/seres\/wp-content\/uploads\/sites\/87\/2023\/11\/WhatsApp-Image-2023-11-29-at-11.03.46-1024x768.jpeg 1024w, https:\/\/portal.pi.gov.br\/seres\/wp-content\/uploads\/sites\/87\/2023\/11\/WhatsApp-Image-2023-11-29-at-11.03.46-300x225.jpeg 300w, https:\/\/portal.pi.gov.br\/seres\/wp-content\/uploads\/sites\/87\/2023\/11\/WhatsApp-Image-2023-11-29-at-11.03.46-768x576.jpeg 768w, https:\/\/portal.pi.gov.br\/seres\/wp-content\/uploads\/sites\/87\/2023\/11\/WhatsApp-Image-2023-11-29-at-11.03.46-420x315.jpeg 420w, https:\/\/portal.pi.gov.br\/seres\/wp-content\/uploads\/sites\/87\/2023\/11\/WhatsApp-Image-2023-11-29-at-11.03.46-540x405.jpeg 540w, https:\/\/portal.pi.gov.br\/seres\/wp-content\/uploads\/sites\/87\/2023\/11\/WhatsApp-Image-2023-11-29-at-11.03.46-780x585.jpeg 780w, https:\/\/portal.pi.gov.br\/seres\/wp-content\/uploads\/sites\/87\/2023\/11\/WhatsApp-Image-2023-11-29-at-11.03.46-1536x1152.jpeg 1536w, https:\/\/portal.pi.gov.br\/seres\/wp-content\/uploads\/sites\/87\/2023\/11\/WhatsApp-Image-2023-11-29-at-11.03.46-2048x1536.jpeg 2048w, https:\/\/portal.pi.gov.br\/seres\/wp-content\/uploads\/sites\/87\/2023\/11\/WhatsApp-Image-2023-11-29-at-11.03.46-947x710.jpeg 947w, https:\/\/portal.pi.gov.br\/seres\/wp-content\/uploads\/sites\/87\/2023\/11\/WhatsApp-Image-2023-11-29-at-11.03.46-624x468.jpeg 624w\" sizes=\"(max-width: 479px) 100vw, 479px\" \/><\/figure><\/div>\n\n\n<p>A secret\u00e1ria N\u00fabia Lopes, durante a cerim\u00f4nia, lembrou de outras pol\u00edticas p\u00fablicas que beneficiaram \u00e0 comunidade na agricultura familiar, quintais produtivos e Ater nos Quilombos, anunciando que este programa est\u00e1 voltando com for\u00e7a total . \u201cEu quero informar para voc\u00eas que n\u00f3s estamos trabalhando nesse processo, nossa secretaria est\u00e1 coordenando o Ater nos Quilombos, um programa de assist\u00eancia t\u00e9cnica e sociocultural nas comunidades quilombolas piauienses, que ser\u00e1 executado pela secretaria de Estado da Assist\u00eancia T\u00e9cnica e Defesa Agropecu\u00e1ria\u00a0(Sada), com monitoramento da Seres\u201d, explicou.<\/p>\n\n\n<div class=\"wp-block-image\">\n<figure class=\"aligncenter size-large is-resized\"><img decoding=\"async\" loading=\"lazy\" src=\"https:\/\/portal.pi.gov.br\/seres\/wp-content\/uploads\/sites\/87\/2023\/11\/WhatsApp-Image-2023-11-29-at-11.04.35-1024x768.jpeg\" alt=\"\" class=\"wp-image-1910\" width=\"478\" height=\"359\" srcset=\"https:\/\/portal.pi.gov.br\/seres\/wp-content\/uploads\/sites\/87\/2023\/11\/WhatsApp-Image-2023-11-29-at-11.04.35-1024x768.jpeg 1024w, https:\/\/portal.pi.gov.br\/seres\/wp-content\/uploads\/sites\/87\/2023\/11\/WhatsApp-Image-2023-11-29-at-11.04.35-300x225.jpeg 300w, https:\/\/portal.pi.gov.br\/seres\/wp-content\/uploads\/sites\/87\/2023\/11\/WhatsApp-Image-2023-11-29-at-11.04.35-768x576.jpeg 768w, https:\/\/portal.pi.gov.br\/seres\/wp-content\/uploads\/sites\/87\/2023\/11\/WhatsApp-Image-2023-11-29-at-11.04.35-420x315.jpeg 420w, https:\/\/portal.pi.gov.br\/seres\/wp-content\/uploads\/sites\/87\/2023\/11\/WhatsApp-Image-2023-11-29-at-11.04.35-540x405.jpeg 540w, https:\/\/portal.pi.gov.br\/seres\/wp-content\/uploads\/sites\/87\/2023\/11\/WhatsApp-Image-2023-11-29-at-11.04.35-780x585.jpeg 780w, https:\/\/portal.pi.gov.br\/seres\/wp-content\/uploads\/sites\/87\/2023\/11\/WhatsApp-Image-2023-11-29-at-11.04.35-1536x1152.jpeg 1536w, https:\/\/portal.pi.gov.br\/seres\/wp-content\/uploads\/sites\/87\/2023\/11\/WhatsApp-Image-2023-11-29-at-11.04.35-2048x1536.jpeg 2048w, https:\/\/portal.pi.gov.br\/seres\/wp-content\/uploads\/sites\/87\/2023\/11\/WhatsApp-Image-2023-11-29-at-11.04.35-947x710.jpeg 947w, https:\/\/portal.pi.gov.br\/seres\/wp-content\/uploads\/sites\/87\/2023\/11\/WhatsApp-Image-2023-11-29-at-11.04.35-624x468.jpeg 624w\" sizes=\"(max-width: 478px) 100vw, 478px\" \/><\/figure><\/div>\n\n\n<p>N\u00fabia Lopes tamb\u00e9m ressaltou a parceria com o governo federal e com o Instituto Nacional de Coloniza\u00e7\u00e3o e Reforma Agr\u00e1ria\u00a0(INCRA). \u201cTem muita quest\u00e3o do governo federal relacionada ao programa Minha Casa, Minha Vida e tem a quest\u00e3o do INCRA. S\u00e3o v\u00e1rias pol\u00edticas que voc\u00eas v\u00e3o poder ter acesso em rela\u00e7\u00e3o \u00e0 sa\u00fade, \u00e0 educa\u00e7\u00e3o e ao que voc\u00eas puderem trazer aqui para a comunidade, beneficiando as 42 fam\u00edlias que vivem aqui. O governo do estado quer acelerar, avan\u00e7ar e melhorar ainda mais a vida de todos voc\u00eas\u201d.\u00a0\u00a0\u00a0<\/p>\n\n\n<div class=\"wp-block-image\">\n<figure class=\"aligncenter size-large is-resized\"><img decoding=\"async\" loading=\"lazy\" src=\"https:\/\/portal.pi.gov.br\/seres\/wp-content\/uploads\/sites\/87\/2023\/11\/WhatsApp-Image-2023-11-29-at-11.03.52-1024x768.jpeg\" alt=\"\" class=\"wp-image-1912\" width=\"480\" height=\"360\" srcset=\"https:\/\/portal.pi.gov.br\/seres\/wp-content\/uploads\/sites\/87\/2023\/11\/WhatsApp-Image-2023-11-29-at-11.03.52-1024x768.jpeg 1024w, https:\/\/portal.pi.gov.br\/seres\/wp-content\/uploads\/sites\/87\/2023\/11\/WhatsApp-Image-2023-11-29-at-11.03.52-300x225.jpeg 300w, https:\/\/portal.pi.gov.br\/seres\/wp-content\/uploads\/sites\/87\/2023\/11\/WhatsApp-Image-2023-11-29-at-11.03.52-768x576.jpeg 768w, https:\/\/portal.pi.gov.br\/seres\/wp-content\/uploads\/sites\/87\/2023\/11\/WhatsApp-Image-2023-11-29-at-11.03.52-420x315.jpeg 420w, https:\/\/portal.pi.gov.br\/seres\/wp-content\/uploads\/sites\/87\/2023\/11\/WhatsApp-Image-2023-11-29-at-11.03.52-540x405.jpeg 540w, https:\/\/portal.pi.gov.br\/seres\/wp-content\/uploads\/sites\/87\/2023\/11\/WhatsApp-Image-2023-11-29-at-11.03.52-780x585.jpeg 780w, https:\/\/portal.pi.gov.br\/seres\/wp-content\/uploads\/sites\/87\/2023\/11\/WhatsApp-Image-2023-11-29-at-11.03.52-1536x1152.jpeg 1536w, https:\/\/portal.pi.gov.br\/seres\/wp-content\/uploads\/sites\/87\/2023\/11\/WhatsApp-Image-2023-11-29-at-11.03.52-2048x1536.jpeg 2048w, https:\/\/portal.pi.gov.br\/seres\/wp-content\/uploads\/sites\/87\/2023\/11\/WhatsApp-Image-2023-11-29-at-11.03.52-947x710.jpeg 947w, https:\/\/portal.pi.gov.br\/seres\/wp-content\/uploads\/sites\/87\/2023\/11\/WhatsApp-Image-2023-11-29-at-11.03.52-624x468.jpeg 624w\" sizes=\"(max-width: 480px) 100vw, 480px\" \/><\/figure><\/div>\n\n\n<p>A presidente da Associa\u00e7\u00e3o, Lucicleia Domiciano dos Santos, chamou todos os jovens da comunidade para honrarem os ancestrais que lutaram por aquele momento por tantos anos. \u201cNossos av\u00f3s, pais, tios e tantos outros foram respons\u00e1veis por esse momento. Quero pedir para a juventude, porque agora somos n\u00f3s os respons\u00e1veis por este sonho que n\u00e3o pode parar por aqui. N\u00f3s precisamos levar a caminhada em frente, a realiza\u00e7\u00e3o do sonho da fam\u00edlia do Valentim\u201d, comemorou.<\/p>\n\n\n<div class=\"wp-block-image\">\n<figure class=\"aligncenter size-large is-resized\"><img decoding=\"async\" loading=\"lazy\" src=\"https:\/\/portal.pi.gov.br\/seres\/wp-content\/uploads\/sites\/87\/2023\/11\/WhatsApp-Image-2023-11-29-at-11.02.56-1024x768.jpeg\" alt=\"\" class=\"wp-image-1915\" width=\"481\" height=\"361\" srcset=\"https:\/\/portal.pi.gov.br\/seres\/wp-content\/uploads\/sites\/87\/2023\/11\/WhatsApp-Image-2023-11-29-at-11.02.56-1024x768.jpeg 1024w, https:\/\/portal.pi.gov.br\/seres\/wp-content\/uploads\/sites\/87\/2023\/11\/WhatsApp-Image-2023-11-29-at-11.02.56-300x225.jpeg 300w, https:\/\/portal.pi.gov.br\/seres\/wp-content\/uploads\/sites\/87\/2023\/11\/WhatsApp-Image-2023-11-29-at-11.02.56-768x576.jpeg 768w, https:\/\/portal.pi.gov.br\/seres\/wp-content\/uploads\/sites\/87\/2023\/11\/WhatsApp-Image-2023-11-29-at-11.02.56-420x315.jpeg 420w, https:\/\/portal.pi.gov.br\/seres\/wp-content\/uploads\/sites\/87\/2023\/11\/WhatsApp-Image-2023-11-29-at-11.02.56-540x405.jpeg 540w, https:\/\/portal.pi.gov.br\/seres\/wp-content\/uploads\/sites\/87\/2023\/11\/WhatsApp-Image-2023-11-29-at-11.02.56-780x585.jpeg 780w, https:\/\/portal.pi.gov.br\/seres\/wp-content\/uploads\/sites\/87\/2023\/11\/WhatsApp-Image-2023-11-29-at-11.02.56-1536x1152.jpeg 1536w, https:\/\/portal.pi.gov.br\/seres\/wp-content\/uploads\/sites\/87\/2023\/11\/WhatsApp-Image-2023-11-29-at-11.02.56-2048x1536.jpeg 2048w, https:\/\/portal.pi.gov.br\/seres\/wp-content\/uploads\/sites\/87\/2023\/11\/WhatsApp-Image-2023-11-29-at-11.02.56-947x710.jpeg 947w, https:\/\/portal.pi.gov.br\/seres\/wp-content\/uploads\/sites\/87\/2023\/11\/WhatsApp-Image-2023-11-29-at-11.02.56-624x468.jpeg 624w\" sizes=\"(max-width: 481px) 100vw, 481px\" \/><\/figure><\/div>\n\n\n<p>Rodrigo Cavalcante, Diretor Geral do Interpi,celebrou o momento. \u201cHoje \u00e9 dia de festa, temos muito a comemorar e trabalhar com mais for\u00e7a ainda e determina\u00e7\u00e3o do governador Rafael Fonteles, nessa pol\u00edtica que, para al\u00e9m de uma quest\u00e3o de repara\u00e7\u00e3o hist\u00f3rica, tamb\u00e9m entrega mais cidadania, dignidade e oportunidade de desenvolvimento para comunidades tradicionais do Piau\u00ed devidamente regularizadas. Hoje, n\u00f3s j\u00e1 temos 25, que s\u00e3o 15 regularizadas at\u00e9 2022 e este ano que a gente est\u00e1 encerrando com 10 novas comunidades regularizadas. \u00c9 compromisso nosso, \u00e9 prioridade do governo do estado\u201d, destacou o diretor.<\/p>\n\n\n<div class=\"wp-block-image\">\n<figure class=\"aligncenter size-large is-resized\"><img decoding=\"async\" loading=\"lazy\" src=\"https:\/\/portal.pi.gov.br\/seres\/wp-content\/uploads\/sites\/87\/2023\/11\/WhatsApp-Image-2023-11-29-at-11.03.35-1024x768.jpeg\" alt=\"\" class=\"wp-image-1914\" width=\"481\" height=\"361\" srcset=\"https:\/\/portal.pi.gov.br\/seres\/wp-content\/uploads\/sites\/87\/2023\/11\/WhatsApp-Image-2023-11-29-at-11.03.35-1024x768.jpeg 1024w, https:\/\/portal.pi.gov.br\/seres\/wp-content\/uploads\/sites\/87\/2023\/11\/WhatsApp-Image-2023-11-29-at-11.03.35-300x225.jpeg 300w, https:\/\/portal.pi.gov.br\/seres\/wp-content\/uploads\/sites\/87\/2023\/11\/WhatsApp-Image-2023-11-29-at-11.03.35-768x576.jpeg 768w, https:\/\/portal.pi.gov.br\/seres\/wp-content\/uploads\/sites\/87\/2023\/11\/WhatsApp-Image-2023-11-29-at-11.03.35-420x315.jpeg 420w, https:\/\/portal.pi.gov.br\/seres\/wp-content\/uploads\/sites\/87\/2023\/11\/WhatsApp-Image-2023-11-29-at-11.03.35-540x405.jpeg 540w, https:\/\/portal.pi.gov.br\/seres\/wp-content\/uploads\/sites\/87\/2023\/11\/WhatsApp-Image-2023-11-29-at-11.03.35-780x585.jpeg 780w, https:\/\/portal.pi.gov.br\/seres\/wp-content\/uploads\/sites\/87\/2023\/11\/WhatsApp-Image-2023-11-29-at-11.03.35-1536x1152.jpeg 1536w, https:\/\/portal.pi.gov.br\/seres\/wp-content\/uploads\/sites\/87\/2023\/11\/WhatsApp-Image-2023-11-29-at-11.03.35-2048x1536.jpeg 2048w, https:\/\/portal.pi.gov.br\/seres\/wp-content\/uploads\/sites\/87\/2023\/11\/WhatsApp-Image-2023-11-29-at-11.03.35-947x710.jpeg 947w, https:\/\/portal.pi.gov.br\/seres\/wp-content\/uploads\/sites\/87\/2023\/11\/WhatsApp-Image-2023-11-29-at-11.03.35-624x468.jpeg 624w\" sizes=\"(max-width: 481px) 100vw, 481px\" \/><\/figure><\/div>\n\n\n<p>Falando de territ\u00f3rio, de pertencimento, de ancestralidade, de manter viva as ra\u00edzes, Maria Rosalina dos Santos, Coordenadora Estadual das Comunidades Quilombolas \u2013 CECOQ, lideran\u00e7a de Queimada Nova e gerente de Povos e Comunidades Tradicionais (GPCT), emocionou a todos durante a cerim\u00f4nia. \u201cQuilombo \u00e9 a gente manter viva a nossa resist\u00eancia que vem da ancestralidade. Quilombo \u00e9 lutar para que seja devolvido o que foi tomado da gente. Quilombo \u00e9 defender o territ\u00f3rio, o pertencimento, nossos ancestrais. O territ\u00f3rio vai al\u00e9m de terra, \u00e9 um lugar sagrado, \u00e9 um modo de vida, \u00e9 um modo de exist\u00eancia. Por isso que a gente defende a titula\u00e7\u00e3o coletiva do territ\u00f3rio e n\u00e3o um peda\u00e7o de terra. Por isso que hoje eu digo, terra titulada, liberdade conquistada\u201d, concluiu.<\/p>\n\n\n<div class=\"wp-block-image\">\n<figure class=\"aligncenter size-large is-resized\"><img decoding=\"async\" loading=\"lazy\" src=\"https:\/\/portal.pi.gov.br\/seres\/wp-content\/uploads\/sites\/87\/2023\/11\/WhatsApp-Image-2023-11-29-at-11.04.01-1024x768.jpeg\" alt=\"\" class=\"wp-image-1911\" width=\"478\" height=\"359\" srcset=\"https:\/\/portal.pi.gov.br\/seres\/wp-content\/uploads\/sites\/87\/2023\/11\/WhatsApp-Image-2023-11-29-at-11.04.01-1024x768.jpeg 1024w, https:\/\/portal.pi.gov.br\/seres\/wp-content\/uploads\/sites\/87\/2023\/11\/WhatsApp-Image-2023-11-29-at-11.04.01-300x225.jpeg 300w, https:\/\/portal.pi.gov.br\/seres\/wp-content\/uploads\/sites\/87\/2023\/11\/WhatsApp-Image-2023-11-29-at-11.04.01-768x576.jpeg 768w, https:\/\/portal.pi.gov.br\/seres\/wp-content\/uploads\/sites\/87\/2023\/11\/WhatsApp-Image-2023-11-29-at-11.04.01-420x315.jpeg 420w, https:\/\/portal.pi.gov.br\/seres\/wp-content\/uploads\/sites\/87\/2023\/11\/WhatsApp-Image-2023-11-29-at-11.04.01-540x405.jpeg 540w, https:\/\/portal.pi.gov.br\/seres\/wp-content\/uploads\/sites\/87\/2023\/11\/WhatsApp-Image-2023-11-29-at-11.04.01-780x585.jpeg 780w, https:\/\/portal.pi.gov.br\/seres\/wp-content\/uploads\/sites\/87\/2023\/11\/WhatsApp-Image-2023-11-29-at-11.04.01-1536x1152.jpeg 1536w, https:\/\/portal.pi.gov.br\/seres\/wp-content\/uploads\/sites\/87\/2023\/11\/WhatsApp-Image-2023-11-29-at-11.04.01-2048x1536.jpeg 2048w, https:\/\/portal.pi.gov.br\/seres\/wp-content\/uploads\/sites\/87\/2023\/11\/WhatsApp-Image-2023-11-29-at-11.04.01-947x710.jpeg 947w, https:\/\/portal.pi.gov.br\/seres\/wp-content\/uploads\/sites\/87\/2023\/11\/WhatsApp-Image-2023-11-29-at-11.04.01-624x468.jpeg 624w\" sizes=\"(max-width: 478px) 100vw, 478px\" \/><\/figure><\/div>\n\n\n<p>O T\u00edtulo Coletivo de Terras representa um marco na trajet\u00f3ria da Comunidade Sumidouro, assegurando n\u00e3o apenas a posse legal, mas tamb\u00e9m o fortalecimento da identidade cultural e o amparo necess\u00e1rio para o desenvolvimento sustent\u00e1vel. Este avan\u00e7o \u00e9 fundamental para a implementa\u00e7\u00e3o de programas e projetos que visem \u00e0 promo\u00e7\u00e3o da inclus\u00e3o social, educacional e econ\u00f4mica desses cidad\u00e3os.<\/p>\n\n\n<div class=\"wp-block-image\">\n<figure class=\"aligncenter size-large is-resized\"><img decoding=\"async\" loading=\"lazy\" src=\"https:\/\/portal.pi.gov.br\/seres\/wp-content\/uploads\/sites\/87\/2023\/11\/WhatsApp-Image-2023-11-29-at-11.10.00-1024x768.jpeg\" alt=\"\" class=\"wp-image-1909\" width=\"483\" height=\"362\" srcset=\"https:\/\/portal.pi.gov.br\/seres\/wp-content\/uploads\/sites\/87\/2023\/11\/WhatsApp-Image-2023-11-29-at-11.10.00-1024x768.jpeg 1024w, https:\/\/portal.pi.gov.br\/seres\/wp-content\/uploads\/sites\/87\/2023\/11\/WhatsApp-Image-2023-11-29-at-11.10.00-300x225.jpeg 300w, https:\/\/portal.pi.gov.br\/seres\/wp-content\/uploads\/sites\/87\/2023\/11\/WhatsApp-Image-2023-11-29-at-11.10.00-768x576.jpeg 768w, https:\/\/portal.pi.gov.br\/seres\/wp-content\/uploads\/sites\/87\/2023\/11\/WhatsApp-Image-2023-11-29-at-11.10.00-420x315.jpeg 420w, https:\/\/portal.pi.gov.br\/seres\/wp-content\/uploads\/sites\/87\/2023\/11\/WhatsApp-Image-2023-11-29-at-11.10.00-540x405.jpeg 540w, https:\/\/portal.pi.gov.br\/seres\/wp-content\/uploads\/sites\/87\/2023\/11\/WhatsApp-Image-2023-11-29-at-11.10.00-780x585.jpeg 780w, https:\/\/portal.pi.gov.br\/seres\/wp-content\/uploads\/sites\/87\/2023\/11\/WhatsApp-Image-2023-11-29-at-11.10.00-1536x1152.jpeg 1536w, https:\/\/portal.pi.gov.br\/seres\/wp-content\/uploads\/sites\/87\/2023\/11\/WhatsApp-Image-2023-11-29-at-11.10.00-2048x1536.jpeg 2048w, https:\/\/portal.pi.gov.br\/seres\/wp-content\/uploads\/sites\/87\/2023\/11\/WhatsApp-Image-2023-11-29-at-11.10.00-947x710.jpeg 947w, https:\/\/portal.pi.gov.br\/seres\/wp-content\/uploads\/sites\/87\/2023\/11\/WhatsApp-Image-2023-11-29-at-11.10.00-624x468.jpeg 624w\" sizes=\"(max-width: 483px) 100vw, 483px\" \/><\/figure><\/div>","protected":false},"excerpt":{"rendered":"<p>A secret\u00e1ria de Estado das Rela\u00e7\u00f5es Sociais N\u00fabia Lopes acompanhou, nesta ter\u00e7a-feira (28), a entrega do T\u00edtulo Coletivo de Terras concedido pelo Instituto da Regulariza\u00e7\u00e3o Fundi\u00e1ria e do Patrim\u00f4nio Imobili\u00e1rio [&hellip;]<\/p>\n","protected":false},"author":1748,"featured_media":1916,"comment_status":"closed","ping_status":"closed","sticky":false,"template":"","format":"standard","meta":[],"categories":[34],"tags":[],"featured_image_urls":{"full":["https:\/\/portal.pi.gov.br\/seres\/wp-content\/uploads\/sites\/87\/2023\/11\/WhatsApp-Image-2023-11-29-at-11.02.43-scaled.jpeg",2560,1920,false],"thumbnail":["https:\/\/portal.pi.gov.br\/seres\/wp-content\/uploads\/sites\/87\/2023\/11\/WhatsApp-Image-2023-11-29-at-11.02.43-150x150.jpeg",150,150,true],"medium":["https:\/\/portal.pi.gov.br\/seres\/wp-content\/uploads\/sites\/87\/2023\/11\/WhatsApp-Image-2023-11-29-at-11.02.43-300x225.jpeg",300,225,true],"medium_large":["https:\/\/portal.pi.gov.br\/seres\/wp-content\/uploads\/sites\/87\/2023\/11\/WhatsApp-Image-2023-11-29-at-11.02.43-768x576.jpeg",768,576,true],"large":["https:\/\/portal.pi.gov.br\/seres\/wp-content\/uploads\/sites\/87\/2023\/11\/WhatsApp-Image-2023-11-29-at-11.02.43-1024x768.jpeg",887,665,true],"sgg-420":["https:\/\/portal.pi.gov.br\/seres\/wp-content\/uploads\/sites\/87\/2023\/11\/WhatsApp-Image-2023-11-29-at-11.02.43-420x315.jpeg",420,315,true],"sgg-540":["https:\/\/portal.pi.gov.br\/seres\/wp-content\/uploads\/sites\/87\/2023\/11\/WhatsApp-Image-2023-11-29-at-11.02.43-540x405.jpeg",540,405,true],"sgg-780":["https:\/\/portal.pi.gov.br\/seres\/wp-content\/uploads\/sites\/87\/2023\/11\/WhatsApp-Image-2023-11-29-at-11.02.43-780x585.jpeg",780,585,true],"1536x1536":["https:\/\/portal.pi.gov.br\/seres\/wp-content\/uploads\/sites\/87\/2023\/11\/WhatsApp-Image-2023-11-29-at-11.02.43-1536x1152.jpeg",1536,1152,true],"2048x2048":["https:\/\/portal.pi.gov.br\/seres\/wp-content\/uploads\/sites\/87\/2023\/11\/WhatsApp-Image-2023-11-29-at-11.02.43-2048x1536.jpeg",2048,1536,true],"homepage-slider":["https:\/\/portal.pi.gov.br\/seres\/wp-content\/uploads\/sites\/87\/2023\/11\/WhatsApp-Image-2023-11-29-at-11.02.43-1270x500.jpeg",1270,500,true],"homepage-slider-small":["https:\/\/portal.pi.gov.br\/seres\/wp-content\/uploads\/sites\/87\/2023\/11\/WhatsApp-Image-2023-11-29-at-11.02.43-947x500.jpeg",947,500,true],"page-top":["https:\/\/portal.pi.gov.br\/seres\/wp-content\/uploads\/sites\/87\/2023\/11\/WhatsApp-Image-2023-11-29-at-11.02.43-947x710.jpeg",947,710,true],"page-small":["https:\/\/portal.pi.gov.br\/seres\/wp-content\/uploads\/sites\/87\/2023\/11\/WhatsApp-Image-2023-11-29-at-11.02.43-624x468.jpeg",624,468,true],"loop-main":["https:\/\/portal.pi.gov.br\/seres\/wp-content\/uploads\/sites\/87\/2023\/11\/WhatsApp-Image-2023-11-29-at-11.02.43-365x240.jpeg",365,240,true],"thumb-gallery-widget":["https:\/\/portal.pi.gov.br\/seres\/wp-content\/uploads\/sites\/87\/2023\/11\/WhatsApp-Image-2023-11-29-at-11.02.43-84x56.jpeg",84,56,true]},"post_excerpt_stackable":"<p>A secret\u00e1ria de Estado das Rela\u00e7\u00f5es Sociais N\u00fabia Lopes acompanhou, nesta ter\u00e7a-feira (28), a entrega do T\u00edtulo Coletivo de Terras concedido pelo Instituto da Regulariza\u00e7\u00e3o Fundi\u00e1ria e do Patrim\u00f4nio Imobili\u00e1rio do Estado do Piau\u00ed (Interpi) \u00e0 Comunidade Quilombola Sumidouro, localizada no munic\u00edpio de Queimada Nova, um importante passo em prol da justi\u00e7a social e reconhecimento hist\u00f3rico do povo quilombola Sumidouro. Essa a\u00e7\u00e3o hist\u00f3rica repara d\u00e9cadas de luta e reconhece a ancestralidade da comunidade, antes habitada por fazendeiros, cujas terras, ap\u00f3s o falecimento, foram transferidas para o dom\u00ednio do casal Catarina dos Santos e Valentim dos Santos em 1872. A comunidade,&hellip;<\/p>\n","category_list":"<a href=\"https:\/\/portal.pi.gov.br\/seres\/category\/noticias\/\" rel=\"category tag\">Not\u00edcias<\/a>","author_info":{"name":"natalina","url":"https:\/\/portal.pi.gov.br\/seres\/author\/natalina\/"},"comments_num":"0 coment\u00e1rio","featured_image_urls_v2":{"full":["https:\/\/portal.pi.gov.br\/seres\/wp-content\/uploads\/sites\/87\/2023\/11\/WhatsApp-Image-2023-11-29-at-11.02.43-scaled.jpeg",2560,1920,false],"thumbnail":["https:\/\/portal.pi.gov.br\/seres\/wp-content\/uploads\/sites\/87\/2023\/11\/WhatsApp-Image-2023-11-29-at-11.02.43-150x150.jpeg",150,150,true],"medium":["https:\/\/portal.pi.gov.br\/seres\/wp-content\/uploads\/sites\/87\/2023\/11\/WhatsApp-Image-2023-11-29-at-11.02.43-300x225.jpeg",300,225,true],"medium_large":["https:\/\/portal.pi.gov.br\/seres\/wp-content\/uploads\/sites\/87\/2023\/11\/WhatsApp-Image-2023-11-29-at-11.02.43-768x576.jpeg",768,576,true],"large":["https:\/\/portal.pi.gov.br\/seres\/wp-content\/uploads\/sites\/87\/2023\/11\/WhatsApp-Image-2023-11-29-at-11.02.43-1024x768.jpeg",887,665,true],"sgg-420":["https:\/\/portal.pi.gov.br\/seres\/wp-content\/uploads\/sites\/87\/2023\/11\/WhatsApp-Image-2023-11-29-at-11.02.43-420x315.jpeg",420,315,true],"sgg-540":["https:\/\/portal.pi.gov.br\/seres\/wp-content\/uploads\/sites\/87\/2023\/11\/WhatsApp-Image-2023-11-29-at-11.02.43-540x405.jpeg",540,405,true],"sgg-780":["https:\/\/portal.pi.gov.br\/seres\/wp-content\/uploads\/sites\/87\/2023\/11\/WhatsApp-Image-2023-11-29-at-11.02.43-780x585.jpeg",780,585,true],"1536x1536":["https:\/\/portal.pi.gov.br\/seres\/wp-content\/uploads\/sites\/87\/2023\/11\/WhatsApp-Image-2023-11-29-at-11.02.43-1536x1152.jpeg",1536,1152,true],"2048x2048":["https:\/\/portal.pi.gov.br\/seres\/wp-content\/uploads\/sites\/87\/2023\/11\/WhatsApp-Image-2023-11-29-at-11.02.43-2048x1536.jpeg",2048,1536,true],"homepage-slider":["https:\/\/portal.pi.gov.br\/seres\/wp-content\/uploads\/sites\/87\/2023\/11\/WhatsApp-Image-2023-11-29-at-11.02.43-1270x500.jpeg",1270,500,true],"homepage-slider-small":["https:\/\/portal.pi.gov.br\/seres\/wp-content\/uploads\/sites\/87\/2023\/11\/WhatsApp-Image-2023-11-29-at-11.02.43-947x500.jpeg",947,500,true],"page-top":["https:\/\/portal.pi.gov.br\/seres\/wp-content\/uploads\/sites\/87\/2023\/11\/WhatsApp-Image-2023-11-29-at-11.02.43-947x710.jpeg",947,710,true],"page-small":["https:\/\/portal.pi.gov.br\/seres\/wp-content\/uploads\/sites\/87\/2023\/11\/WhatsApp-Image-2023-11-29-at-11.02.43-624x468.jpeg",624,468,true],"loop-main":["https:\/\/portal.pi.gov.br\/seres\/wp-content\/uploads\/sites\/87\/2023\/11\/WhatsApp-Image-2023-11-29-at-11.02.43-365x240.jpeg",365,240,true],"thumb-gallery-widget":["https:\/\/portal.pi.gov.br\/seres\/wp-content\/uploads\/sites\/87\/2023\/11\/WhatsApp-Image-2023-11-29-at-11.02.43-84x56.jpeg",84,56,true]},"post_excerpt_stackable_v2":"<p>A secret\u00e1ria de Estado das Rela\u00e7\u00f5es Sociais N\u00fabia Lopes acompanhou, nesta ter\u00e7a-feira (28), a entrega do T\u00edtulo Coletivo de Terras concedido pelo Instituto da Regulariza\u00e7\u00e3o Fundi\u00e1ria e do Patrim\u00f4nio Imobili\u00e1rio do Estado do Piau\u00ed (Interpi) \u00e0 Comunidade Quilombola Sumidouro, localizada no munic\u00edpio de Queimada Nova, um importante passo em prol da justi\u00e7a social e reconhecimento hist\u00f3rico do povo quilombola Sumidouro. Essa a\u00e7\u00e3o hist\u00f3rica repara d\u00e9cadas de luta e reconhece a ancestralidade da comunidade, antes habitada por fazendeiros, cujas terras, ap\u00f3s o falecimento, foram transferidas para o dom\u00ednio do casal Catarina dos Santos e Valentim dos Santos em 1872. A comunidade,&hellip;<\/p>\n","category_list_v2":"<a href=\"https:\/\/portal.pi.gov.br\/seres\/category\/noticias\/\" rel=\"category tag\">Not\u00edcias<\/a>","author_info_v2":{"name":"natalina","url":"https:\/\/portal.pi.gov.br\/seres\/author\/natalina\/"},"comments_num_v2":"0 coment\u00e1rio","jetpack_featured_media_url":"https:\/\/portal.pi.gov.br\/seres\/wp-content\/uploads\/sites\/87\/2023\/11\/WhatsApp-Image-2023-11-29-at-11.02.43-scaled.jpeg","_links":{"self":[{"href":"https:\/\/portal.pi.gov.br\/seres\/wp-json\/wp\/v2\/posts\/1908"}],"collection":[{"href":"https:\/\/portal.pi.gov.br\/seres\/wp-json\/wp\/v2\/posts"}],"about":[{"href":"https:\/\/portal.pi.gov.br\/seres\/wp-json\/wp\/v2\/types\/post"}],"author":[{"embeddable":true,"href":"https:\/\/portal.pi.gov.br\/seres\/wp-json\/wp\/v2\/users\/1748"}],"replies":[{"embeddable":true,"href":"https:\/\/portal.pi.gov.br\/seres\/wp-json\/wp\/v2\/comments?post=1908"}],"version-history":[{"count":1,"href":"https:\/\/portal.pi.gov.br\/seres\/wp-json\/wp\/v2\/posts\/1908\/revisions"}],"predecessor-version":[{"id":1917,"href":"https:\/\/portal.pi.gov.br\/seres\/wp-json\/wp\/v2\/posts\/1908\/revisions\/1917"}],"wp:featuredmedia":[{"embeddable":true,"href":"https:\/\/portal.pi.gov.br\/seres\/wp-json\/wp\/v2\/media\/1916"}],"wp:attachment":[{"href":"https:\/\/portal.pi.gov.br\/seres\/wp-json\/wp\/v2\/media?parent=1908"}],"wp:term":[{"taxonomy":"category","embeddable":true,"href":"https:\/\/portal.pi.gov.br\/seres\/wp-json\/wp\/v2\/categories?post=1908"},{"taxonomy":"post_tag","embeddable":true,"href":"https:\/\/portal.pi.gov.br\/seres\/wp-json\/wp\/v2\/tags?post=1908"}],"curies":[{"name":"wp","href":"https:\/\/api.w.org\/{rel}","templated":true}]}}