{"id":1919,"date":"2023-12-04T12:01:33","date_gmt":"2023-12-04T15:01:33","guid":{"rendered":"https:\/\/portal.pi.gov.br\/seres\/?p=1919"},"modified":"2023-12-04T12:05:33","modified_gmt":"2023-12-04T15:05:33","slug":"pedra-fundamental-do-maior-projeto-de-hidrogenio-verde-do-mundo-sera-lancada-no-dia-15-em-parnaiba","status":"publish","type":"post","link":"https:\/\/portal.pi.gov.br\/seres\/2023\/12\/04\/pedra-fundamental-do-maior-projeto-de-hidrogenio-verde-do-mundo-sera-lancada-no-dia-15-em-parnaiba\/","title":{"rendered":"Pedra fundamental do maior projeto de hidrog\u00eanio verde do mundo ser\u00e1 lan\u00e7ada no dia 15 em Parna\u00edba"},"content":{"rendered":"\n<figure class=\"wp-block-image size-full\"><img decoding=\"async\" loading=\"lazy\" width=\"1000\" height=\"750\" src=\"https:\/\/portal.pi.gov.br\/seres\/wp-content\/uploads\/sites\/87\/2023\/12\/large_Whats_App_Image_2023_12_01_at_09_07_15_1_ff0c6f8571.jpeg\" alt=\"\" class=\"wp-image-1920\" srcset=\"https:\/\/portal.pi.gov.br\/seres\/wp-content\/uploads\/sites\/87\/2023\/12\/large_Whats_App_Image_2023_12_01_at_09_07_15_1_ff0c6f8571.jpeg 1000w, https:\/\/portal.pi.gov.br\/seres\/wp-content\/uploads\/sites\/87\/2023\/12\/large_Whats_App_Image_2023_12_01_at_09_07_15_1_ff0c6f8571-300x225.jpeg 300w, https:\/\/portal.pi.gov.br\/seres\/wp-content\/uploads\/sites\/87\/2023\/12\/large_Whats_App_Image_2023_12_01_at_09_07_15_1_ff0c6f8571-768x576.jpeg 768w, https:\/\/portal.pi.gov.br\/seres\/wp-content\/uploads\/sites\/87\/2023\/12\/large_Whats_App_Image_2023_12_01_at_09_07_15_1_ff0c6f8571-420x315.jpeg 420w, https:\/\/portal.pi.gov.br\/seres\/wp-content\/uploads\/sites\/87\/2023\/12\/large_Whats_App_Image_2023_12_01_at_09_07_15_1_ff0c6f8571-540x405.jpeg 540w, https:\/\/portal.pi.gov.br\/seres\/wp-content\/uploads\/sites\/87\/2023\/12\/large_Whats_App_Image_2023_12_01_at_09_07_15_1_ff0c6f8571-780x585.jpeg 780w, https:\/\/portal.pi.gov.br\/seres\/wp-content\/uploads\/sites\/87\/2023\/12\/large_Whats_App_Image_2023_12_01_at_09_07_15_1_ff0c6f8571-947x710.jpeg 947w, https:\/\/portal.pi.gov.br\/seres\/wp-content\/uploads\/sites\/87\/2023\/12\/large_Whats_App_Image_2023_12_01_at_09_07_15_1_ff0c6f8571-624x468.jpeg 624w\" sizes=\"(max-width: 1000px) 100vw, 1000px\" \/><\/figure>\n\n\n\n<p>O governador Rafael Fonteles anunciou, nesse s\u00e1bado (2), a data para in\u00edcio do maior projeto de hidrog\u00eanio verde do mundo, a ser implantado no Piau\u00ed. A pedra fundamental da&nbsp;unidade de produ\u00e7\u00e3o de hidrog\u00eanio&nbsp;ser\u00e1 lan\u00e7ada no dia 15 deste m\u00eas. A defini\u00e7\u00e3o ocorreu durante uma reuni\u00e3o realizada, em Dubai, nos Emirados \u00c1rabes Unidos, onde o gestor participa da Confer\u00eancia das Na\u00e7\u00f5es Unidas sobre Mudan\u00e7as Clim\u00e1ticas, a COP 28.<\/p>\n\n\n\n<p>\u201c\u00c9 um investimento muito importante, o maior da hist\u00f3ria do nosso estado. Vai superar R$ 100 bilh\u00f5es em investimentos ao longo dos pr\u00f3ximos 10 anos. Uma grande oportunidade de emprego e renda para o nosso povo\u201d, disse Rafael Fonteles.&nbsp;&nbsp;<\/p>\n\n\n\n<p>A unidade de produ\u00e7\u00e3o de hidrog\u00eanio verde ser\u00e1 implantada na Zona de Processamento de Exporta\u00e7\u00f5es (ZPE) de Parna\u00edba. O governador explicou que ele ser\u00e1 desenvolvido em etapas durante os pr\u00f3ximos anos. Do ponto de vista ambiental, ter\u00e1 repercuss\u00e3o em \u00e2mbito mundial.<\/p>\n\n\n\n<p>&nbsp;\u201c\u00c9 o Piau\u00ed colaborando para a transi\u00e7\u00e3o energ\u00e9tica global e, portanto, contribuindo para a preserva\u00e7\u00e3o do nosso meio ambiente e para o enfrentamento das mudan\u00e7as clim\u00e1ticas\u201d, complementou Fonteles.&nbsp;<\/p>\n\n\n\n<p>As articula\u00e7\u00f5es feitas pelo governador nas miss\u00f5es internacionais que tem feito, s\u00e3o consideradas fundamentais para a concretiza\u00e7\u00e3o dos investimentos para a produ\u00e7\u00e3o do combust\u00edvel do futuro no territ\u00f3rio piauiense. Recentemente, o Governo do Piau\u00ed concedeu licen\u00e7a ambiental pr\u00e9via para a instala\u00e7\u00e3o do Parque de Produ\u00e7\u00e3o de Hidrog\u00eanio Verde na ZPE de Parna\u00edba. Foi liberada, tamb\u00e9m, a instala\u00e7\u00e3o de um Parque de Produ\u00e7\u00e3o de Energia Solar. Ao todo, as empresas estrangeiras devem investir mais de R$ 100 bilh\u00f5es nos empreendimentos.&nbsp;<\/p>\n\n\n\n<p>Rafael lembrou que dezembro ser\u00e1 marcado por dois eventos hist\u00f3ricos. Al\u00e9m do come\u00e7o do projeto de hidrog\u00eanio verde, haver\u00e1 a inaugura\u00e7\u00e3o da primeira etapa do Porto de Lu\u00eds Correia, uma obra esperada por d\u00e9cadas e que ser\u00e1 entregue \u00e0 popula\u00e7\u00e3o no dia 13.&nbsp;<\/p>\n\n\n\n<p><\/p>\n\n\n\n<p>Por: Reda\u00e7\u00e3o CCom<\/p>\n","protected":false},"excerpt":{"rendered":"<p>O governador Rafael Fonteles anunciou, nesse s\u00e1bado (2), a data para in\u00edcio do maior projeto de hidrog\u00eanio verde do mundo, a ser implantado no Piau\u00ed. A pedra fundamental da&nbsp;unidade de [&hellip;]<\/p>\n","protected":false},"author":1748,"featured_media":1921,"comment_status":"closed","ping_status":"closed","sticky":false,"template":"","format":"standard","meta":[],"categories":[34],"tags":[],"featured_image_urls":{"full":["https:\/\/portal.pi.gov.br\/seres\/wp-content\/uploads\/sites\/87\/2023\/12\/large_Whats_App_Image_2023_12_01_at_09_07_15_1_ff0c6f8571-1.jpeg",1000,750,false],"thumbnail":["https:\/\/portal.pi.gov.br\/seres\/wp-content\/uploads\/sites\/87\/2023\/12\/large_Whats_App_Image_2023_12_01_at_09_07_15_1_ff0c6f8571-1-150x150.jpeg",150,150,true],"medium":["https:\/\/portal.pi.gov.br\/seres\/wp-content\/uploads\/sites\/87\/2023\/12\/large_Whats_App_Image_2023_12_01_at_09_07_15_1_ff0c6f8571-1-300x225.jpeg",300,225,true],"medium_large":["https:\/\/portal.pi.gov.br\/seres\/wp-content\/uploads\/sites\/87\/2023\/12\/large_Whats_App_Image_2023_12_01_at_09_07_15_1_ff0c6f8571-1-768x576.jpeg",768,576,true],"large":["https:\/\/portal.pi.gov.br\/seres\/wp-content\/uploads\/sites\/87\/2023\/12\/large_Whats_App_Image_2023_12_01_at_09_07_15_1_ff0c6f8571-1.jpeg",887,665,false],"sgg-420":["https:\/\/portal.pi.gov.br\/seres\/wp-content\/uploads\/sites\/87\/2023\/12\/large_Whats_App_Image_2023_12_01_at_09_07_15_1_ff0c6f8571-1-420x315.jpeg",420,315,true],"sgg-540":["https:\/\/portal.pi.gov.br\/seres\/wp-content\/uploads\/sites\/87\/2023\/12\/large_Whats_App_Image_2023_12_01_at_09_07_15_1_ff0c6f8571-1-540x405.jpeg",540,405,true],"sgg-780":["https:\/\/portal.pi.gov.br\/seres\/wp-content\/uploads\/sites\/87\/2023\/12\/large_Whats_App_Image_2023_12_01_at_09_07_15_1_ff0c6f8571-1-780x585.jpeg",780,585,true],"1536x1536":["https:\/\/portal.pi.gov.br\/seres\/wp-content\/uploads\/sites\/87\/2023\/12\/large_Whats_App_Image_2023_12_01_at_09_07_15_1_ff0c6f8571-1.jpeg",1000,750,false],"2048x2048":["https:\/\/portal.pi.gov.br\/seres\/wp-content\/uploads\/sites\/87\/2023\/12\/large_Whats_App_Image_2023_12_01_at_09_07_15_1_ff0c6f8571-1.jpeg",1000,750,false],"homepage-slider":["https:\/\/portal.pi.gov.br\/seres\/wp-content\/uploads\/sites\/87\/2023\/12\/large_Whats_App_Image_2023_12_01_at_09_07_15_1_ff0c6f8571-1-1000x500.jpeg",1000,500,true],"homepage-slider-small":["https:\/\/portal.pi.gov.br\/seres\/wp-content\/uploads\/sites\/87\/2023\/12\/large_Whats_App_Image_2023_12_01_at_09_07_15_1_ff0c6f8571-1-947x500.jpeg",947,500,true],"page-top":["https:\/\/portal.pi.gov.br\/seres\/wp-content\/uploads\/sites\/87\/2023\/12\/large_Whats_App_Image_2023_12_01_at_09_07_15_1_ff0c6f8571-1-947x710.jpeg",947,710,true],"page-small":["https:\/\/portal.pi.gov.br\/seres\/wp-content\/uploads\/sites\/87\/2023\/12\/large_Whats_App_Image_2023_12_01_at_09_07_15_1_ff0c6f8571-1-624x468.jpeg",624,468,true],"loop-main":["https:\/\/portal.pi.gov.br\/seres\/wp-content\/uploads\/sites\/87\/2023\/12\/large_Whats_App_Image_2023_12_01_at_09_07_15_1_ff0c6f8571-1-365x240.jpeg",365,240,true],"thumb-gallery-widget":["https:\/\/portal.pi.gov.br\/seres\/wp-content\/uploads\/sites\/87\/2023\/12\/large_Whats_App_Image_2023_12_01_at_09_07_15_1_ff0c6f8571-1-84x56.jpeg",84,56,true]},"post_excerpt_stackable":"<p>O governador Rafael Fonteles anunciou, nesse s\u00e1bado (2), a data para in\u00edcio do maior projeto de hidrog\u00eanio verde do mundo, a ser implantado no Piau\u00ed. A pedra fundamental da&nbsp;unidade de produ\u00e7\u00e3o de hidrog\u00eanio&nbsp;ser\u00e1 lan\u00e7ada no dia 15 deste m\u00eas. A defini\u00e7\u00e3o ocorreu durante uma reuni\u00e3o realizada, em Dubai, nos Emirados \u00c1rabes Unidos, onde o gestor participa da Confer\u00eancia das Na\u00e7\u00f5es Unidas sobre Mudan\u00e7as Clim\u00e1ticas, a COP 28. \u201c\u00c9 um investimento muito importante, o maior da hist\u00f3ria do nosso estado. Vai superar R$ 100 bilh\u00f5es em investimentos ao longo dos pr\u00f3ximos 10 anos. Uma grande oportunidade de emprego e renda para&hellip;<\/p>\n","category_list":"<a href=\"https:\/\/portal.pi.gov.br\/seres\/category\/noticias\/\" rel=\"category tag\">Not\u00edcias<\/a>","author_info":{"name":"natalina","url":"https:\/\/portal.pi.gov.br\/seres\/author\/natalina\/"},"comments_num":"0 coment\u00e1rio","featured_image_urls_v2":{"full":["https:\/\/portal.pi.gov.br\/seres\/wp-content\/uploads\/sites\/87\/2023\/12\/large_Whats_App_Image_2023_12_01_at_09_07_15_1_ff0c6f8571-1.jpeg",1000,750,false],"thumbnail":["https:\/\/portal.pi.gov.br\/seres\/wp-content\/uploads\/sites\/87\/2023\/12\/large_Whats_App_Image_2023_12_01_at_09_07_15_1_ff0c6f8571-1-150x150.jpeg",150,150,true],"medium":["https:\/\/portal.pi.gov.br\/seres\/wp-content\/uploads\/sites\/87\/2023\/12\/large_Whats_App_Image_2023_12_01_at_09_07_15_1_ff0c6f8571-1-300x225.jpeg",300,225,true],"medium_large":["https:\/\/portal.pi.gov.br\/seres\/wp-content\/uploads\/sites\/87\/2023\/12\/large_Whats_App_Image_2023_12_01_at_09_07_15_1_ff0c6f8571-1-768x576.jpeg",768,576,true],"large":["https:\/\/portal.pi.gov.br\/seres\/wp-content\/uploads\/sites\/87\/2023\/12\/large_Whats_App_Image_2023_12_01_at_09_07_15_1_ff0c6f8571-1.jpeg",887,665,false],"sgg-420":["https:\/\/portal.pi.gov.br\/seres\/wp-content\/uploads\/sites\/87\/2023\/12\/large_Whats_App_Image_2023_12_01_at_09_07_15_1_ff0c6f8571-1-420x315.jpeg",420,315,true],"sgg-540":["https:\/\/portal.pi.gov.br\/seres\/wp-content\/uploads\/sites\/87\/2023\/12\/large_Whats_App_Image_2023_12_01_at_09_07_15_1_ff0c6f8571-1-540x405.jpeg",540,405,true],"sgg-780":["https:\/\/portal.pi.gov.br\/seres\/wp-content\/uploads\/sites\/87\/2023\/12\/large_Whats_App_Image_2023_12_01_at_09_07_15_1_ff0c6f8571-1-780x585.jpeg",780,585,true],"1536x1536":["https:\/\/portal.pi.gov.br\/seres\/wp-content\/uploads\/sites\/87\/2023\/12\/large_Whats_App_Image_2023_12_01_at_09_07_15_1_ff0c6f8571-1.jpeg",1000,750,false],"2048x2048":["https:\/\/portal.pi.gov.br\/seres\/wp-content\/uploads\/sites\/87\/2023\/12\/large_Whats_App_Image_2023_12_01_at_09_07_15_1_ff0c6f8571-1.jpeg",1000,750,false],"homepage-slider":["https:\/\/portal.pi.gov.br\/seres\/wp-content\/uploads\/sites\/87\/2023\/12\/large_Whats_App_Image_2023_12_01_at_09_07_15_1_ff0c6f8571-1-1000x500.jpeg",1000,500,true],"homepage-slider-small":["https:\/\/portal.pi.gov.br\/seres\/wp-content\/uploads\/sites\/87\/2023\/12\/large_Whats_App_Image_2023_12_01_at_09_07_15_1_ff0c6f8571-1-947x500.jpeg",947,500,true],"page-top":["https:\/\/portal.pi.gov.br\/seres\/wp-content\/uploads\/sites\/87\/2023\/12\/large_Whats_App_Image_2023_12_01_at_09_07_15_1_ff0c6f8571-1-947x710.jpeg",947,710,true],"page-small":["https:\/\/portal.pi.gov.br\/seres\/wp-content\/uploads\/sites\/87\/2023\/12\/large_Whats_App_Image_2023_12_01_at_09_07_15_1_ff0c6f8571-1-624x468.jpeg",624,468,true],"loop-main":["https:\/\/portal.pi.gov.br\/seres\/wp-content\/uploads\/sites\/87\/2023\/12\/large_Whats_App_Image_2023_12_01_at_09_07_15_1_ff0c6f8571-1-365x240.jpeg",365,240,true],"thumb-gallery-widget":["https:\/\/portal.pi.gov.br\/seres\/wp-content\/uploads\/sites\/87\/2023\/12\/large_Whats_App_Image_2023_12_01_at_09_07_15_1_ff0c6f8571-1-84x56.jpeg",84,56,true]},"post_excerpt_stackable_v2":"<p>O governador Rafael Fonteles anunciou, nesse s\u00e1bado (2), a data para in\u00edcio do maior projeto de hidrog\u00eanio verde do mundo, a ser implantado no Piau\u00ed. A pedra fundamental da&nbsp;unidade de produ\u00e7\u00e3o de hidrog\u00eanio&nbsp;ser\u00e1 lan\u00e7ada no dia 15 deste m\u00eas. A defini\u00e7\u00e3o ocorreu durante uma reuni\u00e3o realizada, em Dubai, nos Emirados \u00c1rabes Unidos, onde o gestor participa da Confer\u00eancia das Na\u00e7\u00f5es Unidas sobre Mudan\u00e7as Clim\u00e1ticas, a COP 28. \u201c\u00c9 um investimento muito importante, o maior da hist\u00f3ria do nosso estado. Vai superar R$ 100 bilh\u00f5es em investimentos ao longo dos pr\u00f3ximos 10 anos. Uma grande oportunidade de emprego e renda para&hellip;<\/p>\n","category_list_v2":"<a href=\"https:\/\/portal.pi.gov.br\/seres\/category\/noticias\/\" rel=\"category tag\">Not\u00edcias<\/a>","author_info_v2":{"name":"natalina","url":"https:\/\/portal.pi.gov.br\/seres\/author\/natalina\/"},"comments_num_v2":"0 coment\u00e1rio","jetpack_featured_media_url":"https:\/\/portal.pi.gov.br\/seres\/wp-content\/uploads\/sites\/87\/2023\/12\/large_Whats_App_Image_2023_12_01_at_09_07_15_1_ff0c6f8571-1.jpeg","_links":{"self":[{"href":"https:\/\/portal.pi.gov.br\/seres\/wp-json\/wp\/v2\/posts\/1919"}],"collection":[{"href":"https:\/\/portal.pi.gov.br\/seres\/wp-json\/wp\/v2\/posts"}],"about":[{"href":"https:\/\/portal.pi.gov.br\/seres\/wp-json\/wp\/v2\/types\/post"}],"author":[{"embeddable":true,"href":"https:\/\/portal.pi.gov.br\/seres\/wp-json\/wp\/v2\/users\/1748"}],"replies":[{"embeddable":true,"href":"https:\/\/portal.pi.gov.br\/seres\/wp-json\/wp\/v2\/comments?post=1919"}],"version-history":[{"count":3,"href":"https:\/\/portal.pi.gov.br\/seres\/wp-json\/wp\/v2\/posts\/1919\/revisions"}],"predecessor-version":[{"id":1925,"href":"https:\/\/portal.pi.gov.br\/seres\/wp-json\/wp\/v2\/posts\/1919\/revisions\/1925"}],"wp:featuredmedia":[{"embeddable":true,"href":"https:\/\/portal.pi.gov.br\/seres\/wp-json\/wp\/v2\/media\/1921"}],"wp:attachment":[{"href":"https:\/\/portal.pi.gov.br\/seres\/wp-json\/wp\/v2\/media?parent=1919"}],"wp:term":[{"taxonomy":"category","embeddable":true,"href":"https:\/\/portal.pi.gov.br\/seres\/wp-json\/wp\/v2\/categories?post=1919"},{"taxonomy":"post_tag","embeddable":true,"href":"https:\/\/portal.pi.gov.br\/seres\/wp-json\/wp\/v2\/tags?post=1919"}],"curies":[{"name":"wp","href":"https:\/\/api.w.org\/{rel}","templated":true}]}}