{"id":1929,"date":"2023-12-06T10:44:49","date_gmt":"2023-12-06T13:44:49","guid":{"rendered":"https:\/\/portal.pi.gov.br\/seres\/?p=1929"},"modified":"2023-12-06T12:02:10","modified_gmt":"2023-12-06T15:02:10","slug":"seres-debate-racismo-estrutural","status":"publish","type":"post","link":"https:\/\/portal.pi.gov.br\/seres\/2023\/12\/06\/seres-debate-racismo-estrutural\/","title":{"rendered":"Seres debate racismo estrutural e as a\u00e7\u00f5es do Estado"},"content":{"rendered":"\n<p>A secretaria de Rela\u00e7\u00f5es Sociais (Seres) recebeu equipe da Superintend\u00eancia de Igualdade Racial e Povos Origin\u00e1rios (Suipro\/Sasc), na ter\u00e7a-feira (05), para uma palestra sobre racismo institucional com o tema: \u201cPiau\u00ed sem racismo e antirracista: conhecer para enfrentar\u201d. Debater e enfrentar as consequ\u00eancias do racismo na nossa sociedade \u00e9 uma pauta essencial num estado formado por comunidades tradicionais, quilombolas, ribeirinhas, ind\u00edgenas, entre outras.<\/p>\n\n\n<div class=\"wp-block-image\">\n<figure class=\"aligncenter size-full is-resized\"><img decoding=\"async\" loading=\"lazy\" src=\"https:\/\/portal.pi.gov.br\/seres\/wp-content\/uploads\/sites\/87\/2023\/12\/WhatsApp-Image-2023-12-05-at-14.38.39.jpeg\" alt=\"\" class=\"wp-image-1930\" width=\"491\" height=\"368\" srcset=\"https:\/\/portal.pi.gov.br\/seres\/wp-content\/uploads\/sites\/87\/2023\/12\/WhatsApp-Image-2023-12-05-at-14.38.39.jpeg 1024w, https:\/\/portal.pi.gov.br\/seres\/wp-content\/uploads\/sites\/87\/2023\/12\/WhatsApp-Image-2023-12-05-at-14.38.39-300x225.jpeg 300w, https:\/\/portal.pi.gov.br\/seres\/wp-content\/uploads\/sites\/87\/2023\/12\/WhatsApp-Image-2023-12-05-at-14.38.39-768x576.jpeg 768w, https:\/\/portal.pi.gov.br\/seres\/wp-content\/uploads\/sites\/87\/2023\/12\/WhatsApp-Image-2023-12-05-at-14.38.39-420x315.jpeg 420w, https:\/\/portal.pi.gov.br\/seres\/wp-content\/uploads\/sites\/87\/2023\/12\/WhatsApp-Image-2023-12-05-at-14.38.39-540x405.jpeg 540w, https:\/\/portal.pi.gov.br\/seres\/wp-content\/uploads\/sites\/87\/2023\/12\/WhatsApp-Image-2023-12-05-at-14.38.39-780x585.jpeg 780w, https:\/\/portal.pi.gov.br\/seres\/wp-content\/uploads\/sites\/87\/2023\/12\/WhatsApp-Image-2023-12-05-at-14.38.39-947x710.jpeg 947w, https:\/\/portal.pi.gov.br\/seres\/wp-content\/uploads\/sites\/87\/2023\/12\/WhatsApp-Image-2023-12-05-at-14.38.39-624x468.jpeg 624w\" sizes=\"(max-width: 491px) 100vw, 491px\" \/><\/figure><\/div>\n\n\n<p>O encontro promoveu uma discuss\u00e3o sobre o racismo e tamb\u00e9m sobre a miss\u00e3o do Estado em instituir pol\u00edticas p\u00fablicas e a\u00e7\u00f5es que eliminem as pr\u00e1ticas discriminat\u00f3rias do ambiente institucional e da estrutura da sociedade. Segundo Ana L\u00facia, gerente da Seres, \u00e9 preciso iniciar o processo antirracista nas institui\u00e7\u00f5es governamentais.<\/p>\n\n\n\n<p>\u201cAbolir o racismo \u00e9 de import\u00e2ncia fundamental e para que a que a gente possa, enquanto equipe, se empenhar nisso, precisamos dessa reflex\u00e3o. Eu costumo dizer que o nosso material de trabalho, aqui na Seres, s\u00e3o as rela\u00e7\u00f5es institucionais entre as organiza\u00e7\u00f5es sociais, sindicatos, comunidades. N\u00f3s podemos ser um vetor muito importante, talvez um dos mais expressivos dentro dessa estrat\u00e9gia, dessa a\u00e7\u00e3o de governo, para apontar caminhos antirracistas no processo, na sociedade como um todo\u201d,&nbsp; destacou Ana L\u00facia.<\/p>\n\n\n<div class=\"wp-block-image\">\n<figure class=\"aligncenter size-large is-resized\"><img decoding=\"async\" loading=\"lazy\" src=\"https:\/\/portal.pi.gov.br\/seres\/wp-content\/uploads\/sites\/87\/2023\/12\/WhatsApp-Image-2023-12-05-at-09.40.41-1024x768.jpeg\" alt=\"\" class=\"wp-image-1931\" width=\"492\" height=\"369\" srcset=\"https:\/\/portal.pi.gov.br\/seres\/wp-content\/uploads\/sites\/87\/2023\/12\/WhatsApp-Image-2023-12-05-at-09.40.41-1024x768.jpeg 1024w, https:\/\/portal.pi.gov.br\/seres\/wp-content\/uploads\/sites\/87\/2023\/12\/WhatsApp-Image-2023-12-05-at-09.40.41-300x225.jpeg 300w, https:\/\/portal.pi.gov.br\/seres\/wp-content\/uploads\/sites\/87\/2023\/12\/WhatsApp-Image-2023-12-05-at-09.40.41-768x576.jpeg 768w, https:\/\/portal.pi.gov.br\/seres\/wp-content\/uploads\/sites\/87\/2023\/12\/WhatsApp-Image-2023-12-05-at-09.40.41-420x315.jpeg 420w, https:\/\/portal.pi.gov.br\/seres\/wp-content\/uploads\/sites\/87\/2023\/12\/WhatsApp-Image-2023-12-05-at-09.40.41-540x405.jpeg 540w, https:\/\/portal.pi.gov.br\/seres\/wp-content\/uploads\/sites\/87\/2023\/12\/WhatsApp-Image-2023-12-05-at-09.40.41-780x585.jpeg 780w, https:\/\/portal.pi.gov.br\/seres\/wp-content\/uploads\/sites\/87\/2023\/12\/WhatsApp-Image-2023-12-05-at-09.40.41-1536x1152.jpeg 1536w, https:\/\/portal.pi.gov.br\/seres\/wp-content\/uploads\/sites\/87\/2023\/12\/WhatsApp-Image-2023-12-05-at-09.40.41-947x710.jpeg 947w, https:\/\/portal.pi.gov.br\/seres\/wp-content\/uploads\/sites\/87\/2023\/12\/WhatsApp-Image-2023-12-05-at-09.40.41-624x468.jpeg 624w, https:\/\/portal.pi.gov.br\/seres\/wp-content\/uploads\/sites\/87\/2023\/12\/WhatsApp-Image-2023-12-05-at-09.40.41.jpeg 1600w\" sizes=\"(max-width: 492px) 100vw, 492px\" \/><\/figure><\/div>\n\n\n<p>Assun\u00e7\u00e3o Aguiar, superintendente da Suipro, pediu que todos suscitassem esse debate e o acolhessem como compromisso coletivo. \u201cO nosso papel \u00e9 n\u00e3o deixar ningu\u00e9m para tr\u00e1s, por isso estamos sempre ali puxando o outro. Deixo um desafio para todos, a necessidade desse di\u00e1logo, pois eu n\u00e3o quero faz\u00ea-lo sozinha\u201d.<\/p>\n\n\n\n<p>A secret\u00e1ria de Rela\u00e7\u00f5es Sociais, N\u00fabia Lopes, ressaltou o empenho da Seres como multiplicadora desta a\u00e7\u00e3o de governo, contribuindo, cada vez mais, na interlocu\u00e7\u00e3o com a sociedade organizada. \u201cNossa miss\u00e3o \u00e9 dialogar com as diversas organiza\u00e7\u00f5es sociais e levar, a cada uma delas, essa a\u00e7\u00e3o de governo de exterminar as pr\u00e1ticas racistas e discriminat\u00f3rias das institui\u00e7\u00f5es\u201d, concluiu.<\/p>\n","protected":false},"excerpt":{"rendered":"<p>A secretaria de Rela\u00e7\u00f5es Sociais (Seres) recebeu equipe da Superintend\u00eancia de Igualdade Racial e Povos Origin\u00e1rios (Suipro\/Sasc), na ter\u00e7a-feira (05), para uma palestra sobre racismo institucional com o tema: \u201cPiau\u00ed [&hellip;]<\/p>\n","protected":false},"author":1748,"featured_media":1930,"comment_status":"closed","ping_status":"closed","sticky":false,"template":"","format":"standard","meta":[],"categories":[34],"tags":[47,41],"featured_image_urls":{"full":["https:\/\/portal.pi.gov.br\/seres\/wp-content\/uploads\/sites\/87\/2023\/12\/WhatsApp-Image-2023-12-05-at-14.38.39.jpeg",1024,768,false],"thumbnail":["https:\/\/portal.pi.gov.br\/seres\/wp-content\/uploads\/sites\/87\/2023\/12\/WhatsApp-Image-2023-12-05-at-14.38.39-150x150.jpeg",150,150,true],"medium":["https:\/\/portal.pi.gov.br\/seres\/wp-content\/uploads\/sites\/87\/2023\/12\/WhatsApp-Image-2023-12-05-at-14.38.39-300x225.jpeg",300,225,true],"medium_large":["https:\/\/portal.pi.gov.br\/seres\/wp-content\/uploads\/sites\/87\/2023\/12\/WhatsApp-Image-2023-12-05-at-14.38.39-768x576.jpeg",768,576,true],"large":["https:\/\/portal.pi.gov.br\/seres\/wp-content\/uploads\/sites\/87\/2023\/12\/WhatsApp-Image-2023-12-05-at-14.38.39.jpeg",887,665,false],"sgg-420":["https:\/\/portal.pi.gov.br\/seres\/wp-content\/uploads\/sites\/87\/2023\/12\/WhatsApp-Image-2023-12-05-at-14.38.39-420x315.jpeg",420,315,true],"sgg-540":["https:\/\/portal.pi.gov.br\/seres\/wp-content\/uploads\/sites\/87\/2023\/12\/WhatsApp-Image-2023-12-05-at-14.38.39-540x405.jpeg",540,405,true],"sgg-780":["https:\/\/portal.pi.gov.br\/seres\/wp-content\/uploads\/sites\/87\/2023\/12\/WhatsApp-Image-2023-12-05-at-14.38.39-780x585.jpeg",780,585,true],"1536x1536":["https:\/\/portal.pi.gov.br\/seres\/wp-content\/uploads\/sites\/87\/2023\/12\/WhatsApp-Image-2023-12-05-at-14.38.39.jpeg",1024,768,false],"2048x2048":["https:\/\/portal.pi.gov.br\/seres\/wp-content\/uploads\/sites\/87\/2023\/12\/WhatsApp-Image-2023-12-05-at-14.38.39.jpeg",1024,768,false],"homepage-slider":["https:\/\/portal.pi.gov.br\/seres\/wp-content\/uploads\/sites\/87\/2023\/12\/WhatsApp-Image-2023-12-05-at-14.38.39-1024x500.jpeg",1024,500,true],"homepage-slider-small":["https:\/\/portal.pi.gov.br\/seres\/wp-content\/uploads\/sites\/87\/2023\/12\/WhatsApp-Image-2023-12-05-at-14.38.39-947x500.jpeg",947,500,true],"page-top":["https:\/\/portal.pi.gov.br\/seres\/wp-content\/uploads\/sites\/87\/2023\/12\/WhatsApp-Image-2023-12-05-at-14.38.39-947x710.jpeg",947,710,true],"page-small":["https:\/\/portal.pi.gov.br\/seres\/wp-content\/uploads\/sites\/87\/2023\/12\/WhatsApp-Image-2023-12-05-at-14.38.39-624x468.jpeg",624,468,true],"loop-main":["https:\/\/portal.pi.gov.br\/seres\/wp-content\/uploads\/sites\/87\/2023\/12\/WhatsApp-Image-2023-12-05-at-14.38.39-365x240.jpeg",365,240,true],"thumb-gallery-widget":["https:\/\/portal.pi.gov.br\/seres\/wp-content\/uploads\/sites\/87\/2023\/12\/WhatsApp-Image-2023-12-05-at-14.38.39-84x56.jpeg",84,56,true]},"post_excerpt_stackable":"<p>A secretaria de Rela\u00e7\u00f5es Sociais (Seres) recebeu equipe da Superintend\u00eancia de Igualdade Racial e Povos Origin\u00e1rios (Suipro\/Sasc), na ter\u00e7a-feira (05), para uma palestra sobre racismo institucional com o tema: \u201cPiau\u00ed sem racismo e antirracista: conhecer para enfrentar\u201d. Debater e enfrentar as consequ\u00eancias do racismo na nossa sociedade \u00e9 uma pauta essencial num estado formado por comunidades tradicionais, quilombolas, ribeirinhas, ind\u00edgenas, entre outras. O encontro promoveu uma discuss\u00e3o sobre o racismo e tamb\u00e9m sobre a miss\u00e3o do Estado em instituir pol\u00edticas p\u00fablicas e a\u00e7\u00f5es que eliminem as pr\u00e1ticas discriminat\u00f3rias do ambiente institucional e da estrutura da sociedade. Segundo Ana L\u00facia, gerente&hellip;<\/p>\n","category_list":"<a href=\"https:\/\/portal.pi.gov.br\/seres\/category\/noticias\/\" rel=\"category tag\">Not\u00edcias<\/a>","author_info":{"name":"natalina","url":"https:\/\/portal.pi.gov.br\/seres\/author\/natalina\/"},"comments_num":"0 coment\u00e1rio","featured_image_urls_v2":{"full":["https:\/\/portal.pi.gov.br\/seres\/wp-content\/uploads\/sites\/87\/2023\/12\/WhatsApp-Image-2023-12-05-at-14.38.39.jpeg",1024,768,false],"thumbnail":["https:\/\/portal.pi.gov.br\/seres\/wp-content\/uploads\/sites\/87\/2023\/12\/WhatsApp-Image-2023-12-05-at-14.38.39-150x150.jpeg",150,150,true],"medium":["https:\/\/portal.pi.gov.br\/seres\/wp-content\/uploads\/sites\/87\/2023\/12\/WhatsApp-Image-2023-12-05-at-14.38.39-300x225.jpeg",300,225,true],"medium_large":["https:\/\/portal.pi.gov.br\/seres\/wp-content\/uploads\/sites\/87\/2023\/12\/WhatsApp-Image-2023-12-05-at-14.38.39-768x576.jpeg",768,576,true],"large":["https:\/\/portal.pi.gov.br\/seres\/wp-content\/uploads\/sites\/87\/2023\/12\/WhatsApp-Image-2023-12-05-at-14.38.39.jpeg",887,665,false],"sgg-420":["https:\/\/portal.pi.gov.br\/seres\/wp-content\/uploads\/sites\/87\/2023\/12\/WhatsApp-Image-2023-12-05-at-14.38.39-420x315.jpeg",420,315,true],"sgg-540":["https:\/\/portal.pi.gov.br\/seres\/wp-content\/uploads\/sites\/87\/2023\/12\/WhatsApp-Image-2023-12-05-at-14.38.39-540x405.jpeg",540,405,true],"sgg-780":["https:\/\/portal.pi.gov.br\/seres\/wp-content\/uploads\/sites\/87\/2023\/12\/WhatsApp-Image-2023-12-05-at-14.38.39-780x585.jpeg",780,585,true],"1536x1536":["https:\/\/portal.pi.gov.br\/seres\/wp-content\/uploads\/sites\/87\/2023\/12\/WhatsApp-Image-2023-12-05-at-14.38.39.jpeg",1024,768,false],"2048x2048":["https:\/\/portal.pi.gov.br\/seres\/wp-content\/uploads\/sites\/87\/2023\/12\/WhatsApp-Image-2023-12-05-at-14.38.39.jpeg",1024,768,false],"homepage-slider":["https:\/\/portal.pi.gov.br\/seres\/wp-content\/uploads\/sites\/87\/2023\/12\/WhatsApp-Image-2023-12-05-at-14.38.39-1024x500.jpeg",1024,500,true],"homepage-slider-small":["https:\/\/portal.pi.gov.br\/seres\/wp-content\/uploads\/sites\/87\/2023\/12\/WhatsApp-Image-2023-12-05-at-14.38.39-947x500.jpeg",947,500,true],"page-top":["https:\/\/portal.pi.gov.br\/seres\/wp-content\/uploads\/sites\/87\/2023\/12\/WhatsApp-Image-2023-12-05-at-14.38.39-947x710.jpeg",947,710,true],"page-small":["https:\/\/portal.pi.gov.br\/seres\/wp-content\/uploads\/sites\/87\/2023\/12\/WhatsApp-Image-2023-12-05-at-14.38.39-624x468.jpeg",624,468,true],"loop-main":["https:\/\/portal.pi.gov.br\/seres\/wp-content\/uploads\/sites\/87\/2023\/12\/WhatsApp-Image-2023-12-05-at-14.38.39-365x240.jpeg",365,240,true],"thumb-gallery-widget":["https:\/\/portal.pi.gov.br\/seres\/wp-content\/uploads\/sites\/87\/2023\/12\/WhatsApp-Image-2023-12-05-at-14.38.39-84x56.jpeg",84,56,true]},"post_excerpt_stackable_v2":"<p>A secretaria de Rela\u00e7\u00f5es Sociais (Seres) recebeu equipe da Superintend\u00eancia de Igualdade Racial e Povos Origin\u00e1rios (Suipro\/Sasc), na ter\u00e7a-feira (05), para uma palestra sobre racismo institucional com o tema: \u201cPiau\u00ed sem racismo e antirracista: conhecer para enfrentar\u201d. Debater e enfrentar as consequ\u00eancias do racismo na nossa sociedade \u00e9 uma pauta essencial num estado formado por comunidades tradicionais, quilombolas, ribeirinhas, ind\u00edgenas, entre outras. O encontro promoveu uma discuss\u00e3o sobre o racismo e tamb\u00e9m sobre a miss\u00e3o do Estado em instituir pol\u00edticas p\u00fablicas e a\u00e7\u00f5es que eliminem as pr\u00e1ticas discriminat\u00f3rias do ambiente institucional e da estrutura da sociedade. Segundo Ana L\u00facia, gerente&hellip;<\/p>\n","category_list_v2":"<a href=\"https:\/\/portal.pi.gov.br\/seres\/category\/noticias\/\" rel=\"category tag\">Not\u00edcias<\/a>","author_info_v2":{"name":"natalina","url":"https:\/\/portal.pi.gov.br\/seres\/author\/natalina\/"},"comments_num_v2":"0 coment\u00e1rio","jetpack_featured_media_url":"https:\/\/portal.pi.gov.br\/seres\/wp-content\/uploads\/sites\/87\/2023\/12\/WhatsApp-Image-2023-12-05-at-14.38.39.jpeg","_links":{"self":[{"href":"https:\/\/portal.pi.gov.br\/seres\/wp-json\/wp\/v2\/posts\/1929"}],"collection":[{"href":"https:\/\/portal.pi.gov.br\/seres\/wp-json\/wp\/v2\/posts"}],"about":[{"href":"https:\/\/portal.pi.gov.br\/seres\/wp-json\/wp\/v2\/types\/post"}],"author":[{"embeddable":true,"href":"https:\/\/portal.pi.gov.br\/seres\/wp-json\/wp\/v2\/users\/1748"}],"replies":[{"embeddable":true,"href":"https:\/\/portal.pi.gov.br\/seres\/wp-json\/wp\/v2\/comments?post=1929"}],"version-history":[{"count":4,"href":"https:\/\/portal.pi.gov.br\/seres\/wp-json\/wp\/v2\/posts\/1929\/revisions"}],"predecessor-version":[{"id":1936,"href":"https:\/\/portal.pi.gov.br\/seres\/wp-json\/wp\/v2\/posts\/1929\/revisions\/1936"}],"wp:featuredmedia":[{"embeddable":true,"href":"https:\/\/portal.pi.gov.br\/seres\/wp-json\/wp\/v2\/media\/1930"}],"wp:attachment":[{"href":"https:\/\/portal.pi.gov.br\/seres\/wp-json\/wp\/v2\/media?parent=1929"}],"wp:term":[{"taxonomy":"category","embeddable":true,"href":"https:\/\/portal.pi.gov.br\/seres\/wp-json\/wp\/v2\/categories?post=1929"},{"taxonomy":"post_tag","embeddable":true,"href":"https:\/\/portal.pi.gov.br\/seres\/wp-json\/wp\/v2\/tags?post=1929"}],"curies":[{"name":"wp","href":"https:\/\/api.w.org\/{rel}","templated":true}]}}