{"id":1937,"date":"2023-12-06T23:49:56","date_gmt":"2023-12-07T02:49:56","guid":{"rendered":"https:\/\/portal.pi.gov.br\/seres\/?p=1937"},"modified":"2023-12-06T23:52:22","modified_gmt":"2023-12-07T02:52:22","slug":"nubia-lopes-participa-da-solenidade-de-abertura-da-etapa-estadual-da-conferencia-nacional-de-educacao","status":"publish","type":"post","link":"https:\/\/portal.pi.gov.br\/seres\/2023\/12\/06\/nubia-lopes-participa-da-solenidade-de-abertura-da-etapa-estadual-da-conferencia-nacional-de-educacao\/","title":{"rendered":"N\u00fabia Lopes participa da solenidade de abertura da Etapa Estadual da Confer\u00eancia Nacional de Educa\u00e7\u00e3o"},"content":{"rendered":"\n<p>A secret\u00e1ria das Rela\u00e7\u00f5es Sociais, N\u00fabia Lopes, participou da solenidade de abertura da Etapa Estadual da Confer\u00eancia Nacional de Educa\u00e7\u00e3o (CONAE) no Piau\u00ed, nesta quarta-feira (6). O evento reuniu delegados representantes de todas as regi\u00f5es do Estado e de organiza\u00e7\u00f5es da sociedade civil com o objetivo de discutir as propostas para a constru\u00e7\u00e3o de pol\u00edticas educacionais efetivas e com mais inclus\u00e3o social.<\/p>\n\n\n<div class=\"wp-block-image\">\n<figure class=\"aligncenter size-large is-resized\"><img decoding=\"async\" loading=\"lazy\" src=\"https:\/\/portal.pi.gov.br\/seres\/wp-content\/uploads\/sites\/87\/2023\/12\/WhatsApp-Image-2023-12-06-at-13.48.42-1024x768.jpeg\" alt=\"\" class=\"wp-image-1940\" width=\"487\" height=\"365\" srcset=\"https:\/\/portal.pi.gov.br\/seres\/wp-content\/uploads\/sites\/87\/2023\/12\/WhatsApp-Image-2023-12-06-at-13.48.42-1024x768.jpeg 1024w, https:\/\/portal.pi.gov.br\/seres\/wp-content\/uploads\/sites\/87\/2023\/12\/WhatsApp-Image-2023-12-06-at-13.48.42-300x225.jpeg 300w, https:\/\/portal.pi.gov.br\/seres\/wp-content\/uploads\/sites\/87\/2023\/12\/WhatsApp-Image-2023-12-06-at-13.48.42-768x576.jpeg 768w, https:\/\/portal.pi.gov.br\/seres\/wp-content\/uploads\/sites\/87\/2023\/12\/WhatsApp-Image-2023-12-06-at-13.48.42-420x315.jpeg 420w, https:\/\/portal.pi.gov.br\/seres\/wp-content\/uploads\/sites\/87\/2023\/12\/WhatsApp-Image-2023-12-06-at-13.48.42-540x405.jpeg 540w, https:\/\/portal.pi.gov.br\/seres\/wp-content\/uploads\/sites\/87\/2023\/12\/WhatsApp-Image-2023-12-06-at-13.48.42-780x585.jpeg 780w, https:\/\/portal.pi.gov.br\/seres\/wp-content\/uploads\/sites\/87\/2023\/12\/WhatsApp-Image-2023-12-06-at-13.48.42-1536x1152.jpeg 1536w, https:\/\/portal.pi.gov.br\/seres\/wp-content\/uploads\/sites\/87\/2023\/12\/WhatsApp-Image-2023-12-06-at-13.48.42-947x710.jpeg 947w, https:\/\/portal.pi.gov.br\/seres\/wp-content\/uploads\/sites\/87\/2023\/12\/WhatsApp-Image-2023-12-06-at-13.48.42-624x468.jpeg 624w, https:\/\/portal.pi.gov.br\/seres\/wp-content\/uploads\/sites\/87\/2023\/12\/WhatsApp-Image-2023-12-06-at-13.48.42.jpeg 1600w\" sizes=\"(max-width: 487px) 100vw, 487px\" \/><\/figure><\/div>\n\n\n<p><br>Essa \u00e9 a fase intermedi\u00e1ria de prepara\u00e7\u00e3o para a confer\u00eancia, que foi convocada em car\u00e1ter extraordin\u00e1rio pela Presid\u00eancia da Rep\u00fablica\u202fpara acontecer em janeiro de 2024. A\u202fConfer\u00eancia tem como tema o\u202f\u201cPlano Nacional de Educa\u00e7\u00e3o 2024-2034: Pol\u00edtica de Estado para garantia da educa\u00e7\u00e3o como direito humano com justi\u00e7a social e desenvolvimento socioambiental sustent\u00e1vel\u201d.<\/p>\n\n\n\n<p><br>O secret\u00e1rio de Estado da Educa\u00e7\u00e3o do Piau\u00ed e vice-presidente do Conselho Nacional de Secret\u00e1rios da Educa\u00e7\u00e3o (Consed), Washington Bandeira, esteve na solenidade e afirmou que o Piau\u00ed tem levado a s\u00e9rio as discuss\u00f5es do Plano e apresentar\u00e1 contribui\u00e7\u00f5es pertinentes para a execu\u00e7\u00e3o das pol\u00edticas educacionais.<\/p>\n\n\n<div class=\"wp-block-image\">\n<figure class=\"aligncenter size-large is-resized\"><img decoding=\"async\" loading=\"lazy\" src=\"https:\/\/portal.pi.gov.br\/seres\/wp-content\/uploads\/sites\/87\/2023\/12\/WhatsApp-Image-2023-12-06-at-13.49.36-1024x768.jpeg\" alt=\"\" class=\"wp-image-1938\" width=\"489\" height=\"367\" srcset=\"https:\/\/portal.pi.gov.br\/seres\/wp-content\/uploads\/sites\/87\/2023\/12\/WhatsApp-Image-2023-12-06-at-13.49.36-1024x768.jpeg 1024w, https:\/\/portal.pi.gov.br\/seres\/wp-content\/uploads\/sites\/87\/2023\/12\/WhatsApp-Image-2023-12-06-at-13.49.36-300x225.jpeg 300w, https:\/\/portal.pi.gov.br\/seres\/wp-content\/uploads\/sites\/87\/2023\/12\/WhatsApp-Image-2023-12-06-at-13.49.36-768x576.jpeg 768w, https:\/\/portal.pi.gov.br\/seres\/wp-content\/uploads\/sites\/87\/2023\/12\/WhatsApp-Image-2023-12-06-at-13.49.36-420x315.jpeg 420w, https:\/\/portal.pi.gov.br\/seres\/wp-content\/uploads\/sites\/87\/2023\/12\/WhatsApp-Image-2023-12-06-at-13.49.36-540x405.jpeg 540w, https:\/\/portal.pi.gov.br\/seres\/wp-content\/uploads\/sites\/87\/2023\/12\/WhatsApp-Image-2023-12-06-at-13.49.36-780x585.jpeg 780w, https:\/\/portal.pi.gov.br\/seres\/wp-content\/uploads\/sites\/87\/2023\/12\/WhatsApp-Image-2023-12-06-at-13.49.36-1536x1152.jpeg 1536w, https:\/\/portal.pi.gov.br\/seres\/wp-content\/uploads\/sites\/87\/2023\/12\/WhatsApp-Image-2023-12-06-at-13.49.36-947x710.jpeg 947w, https:\/\/portal.pi.gov.br\/seres\/wp-content\/uploads\/sites\/87\/2023\/12\/WhatsApp-Image-2023-12-06-at-13.49.36-624x468.jpeg 624w, https:\/\/portal.pi.gov.br\/seres\/wp-content\/uploads\/sites\/87\/2023\/12\/WhatsApp-Image-2023-12-06-at-13.49.36.jpeg 1600w\" sizes=\"(max-width: 489px) 100vw, 489px\" \/><\/figure><\/div>\n\n\n<p><br>\u201cOs trabalhos nas confer\u00eancias municipais foram excelentes e, aqui, n\u00e3o ser\u00e1 diferente. Tenho certeza que o Piau\u00ed ter\u00e1 uma excelente participa\u00e7\u00e3o na Confer\u00eancia Nacional, pois temos muita clareza de que todo e qualquer processo de transforma\u00e7\u00e3o social come\u00e7a pela Educa\u00e7\u00e3o. Somos todos correspons\u00e1veis por isso. Queremos uma escola inclusiva e verdadeiramente integral, que ofere\u00e7a aos estudantes diversas habilidades e compet\u00eancias para a constru\u00e7\u00e3o de uma sociedade com mais desenvolvimento social, ambiental e econ\u00f4mico\u201d, disse o gestor.<\/p>\n\n\n<div class=\"wp-block-image\">\n<figure class=\"aligncenter size-large is-resized\"><img decoding=\"async\" loading=\"lazy\" src=\"https:\/\/portal.pi.gov.br\/seres\/wp-content\/uploads\/sites\/87\/2023\/12\/WhatsApp-Image-2023-12-06-at-13.48.54-1024x768.jpeg\" alt=\"\" class=\"wp-image-1939\" width=\"492\" height=\"369\" srcset=\"https:\/\/portal.pi.gov.br\/seres\/wp-content\/uploads\/sites\/87\/2023\/12\/WhatsApp-Image-2023-12-06-at-13.48.54-1024x768.jpeg 1024w, https:\/\/portal.pi.gov.br\/seres\/wp-content\/uploads\/sites\/87\/2023\/12\/WhatsApp-Image-2023-12-06-at-13.48.54-300x225.jpeg 300w, https:\/\/portal.pi.gov.br\/seres\/wp-content\/uploads\/sites\/87\/2023\/12\/WhatsApp-Image-2023-12-06-at-13.48.54-768x576.jpeg 768w, https:\/\/portal.pi.gov.br\/seres\/wp-content\/uploads\/sites\/87\/2023\/12\/WhatsApp-Image-2023-12-06-at-13.48.54-420x315.jpeg 420w, https:\/\/portal.pi.gov.br\/seres\/wp-content\/uploads\/sites\/87\/2023\/12\/WhatsApp-Image-2023-12-06-at-13.48.54-540x405.jpeg 540w, https:\/\/portal.pi.gov.br\/seres\/wp-content\/uploads\/sites\/87\/2023\/12\/WhatsApp-Image-2023-12-06-at-13.48.54-780x585.jpeg 780w, https:\/\/portal.pi.gov.br\/seres\/wp-content\/uploads\/sites\/87\/2023\/12\/WhatsApp-Image-2023-12-06-at-13.48.54-1536x1152.jpeg 1536w, https:\/\/portal.pi.gov.br\/seres\/wp-content\/uploads\/sites\/87\/2023\/12\/WhatsApp-Image-2023-12-06-at-13.48.54-947x710.jpeg 947w, https:\/\/portal.pi.gov.br\/seres\/wp-content\/uploads\/sites\/87\/2023\/12\/WhatsApp-Image-2023-12-06-at-13.48.54-624x468.jpeg 624w, https:\/\/portal.pi.gov.br\/seres\/wp-content\/uploads\/sites\/87\/2023\/12\/WhatsApp-Image-2023-12-06-at-13.48.54.jpeg 1600w\" sizes=\"(max-width: 492px) 100vw, 492px\" \/><\/figure><\/div>\n\n\n<p><br>A secret\u00e1ria N\u00fabia Lopes destacou o trabalho de rearticula\u00e7\u00e3o dos f\u00f3runs e conselhos. &#8220;Foi o ano inteiro de reconstru\u00e7\u00e3o e reestrutura\u00e7\u00e3o dos conselhos de pol\u00edticas p\u00fablicas, dos comit\u00eas, dos espa\u00e7os de participa\u00e7\u00e3o social. Parabenizo todos que fazem parte da Seduc pelo apoio incondicional para a realiza\u00e7\u00e3o das 17 confer\u00eancias intermunicipais, chegando em 224 munic\u00edpios do estado.<\/p>\n\n\n\n<p><br>Em abril deste ano, o F\u00f3rum Estadual de Educa\u00e7\u00e3o do Piau\u00ed foi retomado como um espa\u00e7o aberto ao di\u00e1logo quanto a proposi\u00e7\u00f5es de a\u00e7\u00f5es e cumprimento de metas para a Educa\u00e7\u00e3o do Estado. A reabertura faz parte de uma reconstru\u00e7\u00e3o tamb\u00e9m em \u00e2mbito nacional com o F\u00f3rum Nacional de Educa\u00e7\u00e3o, respons\u00e1vel pelo acompanhamento e implementa\u00e7\u00e3o do Plano Nacional de Educa\u00e7\u00e3o (PNE).<\/p>\n\n\n\n<p><br>A etapa estadual envolve a participa\u00e7\u00e3o de 500 delegados eleitos e encerra nesta quinta-feira (7). Os resultados das etapas estadual e nacional incluir\u00e3o n\u00e3o apenas o diagn\u00f3stico da situa\u00e7\u00e3o educacional no pa\u00eds, mas tamb\u00e9m as diretrizes, metas e estrat\u00e9gias para a pr\u00f3xima d\u00e9cada.<\/p>\n","protected":false},"excerpt":{"rendered":"<p>A secret\u00e1ria das Rela\u00e7\u00f5es Sociais, N\u00fabia Lopes, participou da solenidade de abertura da Etapa Estadual da Confer\u00eancia Nacional de Educa\u00e7\u00e3o (CONAE) no Piau\u00ed, nesta quarta-feira (6). O evento reuniu delegados [&hellip;]<\/p>\n","protected":false},"author":1748,"featured_media":1938,"comment_status":"closed","ping_status":"closed","sticky":false,"template":"","format":"standard","meta":[],"categories":[34],"tags":[],"featured_image_urls":{"full":["https:\/\/portal.pi.gov.br\/seres\/wp-content\/uploads\/sites\/87\/2023\/12\/WhatsApp-Image-2023-12-06-at-13.49.36.jpeg",1600,1200,false],"thumbnail":["https:\/\/portal.pi.gov.br\/seres\/wp-content\/uploads\/sites\/87\/2023\/12\/WhatsApp-Image-2023-12-06-at-13.49.36-150x150.jpeg",150,150,true],"medium":["https:\/\/portal.pi.gov.br\/seres\/wp-content\/uploads\/sites\/87\/2023\/12\/WhatsApp-Image-2023-12-06-at-13.49.36-300x225.jpeg",300,225,true],"medium_large":["https:\/\/portal.pi.gov.br\/seres\/wp-content\/uploads\/sites\/87\/2023\/12\/WhatsApp-Image-2023-12-06-at-13.49.36-768x576.jpeg",768,576,true],"large":["https:\/\/portal.pi.gov.br\/seres\/wp-content\/uploads\/sites\/87\/2023\/12\/WhatsApp-Image-2023-12-06-at-13.49.36-1024x768.jpeg",887,665,true],"sgg-420":["https:\/\/portal.pi.gov.br\/seres\/wp-content\/uploads\/sites\/87\/2023\/12\/WhatsApp-Image-2023-12-06-at-13.49.36-420x315.jpeg",420,315,true],"sgg-540":["https:\/\/portal.pi.gov.br\/seres\/wp-content\/uploads\/sites\/87\/2023\/12\/WhatsApp-Image-2023-12-06-at-13.49.36-540x405.jpeg",540,405,true],"sgg-780":["https:\/\/portal.pi.gov.br\/seres\/wp-content\/uploads\/sites\/87\/2023\/12\/WhatsApp-Image-2023-12-06-at-13.49.36-780x585.jpeg",780,585,true],"1536x1536":["https:\/\/portal.pi.gov.br\/seres\/wp-content\/uploads\/sites\/87\/2023\/12\/WhatsApp-Image-2023-12-06-at-13.49.36-1536x1152.jpeg",1536,1152,true],"2048x2048":["https:\/\/portal.pi.gov.br\/seres\/wp-content\/uploads\/sites\/87\/2023\/12\/WhatsApp-Image-2023-12-06-at-13.49.36.jpeg",1600,1200,false],"homepage-slider":["https:\/\/portal.pi.gov.br\/seres\/wp-content\/uploads\/sites\/87\/2023\/12\/WhatsApp-Image-2023-12-06-at-13.49.36-1270x500.jpeg",1270,500,true],"homepage-slider-small":["https:\/\/portal.pi.gov.br\/seres\/wp-content\/uploads\/sites\/87\/2023\/12\/WhatsApp-Image-2023-12-06-at-13.49.36-947x500.jpeg",947,500,true],"page-top":["https:\/\/portal.pi.gov.br\/seres\/wp-content\/uploads\/sites\/87\/2023\/12\/WhatsApp-Image-2023-12-06-at-13.49.36-947x710.jpeg",947,710,true],"page-small":["https:\/\/portal.pi.gov.br\/seres\/wp-content\/uploads\/sites\/87\/2023\/12\/WhatsApp-Image-2023-12-06-at-13.49.36-624x468.jpeg",624,468,true],"loop-main":["https:\/\/portal.pi.gov.br\/seres\/wp-content\/uploads\/sites\/87\/2023\/12\/WhatsApp-Image-2023-12-06-at-13.49.36-365x240.jpeg",365,240,true],"thumb-gallery-widget":["https:\/\/portal.pi.gov.br\/seres\/wp-content\/uploads\/sites\/87\/2023\/12\/WhatsApp-Image-2023-12-06-at-13.49.36-84x56.jpeg",84,56,true]},"post_excerpt_stackable":"<p>A secret\u00e1ria das Rela\u00e7\u00f5es Sociais, N\u00fabia Lopes, participou da solenidade de abertura da Etapa Estadual da Confer\u00eancia Nacional de Educa\u00e7\u00e3o (CONAE) no Piau\u00ed, nesta quarta-feira (6). O evento reuniu delegados representantes de todas as regi\u00f5es do Estado e de organiza\u00e7\u00f5es da sociedade civil com o objetivo de discutir as propostas para a constru\u00e7\u00e3o de pol\u00edticas educacionais efetivas e com mais inclus\u00e3o social. Essa \u00e9 a fase intermedi\u00e1ria de prepara\u00e7\u00e3o para a confer\u00eancia, que foi convocada em car\u00e1ter extraordin\u00e1rio pela Presid\u00eancia da Rep\u00fablica\u202fpara acontecer em janeiro de 2024. A\u202fConfer\u00eancia tem como tema o\u202f\u201cPlano Nacional de Educa\u00e7\u00e3o 2024-2034: Pol\u00edtica de Estado para&hellip;<\/p>\n","category_list":"<a href=\"https:\/\/portal.pi.gov.br\/seres\/category\/noticias\/\" rel=\"category tag\">Not\u00edcias<\/a>","author_info":{"name":"natalina","url":"https:\/\/portal.pi.gov.br\/seres\/author\/natalina\/"},"comments_num":"0 coment\u00e1rio","featured_image_urls_v2":{"full":["https:\/\/portal.pi.gov.br\/seres\/wp-content\/uploads\/sites\/87\/2023\/12\/WhatsApp-Image-2023-12-06-at-13.49.36.jpeg",1600,1200,false],"thumbnail":["https:\/\/portal.pi.gov.br\/seres\/wp-content\/uploads\/sites\/87\/2023\/12\/WhatsApp-Image-2023-12-06-at-13.49.36-150x150.jpeg",150,150,true],"medium":["https:\/\/portal.pi.gov.br\/seres\/wp-content\/uploads\/sites\/87\/2023\/12\/WhatsApp-Image-2023-12-06-at-13.49.36-300x225.jpeg",300,225,true],"medium_large":["https:\/\/portal.pi.gov.br\/seres\/wp-content\/uploads\/sites\/87\/2023\/12\/WhatsApp-Image-2023-12-06-at-13.49.36-768x576.jpeg",768,576,true],"large":["https:\/\/portal.pi.gov.br\/seres\/wp-content\/uploads\/sites\/87\/2023\/12\/WhatsApp-Image-2023-12-06-at-13.49.36-1024x768.jpeg",887,665,true],"sgg-420":["https:\/\/portal.pi.gov.br\/seres\/wp-content\/uploads\/sites\/87\/2023\/12\/WhatsApp-Image-2023-12-06-at-13.49.36-420x315.jpeg",420,315,true],"sgg-540":["https:\/\/portal.pi.gov.br\/seres\/wp-content\/uploads\/sites\/87\/2023\/12\/WhatsApp-Image-2023-12-06-at-13.49.36-540x405.jpeg",540,405,true],"sgg-780":["https:\/\/portal.pi.gov.br\/seres\/wp-content\/uploads\/sites\/87\/2023\/12\/WhatsApp-Image-2023-12-06-at-13.49.36-780x585.jpeg",780,585,true],"1536x1536":["https:\/\/portal.pi.gov.br\/seres\/wp-content\/uploads\/sites\/87\/2023\/12\/WhatsApp-Image-2023-12-06-at-13.49.36-1536x1152.jpeg",1536,1152,true],"2048x2048":["https:\/\/portal.pi.gov.br\/seres\/wp-content\/uploads\/sites\/87\/2023\/12\/WhatsApp-Image-2023-12-06-at-13.49.36.jpeg",1600,1200,false],"homepage-slider":["https:\/\/portal.pi.gov.br\/seres\/wp-content\/uploads\/sites\/87\/2023\/12\/WhatsApp-Image-2023-12-06-at-13.49.36-1270x500.jpeg",1270,500,true],"homepage-slider-small":["https:\/\/portal.pi.gov.br\/seres\/wp-content\/uploads\/sites\/87\/2023\/12\/WhatsApp-Image-2023-12-06-at-13.49.36-947x500.jpeg",947,500,true],"page-top":["https:\/\/portal.pi.gov.br\/seres\/wp-content\/uploads\/sites\/87\/2023\/12\/WhatsApp-Image-2023-12-06-at-13.49.36-947x710.jpeg",947,710,true],"page-small":["https:\/\/portal.pi.gov.br\/seres\/wp-content\/uploads\/sites\/87\/2023\/12\/WhatsApp-Image-2023-12-06-at-13.49.36-624x468.jpeg",624,468,true],"loop-main":["https:\/\/portal.pi.gov.br\/seres\/wp-content\/uploads\/sites\/87\/2023\/12\/WhatsApp-Image-2023-12-06-at-13.49.36-365x240.jpeg",365,240,true],"thumb-gallery-widget":["https:\/\/portal.pi.gov.br\/seres\/wp-content\/uploads\/sites\/87\/2023\/12\/WhatsApp-Image-2023-12-06-at-13.49.36-84x56.jpeg",84,56,true]},"post_excerpt_stackable_v2":"<p>A secret\u00e1ria das Rela\u00e7\u00f5es Sociais, N\u00fabia Lopes, participou da solenidade de abertura da Etapa Estadual da Confer\u00eancia Nacional de Educa\u00e7\u00e3o (CONAE) no Piau\u00ed, nesta quarta-feira (6). O evento reuniu delegados representantes de todas as regi\u00f5es do Estado e de organiza\u00e7\u00f5es da sociedade civil com o objetivo de discutir as propostas para a constru\u00e7\u00e3o de pol\u00edticas educacionais efetivas e com mais inclus\u00e3o social. Essa \u00e9 a fase intermedi\u00e1ria de prepara\u00e7\u00e3o para a confer\u00eancia, que foi convocada em car\u00e1ter extraordin\u00e1rio pela Presid\u00eancia da Rep\u00fablica\u202fpara acontecer em janeiro de 2024. A\u202fConfer\u00eancia tem como tema o\u202f\u201cPlano Nacional de Educa\u00e7\u00e3o 2024-2034: Pol\u00edtica de Estado para&hellip;<\/p>\n","category_list_v2":"<a href=\"https:\/\/portal.pi.gov.br\/seres\/category\/noticias\/\" rel=\"category tag\">Not\u00edcias<\/a>","author_info_v2":{"name":"natalina","url":"https:\/\/portal.pi.gov.br\/seres\/author\/natalina\/"},"comments_num_v2":"0 coment\u00e1rio","jetpack_featured_media_url":"https:\/\/portal.pi.gov.br\/seres\/wp-content\/uploads\/sites\/87\/2023\/12\/WhatsApp-Image-2023-12-06-at-13.49.36.jpeg","_links":{"self":[{"href":"https:\/\/portal.pi.gov.br\/seres\/wp-json\/wp\/v2\/posts\/1937"}],"collection":[{"href":"https:\/\/portal.pi.gov.br\/seres\/wp-json\/wp\/v2\/posts"}],"about":[{"href":"https:\/\/portal.pi.gov.br\/seres\/wp-json\/wp\/v2\/types\/post"}],"author":[{"embeddable":true,"href":"https:\/\/portal.pi.gov.br\/seres\/wp-json\/wp\/v2\/users\/1748"}],"replies":[{"embeddable":true,"href":"https:\/\/portal.pi.gov.br\/seres\/wp-json\/wp\/v2\/comments?post=1937"}],"version-history":[{"count":2,"href":"https:\/\/portal.pi.gov.br\/seres\/wp-json\/wp\/v2\/posts\/1937\/revisions"}],"predecessor-version":[{"id":1942,"href":"https:\/\/portal.pi.gov.br\/seres\/wp-json\/wp\/v2\/posts\/1937\/revisions\/1942"}],"wp:featuredmedia":[{"embeddable":true,"href":"https:\/\/portal.pi.gov.br\/seres\/wp-json\/wp\/v2\/media\/1938"}],"wp:attachment":[{"href":"https:\/\/portal.pi.gov.br\/seres\/wp-json\/wp\/v2\/media?parent=1937"}],"wp:term":[{"taxonomy":"category","embeddable":true,"href":"https:\/\/portal.pi.gov.br\/seres\/wp-json\/wp\/v2\/categories?post=1937"},{"taxonomy":"post_tag","embeddable":true,"href":"https:\/\/portal.pi.gov.br\/seres\/wp-json\/wp\/v2\/tags?post=1937"}],"curies":[{"name":"wp","href":"https:\/\/api.w.org\/{rel}","templated":true}]}}