{"id":1945,"date":"2023-12-11T14:00:58","date_gmt":"2023-12-11T17:00:58","guid":{"rendered":"https:\/\/portal.pi.gov.br\/seres\/?p=1945"},"modified":"2023-12-11T14:00:59","modified_gmt":"2023-12-11T17:00:59","slug":"governador-rafael-fonteles-e-secretario-da-educacao-washington-bandeira-lancam-campanha-de-matriculas-2024","status":"publish","type":"post","link":"https:\/\/portal.pi.gov.br\/seres\/2023\/12\/11\/governador-rafael-fonteles-e-secretario-da-educacao-washington-bandeira-lancam-campanha-de-matriculas-2024\/","title":{"rendered":"Governador Rafael Fonteles e Secret\u00e1rio da Educa\u00e7\u00e3o Washington Bandeira lan\u00e7am Campanha de Matr\u00edculas 2024"},"content":{"rendered":"\n<p>O governador Rafael Fonteles e o secret\u00e1rio Washington Bandeira lan\u00e7aram nesta segunda-feira (11), \u00e0s 11h30, no Pal\u00e1cio de Karnak, o edital e a Campanha de Matr\u00edculas 2024 das Escolas Seduc. A secret\u00e1ria das Rela\u00e7\u00f5es Sociais, N\u00fabia Lopes, participou do evento.<\/p>\n\n\n<div class=\"wp-block-image\">\n<figure class=\"aligncenter size-large is-resized\"><img decoding=\"async\" loading=\"lazy\" src=\"https:\/\/portal.pi.gov.br\/seres\/wp-content\/uploads\/sites\/87\/2023\/12\/WhatsApp-Image-2023-12-11-at-13.11.31-1024x768.jpeg\" alt=\"\" class=\"wp-image-1946\" width=\"459\" height=\"344\" srcset=\"https:\/\/portal.pi.gov.br\/seres\/wp-content\/uploads\/sites\/87\/2023\/12\/WhatsApp-Image-2023-12-11-at-13.11.31-1024x768.jpeg 1024w, https:\/\/portal.pi.gov.br\/seres\/wp-content\/uploads\/sites\/87\/2023\/12\/WhatsApp-Image-2023-12-11-at-13.11.31-300x225.jpeg 300w, https:\/\/portal.pi.gov.br\/seres\/wp-content\/uploads\/sites\/87\/2023\/12\/WhatsApp-Image-2023-12-11-at-13.11.31-768x576.jpeg 768w, https:\/\/portal.pi.gov.br\/seres\/wp-content\/uploads\/sites\/87\/2023\/12\/WhatsApp-Image-2023-12-11-at-13.11.31-420x315.jpeg 420w, https:\/\/portal.pi.gov.br\/seres\/wp-content\/uploads\/sites\/87\/2023\/12\/WhatsApp-Image-2023-12-11-at-13.11.31-540x405.jpeg 540w, https:\/\/portal.pi.gov.br\/seres\/wp-content\/uploads\/sites\/87\/2023\/12\/WhatsApp-Image-2023-12-11-at-13.11.31-780x585.jpeg 780w, https:\/\/portal.pi.gov.br\/seres\/wp-content\/uploads\/sites\/87\/2023\/12\/WhatsApp-Image-2023-12-11-at-13.11.31-1536x1152.jpeg 1536w, https:\/\/portal.pi.gov.br\/seres\/wp-content\/uploads\/sites\/87\/2023\/12\/WhatsApp-Image-2023-12-11-at-13.11.31-947x710.jpeg 947w, https:\/\/portal.pi.gov.br\/seres\/wp-content\/uploads\/sites\/87\/2023\/12\/WhatsApp-Image-2023-12-11-at-13.11.31-624x468.jpeg 624w, https:\/\/portal.pi.gov.br\/seres\/wp-content\/uploads\/sites\/87\/2023\/12\/WhatsApp-Image-2023-12-11-at-13.11.31.jpeg 1600w\" sizes=\"(max-width: 459px) 100vw, 459px\" \/><\/figure><\/div>\n\n\n<p>Pela primeira vez, o processo de matr\u00edcula da rede p\u00fablica estadual de ensino ser\u00e1 100% digital, dispon\u00edvel por meio do Gov.pi Cidad\u00e3o, de 11 de dezembro a 11 de janeiro de 2024. Todas as informa\u00e7\u00f5es necess\u00e1rias para acessar o Gov.pi Cidad\u00e3o e para efetiva\u00e7\u00e3o da matr\u00edcula estar\u00e3o dispon\u00edveis no site da Seduc www.seduc.pi.gov.br\/matricula.<\/p>\n\n\n\n<p>&#8220;A grande novidade para a matr\u00edcula 2024 \u00e9 que esse processo ser\u00e1 100% digital. Para quem estudou nas nossas escolas em 2023, a renova\u00e7\u00e3o de matr\u00edcula \u00e9 autom\u00e1tica. Os alunos novos que querem estudar nas escolas Seduc poder\u00e3o se matricular pelo Gov.pi Cidad\u00e3o sem necessidade de ir at\u00e9 a escola. Se o estudante tiver alguma dificuldade de acessar \u00e0 Internet, as escolas estar\u00e3o abertas para auxiliar nesse processo&#8221;, explicou o secret\u00e1rio de Estado da Educa\u00e7\u00e3o, Washington Bandeira.<\/p>\n\n\n\n<p>Durante a solenidade de lan\u00e7amento da Campanha de Matr\u00edculas 2024 das escolas Seduc, o governador e o secret\u00e1rio da Educa\u00e7\u00e3o deram posse aos 37 coordenadores de Polo da Universidade Aberta do Brasil (UAB). Em 2024, a UAB disponibilizar\u00e1 10.350 vagas entre os cursos de licenciaturas, bacharelados, tecn\u00f3logos e especializa\u00e7\u00f5es.<\/p>\n","protected":false},"excerpt":{"rendered":"<p>O governador Rafael Fonteles e o secret\u00e1rio Washington Bandeira lan\u00e7aram nesta segunda-feira (11), \u00e0s 11h30, no Pal\u00e1cio de Karnak, o edital e a Campanha de Matr\u00edculas 2024 das Escolas Seduc. [&hellip;]<\/p>\n","protected":false},"author":1748,"featured_media":1946,"comment_status":"closed","ping_status":"closed","sticky":false,"template":"","format":"standard","meta":[],"categories":[34],"tags":[],"featured_image_urls":{"full":["https:\/\/portal.pi.gov.br\/seres\/wp-content\/uploads\/sites\/87\/2023\/12\/WhatsApp-Image-2023-12-11-at-13.11.31.jpeg",1600,1200,false],"thumbnail":["https:\/\/portal.pi.gov.br\/seres\/wp-content\/uploads\/sites\/87\/2023\/12\/WhatsApp-Image-2023-12-11-at-13.11.31-150x150.jpeg",150,150,true],"medium":["https:\/\/portal.pi.gov.br\/seres\/wp-content\/uploads\/sites\/87\/2023\/12\/WhatsApp-Image-2023-12-11-at-13.11.31-300x225.jpeg",300,225,true],"medium_large":["https:\/\/portal.pi.gov.br\/seres\/wp-content\/uploads\/sites\/87\/2023\/12\/WhatsApp-Image-2023-12-11-at-13.11.31-768x576.jpeg",768,576,true],"large":["https:\/\/portal.pi.gov.br\/seres\/wp-content\/uploads\/sites\/87\/2023\/12\/WhatsApp-Image-2023-12-11-at-13.11.31-1024x768.jpeg",887,665,true],"sgg-420":["https:\/\/portal.pi.gov.br\/seres\/wp-content\/uploads\/sites\/87\/2023\/12\/WhatsApp-Image-2023-12-11-at-13.11.31-420x315.jpeg",420,315,true],"sgg-540":["https:\/\/portal.pi.gov.br\/seres\/wp-content\/uploads\/sites\/87\/2023\/12\/WhatsApp-Image-2023-12-11-at-13.11.31-540x405.jpeg",540,405,true],"sgg-780":["https:\/\/portal.pi.gov.br\/seres\/wp-content\/uploads\/sites\/87\/2023\/12\/WhatsApp-Image-2023-12-11-at-13.11.31-780x585.jpeg",780,585,true],"1536x1536":["https:\/\/portal.pi.gov.br\/seres\/wp-content\/uploads\/sites\/87\/2023\/12\/WhatsApp-Image-2023-12-11-at-13.11.31-1536x1152.jpeg",1536,1152,true],"2048x2048":["https:\/\/portal.pi.gov.br\/seres\/wp-content\/uploads\/sites\/87\/2023\/12\/WhatsApp-Image-2023-12-11-at-13.11.31.jpeg",1600,1200,false],"homepage-slider":["https:\/\/portal.pi.gov.br\/seres\/wp-content\/uploads\/sites\/87\/2023\/12\/WhatsApp-Image-2023-12-11-at-13.11.31-1270x500.jpeg",1270,500,true],"homepage-slider-small":["https:\/\/portal.pi.gov.br\/seres\/wp-content\/uploads\/sites\/87\/2023\/12\/WhatsApp-Image-2023-12-11-at-13.11.31-947x500.jpeg",947,500,true],"page-top":["https:\/\/portal.pi.gov.br\/seres\/wp-content\/uploads\/sites\/87\/2023\/12\/WhatsApp-Image-2023-12-11-at-13.11.31-947x710.jpeg",947,710,true],"page-small":["https:\/\/portal.pi.gov.br\/seres\/wp-content\/uploads\/sites\/87\/2023\/12\/WhatsApp-Image-2023-12-11-at-13.11.31-624x468.jpeg",624,468,true],"loop-main":["https:\/\/portal.pi.gov.br\/seres\/wp-content\/uploads\/sites\/87\/2023\/12\/WhatsApp-Image-2023-12-11-at-13.11.31-365x240.jpeg",365,240,true],"thumb-gallery-widget":["https:\/\/portal.pi.gov.br\/seres\/wp-content\/uploads\/sites\/87\/2023\/12\/WhatsApp-Image-2023-12-11-at-13.11.31-84x56.jpeg",84,56,true]},"post_excerpt_stackable":"<p>O governador Rafael Fonteles e o secret\u00e1rio Washington Bandeira lan\u00e7aram nesta segunda-feira (11), \u00e0s 11h30, no Pal\u00e1cio de Karnak, o edital e a Campanha de Matr\u00edculas 2024 das Escolas Seduc. A secret\u00e1ria das Rela\u00e7\u00f5es Sociais, N\u00fabia Lopes, participou do evento. Pela primeira vez, o processo de matr\u00edcula da rede p\u00fablica estadual de ensino ser\u00e1 100% digital, dispon\u00edvel por meio do Gov.pi Cidad\u00e3o, de 11 de dezembro a 11 de janeiro de 2024. Todas as informa\u00e7\u00f5es necess\u00e1rias para acessar o Gov.pi Cidad\u00e3o e para efetiva\u00e7\u00e3o da matr\u00edcula estar\u00e3o dispon\u00edveis no site da Seduc www.seduc.pi.gov.br\/matricula. &#8220;A grande novidade para a matr\u00edcula 2024&hellip;<\/p>\n","category_list":"<a href=\"https:\/\/portal.pi.gov.br\/seres\/category\/noticias\/\" rel=\"category tag\">Not\u00edcias<\/a>","author_info":{"name":"natalina","url":"https:\/\/portal.pi.gov.br\/seres\/author\/natalina\/"},"comments_num":"0 coment\u00e1rio","featured_image_urls_v2":{"full":["https:\/\/portal.pi.gov.br\/seres\/wp-content\/uploads\/sites\/87\/2023\/12\/WhatsApp-Image-2023-12-11-at-13.11.31.jpeg",1600,1200,false],"thumbnail":["https:\/\/portal.pi.gov.br\/seres\/wp-content\/uploads\/sites\/87\/2023\/12\/WhatsApp-Image-2023-12-11-at-13.11.31-150x150.jpeg",150,150,true],"medium":["https:\/\/portal.pi.gov.br\/seres\/wp-content\/uploads\/sites\/87\/2023\/12\/WhatsApp-Image-2023-12-11-at-13.11.31-300x225.jpeg",300,225,true],"medium_large":["https:\/\/portal.pi.gov.br\/seres\/wp-content\/uploads\/sites\/87\/2023\/12\/WhatsApp-Image-2023-12-11-at-13.11.31-768x576.jpeg",768,576,true],"large":["https:\/\/portal.pi.gov.br\/seres\/wp-content\/uploads\/sites\/87\/2023\/12\/WhatsApp-Image-2023-12-11-at-13.11.31-1024x768.jpeg",887,665,true],"sgg-420":["https:\/\/portal.pi.gov.br\/seres\/wp-content\/uploads\/sites\/87\/2023\/12\/WhatsApp-Image-2023-12-11-at-13.11.31-420x315.jpeg",420,315,true],"sgg-540":["https:\/\/portal.pi.gov.br\/seres\/wp-content\/uploads\/sites\/87\/2023\/12\/WhatsApp-Image-2023-12-11-at-13.11.31-540x405.jpeg",540,405,true],"sgg-780":["https:\/\/portal.pi.gov.br\/seres\/wp-content\/uploads\/sites\/87\/2023\/12\/WhatsApp-Image-2023-12-11-at-13.11.31-780x585.jpeg",780,585,true],"1536x1536":["https:\/\/portal.pi.gov.br\/seres\/wp-content\/uploads\/sites\/87\/2023\/12\/WhatsApp-Image-2023-12-11-at-13.11.31-1536x1152.jpeg",1536,1152,true],"2048x2048":["https:\/\/portal.pi.gov.br\/seres\/wp-content\/uploads\/sites\/87\/2023\/12\/WhatsApp-Image-2023-12-11-at-13.11.31.jpeg",1600,1200,false],"homepage-slider":["https:\/\/portal.pi.gov.br\/seres\/wp-content\/uploads\/sites\/87\/2023\/12\/WhatsApp-Image-2023-12-11-at-13.11.31-1270x500.jpeg",1270,500,true],"homepage-slider-small":["https:\/\/portal.pi.gov.br\/seres\/wp-content\/uploads\/sites\/87\/2023\/12\/WhatsApp-Image-2023-12-11-at-13.11.31-947x500.jpeg",947,500,true],"page-top":["https:\/\/portal.pi.gov.br\/seres\/wp-content\/uploads\/sites\/87\/2023\/12\/WhatsApp-Image-2023-12-11-at-13.11.31-947x710.jpeg",947,710,true],"page-small":["https:\/\/portal.pi.gov.br\/seres\/wp-content\/uploads\/sites\/87\/2023\/12\/WhatsApp-Image-2023-12-11-at-13.11.31-624x468.jpeg",624,468,true],"loop-main":["https:\/\/portal.pi.gov.br\/seres\/wp-content\/uploads\/sites\/87\/2023\/12\/WhatsApp-Image-2023-12-11-at-13.11.31-365x240.jpeg",365,240,true],"thumb-gallery-widget":["https:\/\/portal.pi.gov.br\/seres\/wp-content\/uploads\/sites\/87\/2023\/12\/WhatsApp-Image-2023-12-11-at-13.11.31-84x56.jpeg",84,56,true]},"post_excerpt_stackable_v2":"<p>O governador Rafael Fonteles e o secret\u00e1rio Washington Bandeira lan\u00e7aram nesta segunda-feira (11), \u00e0s 11h30, no Pal\u00e1cio de Karnak, o edital e a Campanha de Matr\u00edculas 2024 das Escolas Seduc. A secret\u00e1ria das Rela\u00e7\u00f5es Sociais, N\u00fabia Lopes, participou do evento. Pela primeira vez, o processo de matr\u00edcula da rede p\u00fablica estadual de ensino ser\u00e1 100% digital, dispon\u00edvel por meio do Gov.pi Cidad\u00e3o, de 11 de dezembro a 11 de janeiro de 2024. Todas as informa\u00e7\u00f5es necess\u00e1rias para acessar o Gov.pi Cidad\u00e3o e para efetiva\u00e7\u00e3o da matr\u00edcula estar\u00e3o dispon\u00edveis no site da Seduc www.seduc.pi.gov.br\/matricula. &#8220;A grande novidade para a matr\u00edcula 2024&hellip;<\/p>\n","category_list_v2":"<a href=\"https:\/\/portal.pi.gov.br\/seres\/category\/noticias\/\" rel=\"category tag\">Not\u00edcias<\/a>","author_info_v2":{"name":"natalina","url":"https:\/\/portal.pi.gov.br\/seres\/author\/natalina\/"},"comments_num_v2":"0 coment\u00e1rio","jetpack_featured_media_url":"https:\/\/portal.pi.gov.br\/seres\/wp-content\/uploads\/sites\/87\/2023\/12\/WhatsApp-Image-2023-12-11-at-13.11.31.jpeg","_links":{"self":[{"href":"https:\/\/portal.pi.gov.br\/seres\/wp-json\/wp\/v2\/posts\/1945"}],"collection":[{"href":"https:\/\/portal.pi.gov.br\/seres\/wp-json\/wp\/v2\/posts"}],"about":[{"href":"https:\/\/portal.pi.gov.br\/seres\/wp-json\/wp\/v2\/types\/post"}],"author":[{"embeddable":true,"href":"https:\/\/portal.pi.gov.br\/seres\/wp-json\/wp\/v2\/users\/1748"}],"replies":[{"embeddable":true,"href":"https:\/\/portal.pi.gov.br\/seres\/wp-json\/wp\/v2\/comments?post=1945"}],"version-history":[{"count":1,"href":"https:\/\/portal.pi.gov.br\/seres\/wp-json\/wp\/v2\/posts\/1945\/revisions"}],"predecessor-version":[{"id":1947,"href":"https:\/\/portal.pi.gov.br\/seres\/wp-json\/wp\/v2\/posts\/1945\/revisions\/1947"}],"wp:featuredmedia":[{"embeddable":true,"href":"https:\/\/portal.pi.gov.br\/seres\/wp-json\/wp\/v2\/media\/1946"}],"wp:attachment":[{"href":"https:\/\/portal.pi.gov.br\/seres\/wp-json\/wp\/v2\/media?parent=1945"}],"wp:term":[{"taxonomy":"category","embeddable":true,"href":"https:\/\/portal.pi.gov.br\/seres\/wp-json\/wp\/v2\/categories?post=1945"},{"taxonomy":"post_tag","embeddable":true,"href":"https:\/\/portal.pi.gov.br\/seres\/wp-json\/wp\/v2\/tags?post=1945"}],"curies":[{"name":"wp","href":"https:\/\/api.w.org\/{rel}","templated":true}]}}