{"id":1980,"date":"2024-01-18T21:18:48","date_gmt":"2024-01-19T00:18:48","guid":{"rendered":"https:\/\/portal.pi.gov.br\/seres\/?p=1980"},"modified":"2024-01-18T21:45:46","modified_gmt":"2024-01-19T00:45:46","slug":"governo-cria-novo-canal-de-dialogo-com-sindicatos-e-realiza-a-primeira-reuniao-da-mesa-estadual-de-negociacao-permanente","status":"publish","type":"post","link":"https:\/\/portal.pi.gov.br\/seres\/2024\/01\/18\/governo-cria-novo-canal-de-dialogo-com-sindicatos-e-realiza-a-primeira-reuniao-da-mesa-estadual-de-negociacao-permanente\/","title":{"rendered":"Governo cria novo canal de di\u00e1logo com sindicatos e realiza a primeira reuni\u00e3o da Mesa Estadual de Negocia\u00e7\u00e3o Permanente"},"content":{"rendered":"\n<p>O Governo do Piau\u00ed instituiu, nesta quinta-feira (18), a Mesa Estadual de Negocia\u00e7\u00e3o Permanente (Menp) com o objetivo de ampliar e aperfei\u00e7oar o di\u00e1logo entre a Administra\u00e7\u00e3o P\u00fablica Estadual e as entidades sindicais de servidores p\u00fablicos, al\u00e9m de criar metodologias de tratamento para as demandas apresentadas pelas categorias. Durante o encontro, os representantes de 45 sindicatos apresentaram suas pautas unificadas para um tratamento mais c\u00e9lere e transparente das decis\u00f5es que o Governo deve tomar, a cada ano, para melhorar a qualidade do trabalho no estado do Piau\u00ed.<\/p>\n\n\n<div class=\"wp-block-image\">\n<figure class=\"aligncenter size-large is-resized\"><img decoding=\"async\" loading=\"lazy\" src=\"https:\/\/portal.pi.gov.br\/seres\/wp-content\/uploads\/sites\/87\/2024\/01\/WhatsApp-Image-2024-01-18-at-21.10.50-1024x768.jpeg\" alt=\"\" class=\"wp-image-1992\" width=\"496\" height=\"373\" srcset=\"https:\/\/portal.pi.gov.br\/seres\/wp-content\/uploads\/sites\/87\/2024\/01\/WhatsApp-Image-2024-01-18-at-21.10.50-1024x768.jpeg 1024w, https:\/\/portal.pi.gov.br\/seres\/wp-content\/uploads\/sites\/87\/2024\/01\/WhatsApp-Image-2024-01-18-at-21.10.50-300x225.jpeg 300w, https:\/\/portal.pi.gov.br\/seres\/wp-content\/uploads\/sites\/87\/2024\/01\/WhatsApp-Image-2024-01-18-at-21.10.50-768x576.jpeg 768w, https:\/\/portal.pi.gov.br\/seres\/wp-content\/uploads\/sites\/87\/2024\/01\/WhatsApp-Image-2024-01-18-at-21.10.50-420x315.jpeg 420w, https:\/\/portal.pi.gov.br\/seres\/wp-content\/uploads\/sites\/87\/2024\/01\/WhatsApp-Image-2024-01-18-at-21.10.50-540x405.jpeg 540w, https:\/\/portal.pi.gov.br\/seres\/wp-content\/uploads\/sites\/87\/2024\/01\/WhatsApp-Image-2024-01-18-at-21.10.50-780x585.jpeg 780w, https:\/\/portal.pi.gov.br\/seres\/wp-content\/uploads\/sites\/87\/2024\/01\/WhatsApp-Image-2024-01-18-at-21.10.50-1536x1152.jpeg 1536w, https:\/\/portal.pi.gov.br\/seres\/wp-content\/uploads\/sites\/87\/2024\/01\/WhatsApp-Image-2024-01-18-at-21.10.50-947x710.jpeg 947w, https:\/\/portal.pi.gov.br\/seres\/wp-content\/uploads\/sites\/87\/2024\/01\/WhatsApp-Image-2024-01-18-at-21.10.50-624x468.jpeg 624w, https:\/\/portal.pi.gov.br\/seres\/wp-content\/uploads\/sites\/87\/2024\/01\/WhatsApp-Image-2024-01-18-at-21.10.50.jpeg 1600w\" sizes=\"(max-width: 496px) 100vw, 496px\" \/><\/figure><\/div>\n\n\n<p>A iniciativa \u00e9 um canal de negocia\u00e7\u00e3o in\u00e9dito e inovador criado pelo governador Rafael Fonteles, para o di\u00e1logo entre o Governo do Estado, atrav\u00e9s da Secretaria das Rela\u00e7\u00f5es Sociais (Seres) e demais secretarias, com o Movimento Sindical. Segundo o Diretor de Rela\u00e7\u00f5es Sindicais da Seres, Josivaldo Martins, durante todo o processo de negocia\u00e7\u00e3o \u00e9 imprescind\u00edvel a presen\u00e7a da Seres, uma secretaria criada para cuidar das rela\u00e7\u00f5es sociais e para aglutinar todas as demandas, liderando o di\u00e1logo cont\u00ednuo com todos os \u00f3rg\u00e3os do Governo que precisam se pronunciar para a resolu\u00e7\u00e3o das solicita\u00e7\u00f5es e devidas respostas.\u00a0<\/p>\n\n\n<div class=\"wp-block-image\">\n<figure class=\"aligncenter size-large is-resized\"><img decoding=\"async\" loading=\"lazy\" src=\"https:\/\/portal.pi.gov.br\/seres\/wp-content\/uploads\/sites\/87\/2024\/01\/WhatsApp-Image-2024-01-18-at-20.29.56-1024x768.jpeg\" alt=\"\" class=\"wp-image-1984\" width=\"512\" height=\"384\" srcset=\"https:\/\/portal.pi.gov.br\/seres\/wp-content\/uploads\/sites\/87\/2024\/01\/WhatsApp-Image-2024-01-18-at-20.29.56-1024x768.jpeg 1024w, https:\/\/portal.pi.gov.br\/seres\/wp-content\/uploads\/sites\/87\/2024\/01\/WhatsApp-Image-2024-01-18-at-20.29.56-300x225.jpeg 300w, https:\/\/portal.pi.gov.br\/seres\/wp-content\/uploads\/sites\/87\/2024\/01\/WhatsApp-Image-2024-01-18-at-20.29.56-768x576.jpeg 768w, https:\/\/portal.pi.gov.br\/seres\/wp-content\/uploads\/sites\/87\/2024\/01\/WhatsApp-Image-2024-01-18-at-20.29.56-420x315.jpeg 420w, https:\/\/portal.pi.gov.br\/seres\/wp-content\/uploads\/sites\/87\/2024\/01\/WhatsApp-Image-2024-01-18-at-20.29.56-540x405.jpeg 540w, https:\/\/portal.pi.gov.br\/seres\/wp-content\/uploads\/sites\/87\/2024\/01\/WhatsApp-Image-2024-01-18-at-20.29.56-780x585.jpeg 780w, https:\/\/portal.pi.gov.br\/seres\/wp-content\/uploads\/sites\/87\/2024\/01\/WhatsApp-Image-2024-01-18-at-20.29.56-1536x1152.jpeg 1536w, https:\/\/portal.pi.gov.br\/seres\/wp-content\/uploads\/sites\/87\/2024\/01\/WhatsApp-Image-2024-01-18-at-20.29.56-2048x1536.jpeg 2048w, https:\/\/portal.pi.gov.br\/seres\/wp-content\/uploads\/sites\/87\/2024\/01\/WhatsApp-Image-2024-01-18-at-20.29.56-947x710.jpeg 947w, https:\/\/portal.pi.gov.br\/seres\/wp-content\/uploads\/sites\/87\/2024\/01\/WhatsApp-Image-2024-01-18-at-20.29.56-624x468.jpeg 624w\" sizes=\"(max-width: 512px) 100vw, 512px\" \/><\/figure><\/div>\n\n\n<p>&#8220;Para o movimento sindical \u00e9 uma oportunidade \u00edmpar que est\u00e1 sendo colocada aqui no Piau\u00ed, tendo em vista que \u00e9 um instrumento que tende a se consolidar e a trazer bons resultados. Isso vai facilitar o processo de negocia\u00e7\u00e3o, pois o que for demanda geral, n\u00e3o vai mais haver a necessidade de um sindicato ou outro estar protocolando o documento e pedir audi\u00eancia espec\u00edfica com o governador, j\u00e1 que a pr\u00f3pria Mesa dar\u00e1 o direcionamento&#8221;, explicou o diretor.<\/p>\n\n\n<div class=\"wp-block-image\">\n<figure class=\"aligncenter size-full is-resized\"><img decoding=\"async\" loading=\"lazy\" src=\"https:\/\/portal.pi.gov.br\/seres\/wp-content\/uploads\/sites\/87\/2024\/01\/WhatsApp-Image-2024-01-18-at-17.19.59.jpeg\" alt=\"\" class=\"wp-image-1982\" width=\"517\" height=\"388\" srcset=\"https:\/\/portal.pi.gov.br\/seres\/wp-content\/uploads\/sites\/87\/2024\/01\/WhatsApp-Image-2024-01-18-at-17.19.59.jpeg 1024w, https:\/\/portal.pi.gov.br\/seres\/wp-content\/uploads\/sites\/87\/2024\/01\/WhatsApp-Image-2024-01-18-at-17.19.59-300x225.jpeg 300w, https:\/\/portal.pi.gov.br\/seres\/wp-content\/uploads\/sites\/87\/2024\/01\/WhatsApp-Image-2024-01-18-at-17.19.59-768x576.jpeg 768w, https:\/\/portal.pi.gov.br\/seres\/wp-content\/uploads\/sites\/87\/2024\/01\/WhatsApp-Image-2024-01-18-at-17.19.59-420x315.jpeg 420w, https:\/\/portal.pi.gov.br\/seres\/wp-content\/uploads\/sites\/87\/2024\/01\/WhatsApp-Image-2024-01-18-at-17.19.59-540x405.jpeg 540w, https:\/\/portal.pi.gov.br\/seres\/wp-content\/uploads\/sites\/87\/2024\/01\/WhatsApp-Image-2024-01-18-at-17.19.59-780x585.jpeg 780w, https:\/\/portal.pi.gov.br\/seres\/wp-content\/uploads\/sites\/87\/2024\/01\/WhatsApp-Image-2024-01-18-at-17.19.59-947x710.jpeg 947w, https:\/\/portal.pi.gov.br\/seres\/wp-content\/uploads\/sites\/87\/2024\/01\/WhatsApp-Image-2024-01-18-at-17.19.59-624x468.jpeg 624w\" sizes=\"(max-width: 517px) 100vw, 517px\" \/><\/figure><\/div>\n\n\n<p>J\u00e1 as demandas espec\u00edficas ser\u00e3o tratadas com as secretarias respons\u00e1veis pela respectiva categoria, com o acompanhamento da Sead e da Seres, atrav\u00e9s de Mesas Setoriais, que ir\u00e3o resguardar as quest\u00f5es espec\u00edficas dentro da negocia\u00e7\u00e3o. Um passo importante para o di\u00e1logo entre o governo e o movimento sindical, uma orienta\u00e7\u00e3o de extrema import\u00e2ncia contida no Plano de Governo do governador Rafael Fonteles, honrando um compromisso de campanha de criar um mecanismo igualit\u00e1rio de negocia\u00e7\u00e3o in\u00e9dito no Piau\u00ed.<\/p>\n\n\n<div class=\"wp-block-image\">\n<figure class=\"aligncenter size-large is-resized\"><img decoding=\"async\" loading=\"lazy\" src=\"https:\/\/portal.pi.gov.br\/seres\/wp-content\/uploads\/sites\/87\/2024\/01\/WhatsApp-Image-2024-01-18-at-16.03.48-1024x768.jpeg\" alt=\"\" class=\"wp-image-1988\" width=\"517\" height=\"388\" srcset=\"https:\/\/portal.pi.gov.br\/seres\/wp-content\/uploads\/sites\/87\/2024\/01\/WhatsApp-Image-2024-01-18-at-16.03.48-1024x768.jpeg 1024w, https:\/\/portal.pi.gov.br\/seres\/wp-content\/uploads\/sites\/87\/2024\/01\/WhatsApp-Image-2024-01-18-at-16.03.48-300x225.jpeg 300w, https:\/\/portal.pi.gov.br\/seres\/wp-content\/uploads\/sites\/87\/2024\/01\/WhatsApp-Image-2024-01-18-at-16.03.48-768x576.jpeg 768w, https:\/\/portal.pi.gov.br\/seres\/wp-content\/uploads\/sites\/87\/2024\/01\/WhatsApp-Image-2024-01-18-at-16.03.48-420x315.jpeg 420w, https:\/\/portal.pi.gov.br\/seres\/wp-content\/uploads\/sites\/87\/2024\/01\/WhatsApp-Image-2024-01-18-at-16.03.48-540x405.jpeg 540w, https:\/\/portal.pi.gov.br\/seres\/wp-content\/uploads\/sites\/87\/2024\/01\/WhatsApp-Image-2024-01-18-at-16.03.48-780x585.jpeg 780w, https:\/\/portal.pi.gov.br\/seres\/wp-content\/uploads\/sites\/87\/2024\/01\/WhatsApp-Image-2024-01-18-at-16.03.48-1536x1152.jpeg 1536w, https:\/\/portal.pi.gov.br\/seres\/wp-content\/uploads\/sites\/87\/2024\/01\/WhatsApp-Image-2024-01-18-at-16.03.48-947x710.jpeg 947w, https:\/\/portal.pi.gov.br\/seres\/wp-content\/uploads\/sites\/87\/2024\/01\/WhatsApp-Image-2024-01-18-at-16.03.48-624x468.jpeg 624w, https:\/\/portal.pi.gov.br\/seres\/wp-content\/uploads\/sites\/87\/2024\/01\/WhatsApp-Image-2024-01-18-at-16.03.48.jpeg 1600w\" sizes=\"(max-width: 517px) 100vw, 517px\" \/><\/figure><\/div>\n\n\n<p>De acordo com o secret\u00e1rio da Sead, Samuel Nascimento, o objetivo \u00e9 ampliar e aperfei\u00e7oar o di\u00e1logo entre a Administra\u00e7\u00e3o P\u00fablica estadual e as entidades sindicais de servidores p\u00fablicos e criar metodologias de tratamento para as pautas e demandas apresentadas pelas categorias. \u201cEssa iniciativa destaca o planejamento e a transpar\u00eancia do Governo do Piau\u00ed, que busca o di\u00e1logo com as categorias para atender as demandas dos servidores. \u00c9 tamb\u00e9m uma forma de assegurar a participa\u00e7\u00e3o social na proposi\u00e7\u00e3o e execu\u00e7\u00e3o das pol\u00edticas p\u00fablicas\u201d.<\/p>\n\n\n<div class=\"wp-block-image\">\n<figure class=\"aligncenter size-large is-resized\"><img decoding=\"async\" loading=\"lazy\" src=\"https:\/\/portal.pi.gov.br\/seres\/wp-content\/uploads\/sites\/87\/2024\/01\/WhatsApp-Image-2024-01-18-at-16.04.06-1024x768.jpeg\" alt=\"\" class=\"wp-image-1983\" width=\"520\" height=\"390\" srcset=\"https:\/\/portal.pi.gov.br\/seres\/wp-content\/uploads\/sites\/87\/2024\/01\/WhatsApp-Image-2024-01-18-at-16.04.06-1024x768.jpeg 1024w, https:\/\/portal.pi.gov.br\/seres\/wp-content\/uploads\/sites\/87\/2024\/01\/WhatsApp-Image-2024-01-18-at-16.04.06-300x225.jpeg 300w, https:\/\/portal.pi.gov.br\/seres\/wp-content\/uploads\/sites\/87\/2024\/01\/WhatsApp-Image-2024-01-18-at-16.04.06-768x576.jpeg 768w, https:\/\/portal.pi.gov.br\/seres\/wp-content\/uploads\/sites\/87\/2024\/01\/WhatsApp-Image-2024-01-18-at-16.04.06-420x315.jpeg 420w, https:\/\/portal.pi.gov.br\/seres\/wp-content\/uploads\/sites\/87\/2024\/01\/WhatsApp-Image-2024-01-18-at-16.04.06-540x405.jpeg 540w, https:\/\/portal.pi.gov.br\/seres\/wp-content\/uploads\/sites\/87\/2024\/01\/WhatsApp-Image-2024-01-18-at-16.04.06-780x585.jpeg 780w, https:\/\/portal.pi.gov.br\/seres\/wp-content\/uploads\/sites\/87\/2024\/01\/WhatsApp-Image-2024-01-18-at-16.04.06-1536x1152.jpeg 1536w, https:\/\/portal.pi.gov.br\/seres\/wp-content\/uploads\/sites\/87\/2024\/01\/WhatsApp-Image-2024-01-18-at-16.04.06-947x710.jpeg 947w, https:\/\/portal.pi.gov.br\/seres\/wp-content\/uploads\/sites\/87\/2024\/01\/WhatsApp-Image-2024-01-18-at-16.04.06-624x468.jpeg 624w, https:\/\/portal.pi.gov.br\/seres\/wp-content\/uploads\/sites\/87\/2024\/01\/WhatsApp-Image-2024-01-18-at-16.04.06.jpeg 1600w\" sizes=\"(max-width: 520px) 100vw, 520px\" \/><\/figure><\/div>\n\n\n<p>Durante a primeira Mesa de Negocia\u00e7\u00e3o Permanente foram ouvidas as demandas que os sindicatos t\u00eam que s\u00e3o unificadas, para a melhor tomada de decis\u00e3o e valoriza\u00e7\u00e3o dos servidores, al\u00e9m de, consequentemente, uma melhor qualidade nos servi\u00e7os p\u00fablicos para \u00e0 popula\u00e7\u00e3o. A principal quest\u00e3o do f\u00f3rum foi a discuss\u00e3o do reajuste salarial linear para todos os servidores do Estado do Piau\u00ed.<\/p>\n\n\n<div class=\"wp-block-image\">\n<figure class=\"aligncenter size-large is-resized\"><img decoding=\"async\" loading=\"lazy\" src=\"https:\/\/portal.pi.gov.br\/seres\/wp-content\/uploads\/sites\/87\/2024\/01\/WhatsApp-Image-2024-01-18-at-16.46.47-1024x768.jpeg\" alt=\"\" class=\"wp-image-1987\" width=\"525\" height=\"394\" srcset=\"https:\/\/portal.pi.gov.br\/seres\/wp-content\/uploads\/sites\/87\/2024\/01\/WhatsApp-Image-2024-01-18-at-16.46.47-1024x768.jpeg 1024w, https:\/\/portal.pi.gov.br\/seres\/wp-content\/uploads\/sites\/87\/2024\/01\/WhatsApp-Image-2024-01-18-at-16.46.47-300x225.jpeg 300w, https:\/\/portal.pi.gov.br\/seres\/wp-content\/uploads\/sites\/87\/2024\/01\/WhatsApp-Image-2024-01-18-at-16.46.47-768x576.jpeg 768w, https:\/\/portal.pi.gov.br\/seres\/wp-content\/uploads\/sites\/87\/2024\/01\/WhatsApp-Image-2024-01-18-at-16.46.47-420x315.jpeg 420w, https:\/\/portal.pi.gov.br\/seres\/wp-content\/uploads\/sites\/87\/2024\/01\/WhatsApp-Image-2024-01-18-at-16.46.47-540x405.jpeg 540w, https:\/\/portal.pi.gov.br\/seres\/wp-content\/uploads\/sites\/87\/2024\/01\/WhatsApp-Image-2024-01-18-at-16.46.47-780x585.jpeg 780w, https:\/\/portal.pi.gov.br\/seres\/wp-content\/uploads\/sites\/87\/2024\/01\/WhatsApp-Image-2024-01-18-at-16.46.47-947x710.jpeg 947w, https:\/\/portal.pi.gov.br\/seres\/wp-content\/uploads\/sites\/87\/2024\/01\/WhatsApp-Image-2024-01-18-at-16.46.47-624x468.jpeg 624w, https:\/\/portal.pi.gov.br\/seres\/wp-content\/uploads\/sites\/87\/2024\/01\/WhatsApp-Image-2024-01-18-at-16.46.47.jpeg 1280w\" sizes=\"(max-width: 525px) 100vw, 525px\" \/><\/figure><\/div>\n\n\n<p>Na ocasi\u00e3o, o presidente do SINTTEL, Sindicato dos Trabalhadores em Telefonia do Estado do Piau\u00ed, Cochise Ferreira da Silva, elogiou a iniciativa. &#8220;Esta Mesa \u00e9 inovadora e vai gerar muitos frutos positivos&#8221;, disse. J\u00e1 o presidente da CUT, Central \u00danica dos Trabalhadores, Odaly Bezerra Medeiros, destacou que atrav\u00e9s do novo canal de di\u00e1logo dever\u00e3o ser solucionados muitos problemas. &#8220;Mais um instrumento que n\u00f3s contamos para defender a pauta e as reivindica\u00e7\u00f5es&#8221;, relatou.<\/p>\n\n\n<div class=\"wp-block-image\">\n<figure class=\"aligncenter size-large is-resized\"><img decoding=\"async\" loading=\"lazy\" src=\"https:\/\/portal.pi.gov.br\/seres\/wp-content\/uploads\/sites\/87\/2024\/01\/WhatsApp-Image-2024-01-18-at-17.06.42-1024x768.jpeg\" alt=\"\" class=\"wp-image-1986\" width=\"525\" height=\"394\" srcset=\"https:\/\/portal.pi.gov.br\/seres\/wp-content\/uploads\/sites\/87\/2024\/01\/WhatsApp-Image-2024-01-18-at-17.06.42-1024x768.jpeg 1024w, https:\/\/portal.pi.gov.br\/seres\/wp-content\/uploads\/sites\/87\/2024\/01\/WhatsApp-Image-2024-01-18-at-17.06.42-300x225.jpeg 300w, https:\/\/portal.pi.gov.br\/seres\/wp-content\/uploads\/sites\/87\/2024\/01\/WhatsApp-Image-2024-01-18-at-17.06.42-768x576.jpeg 768w, https:\/\/portal.pi.gov.br\/seres\/wp-content\/uploads\/sites\/87\/2024\/01\/WhatsApp-Image-2024-01-18-at-17.06.42-420x315.jpeg 420w, https:\/\/portal.pi.gov.br\/seres\/wp-content\/uploads\/sites\/87\/2024\/01\/WhatsApp-Image-2024-01-18-at-17.06.42-540x405.jpeg 540w, https:\/\/portal.pi.gov.br\/seres\/wp-content\/uploads\/sites\/87\/2024\/01\/WhatsApp-Image-2024-01-18-at-17.06.42-780x585.jpeg 780w, https:\/\/portal.pi.gov.br\/seres\/wp-content\/uploads\/sites\/87\/2024\/01\/WhatsApp-Image-2024-01-18-at-17.06.42-947x710.jpeg 947w, https:\/\/portal.pi.gov.br\/seres\/wp-content\/uploads\/sites\/87\/2024\/01\/WhatsApp-Image-2024-01-18-at-17.06.42-624x468.jpeg 624w, https:\/\/portal.pi.gov.br\/seres\/wp-content\/uploads\/sites\/87\/2024\/01\/WhatsApp-Image-2024-01-18-at-17.06.42.jpeg 1280w\" sizes=\"(max-width: 525px) 100vw, 525px\" \/><\/figure><\/div>\n\n\n<p>A secret\u00e1ria das Rela\u00e7\u00f5es Sociais, N\u00fabia Lopes, ressaltou a import\u00e2ncia da instala\u00e7\u00e3o da Mesa para a escuta de cada sindicato. &#8220;Foi um momento \u00fanico e inovador onde ouvimos as demandas e, ao final, fizemos os encaminhamentos para os pr\u00f3ximos passos. O nosso compromisso \u00e9 o mesmo, mas agora com a presen\u00e7a da bancada governamental para ajudar no processo de desenvolvimento do Estado e na valoriza\u00e7\u00e3o dos servidores p\u00fablicos estaduais. Os sindicatos t\u00eam pautas unificadas, com proposi\u00e7\u00f5es que melhoram, cada vez mais, as condi\u00e7\u00f5es de vida dos servidores p\u00fablicos aqui do nosso estado. S\u00f3 um governo democr\u00e1tico popular, como o do governador Rafael Fonteles, poderia instituir um canal t\u00e3o importante de di\u00e1logo com os trabalhadores. Um espa\u00e7o onde se avan\u00e7a, tanto com rela\u00e7\u00e3o \u00e0 quest\u00e3o da valoriza\u00e7\u00e3o profissional como na qualidade do servi\u00e7o p\u00fablico, porque \u00e9 um espa\u00e7o onde se dialoga, se prop\u00f5e, se busca alternativas e realmente se consegue&#8221;, finalizou.<\/p>\n\n\n<div class=\"wp-block-image\">\n<figure class=\"aligncenter size-large is-resized\"><img decoding=\"async\" loading=\"lazy\" src=\"https:\/\/portal.pi.gov.br\/seres\/wp-content\/uploads\/sites\/87\/2024\/01\/WhatsApp-Image-2024-01-18-at-16.04.28-1024x768.jpeg\" alt=\"\" class=\"wp-image-1981\" width=\"521\" height=\"391\" srcset=\"https:\/\/portal.pi.gov.br\/seres\/wp-content\/uploads\/sites\/87\/2024\/01\/WhatsApp-Image-2024-01-18-at-16.04.28-1024x768.jpeg 1024w, https:\/\/portal.pi.gov.br\/seres\/wp-content\/uploads\/sites\/87\/2024\/01\/WhatsApp-Image-2024-01-18-at-16.04.28-300x225.jpeg 300w, https:\/\/portal.pi.gov.br\/seres\/wp-content\/uploads\/sites\/87\/2024\/01\/WhatsApp-Image-2024-01-18-at-16.04.28-768x576.jpeg 768w, https:\/\/portal.pi.gov.br\/seres\/wp-content\/uploads\/sites\/87\/2024\/01\/WhatsApp-Image-2024-01-18-at-16.04.28-420x315.jpeg 420w, https:\/\/portal.pi.gov.br\/seres\/wp-content\/uploads\/sites\/87\/2024\/01\/WhatsApp-Image-2024-01-18-at-16.04.28-540x405.jpeg 540w, https:\/\/portal.pi.gov.br\/seres\/wp-content\/uploads\/sites\/87\/2024\/01\/WhatsApp-Image-2024-01-18-at-16.04.28-780x585.jpeg 780w, https:\/\/portal.pi.gov.br\/seres\/wp-content\/uploads\/sites\/87\/2024\/01\/WhatsApp-Image-2024-01-18-at-16.04.28-1536x1152.jpeg 1536w, https:\/\/portal.pi.gov.br\/seres\/wp-content\/uploads\/sites\/87\/2024\/01\/WhatsApp-Image-2024-01-18-at-16.04.28-947x710.jpeg 947w, https:\/\/portal.pi.gov.br\/seres\/wp-content\/uploads\/sites\/87\/2024\/01\/WhatsApp-Image-2024-01-18-at-16.04.28-624x468.jpeg 624w, https:\/\/portal.pi.gov.br\/seres\/wp-content\/uploads\/sites\/87\/2024\/01\/WhatsApp-Image-2024-01-18-at-16.04.28.jpeg 1600w\" sizes=\"(max-width: 521px) 100vw, 521px\" \/><\/figure><\/div>\n\n\n<p>Texto: Cristiana Melo<\/p>\n\n\n\n<p>Fotos: Natalina Alves<\/p>\n","protected":false},"excerpt":{"rendered":"<p>O Governo do Piau\u00ed instituiu, nesta quinta-feira (18), a Mesa Estadual de Negocia\u00e7\u00e3o Permanente (Menp) com o objetivo de ampliar e aperfei\u00e7oar o di\u00e1logo entre a Administra\u00e7\u00e3o P\u00fablica Estadual e [&hellip;]<\/p>\n","protected":false},"author":1748,"featured_media":1992,"comment_status":"closed","ping_status":"closed","sticky":false,"template":"","format":"standard","meta":[],"categories":[34],"tags":[67,47,41,66],"featured_image_urls":{"full":["https:\/\/portal.pi.gov.br\/seres\/wp-content\/uploads\/sites\/87\/2024\/01\/WhatsApp-Image-2024-01-18-at-21.10.50.jpeg",1600,1200,false],"thumbnail":["https:\/\/portal.pi.gov.br\/seres\/wp-content\/uploads\/sites\/87\/2024\/01\/WhatsApp-Image-2024-01-18-at-21.10.50-150x150.jpeg",150,150,true],"medium":["https:\/\/portal.pi.gov.br\/seres\/wp-content\/uploads\/sites\/87\/2024\/01\/WhatsApp-Image-2024-01-18-at-21.10.50-300x225.jpeg",300,225,true],"medium_large":["https:\/\/portal.pi.gov.br\/seres\/wp-content\/uploads\/sites\/87\/2024\/01\/WhatsApp-Image-2024-01-18-at-21.10.50-768x576.jpeg",768,576,true],"large":["https:\/\/portal.pi.gov.br\/seres\/wp-content\/uploads\/sites\/87\/2024\/01\/WhatsApp-Image-2024-01-18-at-21.10.50-1024x768.jpeg",887,665,true],"sgg-420":["https:\/\/portal.pi.gov.br\/seres\/wp-content\/uploads\/sites\/87\/2024\/01\/WhatsApp-Image-2024-01-18-at-21.10.50-420x315.jpeg",420,315,true],"sgg-540":["https:\/\/portal.pi.gov.br\/seres\/wp-content\/uploads\/sites\/87\/2024\/01\/WhatsApp-Image-2024-01-18-at-21.10.50-540x405.jpeg",540,405,true],"sgg-780":["https:\/\/portal.pi.gov.br\/seres\/wp-content\/uploads\/sites\/87\/2024\/01\/WhatsApp-Image-2024-01-18-at-21.10.50-780x585.jpeg",780,585,true],"1536x1536":["https:\/\/portal.pi.gov.br\/seres\/wp-content\/uploads\/sites\/87\/2024\/01\/WhatsApp-Image-2024-01-18-at-21.10.50-1536x1152.jpeg",1536,1152,true],"2048x2048":["https:\/\/portal.pi.gov.br\/seres\/wp-content\/uploads\/sites\/87\/2024\/01\/WhatsApp-Image-2024-01-18-at-21.10.50.jpeg",1600,1200,false],"homepage-slider":["https:\/\/portal.pi.gov.br\/seres\/wp-content\/uploads\/sites\/87\/2024\/01\/WhatsApp-Image-2024-01-18-at-21.10.50-1270x500.jpeg",1270,500,true],"homepage-slider-small":["https:\/\/portal.pi.gov.br\/seres\/wp-content\/uploads\/sites\/87\/2024\/01\/WhatsApp-Image-2024-01-18-at-21.10.50-947x500.jpeg",947,500,true],"page-top":["https:\/\/portal.pi.gov.br\/seres\/wp-content\/uploads\/sites\/87\/2024\/01\/WhatsApp-Image-2024-01-18-at-21.10.50-947x710.jpeg",947,710,true],"page-small":["https:\/\/portal.pi.gov.br\/seres\/wp-content\/uploads\/sites\/87\/2024\/01\/WhatsApp-Image-2024-01-18-at-21.10.50-624x468.jpeg",624,468,true],"loop-main":["https:\/\/portal.pi.gov.br\/seres\/wp-content\/uploads\/sites\/87\/2024\/01\/WhatsApp-Image-2024-01-18-at-21.10.50-365x240.jpeg",365,240,true],"thumb-gallery-widget":["https:\/\/portal.pi.gov.br\/seres\/wp-content\/uploads\/sites\/87\/2024\/01\/WhatsApp-Image-2024-01-18-at-21.10.50-84x56.jpeg",84,56,true]},"post_excerpt_stackable":"<p>O Governo do Piau\u00ed instituiu, nesta quinta-feira (18), a Mesa Estadual de Negocia\u00e7\u00e3o Permanente (Menp) com o objetivo de ampliar e aperfei\u00e7oar o di\u00e1logo entre a Administra\u00e7\u00e3o P\u00fablica Estadual e as entidades sindicais de servidores p\u00fablicos, al\u00e9m de criar metodologias de tratamento para as demandas apresentadas pelas categorias. Durante o encontro, os representantes de 45 sindicatos apresentaram suas pautas unificadas para um tratamento mais c\u00e9lere e transparente das decis\u00f5es que o Governo deve tomar, a cada ano, para melhorar a qualidade do trabalho no estado do Piau\u00ed. A iniciativa \u00e9 um canal de negocia\u00e7\u00e3o in\u00e9dito e inovador criado pelo governador&hellip;<\/p>\n","category_list":"<a href=\"https:\/\/portal.pi.gov.br\/seres\/category\/noticias\/\" rel=\"category tag\">Not\u00edcias<\/a>","author_info":{"name":"natalina","url":"https:\/\/portal.pi.gov.br\/seres\/author\/natalina\/"},"comments_num":"0 coment\u00e1rio","featured_image_urls_v2":{"full":["https:\/\/portal.pi.gov.br\/seres\/wp-content\/uploads\/sites\/87\/2024\/01\/WhatsApp-Image-2024-01-18-at-21.10.50.jpeg",1600,1200,false],"thumbnail":["https:\/\/portal.pi.gov.br\/seres\/wp-content\/uploads\/sites\/87\/2024\/01\/WhatsApp-Image-2024-01-18-at-21.10.50-150x150.jpeg",150,150,true],"medium":["https:\/\/portal.pi.gov.br\/seres\/wp-content\/uploads\/sites\/87\/2024\/01\/WhatsApp-Image-2024-01-18-at-21.10.50-300x225.jpeg",300,225,true],"medium_large":["https:\/\/portal.pi.gov.br\/seres\/wp-content\/uploads\/sites\/87\/2024\/01\/WhatsApp-Image-2024-01-18-at-21.10.50-768x576.jpeg",768,576,true],"large":["https:\/\/portal.pi.gov.br\/seres\/wp-content\/uploads\/sites\/87\/2024\/01\/WhatsApp-Image-2024-01-18-at-21.10.50-1024x768.jpeg",887,665,true],"sgg-420":["https:\/\/portal.pi.gov.br\/seres\/wp-content\/uploads\/sites\/87\/2024\/01\/WhatsApp-Image-2024-01-18-at-21.10.50-420x315.jpeg",420,315,true],"sgg-540":["https:\/\/portal.pi.gov.br\/seres\/wp-content\/uploads\/sites\/87\/2024\/01\/WhatsApp-Image-2024-01-18-at-21.10.50-540x405.jpeg",540,405,true],"sgg-780":["https:\/\/portal.pi.gov.br\/seres\/wp-content\/uploads\/sites\/87\/2024\/01\/WhatsApp-Image-2024-01-18-at-21.10.50-780x585.jpeg",780,585,true],"1536x1536":["https:\/\/portal.pi.gov.br\/seres\/wp-content\/uploads\/sites\/87\/2024\/01\/WhatsApp-Image-2024-01-18-at-21.10.50-1536x1152.jpeg",1536,1152,true],"2048x2048":["https:\/\/portal.pi.gov.br\/seres\/wp-content\/uploads\/sites\/87\/2024\/01\/WhatsApp-Image-2024-01-18-at-21.10.50.jpeg",1600,1200,false],"homepage-slider":["https:\/\/portal.pi.gov.br\/seres\/wp-content\/uploads\/sites\/87\/2024\/01\/WhatsApp-Image-2024-01-18-at-21.10.50-1270x500.jpeg",1270,500,true],"homepage-slider-small":["https:\/\/portal.pi.gov.br\/seres\/wp-content\/uploads\/sites\/87\/2024\/01\/WhatsApp-Image-2024-01-18-at-21.10.50-947x500.jpeg",947,500,true],"page-top":["https:\/\/portal.pi.gov.br\/seres\/wp-content\/uploads\/sites\/87\/2024\/01\/WhatsApp-Image-2024-01-18-at-21.10.50-947x710.jpeg",947,710,true],"page-small":["https:\/\/portal.pi.gov.br\/seres\/wp-content\/uploads\/sites\/87\/2024\/01\/WhatsApp-Image-2024-01-18-at-21.10.50-624x468.jpeg",624,468,true],"loop-main":["https:\/\/portal.pi.gov.br\/seres\/wp-content\/uploads\/sites\/87\/2024\/01\/WhatsApp-Image-2024-01-18-at-21.10.50-365x240.jpeg",365,240,true],"thumb-gallery-widget":["https:\/\/portal.pi.gov.br\/seres\/wp-content\/uploads\/sites\/87\/2024\/01\/WhatsApp-Image-2024-01-18-at-21.10.50-84x56.jpeg",84,56,true]},"post_excerpt_stackable_v2":"<p>O Governo do Piau\u00ed instituiu, nesta quinta-feira (18), a Mesa Estadual de Negocia\u00e7\u00e3o Permanente (Menp) com o objetivo de ampliar e aperfei\u00e7oar o di\u00e1logo entre a Administra\u00e7\u00e3o P\u00fablica Estadual e as entidades sindicais de servidores p\u00fablicos, al\u00e9m de criar metodologias de tratamento para as demandas apresentadas pelas categorias. Durante o encontro, os representantes de 45 sindicatos apresentaram suas pautas unificadas para um tratamento mais c\u00e9lere e transparente das decis\u00f5es que o Governo deve tomar, a cada ano, para melhorar a qualidade do trabalho no estado do Piau\u00ed. A iniciativa \u00e9 um canal de negocia\u00e7\u00e3o in\u00e9dito e inovador criado pelo governador&hellip;<\/p>\n","category_list_v2":"<a href=\"https:\/\/portal.pi.gov.br\/seres\/category\/noticias\/\" rel=\"category tag\">Not\u00edcias<\/a>","author_info_v2":{"name":"natalina","url":"https:\/\/portal.pi.gov.br\/seres\/author\/natalina\/"},"comments_num_v2":"0 coment\u00e1rio","jetpack_featured_media_url":"https:\/\/portal.pi.gov.br\/seres\/wp-content\/uploads\/sites\/87\/2024\/01\/WhatsApp-Image-2024-01-18-at-21.10.50.jpeg","_links":{"self":[{"href":"https:\/\/portal.pi.gov.br\/seres\/wp-json\/wp\/v2\/posts\/1980"}],"collection":[{"href":"https:\/\/portal.pi.gov.br\/seres\/wp-json\/wp\/v2\/posts"}],"about":[{"href":"https:\/\/portal.pi.gov.br\/seres\/wp-json\/wp\/v2\/types\/post"}],"author":[{"embeddable":true,"href":"https:\/\/portal.pi.gov.br\/seres\/wp-json\/wp\/v2\/users\/1748"}],"replies":[{"embeddable":true,"href":"https:\/\/portal.pi.gov.br\/seres\/wp-json\/wp\/v2\/comments?post=1980"}],"version-history":[{"count":6,"href":"https:\/\/portal.pi.gov.br\/seres\/wp-json\/wp\/v2\/posts\/1980\/revisions"}],"predecessor-version":[{"id":1999,"href":"https:\/\/portal.pi.gov.br\/seres\/wp-json\/wp\/v2\/posts\/1980\/revisions\/1999"}],"wp:featuredmedia":[{"embeddable":true,"href":"https:\/\/portal.pi.gov.br\/seres\/wp-json\/wp\/v2\/media\/1992"}],"wp:attachment":[{"href":"https:\/\/portal.pi.gov.br\/seres\/wp-json\/wp\/v2\/media?parent=1980"}],"wp:term":[{"taxonomy":"category","embeddable":true,"href":"https:\/\/portal.pi.gov.br\/seres\/wp-json\/wp\/v2\/categories?post=1980"},{"taxonomy":"post_tag","embeddable":true,"href":"https:\/\/portal.pi.gov.br\/seres\/wp-json\/wp\/v2\/tags?post=1980"}],"curies":[{"name":"wp","href":"https:\/\/api.w.org\/{rel}","templated":true}]}}