{"id":2001,"date":"2024-01-26T12:11:47","date_gmt":"2024-01-26T15:11:47","guid":{"rendered":"https:\/\/portal.pi.gov.br\/seres\/?p=2001"},"modified":"2024-01-26T12:57:35","modified_gmt":"2024-01-26T15:57:35","slug":"seres-e-seplan-fazem-mobilizacao-em-floriano-para-apresentar-o-opa","status":"publish","type":"post","link":"https:\/\/portal.pi.gov.br\/seres\/2024\/01\/26\/seres-e-seplan-fazem-mobilizacao-em-floriano-para-apresentar-o-opa\/","title":{"rendered":"Seres e Seplan fazem mobiliza\u00e7\u00e3o em Floriano para apresentar o OPA"},"content":{"rendered":"\n<p>As secretarias das Rela\u00e7\u00f5es Sociais (Seres) e do Planejamento (Seplan) realizaram nesta sexta-feira (26), em Floriano, reuni\u00e3o com lideran\u00e7as comunit\u00e1rias e representantes de bairros para falar sobre o Or\u00e7amento Participativo (OPA) de 2024, que ser\u00e1 implementado no munic\u00edpio este ano.<\/p>\n\n\n<div class=\"wp-block-image\">\n<figure class=\"aligncenter size-large is-resized\"><img decoding=\"async\" loading=\"lazy\" src=\"https:\/\/portal.pi.gov.br\/seres\/wp-content\/uploads\/sites\/87\/2024\/01\/WhatsApp-Image-2024-01-26-at-11.38.42-1024x768.jpeg\" alt=\"\" class=\"wp-image-2002\" width=\"458\" height=\"344\" srcset=\"https:\/\/portal.pi.gov.br\/seres\/wp-content\/uploads\/sites\/87\/2024\/01\/WhatsApp-Image-2024-01-26-at-11.38.42-1024x768.jpeg 1024w, https:\/\/portal.pi.gov.br\/seres\/wp-content\/uploads\/sites\/87\/2024\/01\/WhatsApp-Image-2024-01-26-at-11.38.42-300x225.jpeg 300w, https:\/\/portal.pi.gov.br\/seres\/wp-content\/uploads\/sites\/87\/2024\/01\/WhatsApp-Image-2024-01-26-at-11.38.42-768x576.jpeg 768w, https:\/\/portal.pi.gov.br\/seres\/wp-content\/uploads\/sites\/87\/2024\/01\/WhatsApp-Image-2024-01-26-at-11.38.42-420x315.jpeg 420w, https:\/\/portal.pi.gov.br\/seres\/wp-content\/uploads\/sites\/87\/2024\/01\/WhatsApp-Image-2024-01-26-at-11.38.42-540x405.jpeg 540w, https:\/\/portal.pi.gov.br\/seres\/wp-content\/uploads\/sites\/87\/2024\/01\/WhatsApp-Image-2024-01-26-at-11.38.42-780x585.jpeg 780w, https:\/\/portal.pi.gov.br\/seres\/wp-content\/uploads\/sites\/87\/2024\/01\/WhatsApp-Image-2024-01-26-at-11.38.42-1536x1152.jpeg 1536w, https:\/\/portal.pi.gov.br\/seres\/wp-content\/uploads\/sites\/87\/2024\/01\/WhatsApp-Image-2024-01-26-at-11.38.42-2048x1536.jpeg 2048w, https:\/\/portal.pi.gov.br\/seres\/wp-content\/uploads\/sites\/87\/2024\/01\/WhatsApp-Image-2024-01-26-at-11.38.42-947x710.jpeg 947w, https:\/\/portal.pi.gov.br\/seres\/wp-content\/uploads\/sites\/87\/2024\/01\/WhatsApp-Image-2024-01-26-at-11.38.42-624x468.jpeg 624w\" sizes=\"(max-width: 458px) 100vw, 458px\" \/><\/figure><\/div>\n\n\n<p><br>O OPA \u00e9 o primeiro instrumento de inser\u00e7\u00e3o da popula\u00e7\u00e3o no or\u00e7amento p\u00fablico anual. Em 2023 contemplou Teresina e Parna\u00edba e este ano ser\u00e1 expandido para Floriano, Picos e Piripiri, munic\u00edpios que t\u00eam mais de 50 mil habitantes.<\/p>\n\n\n<div class=\"wp-block-image\">\n<figure class=\"aligncenter size-large is-resized\"><img decoding=\"async\" loading=\"lazy\" src=\"https:\/\/portal.pi.gov.br\/seres\/wp-content\/uploads\/sites\/87\/2024\/01\/WhatsApp-Image-2024-01-26-at-11.03.55-1024x768.jpeg\" alt=\"\" class=\"wp-image-2006\" width=\"453\" height=\"340\" srcset=\"https:\/\/portal.pi.gov.br\/seres\/wp-content\/uploads\/sites\/87\/2024\/01\/WhatsApp-Image-2024-01-26-at-11.03.55-1024x768.jpeg 1024w, https:\/\/portal.pi.gov.br\/seres\/wp-content\/uploads\/sites\/87\/2024\/01\/WhatsApp-Image-2024-01-26-at-11.03.55-300x225.jpeg 300w, https:\/\/portal.pi.gov.br\/seres\/wp-content\/uploads\/sites\/87\/2024\/01\/WhatsApp-Image-2024-01-26-at-11.03.55-768x576.jpeg 768w, https:\/\/portal.pi.gov.br\/seres\/wp-content\/uploads\/sites\/87\/2024\/01\/WhatsApp-Image-2024-01-26-at-11.03.55-420x315.jpeg 420w, https:\/\/portal.pi.gov.br\/seres\/wp-content\/uploads\/sites\/87\/2024\/01\/WhatsApp-Image-2024-01-26-at-11.03.55-540x405.jpeg 540w, https:\/\/portal.pi.gov.br\/seres\/wp-content\/uploads\/sites\/87\/2024\/01\/WhatsApp-Image-2024-01-26-at-11.03.55-780x585.jpeg 780w, https:\/\/portal.pi.gov.br\/seres\/wp-content\/uploads\/sites\/87\/2024\/01\/WhatsApp-Image-2024-01-26-at-11.03.55-1536x1152.jpeg 1536w, https:\/\/portal.pi.gov.br\/seres\/wp-content\/uploads\/sites\/87\/2024\/01\/WhatsApp-Image-2024-01-26-at-11.03.55-2048x1536.jpeg 2048w, https:\/\/portal.pi.gov.br\/seres\/wp-content\/uploads\/sites\/87\/2024\/01\/WhatsApp-Image-2024-01-26-at-11.03.55-947x710.jpeg 947w, https:\/\/portal.pi.gov.br\/seres\/wp-content\/uploads\/sites\/87\/2024\/01\/WhatsApp-Image-2024-01-26-at-11.03.55-624x468.jpeg 624w\" sizes=\"(max-width: 453px) 100vw, 453px\" \/><\/figure><\/div>\n\n\n<p><br>O secret\u00e1rio do Planejamento, Washington Bonfim, destacou a gest\u00e3o integrada entre o governo e a popula\u00e7\u00e3o atrav\u00e9s do OPA. &#8220;O OPA tem essa diretriz de ajudar na mobiliza\u00e7\u00e3o das comunidades de bairros, especialmente \u00e0queles bairros mais carentes, e proporciona a oportunidade de obras de infraestrutura, cal\u00e7amento, asfalto, quadra de esporte, academias populares, brinquedos na pra\u00e7a, espa\u00e7os de lazer, e a\u00ed a popula\u00e7\u00e3o define a sua prioridade. N\u00f3s, gestores, analisamos a viabilidade t\u00e9cnica e adequa\u00e7\u00e3o das obras a serem realizadas com investimento p\u00fablico do governo estadual&#8221;, explicou.<\/p>\n\n\n<div class=\"wp-block-image\">\n<figure class=\"aligncenter size-large is-resized\"><img decoding=\"async\" loading=\"lazy\" src=\"https:\/\/portal.pi.gov.br\/seres\/wp-content\/uploads\/sites\/87\/2024\/01\/WhatsApp-Image-2024-01-26-at-11.38.36-1024x768.jpeg\" alt=\"\" class=\"wp-image-2003\" width=\"435\" height=\"326\" srcset=\"https:\/\/portal.pi.gov.br\/seres\/wp-content\/uploads\/sites\/87\/2024\/01\/WhatsApp-Image-2024-01-26-at-11.38.36-1024x768.jpeg 1024w, https:\/\/portal.pi.gov.br\/seres\/wp-content\/uploads\/sites\/87\/2024\/01\/WhatsApp-Image-2024-01-26-at-11.38.36-300x225.jpeg 300w, https:\/\/portal.pi.gov.br\/seres\/wp-content\/uploads\/sites\/87\/2024\/01\/WhatsApp-Image-2024-01-26-at-11.38.36-768x576.jpeg 768w, https:\/\/portal.pi.gov.br\/seres\/wp-content\/uploads\/sites\/87\/2024\/01\/WhatsApp-Image-2024-01-26-at-11.38.36-420x315.jpeg 420w, https:\/\/portal.pi.gov.br\/seres\/wp-content\/uploads\/sites\/87\/2024\/01\/WhatsApp-Image-2024-01-26-at-11.38.36-540x405.jpeg 540w, https:\/\/portal.pi.gov.br\/seres\/wp-content\/uploads\/sites\/87\/2024\/01\/WhatsApp-Image-2024-01-26-at-11.38.36-780x585.jpeg 780w, https:\/\/portal.pi.gov.br\/seres\/wp-content\/uploads\/sites\/87\/2024\/01\/WhatsApp-Image-2024-01-26-at-11.38.36-1536x1152.jpeg 1536w, https:\/\/portal.pi.gov.br\/seres\/wp-content\/uploads\/sites\/87\/2024\/01\/WhatsApp-Image-2024-01-26-at-11.38.36-2048x1536.jpeg 2048w, https:\/\/portal.pi.gov.br\/seres\/wp-content\/uploads\/sites\/87\/2024\/01\/WhatsApp-Image-2024-01-26-at-11.38.36-947x710.jpeg 947w, https:\/\/portal.pi.gov.br\/seres\/wp-content\/uploads\/sites\/87\/2024\/01\/WhatsApp-Image-2024-01-26-at-11.38.36-624x468.jpeg 624w\" sizes=\"(max-width: 435px) 100vw, 435px\" \/><\/figure><\/div>\n\n\n<p><br>Atrav\u00e9s do OPA, a comunidade \u00e9 capaz de eleger suas prioridades para o bairro, participando diretamente na escolha das obras a serem executadas no local. \u00c9 um importante recurso para a participa\u00e7\u00e3o popular no direcionamento das necessidades de cada regi\u00e3o que proporciona uma gest\u00e3o integrada e eficaz do poder p\u00fablico como a popula\u00e7\u00e3o.<\/p>\n\n\n\n<p>O representante da Associa\u00e7\u00e3o dos Moradores do Bairro Curador, Roberto Barros, disse que atrav\u00e9s do OPA o povo vai ser escutado. &#8220;O Governo est\u00e1 abrindo portas para nos ouvir, para acatar os lamentos, o sofrimento do povo que tanto espera. Agora chegou a hora e o governador veio com esse projeto inovador. Ele est\u00e1 pedindo para a gente escolher o que \u00e9 importante. E a\u00ed, de forma democr\u00e1tica, vamos ter o direito de votar para escolher e depois dizer que aquela obra que chegou na sua cidade, fomos n\u00f3s que pedimos&#8221;, destacou Roberto.<\/p>\n\n\n<div class=\"wp-block-image\">\n<figure class=\"aligncenter size-large is-resized\"><img decoding=\"async\" loading=\"lazy\" src=\"https:\/\/portal.pi.gov.br\/seres\/wp-content\/uploads\/sites\/87\/2024\/01\/WhatsApp-Image-2024-01-26-at-11.08.20-1024x768.jpeg\" alt=\"\" class=\"wp-image-2004\" width=\"443\" height=\"332\" srcset=\"https:\/\/portal.pi.gov.br\/seres\/wp-content\/uploads\/sites\/87\/2024\/01\/WhatsApp-Image-2024-01-26-at-11.08.20-1024x768.jpeg 1024w, https:\/\/portal.pi.gov.br\/seres\/wp-content\/uploads\/sites\/87\/2024\/01\/WhatsApp-Image-2024-01-26-at-11.08.20-300x225.jpeg 300w, https:\/\/portal.pi.gov.br\/seres\/wp-content\/uploads\/sites\/87\/2024\/01\/WhatsApp-Image-2024-01-26-at-11.08.20-768x576.jpeg 768w, https:\/\/portal.pi.gov.br\/seres\/wp-content\/uploads\/sites\/87\/2024\/01\/WhatsApp-Image-2024-01-26-at-11.08.20-420x315.jpeg 420w, https:\/\/portal.pi.gov.br\/seres\/wp-content\/uploads\/sites\/87\/2024\/01\/WhatsApp-Image-2024-01-26-at-11.08.20-540x405.jpeg 540w, https:\/\/portal.pi.gov.br\/seres\/wp-content\/uploads\/sites\/87\/2024\/01\/WhatsApp-Image-2024-01-26-at-11.08.20-780x585.jpeg 780w, https:\/\/portal.pi.gov.br\/seres\/wp-content\/uploads\/sites\/87\/2024\/01\/WhatsApp-Image-2024-01-26-at-11.08.20-1536x1152.jpeg 1536w, https:\/\/portal.pi.gov.br\/seres\/wp-content\/uploads\/sites\/87\/2024\/01\/WhatsApp-Image-2024-01-26-at-11.08.20-2048x1536.jpeg 2048w, https:\/\/portal.pi.gov.br\/seres\/wp-content\/uploads\/sites\/87\/2024\/01\/WhatsApp-Image-2024-01-26-at-11.08.20-947x710.jpeg 947w, https:\/\/portal.pi.gov.br\/seres\/wp-content\/uploads\/sites\/87\/2024\/01\/WhatsApp-Image-2024-01-26-at-11.08.20-624x468.jpeg 624w\" sizes=\"(max-width: 443px) 100vw, 443px\" \/><\/figure><\/div>\n\n\n<p><br>A secret\u00e1ria das Rela\u00e7\u00f5es Sociais, N\u00fabia Lopes, ressaltou os benef\u00edcios trazidos pelas a\u00e7\u00f5es do OPA para as comunidades. &#8220;\u00c9 um programa que tem como objetivo melhorar a qualidade de vida do cidad\u00e3o, que pode elencar e votar nas obras mais representativas para o seu bairro, em diversas \u00e1reas: lazer, saneamento b\u00e1sico, esporte, mobilidade, seguran\u00e7a, educa\u00e7\u00e3o, entre outras. Come\u00e7ando 2024 e j\u00e1 estamos aqui, fazendo a sensibiliza\u00e7\u00e3o com as comunidades e as associa\u00e7\u00f5es comunit\u00e1rias em Floriano, quando cada associa\u00e7\u00e3o poder\u00e1 trazer at\u00e9 tr\u00eas propostas, discutindo com os moradores o que realmente precisam, depois disso, num processo de vota\u00e7\u00e3o, as que ganham mais votos s\u00e3o executadas pelo governo, dentro de um investimento de R$ 5 milh\u00f5es&#8221;, concluiu.<\/p>\n\n\n<div class=\"wp-block-image\">\n<figure class=\"aligncenter size-large is-resized\"><img decoding=\"async\" loading=\"lazy\" src=\"https:\/\/portal.pi.gov.br\/seres\/wp-content\/uploads\/sites\/87\/2024\/01\/WhatsApp-Image-2024-01-26-at-11.04.18-1024x768.jpeg\" alt=\"\" class=\"wp-image-2005\" width=\"446\" height=\"335\" srcset=\"https:\/\/portal.pi.gov.br\/seres\/wp-content\/uploads\/sites\/87\/2024\/01\/WhatsApp-Image-2024-01-26-at-11.04.18-1024x768.jpeg 1024w, https:\/\/portal.pi.gov.br\/seres\/wp-content\/uploads\/sites\/87\/2024\/01\/WhatsApp-Image-2024-01-26-at-11.04.18-300x225.jpeg 300w, https:\/\/portal.pi.gov.br\/seres\/wp-content\/uploads\/sites\/87\/2024\/01\/WhatsApp-Image-2024-01-26-at-11.04.18-768x576.jpeg 768w, https:\/\/portal.pi.gov.br\/seres\/wp-content\/uploads\/sites\/87\/2024\/01\/WhatsApp-Image-2024-01-26-at-11.04.18-420x315.jpeg 420w, https:\/\/portal.pi.gov.br\/seres\/wp-content\/uploads\/sites\/87\/2024\/01\/WhatsApp-Image-2024-01-26-at-11.04.18-540x405.jpeg 540w, https:\/\/portal.pi.gov.br\/seres\/wp-content\/uploads\/sites\/87\/2024\/01\/WhatsApp-Image-2024-01-26-at-11.04.18-780x585.jpeg 780w, https:\/\/portal.pi.gov.br\/seres\/wp-content\/uploads\/sites\/87\/2024\/01\/WhatsApp-Image-2024-01-26-at-11.04.18-1536x1152.jpeg 1536w, https:\/\/portal.pi.gov.br\/seres\/wp-content\/uploads\/sites\/87\/2024\/01\/WhatsApp-Image-2024-01-26-at-11.04.18-2048x1536.jpeg 2048w, https:\/\/portal.pi.gov.br\/seres\/wp-content\/uploads\/sites\/87\/2024\/01\/WhatsApp-Image-2024-01-26-at-11.04.18-947x710.jpeg 947w, https:\/\/portal.pi.gov.br\/seres\/wp-content\/uploads\/sites\/87\/2024\/01\/WhatsApp-Image-2024-01-26-at-11.04.18-624x468.jpeg 624w\" sizes=\"(max-width: 446px) 100vw, 446px\" \/><\/figure><\/div>","protected":false},"excerpt":{"rendered":"<p>As secretarias das Rela\u00e7\u00f5es Sociais (Seres) e do Planejamento (Seplan) realizaram nesta sexta-feira (26), em Floriano, reuni\u00e3o com lideran\u00e7as comunit\u00e1rias e representantes de bairros para falar sobre o Or\u00e7amento Participativo [&hellip;]<\/p>\n","protected":false},"author":1748,"featured_media":2017,"comment_status":"closed","ping_status":"closed","sticky":false,"template":"","format":"standard","meta":[],"categories":[34],"tags":[62,47,41],"featured_image_urls":{"full":["https:\/\/portal.pi.gov.br\/seres\/wp-content\/uploads\/sites\/87\/2024\/01\/WhatsApp-Image-2024-01-26-at-12.08.55-1-scaled.jpeg",2560,1920,false],"thumbnail":["https:\/\/portal.pi.gov.br\/seres\/wp-content\/uploads\/sites\/87\/2024\/01\/WhatsApp-Image-2024-01-26-at-12.08.55-1-150x150.jpeg",150,150,true],"medium":["https:\/\/portal.pi.gov.br\/seres\/wp-content\/uploads\/sites\/87\/2024\/01\/WhatsApp-Image-2024-01-26-at-12.08.55-1-300x225.jpeg",300,225,true],"medium_large":["https:\/\/portal.pi.gov.br\/seres\/wp-content\/uploads\/sites\/87\/2024\/01\/WhatsApp-Image-2024-01-26-at-12.08.55-1-768x576.jpeg",768,576,true],"large":["https:\/\/portal.pi.gov.br\/seres\/wp-content\/uploads\/sites\/87\/2024\/01\/WhatsApp-Image-2024-01-26-at-12.08.55-1-1024x768.jpeg",887,665,true],"sgg-420":["https:\/\/portal.pi.gov.br\/seres\/wp-content\/uploads\/sites\/87\/2024\/01\/WhatsApp-Image-2024-01-26-at-12.08.55-1-420x315.jpeg",420,315,true],"sgg-540":["https:\/\/portal.pi.gov.br\/seres\/wp-content\/uploads\/sites\/87\/2024\/01\/WhatsApp-Image-2024-01-26-at-12.08.55-1-540x405.jpeg",540,405,true],"sgg-780":["https:\/\/portal.pi.gov.br\/seres\/wp-content\/uploads\/sites\/87\/2024\/01\/WhatsApp-Image-2024-01-26-at-12.08.55-1-780x585.jpeg",780,585,true],"1536x1536":["https:\/\/portal.pi.gov.br\/seres\/wp-content\/uploads\/sites\/87\/2024\/01\/WhatsApp-Image-2024-01-26-at-12.08.55-1-1536x1152.jpeg",1536,1152,true],"2048x2048":["https:\/\/portal.pi.gov.br\/seres\/wp-content\/uploads\/sites\/87\/2024\/01\/WhatsApp-Image-2024-01-26-at-12.08.55-1-2048x1536.jpeg",2048,1536,true],"homepage-slider":["https:\/\/portal.pi.gov.br\/seres\/wp-content\/uploads\/sites\/87\/2024\/01\/WhatsApp-Image-2024-01-26-at-12.08.55-1-1270x500.jpeg",1270,500,true],"homepage-slider-small":["https:\/\/portal.pi.gov.br\/seres\/wp-content\/uploads\/sites\/87\/2024\/01\/WhatsApp-Image-2024-01-26-at-12.08.55-1-947x500.jpeg",947,500,true],"page-top":["https:\/\/portal.pi.gov.br\/seres\/wp-content\/uploads\/sites\/87\/2024\/01\/WhatsApp-Image-2024-01-26-at-12.08.55-1-947x710.jpeg",947,710,true],"page-small":["https:\/\/portal.pi.gov.br\/seres\/wp-content\/uploads\/sites\/87\/2024\/01\/WhatsApp-Image-2024-01-26-at-12.08.55-1-624x468.jpeg",624,468,true],"loop-main":["https:\/\/portal.pi.gov.br\/seres\/wp-content\/uploads\/sites\/87\/2024\/01\/WhatsApp-Image-2024-01-26-at-12.08.55-1-365x240.jpeg",365,240,true],"thumb-gallery-widget":["https:\/\/portal.pi.gov.br\/seres\/wp-content\/uploads\/sites\/87\/2024\/01\/WhatsApp-Image-2024-01-26-at-12.08.55-1-84x56.jpeg",84,56,true]},"post_excerpt_stackable":"<p>As secretarias das Rela\u00e7\u00f5es Sociais (Seres) e do Planejamento (Seplan) realizaram nesta sexta-feira (26), em Floriano, reuni\u00e3o com lideran\u00e7as comunit\u00e1rias e representantes de bairros para falar sobre o Or\u00e7amento Participativo (OPA) de 2024, que ser\u00e1 implementado no munic\u00edpio este ano. O OPA \u00e9 o primeiro instrumento de inser\u00e7\u00e3o da popula\u00e7\u00e3o no or\u00e7amento p\u00fablico anual. Em 2023 contemplou Teresina e Parna\u00edba e este ano ser\u00e1 expandido para Floriano, Picos e Piripiri, munic\u00edpios que t\u00eam mais de 50 mil habitantes. O secret\u00e1rio do Planejamento, Washington Bonfim, destacou a gest\u00e3o integrada entre o governo e a popula\u00e7\u00e3o atrav\u00e9s do OPA. &#8220;O OPA tem&hellip;<\/p>\n","category_list":"<a href=\"https:\/\/portal.pi.gov.br\/seres\/category\/noticias\/\" rel=\"category tag\">Not\u00edcias<\/a>","author_info":{"name":"natalina","url":"https:\/\/portal.pi.gov.br\/seres\/author\/natalina\/"},"comments_num":"0 coment\u00e1rio","featured_image_urls_v2":{"full":["https:\/\/portal.pi.gov.br\/seres\/wp-content\/uploads\/sites\/87\/2024\/01\/WhatsApp-Image-2024-01-26-at-12.08.55-1-scaled.jpeg",2560,1920,false],"thumbnail":["https:\/\/portal.pi.gov.br\/seres\/wp-content\/uploads\/sites\/87\/2024\/01\/WhatsApp-Image-2024-01-26-at-12.08.55-1-150x150.jpeg",150,150,true],"medium":["https:\/\/portal.pi.gov.br\/seres\/wp-content\/uploads\/sites\/87\/2024\/01\/WhatsApp-Image-2024-01-26-at-12.08.55-1-300x225.jpeg",300,225,true],"medium_large":["https:\/\/portal.pi.gov.br\/seres\/wp-content\/uploads\/sites\/87\/2024\/01\/WhatsApp-Image-2024-01-26-at-12.08.55-1-768x576.jpeg",768,576,true],"large":["https:\/\/portal.pi.gov.br\/seres\/wp-content\/uploads\/sites\/87\/2024\/01\/WhatsApp-Image-2024-01-26-at-12.08.55-1-1024x768.jpeg",887,665,true],"sgg-420":["https:\/\/portal.pi.gov.br\/seres\/wp-content\/uploads\/sites\/87\/2024\/01\/WhatsApp-Image-2024-01-26-at-12.08.55-1-420x315.jpeg",420,315,true],"sgg-540":["https:\/\/portal.pi.gov.br\/seres\/wp-content\/uploads\/sites\/87\/2024\/01\/WhatsApp-Image-2024-01-26-at-12.08.55-1-540x405.jpeg",540,405,true],"sgg-780":["https:\/\/portal.pi.gov.br\/seres\/wp-content\/uploads\/sites\/87\/2024\/01\/WhatsApp-Image-2024-01-26-at-12.08.55-1-780x585.jpeg",780,585,true],"1536x1536":["https:\/\/portal.pi.gov.br\/seres\/wp-content\/uploads\/sites\/87\/2024\/01\/WhatsApp-Image-2024-01-26-at-12.08.55-1-1536x1152.jpeg",1536,1152,true],"2048x2048":["https:\/\/portal.pi.gov.br\/seres\/wp-content\/uploads\/sites\/87\/2024\/01\/WhatsApp-Image-2024-01-26-at-12.08.55-1-2048x1536.jpeg",2048,1536,true],"homepage-slider":["https:\/\/portal.pi.gov.br\/seres\/wp-content\/uploads\/sites\/87\/2024\/01\/WhatsApp-Image-2024-01-26-at-12.08.55-1-1270x500.jpeg",1270,500,true],"homepage-slider-small":["https:\/\/portal.pi.gov.br\/seres\/wp-content\/uploads\/sites\/87\/2024\/01\/WhatsApp-Image-2024-01-26-at-12.08.55-1-947x500.jpeg",947,500,true],"page-top":["https:\/\/portal.pi.gov.br\/seres\/wp-content\/uploads\/sites\/87\/2024\/01\/WhatsApp-Image-2024-01-26-at-12.08.55-1-947x710.jpeg",947,710,true],"page-small":["https:\/\/portal.pi.gov.br\/seres\/wp-content\/uploads\/sites\/87\/2024\/01\/WhatsApp-Image-2024-01-26-at-12.08.55-1-624x468.jpeg",624,468,true],"loop-main":["https:\/\/portal.pi.gov.br\/seres\/wp-content\/uploads\/sites\/87\/2024\/01\/WhatsApp-Image-2024-01-26-at-12.08.55-1-365x240.jpeg",365,240,true],"thumb-gallery-widget":["https:\/\/portal.pi.gov.br\/seres\/wp-content\/uploads\/sites\/87\/2024\/01\/WhatsApp-Image-2024-01-26-at-12.08.55-1-84x56.jpeg",84,56,true]},"post_excerpt_stackable_v2":"<p>As secretarias das Rela\u00e7\u00f5es Sociais (Seres) e do Planejamento (Seplan) realizaram nesta sexta-feira (26), em Floriano, reuni\u00e3o com lideran\u00e7as comunit\u00e1rias e representantes de bairros para falar sobre o Or\u00e7amento Participativo (OPA) de 2024, que ser\u00e1 implementado no munic\u00edpio este ano. O OPA \u00e9 o primeiro instrumento de inser\u00e7\u00e3o da popula\u00e7\u00e3o no or\u00e7amento p\u00fablico anual. Em 2023 contemplou Teresina e Parna\u00edba e este ano ser\u00e1 expandido para Floriano, Picos e Piripiri, munic\u00edpios que t\u00eam mais de 50 mil habitantes. O secret\u00e1rio do Planejamento, Washington Bonfim, destacou a gest\u00e3o integrada entre o governo e a popula\u00e7\u00e3o atrav\u00e9s do OPA. &#8220;O OPA tem&hellip;<\/p>\n","category_list_v2":"<a href=\"https:\/\/portal.pi.gov.br\/seres\/category\/noticias\/\" rel=\"category tag\">Not\u00edcias<\/a>","author_info_v2":{"name":"natalina","url":"https:\/\/portal.pi.gov.br\/seres\/author\/natalina\/"},"comments_num_v2":"0 coment\u00e1rio","jetpack_featured_media_url":"https:\/\/portal.pi.gov.br\/seres\/wp-content\/uploads\/sites\/87\/2024\/01\/WhatsApp-Image-2024-01-26-at-12.08.55-1-scaled.jpeg","_links":{"self":[{"href":"https:\/\/portal.pi.gov.br\/seres\/wp-json\/wp\/v2\/posts\/2001"}],"collection":[{"href":"https:\/\/portal.pi.gov.br\/seres\/wp-json\/wp\/v2\/posts"}],"about":[{"href":"https:\/\/portal.pi.gov.br\/seres\/wp-json\/wp\/v2\/types\/post"}],"author":[{"embeddable":true,"href":"https:\/\/portal.pi.gov.br\/seres\/wp-json\/wp\/v2\/users\/1748"}],"replies":[{"embeddable":true,"href":"https:\/\/portal.pi.gov.br\/seres\/wp-json\/wp\/v2\/comments?post=2001"}],"version-history":[{"count":6,"href":"https:\/\/portal.pi.gov.br\/seres\/wp-json\/wp\/v2\/posts\/2001\/revisions"}],"predecessor-version":[{"id":2016,"href":"https:\/\/portal.pi.gov.br\/seres\/wp-json\/wp\/v2\/posts\/2001\/revisions\/2016"}],"wp:featuredmedia":[{"embeddable":true,"href":"https:\/\/portal.pi.gov.br\/seres\/wp-json\/wp\/v2\/media\/2017"}],"wp:attachment":[{"href":"https:\/\/portal.pi.gov.br\/seres\/wp-json\/wp\/v2\/media?parent=2001"}],"wp:term":[{"taxonomy":"category","embeddable":true,"href":"https:\/\/portal.pi.gov.br\/seres\/wp-json\/wp\/v2\/categories?post=2001"},{"taxonomy":"post_tag","embeddable":true,"href":"https:\/\/portal.pi.gov.br\/seres\/wp-json\/wp\/v2\/tags?post=2001"}],"curies":[{"name":"wp","href":"https:\/\/api.w.org\/{rel}","templated":true}]}}