{"id":2019,"date":"2024-01-27T19:31:47","date_gmt":"2024-01-27T22:31:47","guid":{"rendered":"https:\/\/portal.pi.gov.br\/seres\/?p=2019"},"modified":"2024-01-27T19:36:27","modified_gmt":"2024-01-27T22:36:27","slug":"governo-entrega-acao-do-opa-em-parnaiba","status":"publish","type":"post","link":"https:\/\/portal.pi.gov.br\/seres\/2024\/01\/27\/governo-entrega-acao-do-opa-em-parnaiba\/","title":{"rendered":"Governo entrega a\u00e7\u00e3o do OPA em Parna\u00edba"},"content":{"rendered":"\n<p>O projeto patrulha cidad\u00e3 implantado no Distrito de Irriga\u00e7\u00e3o Tabuleiros Litor\u00e2neos, localizado entre os munic\u00edpios de Parna\u00edba e Buriti dos Lopes, j\u00e1 est\u00e1 em pleno funcionamento e atende os assentamentos de Cajueiro, Lagoa do Prado, Baixa da Carna\u00faba, Monte Alegre e Cana\u00e3 do Norte.<\/p>\n\n\n<div class=\"wp-block-image\">\n<figure class=\"aligncenter size-large is-resized\"><img decoding=\"async\" loading=\"lazy\" src=\"https:\/\/portal.pi.gov.br\/seres\/wp-content\/uploads\/sites\/87\/2024\/01\/WhatsApp-Image-2024-01-27-at-17.40.44-1024x768.jpeg\" alt=\"\" class=\"wp-image-2024\" width=\"513\" height=\"384\" srcset=\"https:\/\/portal.pi.gov.br\/seres\/wp-content\/uploads\/sites\/87\/2024\/01\/WhatsApp-Image-2024-01-27-at-17.40.44-1024x768.jpeg 1024w, https:\/\/portal.pi.gov.br\/seres\/wp-content\/uploads\/sites\/87\/2024\/01\/WhatsApp-Image-2024-01-27-at-17.40.44-300x225.jpeg 300w, https:\/\/portal.pi.gov.br\/seres\/wp-content\/uploads\/sites\/87\/2024\/01\/WhatsApp-Image-2024-01-27-at-17.40.44-768x576.jpeg 768w, https:\/\/portal.pi.gov.br\/seres\/wp-content\/uploads\/sites\/87\/2024\/01\/WhatsApp-Image-2024-01-27-at-17.40.44-420x315.jpeg 420w, https:\/\/portal.pi.gov.br\/seres\/wp-content\/uploads\/sites\/87\/2024\/01\/WhatsApp-Image-2024-01-27-at-17.40.44-540x405.jpeg 540w, https:\/\/portal.pi.gov.br\/seres\/wp-content\/uploads\/sites\/87\/2024\/01\/WhatsApp-Image-2024-01-27-at-17.40.44-780x585.jpeg 780w, https:\/\/portal.pi.gov.br\/seres\/wp-content\/uploads\/sites\/87\/2024\/01\/WhatsApp-Image-2024-01-27-at-17.40.44-1536x1152.jpeg 1536w, https:\/\/portal.pi.gov.br\/seres\/wp-content\/uploads\/sites\/87\/2024\/01\/WhatsApp-Image-2024-01-27-at-17.40.44-2048x1536.jpeg 2048w, https:\/\/portal.pi.gov.br\/seres\/wp-content\/uploads\/sites\/87\/2024\/01\/WhatsApp-Image-2024-01-27-at-17.40.44-947x710.jpeg 947w, https:\/\/portal.pi.gov.br\/seres\/wp-content\/uploads\/sites\/87\/2024\/01\/WhatsApp-Image-2024-01-27-at-17.40.44-624x468.jpeg 624w\" sizes=\"(max-width: 513px) 100vw, 513px\" \/><\/figure><\/div>\n\n\n<p><br>S\u00e3o 35 policiais militares que se alternam em opera\u00e7\u00f5es planejadas volunt\u00e1rias, realizadas em escalas extra jornada nos hor\u00e1rio de folga e que recebem para fazer o patrulhamento da \u00e1rea em duas viaturas, levando seguran\u00e7a \u00e0s comunidades.<\/p>\n\n\n<div class=\"wp-block-image\">\n<figure class=\"aligncenter size-large is-resized\"><img decoding=\"async\" loading=\"lazy\" src=\"https:\/\/portal.pi.gov.br\/seres\/wp-content\/uploads\/sites\/87\/2024\/01\/WhatsApp-Image-2024-01-27-at-17.38.46-1024x768.jpeg\" alt=\"\" class=\"wp-image-2020\" width=\"490\" height=\"368\" srcset=\"https:\/\/portal.pi.gov.br\/seres\/wp-content\/uploads\/sites\/87\/2024\/01\/WhatsApp-Image-2024-01-27-at-17.38.46-1024x768.jpeg 1024w, https:\/\/portal.pi.gov.br\/seres\/wp-content\/uploads\/sites\/87\/2024\/01\/WhatsApp-Image-2024-01-27-at-17.38.46-300x225.jpeg 300w, https:\/\/portal.pi.gov.br\/seres\/wp-content\/uploads\/sites\/87\/2024\/01\/WhatsApp-Image-2024-01-27-at-17.38.46-768x576.jpeg 768w, https:\/\/portal.pi.gov.br\/seres\/wp-content\/uploads\/sites\/87\/2024\/01\/WhatsApp-Image-2024-01-27-at-17.38.46-420x315.jpeg 420w, https:\/\/portal.pi.gov.br\/seres\/wp-content\/uploads\/sites\/87\/2024\/01\/WhatsApp-Image-2024-01-27-at-17.38.46-540x405.jpeg 540w, https:\/\/portal.pi.gov.br\/seres\/wp-content\/uploads\/sites\/87\/2024\/01\/WhatsApp-Image-2024-01-27-at-17.38.46-780x585.jpeg 780w, https:\/\/portal.pi.gov.br\/seres\/wp-content\/uploads\/sites\/87\/2024\/01\/WhatsApp-Image-2024-01-27-at-17.38.46-1536x1152.jpeg 1536w, https:\/\/portal.pi.gov.br\/seres\/wp-content\/uploads\/sites\/87\/2024\/01\/WhatsApp-Image-2024-01-27-at-17.38.46-947x710.jpeg 947w, https:\/\/portal.pi.gov.br\/seres\/wp-content\/uploads\/sites\/87\/2024\/01\/WhatsApp-Image-2024-01-27-at-17.38.46-624x468.jpeg 624w, https:\/\/portal.pi.gov.br\/seres\/wp-content\/uploads\/sites\/87\/2024\/01\/WhatsApp-Image-2024-01-27-at-17.38.46.jpeg 1600w\" sizes=\"(max-width: 490px) 100vw, 490px\" \/><\/figure><\/div>\n\n\n<p><br>A secret\u00e1ria das Rela\u00e7\u00f5es Sociais, N\u00fabia Lopes, destacou o trabalho do governo na execu\u00e7\u00e3o das a\u00e7\u00f5es do OPA. &#8220;O governador Rafael Fonteles acabou de entregar a primeira obra do OPA, o Or\u00e7amento Participativo Digital do Governo do Estado do Piau\u00ed. Comunidade feliz, toda a equipe feliz por esse trabalho maravilhoso, de escutar a popula\u00e7\u00e3o indicando as propostas para melhorar suas condi\u00e7\u00f5es de vida&#8221;.<\/p>\n\n\n<div class=\"wp-block-image\">\n<figure class=\"aligncenter size-large is-resized\"><img decoding=\"async\" loading=\"lazy\" src=\"https:\/\/portal.pi.gov.br\/seres\/wp-content\/uploads\/sites\/87\/2024\/01\/WhatsApp-Image-2024-01-27-at-17.42.45-1024x768.jpeg\" alt=\"\" class=\"wp-image-2026\" width=\"501\" height=\"376\" srcset=\"https:\/\/portal.pi.gov.br\/seres\/wp-content\/uploads\/sites\/87\/2024\/01\/WhatsApp-Image-2024-01-27-at-17.42.45-1024x768.jpeg 1024w, https:\/\/portal.pi.gov.br\/seres\/wp-content\/uploads\/sites\/87\/2024\/01\/WhatsApp-Image-2024-01-27-at-17.42.45-300x225.jpeg 300w, https:\/\/portal.pi.gov.br\/seres\/wp-content\/uploads\/sites\/87\/2024\/01\/WhatsApp-Image-2024-01-27-at-17.42.45-768x576.jpeg 768w, https:\/\/portal.pi.gov.br\/seres\/wp-content\/uploads\/sites\/87\/2024\/01\/WhatsApp-Image-2024-01-27-at-17.42.45-420x315.jpeg 420w, https:\/\/portal.pi.gov.br\/seres\/wp-content\/uploads\/sites\/87\/2024\/01\/WhatsApp-Image-2024-01-27-at-17.42.45-540x405.jpeg 540w, https:\/\/portal.pi.gov.br\/seres\/wp-content\/uploads\/sites\/87\/2024\/01\/WhatsApp-Image-2024-01-27-at-17.42.45-780x585.jpeg 780w, https:\/\/portal.pi.gov.br\/seres\/wp-content\/uploads\/sites\/87\/2024\/01\/WhatsApp-Image-2024-01-27-at-17.42.45-1536x1152.jpeg 1536w, https:\/\/portal.pi.gov.br\/seres\/wp-content\/uploads\/sites\/87\/2024\/01\/WhatsApp-Image-2024-01-27-at-17.42.45-947x710.jpeg 947w, https:\/\/portal.pi.gov.br\/seres\/wp-content\/uploads\/sites\/87\/2024\/01\/WhatsApp-Image-2024-01-27-at-17.42.45-624x468.jpeg 624w, https:\/\/portal.pi.gov.br\/seres\/wp-content\/uploads\/sites\/87\/2024\/01\/WhatsApp-Image-2024-01-27-at-17.42.45.jpeg 1600w\" sizes=\"(max-width: 501px) 100vw, 501px\" \/><\/figure><\/div>\n\n\n<p><br>O presidente da Associa\u00e7\u00e3o dos Produtores do Distrito de Irriga\u00e7\u00e3o Tabuleiros Litor\u00e2neos, senhor Bebeto, comemorou a entrega da a\u00e7\u00e3o. &#8220;Este \u00e9 um momento muito importante, porque n\u00f3s fizemos todo um processo de mobiliza\u00e7\u00e3o para motivar a participa\u00e7\u00e3o popular e defender esta proposta de policiamento, com a patrulha cidad\u00e3. Era uma demanda antiga da comunidade, principalmente dos produtores que constantemente eram amea\u00e7ados com assalto nas suas propriedades. Agora podemos comemorar esta sensa\u00e7\u00e3o de seguran\u00e7a e provar a import\u00e2ncia das comunidades estarem organizadas para poderem colocar nos or\u00e7amentos populares aquilo que mais precisam, democratizando os recursos p\u00fablicos e garantindo que as reais necessidades sejam sanadas&#8221;, comemorou.<\/p>\n\n\n<div class=\"wp-block-image\">\n<figure class=\"aligncenter size-large is-resized\"><img decoding=\"async\" loading=\"lazy\" src=\"https:\/\/portal.pi.gov.br\/seres\/wp-content\/uploads\/sites\/87\/2024\/01\/WhatsApp-Image-2024-01-27-at-17.37.54-1024x768.jpeg\" alt=\"\" class=\"wp-image-2021\" width=\"494\" height=\"371\" srcset=\"https:\/\/portal.pi.gov.br\/seres\/wp-content\/uploads\/sites\/87\/2024\/01\/WhatsApp-Image-2024-01-27-at-17.37.54-1024x768.jpeg 1024w, https:\/\/portal.pi.gov.br\/seres\/wp-content\/uploads\/sites\/87\/2024\/01\/WhatsApp-Image-2024-01-27-at-17.37.54-300x225.jpeg 300w, https:\/\/portal.pi.gov.br\/seres\/wp-content\/uploads\/sites\/87\/2024\/01\/WhatsApp-Image-2024-01-27-at-17.37.54-768x576.jpeg 768w, https:\/\/portal.pi.gov.br\/seres\/wp-content\/uploads\/sites\/87\/2024\/01\/WhatsApp-Image-2024-01-27-at-17.37.54-420x315.jpeg 420w, https:\/\/portal.pi.gov.br\/seres\/wp-content\/uploads\/sites\/87\/2024\/01\/WhatsApp-Image-2024-01-27-at-17.37.54-540x405.jpeg 540w, https:\/\/portal.pi.gov.br\/seres\/wp-content\/uploads\/sites\/87\/2024\/01\/WhatsApp-Image-2024-01-27-at-17.37.54-780x585.jpeg 780w, https:\/\/portal.pi.gov.br\/seres\/wp-content\/uploads\/sites\/87\/2024\/01\/WhatsApp-Image-2024-01-27-at-17.37.54-1536x1152.jpeg 1536w, https:\/\/portal.pi.gov.br\/seres\/wp-content\/uploads\/sites\/87\/2024\/01\/WhatsApp-Image-2024-01-27-at-17.37.54-947x710.jpeg 947w, https:\/\/portal.pi.gov.br\/seres\/wp-content\/uploads\/sites\/87\/2024\/01\/WhatsApp-Image-2024-01-27-at-17.37.54-624x468.jpeg 624w, https:\/\/portal.pi.gov.br\/seres\/wp-content\/uploads\/sites\/87\/2024\/01\/WhatsApp-Image-2024-01-27-at-17.37.54.jpeg 1600w\" sizes=\"(max-width: 494px) 100vw, 494px\" \/><\/figure><\/div>\n\n\n<p><br>A a\u00e7\u00e3o do OPA da Patrulha Cidad\u00e3 tem o investimento do governo do estado de R$ 200 mil e beneficia cerca de 3.500 pessoas que residem nos assentamentos. O Governador Rafael Fonteles destacou o exerc\u00edcio permanente de organizar as demandas do povo para torn\u00e1-las realidade. &#8220;Eu quero cumprimentar aqui o Bebeto, presidente da associa\u00e7\u00e3o, que defendeu a implanta\u00e7\u00e3o da Pol\u00edcia Comunit\u00e1ria aqui na Baixa da Cana\u00faba e nessa regi\u00e3o da Parna\u00edba. Votaram em agosto, 697 votos, os deputados aprovaram em dezembro e j\u00e1 virou realidade em janeiro. A Patrulha Cidad\u00e3 \u00e9 permanente agora na regi\u00e3o&#8221;, destacou.<\/p>\n\n\n\n<p><br>Segundo o governador, no primeiro semestre de 2024 todas as 21 obras do OPA 2023 de Parna\u00edba ser\u00e3o executadas. Na ocasi\u00e3o, Rafael Fonteles tamb\u00e9m assinou ordem de servi\u00e7o para tr\u00eas obras de pavimenta\u00e7\u00e3o asf\u00e1ltica no munic\u00edpio.<\/p>\n","protected":false},"excerpt":{"rendered":"<p>O projeto patrulha cidad\u00e3 implantado no Distrito de Irriga\u00e7\u00e3o Tabuleiros Litor\u00e2neos, localizado entre os munic\u00edpios de Parna\u00edba e Buriti dos Lopes, j\u00e1 est\u00e1 em pleno funcionamento e atende os assentamentos [&hellip;]<\/p>\n","protected":false},"author":1748,"featured_media":2021,"comment_status":"closed","ping_status":"closed","sticky":false,"template":"","format":"standard","meta":[],"categories":[34],"tags":[62,55,47,41],"featured_image_urls":{"full":["https:\/\/portal.pi.gov.br\/seres\/wp-content\/uploads\/sites\/87\/2024\/01\/WhatsApp-Image-2024-01-27-at-17.37.54.jpeg",1600,1200,false],"thumbnail":["https:\/\/portal.pi.gov.br\/seres\/wp-content\/uploads\/sites\/87\/2024\/01\/WhatsApp-Image-2024-01-27-at-17.37.54-150x150.jpeg",150,150,true],"medium":["https:\/\/portal.pi.gov.br\/seres\/wp-content\/uploads\/sites\/87\/2024\/01\/WhatsApp-Image-2024-01-27-at-17.37.54-300x225.jpeg",300,225,true],"medium_large":["https:\/\/portal.pi.gov.br\/seres\/wp-content\/uploads\/sites\/87\/2024\/01\/WhatsApp-Image-2024-01-27-at-17.37.54-768x576.jpeg",768,576,true],"large":["https:\/\/portal.pi.gov.br\/seres\/wp-content\/uploads\/sites\/87\/2024\/01\/WhatsApp-Image-2024-01-27-at-17.37.54-1024x768.jpeg",887,665,true],"sgg-420":["https:\/\/portal.pi.gov.br\/seres\/wp-content\/uploads\/sites\/87\/2024\/01\/WhatsApp-Image-2024-01-27-at-17.37.54-420x315.jpeg",420,315,true],"sgg-540":["https:\/\/portal.pi.gov.br\/seres\/wp-content\/uploads\/sites\/87\/2024\/01\/WhatsApp-Image-2024-01-27-at-17.37.54-540x405.jpeg",540,405,true],"sgg-780":["https:\/\/portal.pi.gov.br\/seres\/wp-content\/uploads\/sites\/87\/2024\/01\/WhatsApp-Image-2024-01-27-at-17.37.54-780x585.jpeg",780,585,true],"1536x1536":["https:\/\/portal.pi.gov.br\/seres\/wp-content\/uploads\/sites\/87\/2024\/01\/WhatsApp-Image-2024-01-27-at-17.37.54-1536x1152.jpeg",1536,1152,true],"2048x2048":["https:\/\/portal.pi.gov.br\/seres\/wp-content\/uploads\/sites\/87\/2024\/01\/WhatsApp-Image-2024-01-27-at-17.37.54.jpeg",1600,1200,false],"homepage-slider":["https:\/\/portal.pi.gov.br\/seres\/wp-content\/uploads\/sites\/87\/2024\/01\/WhatsApp-Image-2024-01-27-at-17.37.54-1270x500.jpeg",1270,500,true],"homepage-slider-small":["https:\/\/portal.pi.gov.br\/seres\/wp-content\/uploads\/sites\/87\/2024\/01\/WhatsApp-Image-2024-01-27-at-17.37.54-947x500.jpeg",947,500,true],"page-top":["https:\/\/portal.pi.gov.br\/seres\/wp-content\/uploads\/sites\/87\/2024\/01\/WhatsApp-Image-2024-01-27-at-17.37.54-947x710.jpeg",947,710,true],"page-small":["https:\/\/portal.pi.gov.br\/seres\/wp-content\/uploads\/sites\/87\/2024\/01\/WhatsApp-Image-2024-01-27-at-17.37.54-624x468.jpeg",624,468,true],"loop-main":["https:\/\/portal.pi.gov.br\/seres\/wp-content\/uploads\/sites\/87\/2024\/01\/WhatsApp-Image-2024-01-27-at-17.37.54-365x240.jpeg",365,240,true],"thumb-gallery-widget":["https:\/\/portal.pi.gov.br\/seres\/wp-content\/uploads\/sites\/87\/2024\/01\/WhatsApp-Image-2024-01-27-at-17.37.54-84x56.jpeg",84,56,true]},"post_excerpt_stackable":"<p>O projeto patrulha cidad\u00e3 implantado no Distrito de Irriga\u00e7\u00e3o Tabuleiros Litor\u00e2neos, localizado entre os munic\u00edpios de Parna\u00edba e Buriti dos Lopes, j\u00e1 est\u00e1 em pleno funcionamento e atende os assentamentos de Cajueiro, Lagoa do Prado, Baixa da Carna\u00faba, Monte Alegre e Cana\u00e3 do Norte. S\u00e3o 35 policiais militares que se alternam em opera\u00e7\u00f5es planejadas volunt\u00e1rias, realizadas em escalas extra jornada nos hor\u00e1rio de folga e que recebem para fazer o patrulhamento da \u00e1rea em duas viaturas, levando seguran\u00e7a \u00e0s comunidades. A secret\u00e1ria das Rela\u00e7\u00f5es Sociais, N\u00fabia Lopes, destacou o trabalho do governo na execu\u00e7\u00e3o das a\u00e7\u00f5es do OPA. &#8220;O governador&hellip;<\/p>\n","category_list":"<a href=\"https:\/\/portal.pi.gov.br\/seres\/category\/noticias\/\" rel=\"category tag\">Not\u00edcias<\/a>","author_info":{"name":"natalina","url":"https:\/\/portal.pi.gov.br\/seres\/author\/natalina\/"},"comments_num":"0 coment\u00e1rio","featured_image_urls_v2":{"full":["https:\/\/portal.pi.gov.br\/seres\/wp-content\/uploads\/sites\/87\/2024\/01\/WhatsApp-Image-2024-01-27-at-17.37.54.jpeg",1600,1200,false],"thumbnail":["https:\/\/portal.pi.gov.br\/seres\/wp-content\/uploads\/sites\/87\/2024\/01\/WhatsApp-Image-2024-01-27-at-17.37.54-150x150.jpeg",150,150,true],"medium":["https:\/\/portal.pi.gov.br\/seres\/wp-content\/uploads\/sites\/87\/2024\/01\/WhatsApp-Image-2024-01-27-at-17.37.54-300x225.jpeg",300,225,true],"medium_large":["https:\/\/portal.pi.gov.br\/seres\/wp-content\/uploads\/sites\/87\/2024\/01\/WhatsApp-Image-2024-01-27-at-17.37.54-768x576.jpeg",768,576,true],"large":["https:\/\/portal.pi.gov.br\/seres\/wp-content\/uploads\/sites\/87\/2024\/01\/WhatsApp-Image-2024-01-27-at-17.37.54-1024x768.jpeg",887,665,true],"sgg-420":["https:\/\/portal.pi.gov.br\/seres\/wp-content\/uploads\/sites\/87\/2024\/01\/WhatsApp-Image-2024-01-27-at-17.37.54-420x315.jpeg",420,315,true],"sgg-540":["https:\/\/portal.pi.gov.br\/seres\/wp-content\/uploads\/sites\/87\/2024\/01\/WhatsApp-Image-2024-01-27-at-17.37.54-540x405.jpeg",540,405,true],"sgg-780":["https:\/\/portal.pi.gov.br\/seres\/wp-content\/uploads\/sites\/87\/2024\/01\/WhatsApp-Image-2024-01-27-at-17.37.54-780x585.jpeg",780,585,true],"1536x1536":["https:\/\/portal.pi.gov.br\/seres\/wp-content\/uploads\/sites\/87\/2024\/01\/WhatsApp-Image-2024-01-27-at-17.37.54-1536x1152.jpeg",1536,1152,true],"2048x2048":["https:\/\/portal.pi.gov.br\/seres\/wp-content\/uploads\/sites\/87\/2024\/01\/WhatsApp-Image-2024-01-27-at-17.37.54.jpeg",1600,1200,false],"homepage-slider":["https:\/\/portal.pi.gov.br\/seres\/wp-content\/uploads\/sites\/87\/2024\/01\/WhatsApp-Image-2024-01-27-at-17.37.54-1270x500.jpeg",1270,500,true],"homepage-slider-small":["https:\/\/portal.pi.gov.br\/seres\/wp-content\/uploads\/sites\/87\/2024\/01\/WhatsApp-Image-2024-01-27-at-17.37.54-947x500.jpeg",947,500,true],"page-top":["https:\/\/portal.pi.gov.br\/seres\/wp-content\/uploads\/sites\/87\/2024\/01\/WhatsApp-Image-2024-01-27-at-17.37.54-947x710.jpeg",947,710,true],"page-small":["https:\/\/portal.pi.gov.br\/seres\/wp-content\/uploads\/sites\/87\/2024\/01\/WhatsApp-Image-2024-01-27-at-17.37.54-624x468.jpeg",624,468,true],"loop-main":["https:\/\/portal.pi.gov.br\/seres\/wp-content\/uploads\/sites\/87\/2024\/01\/WhatsApp-Image-2024-01-27-at-17.37.54-365x240.jpeg",365,240,true],"thumb-gallery-widget":["https:\/\/portal.pi.gov.br\/seres\/wp-content\/uploads\/sites\/87\/2024\/01\/WhatsApp-Image-2024-01-27-at-17.37.54-84x56.jpeg",84,56,true]},"post_excerpt_stackable_v2":"<p>O projeto patrulha cidad\u00e3 implantado no Distrito de Irriga\u00e7\u00e3o Tabuleiros Litor\u00e2neos, localizado entre os munic\u00edpios de Parna\u00edba e Buriti dos Lopes, j\u00e1 est\u00e1 em pleno funcionamento e atende os assentamentos de Cajueiro, Lagoa do Prado, Baixa da Carna\u00faba, Monte Alegre e Cana\u00e3 do Norte. S\u00e3o 35 policiais militares que se alternam em opera\u00e7\u00f5es planejadas volunt\u00e1rias, realizadas em escalas extra jornada nos hor\u00e1rio de folga e que recebem para fazer o patrulhamento da \u00e1rea em duas viaturas, levando seguran\u00e7a \u00e0s comunidades. A secret\u00e1ria das Rela\u00e7\u00f5es Sociais, N\u00fabia Lopes, destacou o trabalho do governo na execu\u00e7\u00e3o das a\u00e7\u00f5es do OPA. &#8220;O governador&hellip;<\/p>\n","category_list_v2":"<a href=\"https:\/\/portal.pi.gov.br\/seres\/category\/noticias\/\" rel=\"category tag\">Not\u00edcias<\/a>","author_info_v2":{"name":"natalina","url":"https:\/\/portal.pi.gov.br\/seres\/author\/natalina\/"},"comments_num_v2":"0 coment\u00e1rio","jetpack_featured_media_url":"https:\/\/portal.pi.gov.br\/seres\/wp-content\/uploads\/sites\/87\/2024\/01\/WhatsApp-Image-2024-01-27-at-17.37.54.jpeg","_links":{"self":[{"href":"https:\/\/portal.pi.gov.br\/seres\/wp-json\/wp\/v2\/posts\/2019"}],"collection":[{"href":"https:\/\/portal.pi.gov.br\/seres\/wp-json\/wp\/v2\/posts"}],"about":[{"href":"https:\/\/portal.pi.gov.br\/seres\/wp-json\/wp\/v2\/types\/post"}],"author":[{"embeddable":true,"href":"https:\/\/portal.pi.gov.br\/seres\/wp-json\/wp\/v2\/users\/1748"}],"replies":[{"embeddable":true,"href":"https:\/\/portal.pi.gov.br\/seres\/wp-json\/wp\/v2\/comments?post=2019"}],"version-history":[{"count":3,"href":"https:\/\/portal.pi.gov.br\/seres\/wp-json\/wp\/v2\/posts\/2019\/revisions"}],"predecessor-version":[{"id":2027,"href":"https:\/\/portal.pi.gov.br\/seres\/wp-json\/wp\/v2\/posts\/2019\/revisions\/2027"}],"wp:featuredmedia":[{"embeddable":true,"href":"https:\/\/portal.pi.gov.br\/seres\/wp-json\/wp\/v2\/media\/2021"}],"wp:attachment":[{"href":"https:\/\/portal.pi.gov.br\/seres\/wp-json\/wp\/v2\/media?parent=2019"}],"wp:term":[{"taxonomy":"category","embeddable":true,"href":"https:\/\/portal.pi.gov.br\/seres\/wp-json\/wp\/v2\/categories?post=2019"},{"taxonomy":"post_tag","embeddable":true,"href":"https:\/\/portal.pi.gov.br\/seres\/wp-json\/wp\/v2\/tags?post=2019"}],"curies":[{"name":"wp","href":"https:\/\/api.w.org\/{rel}","templated":true}]}}