{"id":2034,"date":"2024-01-30T18:48:24","date_gmt":"2024-01-30T21:48:24","guid":{"rendered":"https:\/\/portal.pi.gov.br\/seres\/?p=2034"},"modified":"2024-01-30T18:49:44","modified_gmt":"2024-01-30T21:49:44","slug":"seres-e-seplan-apresentam-o-opa-em-picos","status":"publish","type":"post","link":"https:\/\/portal.pi.gov.br\/seres\/2024\/01\/30\/seres-e-seplan-apresentam-o-opa-em-picos\/","title":{"rendered":"Seres e Seplan apresentam o OPA em Picos"},"content":{"rendered":"\n<p>As secretarias das Rela\u00e7\u00f5es Sociais (Seres) e do Planejamento (Seplan) realizaram, nesta ter\u00e7a-feira (30), em Picos, reuni\u00e3o com lideran\u00e7as comunit\u00e1rias e representantes de bairros para falar sobre o Or\u00e7amento Participativo (OPA) de 2024, que ser\u00e1 implementado no munic\u00edpio este ano.<\/p>\n\n\n<div class=\"wp-block-image\">\n<figure class=\"aligncenter size-large is-resized\"><img decoding=\"async\" loading=\"lazy\" src=\"https:\/\/portal.pi.gov.br\/seres\/wp-content\/uploads\/sites\/87\/2024\/01\/WhatsApp-Image-2024-01-30-at-13.39.29-1024x768.jpeg\" alt=\"\" class=\"wp-image-2030\" width=\"492\" height=\"369\" srcset=\"https:\/\/portal.pi.gov.br\/seres\/wp-content\/uploads\/sites\/87\/2024\/01\/WhatsApp-Image-2024-01-30-at-13.39.29-1024x768.jpeg 1024w, https:\/\/portal.pi.gov.br\/seres\/wp-content\/uploads\/sites\/87\/2024\/01\/WhatsApp-Image-2024-01-30-at-13.39.29-300x225.jpeg 300w, https:\/\/portal.pi.gov.br\/seres\/wp-content\/uploads\/sites\/87\/2024\/01\/WhatsApp-Image-2024-01-30-at-13.39.29-768x576.jpeg 768w, https:\/\/portal.pi.gov.br\/seres\/wp-content\/uploads\/sites\/87\/2024\/01\/WhatsApp-Image-2024-01-30-at-13.39.29-420x315.jpeg 420w, https:\/\/portal.pi.gov.br\/seres\/wp-content\/uploads\/sites\/87\/2024\/01\/WhatsApp-Image-2024-01-30-at-13.39.29-540x405.jpeg 540w, https:\/\/portal.pi.gov.br\/seres\/wp-content\/uploads\/sites\/87\/2024\/01\/WhatsApp-Image-2024-01-30-at-13.39.29-780x585.jpeg 780w, https:\/\/portal.pi.gov.br\/seres\/wp-content\/uploads\/sites\/87\/2024\/01\/WhatsApp-Image-2024-01-30-at-13.39.29-947x710.jpeg 947w, https:\/\/portal.pi.gov.br\/seres\/wp-content\/uploads\/sites\/87\/2024\/01\/WhatsApp-Image-2024-01-30-at-13.39.29-624x468.jpeg 624w, https:\/\/portal.pi.gov.br\/seres\/wp-content\/uploads\/sites\/87\/2024\/01\/WhatsApp-Image-2024-01-30-at-13.39.29.jpeg 1280w\" sizes=\"(max-width: 492px) 100vw, 492px\" \/><\/figure><\/div>\n\n\n<p><br>O OPA \u00e9 o primeiro instrumento de inser\u00e7\u00e3o da popula\u00e7\u00e3o no or\u00e7amento p\u00fablico anual. Em 2023 contemplou Teresina e Parna\u00edba e este ano ser\u00e1 expandido para Floriano, Picos e Piripiri, munic\u00edpios que t\u00eam mais de 50 mil habitantes.<\/p>\n\n\n<div class=\"wp-block-image\">\n<figure class=\"aligncenter size-large is-resized\"><img decoding=\"async\" loading=\"lazy\" src=\"https:\/\/portal.pi.gov.br\/seres\/wp-content\/uploads\/sites\/87\/2024\/01\/WhatsApp-Image-2024-01-30-at-13.39.26-1024x768.jpeg\" alt=\"\" class=\"wp-image-2032\" width=\"491\" height=\"368\" srcset=\"https:\/\/portal.pi.gov.br\/seres\/wp-content\/uploads\/sites\/87\/2024\/01\/WhatsApp-Image-2024-01-30-at-13.39.26-1024x768.jpeg 1024w, https:\/\/portal.pi.gov.br\/seres\/wp-content\/uploads\/sites\/87\/2024\/01\/WhatsApp-Image-2024-01-30-at-13.39.26-300x225.jpeg 300w, https:\/\/portal.pi.gov.br\/seres\/wp-content\/uploads\/sites\/87\/2024\/01\/WhatsApp-Image-2024-01-30-at-13.39.26-768x576.jpeg 768w, https:\/\/portal.pi.gov.br\/seres\/wp-content\/uploads\/sites\/87\/2024\/01\/WhatsApp-Image-2024-01-30-at-13.39.26-420x315.jpeg 420w, https:\/\/portal.pi.gov.br\/seres\/wp-content\/uploads\/sites\/87\/2024\/01\/WhatsApp-Image-2024-01-30-at-13.39.26-540x405.jpeg 540w, https:\/\/portal.pi.gov.br\/seres\/wp-content\/uploads\/sites\/87\/2024\/01\/WhatsApp-Image-2024-01-30-at-13.39.26-780x585.jpeg 780w, https:\/\/portal.pi.gov.br\/seres\/wp-content\/uploads\/sites\/87\/2024\/01\/WhatsApp-Image-2024-01-30-at-13.39.26-947x710.jpeg 947w, https:\/\/portal.pi.gov.br\/seres\/wp-content\/uploads\/sites\/87\/2024\/01\/WhatsApp-Image-2024-01-30-at-13.39.26-624x468.jpeg 624w, https:\/\/portal.pi.gov.br\/seres\/wp-content\/uploads\/sites\/87\/2024\/01\/WhatsApp-Image-2024-01-30-at-13.39.26.jpeg 1280w\" sizes=\"(max-width: 491px) 100vw, 491px\" \/><\/figure><\/div>\n\n\n<p><br>A reuni\u00e3o contou com a presen\u00e7a de membros da Igreja Cat\u00f3lica, representantes de movimentos populares e comunit\u00e1rios, l\u00edderes de partidos pol\u00edticos e representa\u00e7\u00e3o da C\u00e2mara dos Vereadores. &#8221; Foi um encontro importante para dar conhecimento \u00e0 comunidade sobre o OPA 2024. Todos sa\u00edram empolgados e prontos para apresentarem os projetos e propostas que, de fato, v\u00e3o mudar a vida das pessoas nos seus bairros&#8221;, disse a secret\u00e1ria das Rela\u00e7\u00f5es Sociais, N\u00fabia Lopes.<\/p>\n\n\n<div class=\"wp-block-image\">\n<figure class=\"aligncenter size-large is-resized\"><img decoding=\"async\" loading=\"lazy\" src=\"https:\/\/portal.pi.gov.br\/seres\/wp-content\/uploads\/sites\/87\/2024\/01\/WhatsApp-Image-2024-01-30-at-12.56.45-1024x768.jpeg\" alt=\"\" class=\"wp-image-2035\" width=\"500\" height=\"375\" srcset=\"https:\/\/portal.pi.gov.br\/seres\/wp-content\/uploads\/sites\/87\/2024\/01\/WhatsApp-Image-2024-01-30-at-12.56.45-1024x768.jpeg 1024w, https:\/\/portal.pi.gov.br\/seres\/wp-content\/uploads\/sites\/87\/2024\/01\/WhatsApp-Image-2024-01-30-at-12.56.45-300x225.jpeg 300w, https:\/\/portal.pi.gov.br\/seres\/wp-content\/uploads\/sites\/87\/2024\/01\/WhatsApp-Image-2024-01-30-at-12.56.45-768x576.jpeg 768w, https:\/\/portal.pi.gov.br\/seres\/wp-content\/uploads\/sites\/87\/2024\/01\/WhatsApp-Image-2024-01-30-at-12.56.45-420x315.jpeg 420w, https:\/\/portal.pi.gov.br\/seres\/wp-content\/uploads\/sites\/87\/2024\/01\/WhatsApp-Image-2024-01-30-at-12.56.45-540x405.jpeg 540w, https:\/\/portal.pi.gov.br\/seres\/wp-content\/uploads\/sites\/87\/2024\/01\/WhatsApp-Image-2024-01-30-at-12.56.45-780x585.jpeg 780w, https:\/\/portal.pi.gov.br\/seres\/wp-content\/uploads\/sites\/87\/2024\/01\/WhatsApp-Image-2024-01-30-at-12.56.45-1536x1152.jpeg 1536w, https:\/\/portal.pi.gov.br\/seres\/wp-content\/uploads\/sites\/87\/2024\/01\/WhatsApp-Image-2024-01-30-at-12.56.45-947x710.jpeg 947w, https:\/\/portal.pi.gov.br\/seres\/wp-content\/uploads\/sites\/87\/2024\/01\/WhatsApp-Image-2024-01-30-at-12.56.45-624x468.jpeg 624w, https:\/\/portal.pi.gov.br\/seres\/wp-content\/uploads\/sites\/87\/2024\/01\/WhatsApp-Image-2024-01-30-at-12.56.45.jpeg 1600w\" sizes=\"(max-width: 500px) 100vw, 500px\" \/><\/figure><\/div>\n\n\n<p><br>Atrav\u00e9s do OPA, a comunidade \u00e9 capaz de eleger suas prioridades para o bairro, participando diretamente na escolha das obras a serem executadas no local. Um importante recurso para a participa\u00e7\u00e3o popular no direcionamento das necessidades de cada regi\u00e3o que proporciona uma gest\u00e3o integrada e eficaz do poder p\u00fablico como a popula\u00e7\u00e3o.<\/p>\n\n\n<div class=\"wp-block-image\">\n<figure class=\"aligncenter size-large is-resized\"><img decoding=\"async\" loading=\"lazy\" src=\"https:\/\/portal.pi.gov.br\/seres\/wp-content\/uploads\/sites\/87\/2024\/01\/WhatsApp-Image-2024-01-30-at-12.57.01-1024x768.jpeg\" alt=\"\" class=\"wp-image-2036\" width=\"503\" height=\"377\" srcset=\"https:\/\/portal.pi.gov.br\/seres\/wp-content\/uploads\/sites\/87\/2024\/01\/WhatsApp-Image-2024-01-30-at-12.57.01-1024x768.jpeg 1024w, https:\/\/portal.pi.gov.br\/seres\/wp-content\/uploads\/sites\/87\/2024\/01\/WhatsApp-Image-2024-01-30-at-12.57.01-300x225.jpeg 300w, https:\/\/portal.pi.gov.br\/seres\/wp-content\/uploads\/sites\/87\/2024\/01\/WhatsApp-Image-2024-01-30-at-12.57.01-768x576.jpeg 768w, https:\/\/portal.pi.gov.br\/seres\/wp-content\/uploads\/sites\/87\/2024\/01\/WhatsApp-Image-2024-01-30-at-12.57.01-420x315.jpeg 420w, https:\/\/portal.pi.gov.br\/seres\/wp-content\/uploads\/sites\/87\/2024\/01\/WhatsApp-Image-2024-01-30-at-12.57.01-540x405.jpeg 540w, https:\/\/portal.pi.gov.br\/seres\/wp-content\/uploads\/sites\/87\/2024\/01\/WhatsApp-Image-2024-01-30-at-12.57.01-780x585.jpeg 780w, https:\/\/portal.pi.gov.br\/seres\/wp-content\/uploads\/sites\/87\/2024\/01\/WhatsApp-Image-2024-01-30-at-12.57.01-947x710.jpeg 947w, https:\/\/portal.pi.gov.br\/seres\/wp-content\/uploads\/sites\/87\/2024\/01\/WhatsApp-Image-2024-01-30-at-12.57.01-624x468.jpeg 624w, https:\/\/portal.pi.gov.br\/seres\/wp-content\/uploads\/sites\/87\/2024\/01\/WhatsApp-Image-2024-01-30-at-12.57.01.jpeg 1280w\" sizes=\"(max-width: 503px) 100vw, 503px\" \/><\/figure><\/div>","protected":false},"excerpt":{"rendered":"<p>As secretarias das Rela\u00e7\u00f5es Sociais (Seres) e do Planejamento (Seplan) realizaram, nesta ter\u00e7a-feira (30), em Picos, reuni\u00e3o com lideran\u00e7as comunit\u00e1rias e representantes de bairros para falar sobre o Or\u00e7amento Participativo [&hellip;]<\/p>\n","protected":false},"author":1748,"featured_media":2035,"comment_status":"closed","ping_status":"closed","sticky":false,"template":"","format":"standard","meta":[],"categories":[34],"tags":[62,47,68,41],"featured_image_urls":{"full":["https:\/\/portal.pi.gov.br\/seres\/wp-content\/uploads\/sites\/87\/2024\/01\/WhatsApp-Image-2024-01-30-at-12.56.45.jpeg",1600,1200,false],"thumbnail":["https:\/\/portal.pi.gov.br\/seres\/wp-content\/uploads\/sites\/87\/2024\/01\/WhatsApp-Image-2024-01-30-at-12.56.45-150x150.jpeg",150,150,true],"medium":["https:\/\/portal.pi.gov.br\/seres\/wp-content\/uploads\/sites\/87\/2024\/01\/WhatsApp-Image-2024-01-30-at-12.56.45-300x225.jpeg",300,225,true],"medium_large":["https:\/\/portal.pi.gov.br\/seres\/wp-content\/uploads\/sites\/87\/2024\/01\/WhatsApp-Image-2024-01-30-at-12.56.45-768x576.jpeg",768,576,true],"large":["https:\/\/portal.pi.gov.br\/seres\/wp-content\/uploads\/sites\/87\/2024\/01\/WhatsApp-Image-2024-01-30-at-12.56.45-1024x768.jpeg",887,665,true],"sgg-420":["https:\/\/portal.pi.gov.br\/seres\/wp-content\/uploads\/sites\/87\/2024\/01\/WhatsApp-Image-2024-01-30-at-12.56.45-420x315.jpeg",420,315,true],"sgg-540":["https:\/\/portal.pi.gov.br\/seres\/wp-content\/uploads\/sites\/87\/2024\/01\/WhatsApp-Image-2024-01-30-at-12.56.45-540x405.jpeg",540,405,true],"sgg-780":["https:\/\/portal.pi.gov.br\/seres\/wp-content\/uploads\/sites\/87\/2024\/01\/WhatsApp-Image-2024-01-30-at-12.56.45-780x585.jpeg",780,585,true],"1536x1536":["https:\/\/portal.pi.gov.br\/seres\/wp-content\/uploads\/sites\/87\/2024\/01\/WhatsApp-Image-2024-01-30-at-12.56.45-1536x1152.jpeg",1536,1152,true],"2048x2048":["https:\/\/portal.pi.gov.br\/seres\/wp-content\/uploads\/sites\/87\/2024\/01\/WhatsApp-Image-2024-01-30-at-12.56.45.jpeg",1600,1200,false],"homepage-slider":["https:\/\/portal.pi.gov.br\/seres\/wp-content\/uploads\/sites\/87\/2024\/01\/WhatsApp-Image-2024-01-30-at-12.56.45-1270x500.jpeg",1270,500,true],"homepage-slider-small":["https:\/\/portal.pi.gov.br\/seres\/wp-content\/uploads\/sites\/87\/2024\/01\/WhatsApp-Image-2024-01-30-at-12.56.45-947x500.jpeg",947,500,true],"page-top":["https:\/\/portal.pi.gov.br\/seres\/wp-content\/uploads\/sites\/87\/2024\/01\/WhatsApp-Image-2024-01-30-at-12.56.45-947x710.jpeg",947,710,true],"page-small":["https:\/\/portal.pi.gov.br\/seres\/wp-content\/uploads\/sites\/87\/2024\/01\/WhatsApp-Image-2024-01-30-at-12.56.45-624x468.jpeg",624,468,true],"loop-main":["https:\/\/portal.pi.gov.br\/seres\/wp-content\/uploads\/sites\/87\/2024\/01\/WhatsApp-Image-2024-01-30-at-12.56.45-365x240.jpeg",365,240,true],"thumb-gallery-widget":["https:\/\/portal.pi.gov.br\/seres\/wp-content\/uploads\/sites\/87\/2024\/01\/WhatsApp-Image-2024-01-30-at-12.56.45-84x56.jpeg",84,56,true]},"post_excerpt_stackable":"<p>As secretarias das Rela\u00e7\u00f5es Sociais (Seres) e do Planejamento (Seplan) realizaram, nesta ter\u00e7a-feira (30), em Picos, reuni\u00e3o com lideran\u00e7as comunit\u00e1rias e representantes de bairros para falar sobre o Or\u00e7amento Participativo (OPA) de 2024, que ser\u00e1 implementado no munic\u00edpio este ano. O OPA \u00e9 o primeiro instrumento de inser\u00e7\u00e3o da popula\u00e7\u00e3o no or\u00e7amento p\u00fablico anual. Em 2023 contemplou Teresina e Parna\u00edba e este ano ser\u00e1 expandido para Floriano, Picos e Piripiri, munic\u00edpios que t\u00eam mais de 50 mil habitantes. A reuni\u00e3o contou com a presen\u00e7a de membros da Igreja Cat\u00f3lica, representantes de movimentos populares e comunit\u00e1rios, l\u00edderes de partidos pol\u00edticos e&hellip;<\/p>\n","category_list":"<a href=\"https:\/\/portal.pi.gov.br\/seres\/category\/noticias\/\" rel=\"category tag\">Not\u00edcias<\/a>","author_info":{"name":"natalina","url":"https:\/\/portal.pi.gov.br\/seres\/author\/natalina\/"},"comments_num":"0 coment\u00e1rio","featured_image_urls_v2":{"full":["https:\/\/portal.pi.gov.br\/seres\/wp-content\/uploads\/sites\/87\/2024\/01\/WhatsApp-Image-2024-01-30-at-12.56.45.jpeg",1600,1200,false],"thumbnail":["https:\/\/portal.pi.gov.br\/seres\/wp-content\/uploads\/sites\/87\/2024\/01\/WhatsApp-Image-2024-01-30-at-12.56.45-150x150.jpeg",150,150,true],"medium":["https:\/\/portal.pi.gov.br\/seres\/wp-content\/uploads\/sites\/87\/2024\/01\/WhatsApp-Image-2024-01-30-at-12.56.45-300x225.jpeg",300,225,true],"medium_large":["https:\/\/portal.pi.gov.br\/seres\/wp-content\/uploads\/sites\/87\/2024\/01\/WhatsApp-Image-2024-01-30-at-12.56.45-768x576.jpeg",768,576,true],"large":["https:\/\/portal.pi.gov.br\/seres\/wp-content\/uploads\/sites\/87\/2024\/01\/WhatsApp-Image-2024-01-30-at-12.56.45-1024x768.jpeg",887,665,true],"sgg-420":["https:\/\/portal.pi.gov.br\/seres\/wp-content\/uploads\/sites\/87\/2024\/01\/WhatsApp-Image-2024-01-30-at-12.56.45-420x315.jpeg",420,315,true],"sgg-540":["https:\/\/portal.pi.gov.br\/seres\/wp-content\/uploads\/sites\/87\/2024\/01\/WhatsApp-Image-2024-01-30-at-12.56.45-540x405.jpeg",540,405,true],"sgg-780":["https:\/\/portal.pi.gov.br\/seres\/wp-content\/uploads\/sites\/87\/2024\/01\/WhatsApp-Image-2024-01-30-at-12.56.45-780x585.jpeg",780,585,true],"1536x1536":["https:\/\/portal.pi.gov.br\/seres\/wp-content\/uploads\/sites\/87\/2024\/01\/WhatsApp-Image-2024-01-30-at-12.56.45-1536x1152.jpeg",1536,1152,true],"2048x2048":["https:\/\/portal.pi.gov.br\/seres\/wp-content\/uploads\/sites\/87\/2024\/01\/WhatsApp-Image-2024-01-30-at-12.56.45.jpeg",1600,1200,false],"homepage-slider":["https:\/\/portal.pi.gov.br\/seres\/wp-content\/uploads\/sites\/87\/2024\/01\/WhatsApp-Image-2024-01-30-at-12.56.45-1270x500.jpeg",1270,500,true],"homepage-slider-small":["https:\/\/portal.pi.gov.br\/seres\/wp-content\/uploads\/sites\/87\/2024\/01\/WhatsApp-Image-2024-01-30-at-12.56.45-947x500.jpeg",947,500,true],"page-top":["https:\/\/portal.pi.gov.br\/seres\/wp-content\/uploads\/sites\/87\/2024\/01\/WhatsApp-Image-2024-01-30-at-12.56.45-947x710.jpeg",947,710,true],"page-small":["https:\/\/portal.pi.gov.br\/seres\/wp-content\/uploads\/sites\/87\/2024\/01\/WhatsApp-Image-2024-01-30-at-12.56.45-624x468.jpeg",624,468,true],"loop-main":["https:\/\/portal.pi.gov.br\/seres\/wp-content\/uploads\/sites\/87\/2024\/01\/WhatsApp-Image-2024-01-30-at-12.56.45-365x240.jpeg",365,240,true],"thumb-gallery-widget":["https:\/\/portal.pi.gov.br\/seres\/wp-content\/uploads\/sites\/87\/2024\/01\/WhatsApp-Image-2024-01-30-at-12.56.45-84x56.jpeg",84,56,true]},"post_excerpt_stackable_v2":"<p>As secretarias das Rela\u00e7\u00f5es Sociais (Seres) e do Planejamento (Seplan) realizaram, nesta ter\u00e7a-feira (30), em Picos, reuni\u00e3o com lideran\u00e7as comunit\u00e1rias e representantes de bairros para falar sobre o Or\u00e7amento Participativo (OPA) de 2024, que ser\u00e1 implementado no munic\u00edpio este ano. O OPA \u00e9 o primeiro instrumento de inser\u00e7\u00e3o da popula\u00e7\u00e3o no or\u00e7amento p\u00fablico anual. Em 2023 contemplou Teresina e Parna\u00edba e este ano ser\u00e1 expandido para Floriano, Picos e Piripiri, munic\u00edpios que t\u00eam mais de 50 mil habitantes. A reuni\u00e3o contou com a presen\u00e7a de membros da Igreja Cat\u00f3lica, representantes de movimentos populares e comunit\u00e1rios, l\u00edderes de partidos pol\u00edticos e&hellip;<\/p>\n","category_list_v2":"<a href=\"https:\/\/portal.pi.gov.br\/seres\/category\/noticias\/\" rel=\"category tag\">Not\u00edcias<\/a>","author_info_v2":{"name":"natalina","url":"https:\/\/portal.pi.gov.br\/seres\/author\/natalina\/"},"comments_num_v2":"0 coment\u00e1rio","jetpack_featured_media_url":"https:\/\/portal.pi.gov.br\/seres\/wp-content\/uploads\/sites\/87\/2024\/01\/WhatsApp-Image-2024-01-30-at-12.56.45.jpeg","_links":{"self":[{"href":"https:\/\/portal.pi.gov.br\/seres\/wp-json\/wp\/v2\/posts\/2034"}],"collection":[{"href":"https:\/\/portal.pi.gov.br\/seres\/wp-json\/wp\/v2\/posts"}],"about":[{"href":"https:\/\/portal.pi.gov.br\/seres\/wp-json\/wp\/v2\/types\/post"}],"author":[{"embeddable":true,"href":"https:\/\/portal.pi.gov.br\/seres\/wp-json\/wp\/v2\/users\/1748"}],"replies":[{"embeddable":true,"href":"https:\/\/portal.pi.gov.br\/seres\/wp-json\/wp\/v2\/comments?post=2034"}],"version-history":[{"count":1,"href":"https:\/\/portal.pi.gov.br\/seres\/wp-json\/wp\/v2\/posts\/2034\/revisions"}],"predecessor-version":[{"id":2037,"href":"https:\/\/portal.pi.gov.br\/seres\/wp-json\/wp\/v2\/posts\/2034\/revisions\/2037"}],"wp:featuredmedia":[{"embeddable":true,"href":"https:\/\/portal.pi.gov.br\/seres\/wp-json\/wp\/v2\/media\/2035"}],"wp:attachment":[{"href":"https:\/\/portal.pi.gov.br\/seres\/wp-json\/wp\/v2\/media?parent=2034"}],"wp:term":[{"taxonomy":"category","embeddable":true,"href":"https:\/\/portal.pi.gov.br\/seres\/wp-json\/wp\/v2\/categories?post=2034"},{"taxonomy":"post_tag","embeddable":true,"href":"https:\/\/portal.pi.gov.br\/seres\/wp-json\/wp\/v2\/tags?post=2034"}],"curies":[{"name":"wp","href":"https:\/\/api.w.org\/{rel}","templated":true}]}}