{"id":2040,"date":"2024-02-06T10:48:35","date_gmt":"2024-02-06T13:48:35","guid":{"rendered":"https:\/\/portal.pi.gov.br\/seres\/?p=2040"},"modified":"2024-02-06T10:56:26","modified_gmt":"2024-02-06T13:56:26","slug":"governador-destaca-acoes-e-metas-cumpridas-em-2023-em-sua-mensagem-anual-na-alepi","status":"publish","type":"post","link":"https:\/\/portal.pi.gov.br\/seres\/2024\/02\/06\/governador-destaca-acoes-e-metas-cumpridas-em-2023-em-sua-mensagem-anual-na-alepi\/","title":{"rendered":"Governador destaca a\u00e7\u00f5es e metas cumpridas em 2023 em sua Mensagem Anual na Alepi"},"content":{"rendered":"\n<p>O governador Rafael Fonteles realizou a leitura da Mensagem Anual, nesta segunda-feira (5), durante a abertura da 2\u00aa Sess\u00e3o Legislativa da 20\u00aa Legislatura da Assembleia Legislativa do Piau\u00ed. Na oportunidade, o gestor destacou as a\u00e7\u00f5es do Governo do Estado ao longo de 2023 e elencou as prioridades de sua gest\u00e3o para 2024: gera\u00e7\u00e3o de emprego e renda, mas priorizando sa\u00fade, educa\u00e7\u00e3o e seguran\u00e7a.&nbsp; A secret\u00e1ria das Rela\u00e7\u00f5es Sociais, N\u00fabia Lopes, participou do evento.<\/p>\n\n\n<div class=\"wp-block-image\">\n<figure class=\"aligncenter size-large is-resized\"><img decoding=\"async\" loading=\"lazy\" src=\"https:\/\/portal.pi.gov.br\/seres\/wp-content\/uploads\/sites\/87\/2024\/02\/WhatsApp-Image-2024-02-05-at-13.03.28-1024x768.jpeg\" alt=\"\" class=\"wp-image-2041\" width=\"453\" height=\"340\" srcset=\"https:\/\/portal.pi.gov.br\/seres\/wp-content\/uploads\/sites\/87\/2024\/02\/WhatsApp-Image-2024-02-05-at-13.03.28-1024x768.jpeg 1024w, https:\/\/portal.pi.gov.br\/seres\/wp-content\/uploads\/sites\/87\/2024\/02\/WhatsApp-Image-2024-02-05-at-13.03.28-300x225.jpeg 300w, https:\/\/portal.pi.gov.br\/seres\/wp-content\/uploads\/sites\/87\/2024\/02\/WhatsApp-Image-2024-02-05-at-13.03.28-768x576.jpeg 768w, https:\/\/portal.pi.gov.br\/seres\/wp-content\/uploads\/sites\/87\/2024\/02\/WhatsApp-Image-2024-02-05-at-13.03.28-420x315.jpeg 420w, https:\/\/portal.pi.gov.br\/seres\/wp-content\/uploads\/sites\/87\/2024\/02\/WhatsApp-Image-2024-02-05-at-13.03.28-540x405.jpeg 540w, https:\/\/portal.pi.gov.br\/seres\/wp-content\/uploads\/sites\/87\/2024\/02\/WhatsApp-Image-2024-02-05-at-13.03.28-780x585.jpeg 780w, https:\/\/portal.pi.gov.br\/seres\/wp-content\/uploads\/sites\/87\/2024\/02\/WhatsApp-Image-2024-02-05-at-13.03.28-1536x1152.jpeg 1536w, https:\/\/portal.pi.gov.br\/seres\/wp-content\/uploads\/sites\/87\/2024\/02\/WhatsApp-Image-2024-02-05-at-13.03.28-2048x1536.jpeg 2048w, https:\/\/portal.pi.gov.br\/seres\/wp-content\/uploads\/sites\/87\/2024\/02\/WhatsApp-Image-2024-02-05-at-13.03.28-947x710.jpeg 947w, https:\/\/portal.pi.gov.br\/seres\/wp-content\/uploads\/sites\/87\/2024\/02\/WhatsApp-Image-2024-02-05-at-13.03.28-624x468.jpeg 624w\" sizes=\"(max-width: 453px) 100vw, 453px\" \/><\/figure><\/div>\n\n\n<p>Em seu discurso, o governador fez um balan\u00e7o das a\u00e7\u00f5es realizadas em 2023. &#8220;Geramos mais de 20 mil empregos de carteira assinada no ano passado; colocamos o nome do Piau\u00ed no mapa mundial das evolu\u00e7\u00f5es tecnol\u00f3gicas e das transforma\u00e7\u00f5es fundamentais nas quest\u00f5es energ\u00e9ticas e ambientais; avan\u00e7amos na educa\u00e7\u00e3o de tempo integral e na seguran\u00e7a, que j\u00e1 colhe resultados impressionantes; estamos atraindo investimentos e realizando desejos antigos, como o Porto Piau\u00ed; e iniciamos o processo que tornar\u00e1 o nosso estado o mais digital do Brasil. Com dedica\u00e7\u00e3o, rapidez e excel\u00eancia, os resultados j\u00e1 est\u00e3o aparecendo&#8221;, disse o governador.<\/p>\n\n\n<div class=\"wp-block-image\">\n<figure class=\"aligncenter is-resized\"><img decoding=\"async\" loading=\"lazy\" src=\"https:\/\/admin.pi.gov.br\/uploads\/Whats_App_Image_2024_02_05_at_12_06_49_1_ac6ddd494d.jpeg\" alt=\"WhatsApp Image 2024-02-05 at 12.06.49 (1).jpeg\" width=\"462\" height=\"308\" \/><\/figure><\/div>\n\n\n<p>Em apenas 12 meses de gest\u00e3o, o governador e sua equipe cumpriram 45% dos 178 compromissos assumidos em janeiro de 2023. Dentre as principais realiza\u00e7\u00f5es, na \u00e1rea da sa\u00fade, est\u00e3o a entrega da Nova Maternidade Evangelina Rosa; a reforma e amplia\u00e7\u00e3o de hospitais regionais; a expans\u00e3o da telemedicina, por meio do Programa Piau\u00ed Sa\u00fade Digital \u2013 221 dos 224 munic\u00edpios piauienses j\u00e1 aderiram ao programa \u2013 e o aumento no n\u00famero de cirurgias eletivas, ao mesmo tempo em que houve a redu\u00e7\u00e3o do tempo m\u00e9dio de espera para a sua realiza\u00e7\u00e3o.&nbsp;<\/p>\n\n\n\n<p>Dentro da expans\u00e3o da descentraliza\u00e7\u00e3o dos servi\u00e7os de sa\u00fade, o plano de gest\u00e3o de Rafael Fonteles prev\u00ea que os hospitais polos &#8211; Parna\u00edba, Picos e Floriano \u2013 ofere\u00e7am os mesmos servi\u00e7os dispon\u00edveis em Teresina.&nbsp;<\/p>\n\n\n\n<p>Na educa\u00e7\u00e3o, o governador frisou que o Piau\u00ed saiu de 96 para 351 escolas de tempo integral, de 27 mil alunos para 70 mil alunos em tempo integral.&nbsp;<\/p>\n\n\n<div class=\"wp-block-image\">\n<figure class=\"aligncenter is-resized\"><img decoding=\"async\" loading=\"lazy\" src=\"https:\/\/admin.pi.gov.br\/uploads\/Whats_App_Image_2024_02_05_at_12_06_52_3_90fd62703d.jpeg\" alt=\"WhatsApp Image 2024-02-05 at 12.06.52 (3).jpeg\" width=\"462\" height=\"308\" \/><\/figure><\/div>\n\n\n<p>Na seguran\u00e7a, o destaque foi a maior nomea\u00e7\u00e3o da hist\u00f3ria da seguran\u00e7a p\u00fablica do Piau\u00ed, com a formatura de 1.104 novos policiais militares, al\u00e9m da entrega de viaturas e redu\u00e7\u00e3o dos \u00edndices de criminalidade \u2014 redu\u00e7\u00e3o em 30% do roubo de celulares e ve\u00edculos e redu\u00e7\u00e3o em 12% dos homic\u00eddios.&nbsp;<\/p>\n\n\n\n<p>\u201cVamos continuar a redu\u00e7\u00e3o de homic\u00eddios, de roubo, de furto, que \u00e9 o que mais interessa \u00e0 popula\u00e7\u00e3o. S\u00e3o v\u00e1rios investimentos sendo feitos para continuar a redu\u00e7\u00e3o desses indicadores\u201d, disse Rafael Fonteles.&nbsp;<\/p>\n\n\n\n<p>Na \u00e1rea de infraestrutura, o governador inaugurou a primeira etapa do Porto Piau\u00ed, obra que promete atrair investimentos e empresas ao Piau\u00ed, ao mesmo tempo em que gera riquezas e oportunidades de emprego aos piauienses.&nbsp;<\/p>\n\n\n<div class=\"wp-block-image\">\n<figure class=\"aligncenter is-resized\"><img decoding=\"async\" loading=\"lazy\" src=\"https:\/\/admin.pi.gov.br\/uploads\/Whats_App_Image_2024_02_05_at_12_06_53_2_ae83e899a9.jpeg\" alt=\"WhatsApp Image 2024-02-05 at 12.06.53 (2).jpeg\" width=\"457\" height=\"305\" \/><\/figure><\/div>\n\n\n<p>Ele anunciou ainda, dentro da \u00e1rea de porto, a inaugura\u00e7\u00e3o do terminal pesqueiro. &nbsp;\u201cProvavelmente o cais pesqueiro [ser\u00e1 entregue] no final de mar\u00e7o, in\u00edcio de abril, estaremos inaugurando a primeira voca\u00e7\u00e3o, digamos assim, do Porto, que \u00e9 a cadeia produtiva j\u00e1 existente, que ser\u00e1 profissionalizada, agregando valor a essa produ\u00e7\u00e3o, inclusive, com a ind\u00fastria de conserva de atum, ao lado desse terminal pesqueiro\u201d, ressaltou Fonteles.<\/p>\n\n\n\n<p>O governador anunciou ainda que o calado do porto ser\u00e1 ampliado para 11 metros, permitindo que navios com capacidade de 50 mil toneladas possam atracar no cais de Lu\u00eds Correia.<\/p>\n\n\n\n<p>Ainda na \u00e1rea da infraestrutura, o Governo do Estado, por meio do Departamento de Estradas de Rodagem do Piau\u00ed (DER-PI), realizou a recupera\u00e7\u00e3o de diversas rodovias e trechos, o que colocou o Piau\u00ed na primeira coloca\u00e7\u00e3o do Norte\/Nordeste como o estado com a maior porcentagem de estradas em boas e \u00f3timas condi\u00e7\u00f5es, segundo dados da Confedera\u00e7\u00e3o Nacional dos Transportes (CNT).<\/p>\n\n\n<div class=\"wp-block-image\">\n<figure class=\"aligncenter is-resized\"><img decoding=\"async\" loading=\"lazy\" src=\"https:\/\/admin.pi.gov.br\/uploads\/Whats_App_Image_2024_02_05_at_12_06_48_1_c3c5c8076f.jpeg\" alt=\"WhatsApp Image 2024-02-05 at 12.06.48 (1).jpeg\" width=\"448\" height=\"299\" \/><\/figure><\/div>\n\n\n<p>O governador Rafael Fonteles encerrou a leitura da Mensagem Anual com uma previs\u00e3o para os pr\u00f3ximos anos. &#8220;\u00c9 s\u00f3 o come\u00e7o. Seguiremos em busca de mais, do que ser\u00e1 o melhor para nosso Estado e para nossa gente. Sem medo do futuro e trabalhando para que ele aconte\u00e7a para todos n\u00f3s. Sem deixar ningu\u00e9m para tr\u00e1s&#8221;, finalizou o discurso.<\/p>\n","protected":false},"excerpt":{"rendered":"<p>O governador Rafael Fonteles realizou a leitura da Mensagem Anual, nesta segunda-feira (5), durante a abertura da 2\u00aa Sess\u00e3o Legislativa da 20\u00aa Legislatura da Assembleia Legislativa do Piau\u00ed. Na oportunidade, [&hellip;]<\/p>\n","protected":false},"author":1748,"featured_media":2042,"comment_status":"closed","ping_status":"closed","sticky":false,"template":"","format":"standard","meta":[],"categories":[34],"tags":[47,41],"featured_image_urls":{"full":["https:\/\/portal.pi.gov.br\/seres\/wp-content\/uploads\/sites\/87\/2024\/02\/Whats_App_Image_2024_02_05_at_12_06_53_2_ae83e899a9-scaled.jpeg",2560,1707,false],"thumbnail":["https:\/\/portal.pi.gov.br\/seres\/wp-content\/uploads\/sites\/87\/2024\/02\/Whats_App_Image_2024_02_05_at_12_06_53_2_ae83e899a9-150x150.jpeg",150,150,true],"medium":["https:\/\/portal.pi.gov.br\/seres\/wp-content\/uploads\/sites\/87\/2024\/02\/Whats_App_Image_2024_02_05_at_12_06_53_2_ae83e899a9-300x200.jpeg",300,200,true],"medium_large":["https:\/\/portal.pi.gov.br\/seres\/wp-content\/uploads\/sites\/87\/2024\/02\/Whats_App_Image_2024_02_05_at_12_06_53_2_ae83e899a9-768x512.jpeg",768,512,true],"large":["https:\/\/portal.pi.gov.br\/seres\/wp-content\/uploads\/sites\/87\/2024\/02\/Whats_App_Image_2024_02_05_at_12_06_53_2_ae83e899a9-1024x683.jpeg",887,592,true],"sgg-420":["https:\/\/portal.pi.gov.br\/seres\/wp-content\/uploads\/sites\/87\/2024\/02\/Whats_App_Image_2024_02_05_at_12_06_53_2_ae83e899a9-420x280.jpeg",420,280,true],"sgg-540":["https:\/\/portal.pi.gov.br\/seres\/wp-content\/uploads\/sites\/87\/2024\/02\/Whats_App_Image_2024_02_05_at_12_06_53_2_ae83e899a9-540x360.jpeg",540,360,true],"sgg-780":["https:\/\/portal.pi.gov.br\/seres\/wp-content\/uploads\/sites\/87\/2024\/02\/Whats_App_Image_2024_02_05_at_12_06_53_2_ae83e899a9-780x520.jpeg",780,520,true],"1536x1536":["https:\/\/portal.pi.gov.br\/seres\/wp-content\/uploads\/sites\/87\/2024\/02\/Whats_App_Image_2024_02_05_at_12_06_53_2_ae83e899a9-1536x1024.jpeg",1536,1024,true],"2048x2048":["https:\/\/portal.pi.gov.br\/seres\/wp-content\/uploads\/sites\/87\/2024\/02\/Whats_App_Image_2024_02_05_at_12_06_53_2_ae83e899a9-2048x1366.jpeg",2048,1366,true],"homepage-slider":["https:\/\/portal.pi.gov.br\/seres\/wp-content\/uploads\/sites\/87\/2024\/02\/Whats_App_Image_2024_02_05_at_12_06_53_2_ae83e899a9-1270x500.jpeg",1270,500,true],"homepage-slider-small":["https:\/\/portal.pi.gov.br\/seres\/wp-content\/uploads\/sites\/87\/2024\/02\/Whats_App_Image_2024_02_05_at_12_06_53_2_ae83e899a9-947x500.jpeg",947,500,true],"page-top":["https:\/\/portal.pi.gov.br\/seres\/wp-content\/uploads\/sites\/87\/2024\/02\/Whats_App_Image_2024_02_05_at_12_06_53_2_ae83e899a9-947x631.jpeg",947,631,true],"page-small":["https:\/\/portal.pi.gov.br\/seres\/wp-content\/uploads\/sites\/87\/2024\/02\/Whats_App_Image_2024_02_05_at_12_06_53_2_ae83e899a9-624x416.jpeg",624,416,true],"loop-main":["https:\/\/portal.pi.gov.br\/seres\/wp-content\/uploads\/sites\/87\/2024\/02\/Whats_App_Image_2024_02_05_at_12_06_53_2_ae83e899a9-365x240.jpeg",365,240,true],"thumb-gallery-widget":["https:\/\/portal.pi.gov.br\/seres\/wp-content\/uploads\/sites\/87\/2024\/02\/Whats_App_Image_2024_02_05_at_12_06_53_2_ae83e899a9-84x56.jpeg",84,56,true]},"post_excerpt_stackable":"<p>O governador Rafael Fonteles realizou a leitura da Mensagem Anual, nesta segunda-feira (5), durante a abertura da 2\u00aa Sess\u00e3o Legislativa da 20\u00aa Legislatura da Assembleia Legislativa do Piau\u00ed. Na oportunidade, o gestor destacou as a\u00e7\u00f5es do Governo do Estado ao longo de 2023 e elencou as prioridades de sua gest\u00e3o para 2024: gera\u00e7\u00e3o de emprego e renda, mas priorizando sa\u00fade, educa\u00e7\u00e3o e seguran\u00e7a.&nbsp; A secret\u00e1ria das Rela\u00e7\u00f5es Sociais, N\u00fabia Lopes, participou do evento. Em seu discurso, o governador fez um balan\u00e7o das a\u00e7\u00f5es realizadas em 2023. &#8220;Geramos mais de 20 mil empregos de carteira assinada no ano passado; colocamos o&hellip;<\/p>\n","category_list":"<a href=\"https:\/\/portal.pi.gov.br\/seres\/category\/noticias\/\" rel=\"category tag\">Not\u00edcias<\/a>","author_info":{"name":"natalina","url":"https:\/\/portal.pi.gov.br\/seres\/author\/natalina\/"},"comments_num":"0 coment\u00e1rio","featured_image_urls_v2":{"full":["https:\/\/portal.pi.gov.br\/seres\/wp-content\/uploads\/sites\/87\/2024\/02\/Whats_App_Image_2024_02_05_at_12_06_53_2_ae83e899a9-scaled.jpeg",2560,1707,false],"thumbnail":["https:\/\/portal.pi.gov.br\/seres\/wp-content\/uploads\/sites\/87\/2024\/02\/Whats_App_Image_2024_02_05_at_12_06_53_2_ae83e899a9-150x150.jpeg",150,150,true],"medium":["https:\/\/portal.pi.gov.br\/seres\/wp-content\/uploads\/sites\/87\/2024\/02\/Whats_App_Image_2024_02_05_at_12_06_53_2_ae83e899a9-300x200.jpeg",300,200,true],"medium_large":["https:\/\/portal.pi.gov.br\/seres\/wp-content\/uploads\/sites\/87\/2024\/02\/Whats_App_Image_2024_02_05_at_12_06_53_2_ae83e899a9-768x512.jpeg",768,512,true],"large":["https:\/\/portal.pi.gov.br\/seres\/wp-content\/uploads\/sites\/87\/2024\/02\/Whats_App_Image_2024_02_05_at_12_06_53_2_ae83e899a9-1024x683.jpeg",887,592,true],"sgg-420":["https:\/\/portal.pi.gov.br\/seres\/wp-content\/uploads\/sites\/87\/2024\/02\/Whats_App_Image_2024_02_05_at_12_06_53_2_ae83e899a9-420x280.jpeg",420,280,true],"sgg-540":["https:\/\/portal.pi.gov.br\/seres\/wp-content\/uploads\/sites\/87\/2024\/02\/Whats_App_Image_2024_02_05_at_12_06_53_2_ae83e899a9-540x360.jpeg",540,360,true],"sgg-780":["https:\/\/portal.pi.gov.br\/seres\/wp-content\/uploads\/sites\/87\/2024\/02\/Whats_App_Image_2024_02_05_at_12_06_53_2_ae83e899a9-780x520.jpeg",780,520,true],"1536x1536":["https:\/\/portal.pi.gov.br\/seres\/wp-content\/uploads\/sites\/87\/2024\/02\/Whats_App_Image_2024_02_05_at_12_06_53_2_ae83e899a9-1536x1024.jpeg",1536,1024,true],"2048x2048":["https:\/\/portal.pi.gov.br\/seres\/wp-content\/uploads\/sites\/87\/2024\/02\/Whats_App_Image_2024_02_05_at_12_06_53_2_ae83e899a9-2048x1366.jpeg",2048,1366,true],"homepage-slider":["https:\/\/portal.pi.gov.br\/seres\/wp-content\/uploads\/sites\/87\/2024\/02\/Whats_App_Image_2024_02_05_at_12_06_53_2_ae83e899a9-1270x500.jpeg",1270,500,true],"homepage-slider-small":["https:\/\/portal.pi.gov.br\/seres\/wp-content\/uploads\/sites\/87\/2024\/02\/Whats_App_Image_2024_02_05_at_12_06_53_2_ae83e899a9-947x500.jpeg",947,500,true],"page-top":["https:\/\/portal.pi.gov.br\/seres\/wp-content\/uploads\/sites\/87\/2024\/02\/Whats_App_Image_2024_02_05_at_12_06_53_2_ae83e899a9-947x631.jpeg",947,631,true],"page-small":["https:\/\/portal.pi.gov.br\/seres\/wp-content\/uploads\/sites\/87\/2024\/02\/Whats_App_Image_2024_02_05_at_12_06_53_2_ae83e899a9-624x416.jpeg",624,416,true],"loop-main":["https:\/\/portal.pi.gov.br\/seres\/wp-content\/uploads\/sites\/87\/2024\/02\/Whats_App_Image_2024_02_05_at_12_06_53_2_ae83e899a9-365x240.jpeg",365,240,true],"thumb-gallery-widget":["https:\/\/portal.pi.gov.br\/seres\/wp-content\/uploads\/sites\/87\/2024\/02\/Whats_App_Image_2024_02_05_at_12_06_53_2_ae83e899a9-84x56.jpeg",84,56,true]},"post_excerpt_stackable_v2":"<p>O governador Rafael Fonteles realizou a leitura da Mensagem Anual, nesta segunda-feira (5), durante a abertura da 2\u00aa Sess\u00e3o Legislativa da 20\u00aa Legislatura da Assembleia Legislativa do Piau\u00ed. Na oportunidade, o gestor destacou as a\u00e7\u00f5es do Governo do Estado ao longo de 2023 e elencou as prioridades de sua gest\u00e3o para 2024: gera\u00e7\u00e3o de emprego e renda, mas priorizando sa\u00fade, educa\u00e7\u00e3o e seguran\u00e7a.&nbsp; A secret\u00e1ria das Rela\u00e7\u00f5es Sociais, N\u00fabia Lopes, participou do evento. Em seu discurso, o governador fez um balan\u00e7o das a\u00e7\u00f5es realizadas em 2023. &#8220;Geramos mais de 20 mil empregos de carteira assinada no ano passado; colocamos o&hellip;<\/p>\n","category_list_v2":"<a href=\"https:\/\/portal.pi.gov.br\/seres\/category\/noticias\/\" rel=\"category tag\">Not\u00edcias<\/a>","author_info_v2":{"name":"natalina","url":"https:\/\/portal.pi.gov.br\/seres\/author\/natalina\/"},"comments_num_v2":"0 coment\u00e1rio","jetpack_featured_media_url":"https:\/\/portal.pi.gov.br\/seres\/wp-content\/uploads\/sites\/87\/2024\/02\/Whats_App_Image_2024_02_05_at_12_06_53_2_ae83e899a9-scaled.jpeg","_links":{"self":[{"href":"https:\/\/portal.pi.gov.br\/seres\/wp-json\/wp\/v2\/posts\/2040"}],"collection":[{"href":"https:\/\/portal.pi.gov.br\/seres\/wp-json\/wp\/v2\/posts"}],"about":[{"href":"https:\/\/portal.pi.gov.br\/seres\/wp-json\/wp\/v2\/types\/post"}],"author":[{"embeddable":true,"href":"https:\/\/portal.pi.gov.br\/seres\/wp-json\/wp\/v2\/users\/1748"}],"replies":[{"embeddable":true,"href":"https:\/\/portal.pi.gov.br\/seres\/wp-json\/wp\/v2\/comments?post=2040"}],"version-history":[{"count":2,"href":"https:\/\/portal.pi.gov.br\/seres\/wp-json\/wp\/v2\/posts\/2040\/revisions"}],"predecessor-version":[{"id":2044,"href":"https:\/\/portal.pi.gov.br\/seres\/wp-json\/wp\/v2\/posts\/2040\/revisions\/2044"}],"wp:featuredmedia":[{"embeddable":true,"href":"https:\/\/portal.pi.gov.br\/seres\/wp-json\/wp\/v2\/media\/2042"}],"wp:attachment":[{"href":"https:\/\/portal.pi.gov.br\/seres\/wp-json\/wp\/v2\/media?parent=2040"}],"wp:term":[{"taxonomy":"category","embeddable":true,"href":"https:\/\/portal.pi.gov.br\/seres\/wp-json\/wp\/v2\/categories?post=2040"},{"taxonomy":"post_tag","embeddable":true,"href":"https:\/\/portal.pi.gov.br\/seres\/wp-json\/wp\/v2\/tags?post=2040"}],"curies":[{"name":"wp","href":"https:\/\/api.w.org\/{rel}","templated":true}]}}