{"id":2062,"date":"2024-02-07T11:57:31","date_gmt":"2024-02-07T14:57:31","guid":{"rendered":"https:\/\/portal.pi.gov.br\/seres\/?p=2062"},"modified":"2024-02-07T12:05:44","modified_gmt":"2024-02-07T15:05:44","slug":"projeto-ater-no-quilombo-atendera-65-comunidades-e-tera-monitoramento-da-seres","status":"publish","type":"post","link":"https:\/\/portal.pi.gov.br\/seres\/2024\/02\/07\/projeto-ater-no-quilombo-atendera-65-comunidades-e-tera-monitoramento-da-seres\/","title":{"rendered":"Projeto ATER no Quilombo atender\u00e1 65 comunidades e ter\u00e1 monitoramento da Seres"},"content":{"rendered":"\n<p>A secret\u00e1ria de Estado das Rela\u00e7\u00f5es Sociais, N\u00fabia Lopes, participou na manh\u00e3 desta quarta-feira (7), do lan\u00e7amento do projeto ATER no Quilombo, realizado na sede da Secretaria de Assist\u00eancia T\u00e9cnica e Defesa Agropecu\u00e1ria (Sada). O projeto visa a assist\u00eancia t\u00e9cnica e sociocultural \u00e0s comunidades tradicionais quilombolas, al\u00e9m da continuidade das a\u00e7\u00f5es implementadas pelo extinto Emater-PI.<\/p>\n\n\n<div class=\"wp-block-image\">\n<figure class=\"aligncenter size-large is-resized\"><img decoding=\"async\" loading=\"lazy\" src=\"https:\/\/portal.pi.gov.br\/seres\/wp-content\/uploads\/sites\/87\/2024\/02\/WhatsApp-Image-2024-02-07-at-11.29.02-1024x768.jpeg\" alt=\"\" class=\"wp-image-2063\" width=\"449\" height=\"337\" srcset=\"https:\/\/portal.pi.gov.br\/seres\/wp-content\/uploads\/sites\/87\/2024\/02\/WhatsApp-Image-2024-02-07-at-11.29.02-1024x768.jpeg 1024w, https:\/\/portal.pi.gov.br\/seres\/wp-content\/uploads\/sites\/87\/2024\/02\/WhatsApp-Image-2024-02-07-at-11.29.02-300x225.jpeg 300w, https:\/\/portal.pi.gov.br\/seres\/wp-content\/uploads\/sites\/87\/2024\/02\/WhatsApp-Image-2024-02-07-at-11.29.02-768x576.jpeg 768w, https:\/\/portal.pi.gov.br\/seres\/wp-content\/uploads\/sites\/87\/2024\/02\/WhatsApp-Image-2024-02-07-at-11.29.02-420x315.jpeg 420w, https:\/\/portal.pi.gov.br\/seres\/wp-content\/uploads\/sites\/87\/2024\/02\/WhatsApp-Image-2024-02-07-at-11.29.02-540x405.jpeg 540w, https:\/\/portal.pi.gov.br\/seres\/wp-content\/uploads\/sites\/87\/2024\/02\/WhatsApp-Image-2024-02-07-at-11.29.02-780x585.jpeg 780w, https:\/\/portal.pi.gov.br\/seres\/wp-content\/uploads\/sites\/87\/2024\/02\/WhatsApp-Image-2024-02-07-at-11.29.02-947x710.jpeg 947w, https:\/\/portal.pi.gov.br\/seres\/wp-content\/uploads\/sites\/87\/2024\/02\/WhatsApp-Image-2024-02-07-at-11.29.02-624x468.jpeg 624w, https:\/\/portal.pi.gov.br\/seres\/wp-content\/uploads\/sites\/87\/2024\/02\/WhatsApp-Image-2024-02-07-at-11.29.02.jpeg 1280w\" sizes=\"(max-width: 449px) 100vw, 449px\" \/><\/figure><\/div>\n\n\n<p>Na primeira fase do projeto ser\u00e3o realizadas reuni\u00f5es de mobiliza\u00e7\u00e3o em 65 comunidades e oficinas t\u00e9cnicas. Como metas est\u00e3o a realiza\u00e7\u00e3o de cursos para a produ\u00e7\u00e3o de sementes crioulas; de farm\u00e1cia viva com plantas medicinais; de produ\u00e7\u00e3o de caju\u00edna e doces e de produ\u00e7\u00e3o de mel; al\u00e9m de cursos para cria\u00e7\u00e3o de galinha caipira; cursos de cooperativismo, associativismo e comercializa\u00e7\u00e3o; implanta\u00e7\u00e3o de quintais de produ\u00e7\u00e3o coletiva com foco na produ\u00e7\u00e3o da horticultura e agricultura e, tamb\u00e9m, implanta\u00e7\u00e3o viveiros de mudas frut\u00edferas nas comunidades.<\/p>\n\n\n<div class=\"wp-block-image\">\n<figure class=\"aligncenter size-large is-resized\"><img decoding=\"async\" loading=\"lazy\" src=\"https:\/\/portal.pi.gov.br\/seres\/wp-content\/uploads\/sites\/87\/2024\/02\/WhatsApp-Image-2024-02-07-at-11.29.15-1024x768.jpeg\" alt=\"\" class=\"wp-image-2066\" width=\"453\" height=\"340\" srcset=\"https:\/\/portal.pi.gov.br\/seres\/wp-content\/uploads\/sites\/87\/2024\/02\/WhatsApp-Image-2024-02-07-at-11.29.15-1024x768.jpeg 1024w, https:\/\/portal.pi.gov.br\/seres\/wp-content\/uploads\/sites\/87\/2024\/02\/WhatsApp-Image-2024-02-07-at-11.29.15-300x225.jpeg 300w, https:\/\/portal.pi.gov.br\/seres\/wp-content\/uploads\/sites\/87\/2024\/02\/WhatsApp-Image-2024-02-07-at-11.29.15-768x576.jpeg 768w, https:\/\/portal.pi.gov.br\/seres\/wp-content\/uploads\/sites\/87\/2024\/02\/WhatsApp-Image-2024-02-07-at-11.29.15-420x315.jpeg 420w, https:\/\/portal.pi.gov.br\/seres\/wp-content\/uploads\/sites\/87\/2024\/02\/WhatsApp-Image-2024-02-07-at-11.29.15-540x405.jpeg 540w, https:\/\/portal.pi.gov.br\/seres\/wp-content\/uploads\/sites\/87\/2024\/02\/WhatsApp-Image-2024-02-07-at-11.29.15-780x585.jpeg 780w, https:\/\/portal.pi.gov.br\/seres\/wp-content\/uploads\/sites\/87\/2024\/02\/WhatsApp-Image-2024-02-07-at-11.29.15-947x710.jpeg 947w, https:\/\/portal.pi.gov.br\/seres\/wp-content\/uploads\/sites\/87\/2024\/02\/WhatsApp-Image-2024-02-07-at-11.29.15-624x468.jpeg 624w, https:\/\/portal.pi.gov.br\/seres\/wp-content\/uploads\/sites\/87\/2024\/02\/WhatsApp-Image-2024-02-07-at-11.29.15.jpeg 1280w\" sizes=\"(max-width: 453px) 100vw, 453px\" \/><\/figure><\/div>\n\n\n<p>Tamb\u00e9m ser\u00e1 realizado o mapeamento socioecon\u00f4mico e sociocultural de novas comunidades quilombolas e atualiza\u00e7\u00e3o dos j\u00e1 existentes, entre outras atividades. &#8220;O objetivo final \u00e9 apresentar a\u00e7\u00f5es produtivas para a melhoria das condi\u00e7\u00f5es socioecon\u00f4micas das comunidades quilombolas&#8221;, explicou a secret\u00e1ria N\u00fabia Lopes.<\/p>\n\n\n<div class=\"wp-block-image\">\n<figure class=\"aligncenter size-large is-resized\"><img decoding=\"async\" loading=\"lazy\" src=\"https:\/\/portal.pi.gov.br\/seres\/wp-content\/uploads\/sites\/87\/2024\/02\/WhatsApp-Image-2024-02-07-at-11.29.21-1024x768.jpeg\" alt=\"\" class=\"wp-image-2065\" width=\"459\" height=\"344\" srcset=\"https:\/\/portal.pi.gov.br\/seres\/wp-content\/uploads\/sites\/87\/2024\/02\/WhatsApp-Image-2024-02-07-at-11.29.21-1024x768.jpeg 1024w, https:\/\/portal.pi.gov.br\/seres\/wp-content\/uploads\/sites\/87\/2024\/02\/WhatsApp-Image-2024-02-07-at-11.29.21-300x225.jpeg 300w, https:\/\/portal.pi.gov.br\/seres\/wp-content\/uploads\/sites\/87\/2024\/02\/WhatsApp-Image-2024-02-07-at-11.29.21-768x576.jpeg 768w, https:\/\/portal.pi.gov.br\/seres\/wp-content\/uploads\/sites\/87\/2024\/02\/WhatsApp-Image-2024-02-07-at-11.29.21-420x315.jpeg 420w, https:\/\/portal.pi.gov.br\/seres\/wp-content\/uploads\/sites\/87\/2024\/02\/WhatsApp-Image-2024-02-07-at-11.29.21-540x405.jpeg 540w, https:\/\/portal.pi.gov.br\/seres\/wp-content\/uploads\/sites\/87\/2024\/02\/WhatsApp-Image-2024-02-07-at-11.29.21-780x585.jpeg 780w, https:\/\/portal.pi.gov.br\/seres\/wp-content\/uploads\/sites\/87\/2024\/02\/WhatsApp-Image-2024-02-07-at-11.29.21-947x710.jpeg 947w, https:\/\/portal.pi.gov.br\/seres\/wp-content\/uploads\/sites\/87\/2024\/02\/WhatsApp-Image-2024-02-07-at-11.29.21-624x468.jpeg 624w, https:\/\/portal.pi.gov.br\/seres\/wp-content\/uploads\/sites\/87\/2024\/02\/WhatsApp-Image-2024-02-07-at-11.29.21.jpeg 1280w\" sizes=\"(max-width: 459px) 100vw, 459px\" \/><\/figure><\/div>\n\n\n<p>Para o secret\u00e1rio da Sada, tamb\u00e9m \u00e9 importante incluir no projeto capacita\u00e7\u00f5es de educa\u00e7\u00e3o financeira para um impacto positivo ainda maior para \u00e0s fam\u00edlias. &#8220;Oriento que sejam inclu\u00eddas possibilidades de linhas de cr\u00e9dito e alternativas de financiamento para todo o processo de produ\u00e7\u00e3o e comercializa\u00e7\u00e3o de produtos&#8221;, concluiu F\u00e1bio Abreu.<\/p>\n\n\n<div class=\"wp-block-image\">\n<figure class=\"aligncenter size-large is-resized\"><img decoding=\"async\" loading=\"lazy\" src=\"https:\/\/portal.pi.gov.br\/seres\/wp-content\/uploads\/sites\/87\/2024\/02\/WhatsApp-Image-2024-02-07-at-11.29.28-1024x768.jpeg\" alt=\"\" class=\"wp-image-2064\" width=\"466\" height=\"350\" srcset=\"https:\/\/portal.pi.gov.br\/seres\/wp-content\/uploads\/sites\/87\/2024\/02\/WhatsApp-Image-2024-02-07-at-11.29.28-1024x768.jpeg 1024w, https:\/\/portal.pi.gov.br\/seres\/wp-content\/uploads\/sites\/87\/2024\/02\/WhatsApp-Image-2024-02-07-at-11.29.28-300x225.jpeg 300w, https:\/\/portal.pi.gov.br\/seres\/wp-content\/uploads\/sites\/87\/2024\/02\/WhatsApp-Image-2024-02-07-at-11.29.28-768x576.jpeg 768w, https:\/\/portal.pi.gov.br\/seres\/wp-content\/uploads\/sites\/87\/2024\/02\/WhatsApp-Image-2024-02-07-at-11.29.28-420x315.jpeg 420w, https:\/\/portal.pi.gov.br\/seres\/wp-content\/uploads\/sites\/87\/2024\/02\/WhatsApp-Image-2024-02-07-at-11.29.28-540x405.jpeg 540w, https:\/\/portal.pi.gov.br\/seres\/wp-content\/uploads\/sites\/87\/2024\/02\/WhatsApp-Image-2024-02-07-at-11.29.28-780x585.jpeg 780w, https:\/\/portal.pi.gov.br\/seres\/wp-content\/uploads\/sites\/87\/2024\/02\/WhatsApp-Image-2024-02-07-at-11.29.28-947x710.jpeg 947w, https:\/\/portal.pi.gov.br\/seres\/wp-content\/uploads\/sites\/87\/2024\/02\/WhatsApp-Image-2024-02-07-at-11.29.28-624x468.jpeg 624w, https:\/\/portal.pi.gov.br\/seres\/wp-content\/uploads\/sites\/87\/2024\/02\/WhatsApp-Image-2024-02-07-at-11.29.28.jpeg 1280w\" sizes=\"(max-width: 466px) 100vw, 466px\" \/><\/figure><\/div>\n\n\n<p>O projeto \u00e9 uma parceria das secretarias Sada, Seres, da A\u00e7\u00e3o Social e Direitos Humanos (Sasc), da Agricultura Familiar (SAF) e da Coordena\u00e7\u00e3o Estadual das Comunidades Quilombolas (CECOQ).<\/p>\n","protected":false},"excerpt":{"rendered":"<p>A secret\u00e1ria de Estado das Rela\u00e7\u00f5es Sociais, N\u00fabia Lopes, participou na manh\u00e3 desta quarta-feira (7), do lan\u00e7amento do projeto ATER no Quilombo, realizado na sede da Secretaria de Assist\u00eancia T\u00e9cnica [&hellip;]<\/p>\n","protected":false},"author":1748,"featured_media":2066,"comment_status":"closed","ping_status":"closed","sticky":false,"template":"","format":"standard","meta":[],"categories":[34],"tags":[69,47,70,41],"featured_image_urls":{"full":["https:\/\/portal.pi.gov.br\/seres\/wp-content\/uploads\/sites\/87\/2024\/02\/WhatsApp-Image-2024-02-07-at-11.29.15.jpeg",1280,960,false],"thumbnail":["https:\/\/portal.pi.gov.br\/seres\/wp-content\/uploads\/sites\/87\/2024\/02\/WhatsApp-Image-2024-02-07-at-11.29.15-150x150.jpeg",150,150,true],"medium":["https:\/\/portal.pi.gov.br\/seres\/wp-content\/uploads\/sites\/87\/2024\/02\/WhatsApp-Image-2024-02-07-at-11.29.15-300x225.jpeg",300,225,true],"medium_large":["https:\/\/portal.pi.gov.br\/seres\/wp-content\/uploads\/sites\/87\/2024\/02\/WhatsApp-Image-2024-02-07-at-11.29.15-768x576.jpeg",768,576,true],"large":["https:\/\/portal.pi.gov.br\/seres\/wp-content\/uploads\/sites\/87\/2024\/02\/WhatsApp-Image-2024-02-07-at-11.29.15-1024x768.jpeg",887,665,true],"sgg-420":["https:\/\/portal.pi.gov.br\/seres\/wp-content\/uploads\/sites\/87\/2024\/02\/WhatsApp-Image-2024-02-07-at-11.29.15-420x315.jpeg",420,315,true],"sgg-540":["https:\/\/portal.pi.gov.br\/seres\/wp-content\/uploads\/sites\/87\/2024\/02\/WhatsApp-Image-2024-02-07-at-11.29.15-540x405.jpeg",540,405,true],"sgg-780":["https:\/\/portal.pi.gov.br\/seres\/wp-content\/uploads\/sites\/87\/2024\/02\/WhatsApp-Image-2024-02-07-at-11.29.15-780x585.jpeg",780,585,true],"1536x1536":["https:\/\/portal.pi.gov.br\/seres\/wp-content\/uploads\/sites\/87\/2024\/02\/WhatsApp-Image-2024-02-07-at-11.29.15.jpeg",1280,960,false],"2048x2048":["https:\/\/portal.pi.gov.br\/seres\/wp-content\/uploads\/sites\/87\/2024\/02\/WhatsApp-Image-2024-02-07-at-11.29.15.jpeg",1280,960,false],"homepage-slider":["https:\/\/portal.pi.gov.br\/seres\/wp-content\/uploads\/sites\/87\/2024\/02\/WhatsApp-Image-2024-02-07-at-11.29.15-1270x500.jpeg",1270,500,true],"homepage-slider-small":["https:\/\/portal.pi.gov.br\/seres\/wp-content\/uploads\/sites\/87\/2024\/02\/WhatsApp-Image-2024-02-07-at-11.29.15-947x500.jpeg",947,500,true],"page-top":["https:\/\/portal.pi.gov.br\/seres\/wp-content\/uploads\/sites\/87\/2024\/02\/WhatsApp-Image-2024-02-07-at-11.29.15-947x710.jpeg",947,710,true],"page-small":["https:\/\/portal.pi.gov.br\/seres\/wp-content\/uploads\/sites\/87\/2024\/02\/WhatsApp-Image-2024-02-07-at-11.29.15-624x468.jpeg",624,468,true],"loop-main":["https:\/\/portal.pi.gov.br\/seres\/wp-content\/uploads\/sites\/87\/2024\/02\/WhatsApp-Image-2024-02-07-at-11.29.15-365x240.jpeg",365,240,true],"thumb-gallery-widget":["https:\/\/portal.pi.gov.br\/seres\/wp-content\/uploads\/sites\/87\/2024\/02\/WhatsApp-Image-2024-02-07-at-11.29.15-84x56.jpeg",84,56,true]},"post_excerpt_stackable":"<p>A secret\u00e1ria de Estado das Rela\u00e7\u00f5es Sociais, N\u00fabia Lopes, participou na manh\u00e3 desta quarta-feira (7), do lan\u00e7amento do projeto ATER no Quilombo, realizado na sede da Secretaria de Assist\u00eancia T\u00e9cnica e Defesa Agropecu\u00e1ria (Sada). O projeto visa a assist\u00eancia t\u00e9cnica e sociocultural \u00e0s comunidades tradicionais quilombolas, al\u00e9m da continuidade das a\u00e7\u00f5es implementadas pelo extinto Emater-PI. Na primeira fase do projeto ser\u00e3o realizadas reuni\u00f5es de mobiliza\u00e7\u00e3o em 65 comunidades e oficinas t\u00e9cnicas. Como metas est\u00e3o a realiza\u00e7\u00e3o de cursos para a produ\u00e7\u00e3o de sementes crioulas; de farm\u00e1cia viva com plantas medicinais; de produ\u00e7\u00e3o de caju\u00edna e doces e de produ\u00e7\u00e3o de&hellip;<\/p>\n","category_list":"<a href=\"https:\/\/portal.pi.gov.br\/seres\/category\/noticias\/\" rel=\"category tag\">Not\u00edcias<\/a>","author_info":{"name":"natalina","url":"https:\/\/portal.pi.gov.br\/seres\/author\/natalina\/"},"comments_num":"0 coment\u00e1rio","featured_image_urls_v2":{"full":["https:\/\/portal.pi.gov.br\/seres\/wp-content\/uploads\/sites\/87\/2024\/02\/WhatsApp-Image-2024-02-07-at-11.29.15.jpeg",1280,960,false],"thumbnail":["https:\/\/portal.pi.gov.br\/seres\/wp-content\/uploads\/sites\/87\/2024\/02\/WhatsApp-Image-2024-02-07-at-11.29.15-150x150.jpeg",150,150,true],"medium":["https:\/\/portal.pi.gov.br\/seres\/wp-content\/uploads\/sites\/87\/2024\/02\/WhatsApp-Image-2024-02-07-at-11.29.15-300x225.jpeg",300,225,true],"medium_large":["https:\/\/portal.pi.gov.br\/seres\/wp-content\/uploads\/sites\/87\/2024\/02\/WhatsApp-Image-2024-02-07-at-11.29.15-768x576.jpeg",768,576,true],"large":["https:\/\/portal.pi.gov.br\/seres\/wp-content\/uploads\/sites\/87\/2024\/02\/WhatsApp-Image-2024-02-07-at-11.29.15-1024x768.jpeg",887,665,true],"sgg-420":["https:\/\/portal.pi.gov.br\/seres\/wp-content\/uploads\/sites\/87\/2024\/02\/WhatsApp-Image-2024-02-07-at-11.29.15-420x315.jpeg",420,315,true],"sgg-540":["https:\/\/portal.pi.gov.br\/seres\/wp-content\/uploads\/sites\/87\/2024\/02\/WhatsApp-Image-2024-02-07-at-11.29.15-540x405.jpeg",540,405,true],"sgg-780":["https:\/\/portal.pi.gov.br\/seres\/wp-content\/uploads\/sites\/87\/2024\/02\/WhatsApp-Image-2024-02-07-at-11.29.15-780x585.jpeg",780,585,true],"1536x1536":["https:\/\/portal.pi.gov.br\/seres\/wp-content\/uploads\/sites\/87\/2024\/02\/WhatsApp-Image-2024-02-07-at-11.29.15.jpeg",1280,960,false],"2048x2048":["https:\/\/portal.pi.gov.br\/seres\/wp-content\/uploads\/sites\/87\/2024\/02\/WhatsApp-Image-2024-02-07-at-11.29.15.jpeg",1280,960,false],"homepage-slider":["https:\/\/portal.pi.gov.br\/seres\/wp-content\/uploads\/sites\/87\/2024\/02\/WhatsApp-Image-2024-02-07-at-11.29.15-1270x500.jpeg",1270,500,true],"homepage-slider-small":["https:\/\/portal.pi.gov.br\/seres\/wp-content\/uploads\/sites\/87\/2024\/02\/WhatsApp-Image-2024-02-07-at-11.29.15-947x500.jpeg",947,500,true],"page-top":["https:\/\/portal.pi.gov.br\/seres\/wp-content\/uploads\/sites\/87\/2024\/02\/WhatsApp-Image-2024-02-07-at-11.29.15-947x710.jpeg",947,710,true],"page-small":["https:\/\/portal.pi.gov.br\/seres\/wp-content\/uploads\/sites\/87\/2024\/02\/WhatsApp-Image-2024-02-07-at-11.29.15-624x468.jpeg",624,468,true],"loop-main":["https:\/\/portal.pi.gov.br\/seres\/wp-content\/uploads\/sites\/87\/2024\/02\/WhatsApp-Image-2024-02-07-at-11.29.15-365x240.jpeg",365,240,true],"thumb-gallery-widget":["https:\/\/portal.pi.gov.br\/seres\/wp-content\/uploads\/sites\/87\/2024\/02\/WhatsApp-Image-2024-02-07-at-11.29.15-84x56.jpeg",84,56,true]},"post_excerpt_stackable_v2":"<p>A secret\u00e1ria de Estado das Rela\u00e7\u00f5es Sociais, N\u00fabia Lopes, participou na manh\u00e3 desta quarta-feira (7), do lan\u00e7amento do projeto ATER no Quilombo, realizado na sede da Secretaria de Assist\u00eancia T\u00e9cnica e Defesa Agropecu\u00e1ria (Sada). O projeto visa a assist\u00eancia t\u00e9cnica e sociocultural \u00e0s comunidades tradicionais quilombolas, al\u00e9m da continuidade das a\u00e7\u00f5es implementadas pelo extinto Emater-PI. Na primeira fase do projeto ser\u00e3o realizadas reuni\u00f5es de mobiliza\u00e7\u00e3o em 65 comunidades e oficinas t\u00e9cnicas. Como metas est\u00e3o a realiza\u00e7\u00e3o de cursos para a produ\u00e7\u00e3o de sementes crioulas; de farm\u00e1cia viva com plantas medicinais; de produ\u00e7\u00e3o de caju\u00edna e doces e de produ\u00e7\u00e3o de&hellip;<\/p>\n","category_list_v2":"<a href=\"https:\/\/portal.pi.gov.br\/seres\/category\/noticias\/\" rel=\"category tag\">Not\u00edcias<\/a>","author_info_v2":{"name":"natalina","url":"https:\/\/portal.pi.gov.br\/seres\/author\/natalina\/"},"comments_num_v2":"0 coment\u00e1rio","jetpack_featured_media_url":"https:\/\/portal.pi.gov.br\/seres\/wp-content\/uploads\/sites\/87\/2024\/02\/WhatsApp-Image-2024-02-07-at-11.29.15.jpeg","_links":{"self":[{"href":"https:\/\/portal.pi.gov.br\/seres\/wp-json\/wp\/v2\/posts\/2062"}],"collection":[{"href":"https:\/\/portal.pi.gov.br\/seres\/wp-json\/wp\/v2\/posts"}],"about":[{"href":"https:\/\/portal.pi.gov.br\/seres\/wp-json\/wp\/v2\/types\/post"}],"author":[{"embeddable":true,"href":"https:\/\/portal.pi.gov.br\/seres\/wp-json\/wp\/v2\/users\/1748"}],"replies":[{"embeddable":true,"href":"https:\/\/portal.pi.gov.br\/seres\/wp-json\/wp\/v2\/comments?post=2062"}],"version-history":[{"count":2,"href":"https:\/\/portal.pi.gov.br\/seres\/wp-json\/wp\/v2\/posts\/2062\/revisions"}],"predecessor-version":[{"id":2068,"href":"https:\/\/portal.pi.gov.br\/seres\/wp-json\/wp\/v2\/posts\/2062\/revisions\/2068"}],"wp:featuredmedia":[{"embeddable":true,"href":"https:\/\/portal.pi.gov.br\/seres\/wp-json\/wp\/v2\/media\/2066"}],"wp:attachment":[{"href":"https:\/\/portal.pi.gov.br\/seres\/wp-json\/wp\/v2\/media?parent=2062"}],"wp:term":[{"taxonomy":"category","embeddable":true,"href":"https:\/\/portal.pi.gov.br\/seres\/wp-json\/wp\/v2\/categories?post=2062"},{"taxonomy":"post_tag","embeddable":true,"href":"https:\/\/portal.pi.gov.br\/seres\/wp-json\/wp\/v2\/tags?post=2062"}],"curies":[{"name":"wp","href":"https:\/\/api.w.org\/{rel}","templated":true}]}}