{"id":2069,"date":"2024-02-07T14:29:22","date_gmt":"2024-02-07T17:29:22","guid":{"rendered":"https:\/\/portal.pi.gov.br\/seres\/?p=2069"},"modified":"2024-02-07T14:29:56","modified_gmt":"2024-02-07T17:29:56","slug":"nubia-lopes-participa-de-solenidade-alusiva-aos-12-anos-da-pastoral-do-povo-de-rua","status":"publish","type":"post","link":"https:\/\/portal.pi.gov.br\/seres\/2024\/02\/07\/nubia-lopes-participa-de-solenidade-alusiva-aos-12-anos-da-pastoral-do-povo-de-rua\/","title":{"rendered":"N\u00fabia Lopes participa de solenidade alusiva aos 12 anos da Pastoral do Povo de Rua em Teresina"},"content":{"rendered":"\n<p>A secret\u00e1ria de Estado das Rela\u00e7\u00f5es Sociais, N\u00fabia Lopes, representou o governador Rafael Fonteles na solenidade comemorativa dos 12 anos da Pastoral do Povo de Rua de Teresina realizada no Plen\u00e1rio da C\u00e2mara de Vereadores da capital, na manh\u00e3 desta quarta-feira (7).<\/p>\n\n\n<div class=\"wp-block-image\">\n<figure class=\"aligncenter size-large is-resized\"><img decoding=\"async\" loading=\"lazy\" src=\"https:\/\/portal.pi.gov.br\/seres\/wp-content\/uploads\/sites\/87\/2024\/02\/WhatsApp-Image-2024-02-07-at-12.47.36-1024x768.jpeg\" alt=\"\" class=\"wp-image-2070\" width=\"462\" height=\"347\" srcset=\"https:\/\/portal.pi.gov.br\/seres\/wp-content\/uploads\/sites\/87\/2024\/02\/WhatsApp-Image-2024-02-07-at-12.47.36-1024x768.jpeg 1024w, https:\/\/portal.pi.gov.br\/seres\/wp-content\/uploads\/sites\/87\/2024\/02\/WhatsApp-Image-2024-02-07-at-12.47.36-300x225.jpeg 300w, https:\/\/portal.pi.gov.br\/seres\/wp-content\/uploads\/sites\/87\/2024\/02\/WhatsApp-Image-2024-02-07-at-12.47.36-768x576.jpeg 768w, https:\/\/portal.pi.gov.br\/seres\/wp-content\/uploads\/sites\/87\/2024\/02\/WhatsApp-Image-2024-02-07-at-12.47.36-420x315.jpeg 420w, https:\/\/portal.pi.gov.br\/seres\/wp-content\/uploads\/sites\/87\/2024\/02\/WhatsApp-Image-2024-02-07-at-12.47.36-540x405.jpeg 540w, https:\/\/portal.pi.gov.br\/seres\/wp-content\/uploads\/sites\/87\/2024\/02\/WhatsApp-Image-2024-02-07-at-12.47.36-780x585.jpeg 780w, https:\/\/portal.pi.gov.br\/seres\/wp-content\/uploads\/sites\/87\/2024\/02\/WhatsApp-Image-2024-02-07-at-12.47.36-947x710.jpeg 947w, https:\/\/portal.pi.gov.br\/seres\/wp-content\/uploads\/sites\/87\/2024\/02\/WhatsApp-Image-2024-02-07-at-12.47.36-624x468.jpeg 624w, https:\/\/portal.pi.gov.br\/seres\/wp-content\/uploads\/sites\/87\/2024\/02\/WhatsApp-Image-2024-02-07-at-12.47.36.jpeg 1280w\" sizes=\"(max-width: 462px) 100vw, 462px\" \/><\/figure><\/div>\n\n\n<p><br>Na ocasi\u00e3o, o Pe. Jo\u00e3o Paulo contou a sua experi\u00eancia em Portugal com a Pastoral de Rua e como trouxe esta iniciativa para a Arquidiocese de Teresina. A Pastoral foi criada em 2013 na capital e em 2020 inaugurou a Casa de Qualifica\u00e7\u00e3o Profissional.<\/p>\n\n\n<div class=\"wp-block-image\">\n<figure class=\"aligncenter size-large is-resized\"><img decoding=\"async\" loading=\"lazy\" src=\"https:\/\/portal.pi.gov.br\/seres\/wp-content\/uploads\/sites\/87\/2024\/02\/WhatsApp-Image-2024-02-07-at-12.35.37-1024x768.jpeg\" alt=\"\" class=\"wp-image-2073\" width=\"470\" height=\"353\" srcset=\"https:\/\/portal.pi.gov.br\/seres\/wp-content\/uploads\/sites\/87\/2024\/02\/WhatsApp-Image-2024-02-07-at-12.35.37-1024x768.jpeg 1024w, https:\/\/portal.pi.gov.br\/seres\/wp-content\/uploads\/sites\/87\/2024\/02\/WhatsApp-Image-2024-02-07-at-12.35.37-300x225.jpeg 300w, https:\/\/portal.pi.gov.br\/seres\/wp-content\/uploads\/sites\/87\/2024\/02\/WhatsApp-Image-2024-02-07-at-12.35.37-768x576.jpeg 768w, https:\/\/portal.pi.gov.br\/seres\/wp-content\/uploads\/sites\/87\/2024\/02\/WhatsApp-Image-2024-02-07-at-12.35.37-420x315.jpeg 420w, https:\/\/portal.pi.gov.br\/seres\/wp-content\/uploads\/sites\/87\/2024\/02\/WhatsApp-Image-2024-02-07-at-12.35.37-540x405.jpeg 540w, https:\/\/portal.pi.gov.br\/seres\/wp-content\/uploads\/sites\/87\/2024\/02\/WhatsApp-Image-2024-02-07-at-12.35.37-780x585.jpeg 780w, https:\/\/portal.pi.gov.br\/seres\/wp-content\/uploads\/sites\/87\/2024\/02\/WhatsApp-Image-2024-02-07-at-12.35.37-1536x1152.jpeg 1536w, https:\/\/portal.pi.gov.br\/seres\/wp-content\/uploads\/sites\/87\/2024\/02\/WhatsApp-Image-2024-02-07-at-12.35.37-2048x1536.jpeg 2048w, https:\/\/portal.pi.gov.br\/seres\/wp-content\/uploads\/sites\/87\/2024\/02\/WhatsApp-Image-2024-02-07-at-12.35.37-947x710.jpeg 947w, https:\/\/portal.pi.gov.br\/seres\/wp-content\/uploads\/sites\/87\/2024\/02\/WhatsApp-Image-2024-02-07-at-12.35.37-624x468.jpeg 624w\" sizes=\"(max-width: 470px) 100vw, 470px\" \/><\/figure><\/div>\n\n\n<p><br>Para ajudar no desenvolvimento do trabalho da entidade, existe uma parceria do Governo do Estado atrav\u00e9s de diversas secretarias, como a SERES (Secretaria de Estado das Rela\u00e7\u00f5es Sociais) e a SASC (Secretaria de A\u00e7\u00e3o Social e Direitos Humanos). A secret\u00e1ria N\u00fabia Lopes expressou sua gratid\u00e3o pelo trabalho desenvolvido na Pastoral. &#8220;Destaco o cuidado de todos que fazem parte da Pastoral aos que s\u00e3o invisibilizados pela sociedade e reafirmo o compromisso do Governo nas parcerias com esta a\u00e7\u00e3o&#8221;, disse.<\/p>\n\n\n<div class=\"wp-block-image\">\n<figure class=\"aligncenter size-large is-resized\"><img decoding=\"async\" loading=\"lazy\" src=\"https:\/\/portal.pi.gov.br\/seres\/wp-content\/uploads\/sites\/87\/2024\/02\/WhatsApp-Image-2024-02-07-at-12.47.52-1024x768.jpeg\" alt=\"\" class=\"wp-image-2071\" width=\"480\" height=\"360\" srcset=\"https:\/\/portal.pi.gov.br\/seres\/wp-content\/uploads\/sites\/87\/2024\/02\/WhatsApp-Image-2024-02-07-at-12.47.52-1024x768.jpeg 1024w, https:\/\/portal.pi.gov.br\/seres\/wp-content\/uploads\/sites\/87\/2024\/02\/WhatsApp-Image-2024-02-07-at-12.47.52-300x225.jpeg 300w, https:\/\/portal.pi.gov.br\/seres\/wp-content\/uploads\/sites\/87\/2024\/02\/WhatsApp-Image-2024-02-07-at-12.47.52-768x576.jpeg 768w, https:\/\/portal.pi.gov.br\/seres\/wp-content\/uploads\/sites\/87\/2024\/02\/WhatsApp-Image-2024-02-07-at-12.47.52-420x315.jpeg 420w, https:\/\/portal.pi.gov.br\/seres\/wp-content\/uploads\/sites\/87\/2024\/02\/WhatsApp-Image-2024-02-07-at-12.47.52-540x405.jpeg 540w, https:\/\/portal.pi.gov.br\/seres\/wp-content\/uploads\/sites\/87\/2024\/02\/WhatsApp-Image-2024-02-07-at-12.47.52-780x585.jpeg 780w, https:\/\/portal.pi.gov.br\/seres\/wp-content\/uploads\/sites\/87\/2024\/02\/WhatsApp-Image-2024-02-07-at-12.47.52-947x710.jpeg 947w, https:\/\/portal.pi.gov.br\/seres\/wp-content\/uploads\/sites\/87\/2024\/02\/WhatsApp-Image-2024-02-07-at-12.47.52-624x468.jpeg 624w, https:\/\/portal.pi.gov.br\/seres\/wp-content\/uploads\/sites\/87\/2024\/02\/WhatsApp-Image-2024-02-07-at-12.47.52.jpeg 1280w\" sizes=\"(max-width: 480px) 100vw, 480px\" \/><\/figure><\/div>\n\n\n<p><br>Francisco Wagner deu o seu depoimento como representante dos acolhidos e ex. acolhidos pela Pastoral, agradecendo \u00e0 Deus e \u00e0s autoridades presentes. &#8220;Em 2016 fui acolhido pela Pastoral, fiquei livre dos v\u00edcios e consegui voltar para minha fam\u00edlia. Hoje sou pastor e agrade\u00e7o \u00e0queles que cuidam do povo de rua, esquecido e desprezado pela sociedade. Agrade\u00e7o ao padre por ter acreditado em mim, quando ningu\u00e9m mais acreditava&#8221;, disse.<\/p>\n\n\n<div class=\"wp-block-image\">\n<figure class=\"aligncenter size-large is-resized\"><img decoding=\"async\" loading=\"lazy\" src=\"https:\/\/portal.pi.gov.br\/seres\/wp-content\/uploads\/sites\/87\/2024\/02\/WhatsApp-Image-2024-02-07-at-12.46.04-1024x768.jpeg\" alt=\"\" class=\"wp-image-2072\" width=\"488\" height=\"366\" srcset=\"https:\/\/portal.pi.gov.br\/seres\/wp-content\/uploads\/sites\/87\/2024\/02\/WhatsApp-Image-2024-02-07-at-12.46.04-1024x768.jpeg 1024w, https:\/\/portal.pi.gov.br\/seres\/wp-content\/uploads\/sites\/87\/2024\/02\/WhatsApp-Image-2024-02-07-at-12.46.04-300x225.jpeg 300w, https:\/\/portal.pi.gov.br\/seres\/wp-content\/uploads\/sites\/87\/2024\/02\/WhatsApp-Image-2024-02-07-at-12.46.04-768x576.jpeg 768w, https:\/\/portal.pi.gov.br\/seres\/wp-content\/uploads\/sites\/87\/2024\/02\/WhatsApp-Image-2024-02-07-at-12.46.04-420x315.jpeg 420w, https:\/\/portal.pi.gov.br\/seres\/wp-content\/uploads\/sites\/87\/2024\/02\/WhatsApp-Image-2024-02-07-at-12.46.04-540x405.jpeg 540w, https:\/\/portal.pi.gov.br\/seres\/wp-content\/uploads\/sites\/87\/2024\/02\/WhatsApp-Image-2024-02-07-at-12.46.04-780x585.jpeg 780w, https:\/\/portal.pi.gov.br\/seres\/wp-content\/uploads\/sites\/87\/2024\/02\/WhatsApp-Image-2024-02-07-at-12.46.04-1536x1152.jpeg 1536w, https:\/\/portal.pi.gov.br\/seres\/wp-content\/uploads\/sites\/87\/2024\/02\/WhatsApp-Image-2024-02-07-at-12.46.04-2048x1536.jpeg 2048w, https:\/\/portal.pi.gov.br\/seres\/wp-content\/uploads\/sites\/87\/2024\/02\/WhatsApp-Image-2024-02-07-at-12.46.04-947x710.jpeg 947w, https:\/\/portal.pi.gov.br\/seres\/wp-content\/uploads\/sites\/87\/2024\/02\/WhatsApp-Image-2024-02-07-at-12.46.04-624x468.jpeg 624w\" sizes=\"(max-width: 488px) 100vw, 488px\" \/><\/figure><\/div>\n\n\n<p><br>Dom Juarez, em sua fala, destacou dois prop\u00f3sitos na solenidade. &#8220;O primeiro: o ato de reconhecimento da Pastoral como um sinal de Deus em nosso meio. O segundo: precisamos de pol\u00edticas p\u00fablicas de preven\u00e7\u00e3o e tamb\u00e9m de assist\u00eancia, j\u00e1 que a pol\u00edtica se faz atrav\u00e9s de representa\u00e7\u00e3o e participa\u00e7\u00e3o&#8221;, afirmou.<\/p>\n\n\n\n<p><br>A miss\u00e3o da Pastoral do Povo da Rua \u00e9 possibilitar \u00e0s pessoas em situa\u00e7\u00e3o de rua, espa\u00e7os de integra\u00e7\u00e3o, forma\u00e7\u00e3o e qualifica\u00e7\u00e3o para a reinser\u00e7\u00e3o social, atrav\u00e9s de a\u00e7\u00f5es que promovam o autoconhecimento e a autorreflex\u00e3o, permitindo o resgate de valores pessoais e a responsabilidade por seus comportamentos e atitudes, atrav\u00e9s de oficinas alternativas.<\/p>\n\n\n\n<p><br>A solenidade foi proposta pelos vereadores Dudu, Paulo Lopes e Elzuila Calixto. Estavam presentes o empres\u00e1rio Silvio Leite, Francisco Wagner, representando acolhidos e ex. acolhidos, Pe. Jo\u00e3o Paulo, coordenador da Pastoral de Rua, Dom Juarez, arcebispo de Teresina, Dom Jacinto, arcebispo Em\u00e9rito de Teresina, Nubia Lopes secret\u00e1ria da Seres, vereadores e convidados.<\/p>\n","protected":false},"excerpt":{"rendered":"<p>A secret\u00e1ria de Estado das Rela\u00e7\u00f5es Sociais, N\u00fabia Lopes, representou o governador Rafael Fonteles na solenidade comemorativa dos 12 anos da Pastoral do Povo de Rua de Teresina realizada no [&hellip;]<\/p>\n","protected":false},"author":1748,"featured_media":2070,"comment_status":"closed","ping_status":"closed","sticky":false,"template":"","format":"standard","meta":[],"categories":[34],"tags":[47,41],"featured_image_urls":{"full":["https:\/\/portal.pi.gov.br\/seres\/wp-content\/uploads\/sites\/87\/2024\/02\/WhatsApp-Image-2024-02-07-at-12.47.36.jpeg",1280,960,false],"thumbnail":["https:\/\/portal.pi.gov.br\/seres\/wp-content\/uploads\/sites\/87\/2024\/02\/WhatsApp-Image-2024-02-07-at-12.47.36-150x150.jpeg",150,150,true],"medium":["https:\/\/portal.pi.gov.br\/seres\/wp-content\/uploads\/sites\/87\/2024\/02\/WhatsApp-Image-2024-02-07-at-12.47.36-300x225.jpeg",300,225,true],"medium_large":["https:\/\/portal.pi.gov.br\/seres\/wp-content\/uploads\/sites\/87\/2024\/02\/WhatsApp-Image-2024-02-07-at-12.47.36-768x576.jpeg",768,576,true],"large":["https:\/\/portal.pi.gov.br\/seres\/wp-content\/uploads\/sites\/87\/2024\/02\/WhatsApp-Image-2024-02-07-at-12.47.36-1024x768.jpeg",887,665,true],"sgg-420":["https:\/\/portal.pi.gov.br\/seres\/wp-content\/uploads\/sites\/87\/2024\/02\/WhatsApp-Image-2024-02-07-at-12.47.36-420x315.jpeg",420,315,true],"sgg-540":["https:\/\/portal.pi.gov.br\/seres\/wp-content\/uploads\/sites\/87\/2024\/02\/WhatsApp-Image-2024-02-07-at-12.47.36-540x405.jpeg",540,405,true],"sgg-780":["https:\/\/portal.pi.gov.br\/seres\/wp-content\/uploads\/sites\/87\/2024\/02\/WhatsApp-Image-2024-02-07-at-12.47.36-780x585.jpeg",780,585,true],"1536x1536":["https:\/\/portal.pi.gov.br\/seres\/wp-content\/uploads\/sites\/87\/2024\/02\/WhatsApp-Image-2024-02-07-at-12.47.36.jpeg",1280,960,false],"2048x2048":["https:\/\/portal.pi.gov.br\/seres\/wp-content\/uploads\/sites\/87\/2024\/02\/WhatsApp-Image-2024-02-07-at-12.47.36.jpeg",1280,960,false],"homepage-slider":["https:\/\/portal.pi.gov.br\/seres\/wp-content\/uploads\/sites\/87\/2024\/02\/WhatsApp-Image-2024-02-07-at-12.47.36-1270x500.jpeg",1270,500,true],"homepage-slider-small":["https:\/\/portal.pi.gov.br\/seres\/wp-content\/uploads\/sites\/87\/2024\/02\/WhatsApp-Image-2024-02-07-at-12.47.36-947x500.jpeg",947,500,true],"page-top":["https:\/\/portal.pi.gov.br\/seres\/wp-content\/uploads\/sites\/87\/2024\/02\/WhatsApp-Image-2024-02-07-at-12.47.36-947x710.jpeg",947,710,true],"page-small":["https:\/\/portal.pi.gov.br\/seres\/wp-content\/uploads\/sites\/87\/2024\/02\/WhatsApp-Image-2024-02-07-at-12.47.36-624x468.jpeg",624,468,true],"loop-main":["https:\/\/portal.pi.gov.br\/seres\/wp-content\/uploads\/sites\/87\/2024\/02\/WhatsApp-Image-2024-02-07-at-12.47.36-365x240.jpeg",365,240,true],"thumb-gallery-widget":["https:\/\/portal.pi.gov.br\/seres\/wp-content\/uploads\/sites\/87\/2024\/02\/WhatsApp-Image-2024-02-07-at-12.47.36-84x56.jpeg",84,56,true]},"post_excerpt_stackable":"<p>A secret\u00e1ria de Estado das Rela\u00e7\u00f5es Sociais, N\u00fabia Lopes, representou o governador Rafael Fonteles na solenidade comemorativa dos 12 anos da Pastoral do Povo de Rua de Teresina realizada no Plen\u00e1rio da C\u00e2mara de Vereadores da capital, na manh\u00e3 desta quarta-feira (7). Na ocasi\u00e3o, o Pe. Jo\u00e3o Paulo contou a sua experi\u00eancia em Portugal com a Pastoral de Rua e como trouxe esta iniciativa para a Arquidiocese de Teresina. A Pastoral foi criada em 2013 na capital e em 2020 inaugurou a Casa de Qualifica\u00e7\u00e3o Profissional. Para ajudar no desenvolvimento do trabalho da entidade, existe uma parceria do Governo do&hellip;<\/p>\n","category_list":"<a href=\"https:\/\/portal.pi.gov.br\/seres\/category\/noticias\/\" rel=\"category tag\">Not\u00edcias<\/a>","author_info":{"name":"natalina","url":"https:\/\/portal.pi.gov.br\/seres\/author\/natalina\/"},"comments_num":"0 coment\u00e1rio","featured_image_urls_v2":{"full":["https:\/\/portal.pi.gov.br\/seres\/wp-content\/uploads\/sites\/87\/2024\/02\/WhatsApp-Image-2024-02-07-at-12.47.36.jpeg",1280,960,false],"thumbnail":["https:\/\/portal.pi.gov.br\/seres\/wp-content\/uploads\/sites\/87\/2024\/02\/WhatsApp-Image-2024-02-07-at-12.47.36-150x150.jpeg",150,150,true],"medium":["https:\/\/portal.pi.gov.br\/seres\/wp-content\/uploads\/sites\/87\/2024\/02\/WhatsApp-Image-2024-02-07-at-12.47.36-300x225.jpeg",300,225,true],"medium_large":["https:\/\/portal.pi.gov.br\/seres\/wp-content\/uploads\/sites\/87\/2024\/02\/WhatsApp-Image-2024-02-07-at-12.47.36-768x576.jpeg",768,576,true],"large":["https:\/\/portal.pi.gov.br\/seres\/wp-content\/uploads\/sites\/87\/2024\/02\/WhatsApp-Image-2024-02-07-at-12.47.36-1024x768.jpeg",887,665,true],"sgg-420":["https:\/\/portal.pi.gov.br\/seres\/wp-content\/uploads\/sites\/87\/2024\/02\/WhatsApp-Image-2024-02-07-at-12.47.36-420x315.jpeg",420,315,true],"sgg-540":["https:\/\/portal.pi.gov.br\/seres\/wp-content\/uploads\/sites\/87\/2024\/02\/WhatsApp-Image-2024-02-07-at-12.47.36-540x405.jpeg",540,405,true],"sgg-780":["https:\/\/portal.pi.gov.br\/seres\/wp-content\/uploads\/sites\/87\/2024\/02\/WhatsApp-Image-2024-02-07-at-12.47.36-780x585.jpeg",780,585,true],"1536x1536":["https:\/\/portal.pi.gov.br\/seres\/wp-content\/uploads\/sites\/87\/2024\/02\/WhatsApp-Image-2024-02-07-at-12.47.36.jpeg",1280,960,false],"2048x2048":["https:\/\/portal.pi.gov.br\/seres\/wp-content\/uploads\/sites\/87\/2024\/02\/WhatsApp-Image-2024-02-07-at-12.47.36.jpeg",1280,960,false],"homepage-slider":["https:\/\/portal.pi.gov.br\/seres\/wp-content\/uploads\/sites\/87\/2024\/02\/WhatsApp-Image-2024-02-07-at-12.47.36-1270x500.jpeg",1270,500,true],"homepage-slider-small":["https:\/\/portal.pi.gov.br\/seres\/wp-content\/uploads\/sites\/87\/2024\/02\/WhatsApp-Image-2024-02-07-at-12.47.36-947x500.jpeg",947,500,true],"page-top":["https:\/\/portal.pi.gov.br\/seres\/wp-content\/uploads\/sites\/87\/2024\/02\/WhatsApp-Image-2024-02-07-at-12.47.36-947x710.jpeg",947,710,true],"page-small":["https:\/\/portal.pi.gov.br\/seres\/wp-content\/uploads\/sites\/87\/2024\/02\/WhatsApp-Image-2024-02-07-at-12.47.36-624x468.jpeg",624,468,true],"loop-main":["https:\/\/portal.pi.gov.br\/seres\/wp-content\/uploads\/sites\/87\/2024\/02\/WhatsApp-Image-2024-02-07-at-12.47.36-365x240.jpeg",365,240,true],"thumb-gallery-widget":["https:\/\/portal.pi.gov.br\/seres\/wp-content\/uploads\/sites\/87\/2024\/02\/WhatsApp-Image-2024-02-07-at-12.47.36-84x56.jpeg",84,56,true]},"post_excerpt_stackable_v2":"<p>A secret\u00e1ria de Estado das Rela\u00e7\u00f5es Sociais, N\u00fabia Lopes, representou o governador Rafael Fonteles na solenidade comemorativa dos 12 anos da Pastoral do Povo de Rua de Teresina realizada no Plen\u00e1rio da C\u00e2mara de Vereadores da capital, na manh\u00e3 desta quarta-feira (7). Na ocasi\u00e3o, o Pe. Jo\u00e3o Paulo contou a sua experi\u00eancia em Portugal com a Pastoral de Rua e como trouxe esta iniciativa para a Arquidiocese de Teresina. A Pastoral foi criada em 2013 na capital e em 2020 inaugurou a Casa de Qualifica\u00e7\u00e3o Profissional. Para ajudar no desenvolvimento do trabalho da entidade, existe uma parceria do Governo do&hellip;<\/p>\n","category_list_v2":"<a href=\"https:\/\/portal.pi.gov.br\/seres\/category\/noticias\/\" rel=\"category tag\">Not\u00edcias<\/a>","author_info_v2":{"name":"natalina","url":"https:\/\/portal.pi.gov.br\/seres\/author\/natalina\/"},"comments_num_v2":"0 coment\u00e1rio","jetpack_featured_media_url":"https:\/\/portal.pi.gov.br\/seres\/wp-content\/uploads\/sites\/87\/2024\/02\/WhatsApp-Image-2024-02-07-at-12.47.36.jpeg","_links":{"self":[{"href":"https:\/\/portal.pi.gov.br\/seres\/wp-json\/wp\/v2\/posts\/2069"}],"collection":[{"href":"https:\/\/portal.pi.gov.br\/seres\/wp-json\/wp\/v2\/posts"}],"about":[{"href":"https:\/\/portal.pi.gov.br\/seres\/wp-json\/wp\/v2\/types\/post"}],"author":[{"embeddable":true,"href":"https:\/\/portal.pi.gov.br\/seres\/wp-json\/wp\/v2\/users\/1748"}],"replies":[{"embeddable":true,"href":"https:\/\/portal.pi.gov.br\/seres\/wp-json\/wp\/v2\/comments?post=2069"}],"version-history":[{"count":2,"href":"https:\/\/portal.pi.gov.br\/seres\/wp-json\/wp\/v2\/posts\/2069\/revisions"}],"predecessor-version":[{"id":2075,"href":"https:\/\/portal.pi.gov.br\/seres\/wp-json\/wp\/v2\/posts\/2069\/revisions\/2075"}],"wp:featuredmedia":[{"embeddable":true,"href":"https:\/\/portal.pi.gov.br\/seres\/wp-json\/wp\/v2\/media\/2070"}],"wp:attachment":[{"href":"https:\/\/portal.pi.gov.br\/seres\/wp-json\/wp\/v2\/media?parent=2069"}],"wp:term":[{"taxonomy":"category","embeddable":true,"href":"https:\/\/portal.pi.gov.br\/seres\/wp-json\/wp\/v2\/categories?post=2069"},{"taxonomy":"post_tag","embeddable":true,"href":"https:\/\/portal.pi.gov.br\/seres\/wp-json\/wp\/v2\/tags?post=2069"}],"curies":[{"name":"wp","href":"https:\/\/api.w.org\/{rel}","templated":true}]}}