{"id":2076,"date":"2024-02-09T10:46:57","date_gmt":"2024-02-09T13:46:57","guid":{"rendered":"https:\/\/portal.pi.gov.br\/seres\/?p=2076"},"modified":"2024-02-09T11:23:53","modified_gmt":"2024-02-09T14:23:53","slug":"governador-entrega-primeira-obra-do-orcamento-participativo-em-teresina","status":"publish","type":"post","link":"https:\/\/portal.pi.gov.br\/seres\/2024\/02\/09\/governador-entrega-primeira-obra-do-orcamento-participativo-em-teresina\/","title":{"rendered":"Governador entrega primeira obra do Or\u00e7amento Participativo em Teresina"},"content":{"rendered":"\n<p>A secret\u00e1ria de Estado das Rela\u00e7\u00f5es Sociais, N\u00fabia Lopes, outros gestores e populares, juntamente com o governador Rafael Fonteles inauguraram, nesta sexta-feira (9), a primeira obra, em Teresina, do Or\u00e7amento Participativo (OPA) 2023\/2024. Trata-se da pavimenta\u00e7\u00e3o asf\u00e1ltica da rua Rosa Tajra Adad, no residencial Torquato Neto, na zona Sul da capital.<\/p>\n\n\n<div class=\"wp-block-image\">\n<figure class=\"aligncenter size-large is-resized\"><img decoding=\"async\" loading=\"lazy\" src=\"https:\/\/portal.pi.gov.br\/seres\/wp-content\/uploads\/sites\/87\/2024\/02\/WhatsApp-Image-2024-02-09-at-08.39.43-1024x768.jpeg\" alt=\"\" class=\"wp-image-2079\" width=\"517\" height=\"388\" srcset=\"https:\/\/portal.pi.gov.br\/seres\/wp-content\/uploads\/sites\/87\/2024\/02\/WhatsApp-Image-2024-02-09-at-08.39.43-1024x768.jpeg 1024w, https:\/\/portal.pi.gov.br\/seres\/wp-content\/uploads\/sites\/87\/2024\/02\/WhatsApp-Image-2024-02-09-at-08.39.43-300x225.jpeg 300w, https:\/\/portal.pi.gov.br\/seres\/wp-content\/uploads\/sites\/87\/2024\/02\/WhatsApp-Image-2024-02-09-at-08.39.43-768x576.jpeg 768w, https:\/\/portal.pi.gov.br\/seres\/wp-content\/uploads\/sites\/87\/2024\/02\/WhatsApp-Image-2024-02-09-at-08.39.43-420x315.jpeg 420w, https:\/\/portal.pi.gov.br\/seres\/wp-content\/uploads\/sites\/87\/2024\/02\/WhatsApp-Image-2024-02-09-at-08.39.43-540x405.jpeg 540w, https:\/\/portal.pi.gov.br\/seres\/wp-content\/uploads\/sites\/87\/2024\/02\/WhatsApp-Image-2024-02-09-at-08.39.43-780x585.jpeg 780w, https:\/\/portal.pi.gov.br\/seres\/wp-content\/uploads\/sites\/87\/2024\/02\/WhatsApp-Image-2024-02-09-at-08.39.43-1536x1152.jpeg 1536w, https:\/\/portal.pi.gov.br\/seres\/wp-content\/uploads\/sites\/87\/2024\/02\/WhatsApp-Image-2024-02-09-at-08.39.43-2048x1536.jpeg 2048w, https:\/\/portal.pi.gov.br\/seres\/wp-content\/uploads\/sites\/87\/2024\/02\/WhatsApp-Image-2024-02-09-at-08.39.43-947x710.jpeg 947w, https:\/\/portal.pi.gov.br\/seres\/wp-content\/uploads\/sites\/87\/2024\/02\/WhatsApp-Image-2024-02-09-at-08.39.43-624x468.jpeg 624w\" sizes=\"(max-width: 517px) 100vw, 517px\" \/><\/figure><\/div>\n\n\n<p><br>A pavimenta\u00e7\u00e3o asf\u00e1ltica da rua Rosa Tajra Adad tem \u00e1rea total de 8.800 m\u00b2 e foi executada pela Secretaria da Infraestrutura (Seinfra), com investimentos no valor de R$ 928.313,41. O trecho foi uma reivindica\u00e7\u00e3o da Associa\u00e7\u00e3o Comunit\u00e1ria do Residencial Torquato Neto.<\/p>\n\n\n\n<p>O governador Rafael Fonteles falou que o OPA \u00e9 uma experi\u00eancia premiada nacionalmente, em que a popula\u00e7\u00e3o, por meio de vota\u00e7\u00e3o, escolhe as obras ou a\u00e7\u00f5es que ser\u00e3o executadas. \u201c\u00c9 um marco hist\u00f3rico no que diz respeito \u00e0 participa\u00e7\u00e3o popular efetiva. Tivemos 25 mil pessoas votando, cerca de 10% do eleitorado de Teresina e Parna\u00edba\u201d, afirmou.<\/p>\n\n\n<div class=\"wp-block-image\">\n<figure class=\"aligncenter size-large is-resized\"><img decoding=\"async\" loading=\"lazy\" src=\"https:\/\/portal.pi.gov.br\/seres\/wp-content\/uploads\/sites\/87\/2024\/02\/WhatsApp-Image-2024-02-09-at-07.33.42-1024x768.jpeg\" alt=\"\" class=\"wp-image-2080\" width=\"519\" height=\"389\" srcset=\"https:\/\/portal.pi.gov.br\/seres\/wp-content\/uploads\/sites\/87\/2024\/02\/WhatsApp-Image-2024-02-09-at-07.33.42-1024x768.jpeg 1024w, https:\/\/portal.pi.gov.br\/seres\/wp-content\/uploads\/sites\/87\/2024\/02\/WhatsApp-Image-2024-02-09-at-07.33.42-300x225.jpeg 300w, https:\/\/portal.pi.gov.br\/seres\/wp-content\/uploads\/sites\/87\/2024\/02\/WhatsApp-Image-2024-02-09-at-07.33.42-768x576.jpeg 768w, https:\/\/portal.pi.gov.br\/seres\/wp-content\/uploads\/sites\/87\/2024\/02\/WhatsApp-Image-2024-02-09-at-07.33.42-420x315.jpeg 420w, https:\/\/portal.pi.gov.br\/seres\/wp-content\/uploads\/sites\/87\/2024\/02\/WhatsApp-Image-2024-02-09-at-07.33.42-540x405.jpeg 540w, https:\/\/portal.pi.gov.br\/seres\/wp-content\/uploads\/sites\/87\/2024\/02\/WhatsApp-Image-2024-02-09-at-07.33.42-780x585.jpeg 780w, https:\/\/portal.pi.gov.br\/seres\/wp-content\/uploads\/sites\/87\/2024\/02\/WhatsApp-Image-2024-02-09-at-07.33.42-1536x1152.jpeg 1536w, https:\/\/portal.pi.gov.br\/seres\/wp-content\/uploads\/sites\/87\/2024\/02\/WhatsApp-Image-2024-02-09-at-07.33.42-2048x1536.jpeg 2048w, https:\/\/portal.pi.gov.br\/seres\/wp-content\/uploads\/sites\/87\/2024\/02\/WhatsApp-Image-2024-02-09-at-07.33.42-947x710.jpeg 947w, https:\/\/portal.pi.gov.br\/seres\/wp-content\/uploads\/sites\/87\/2024\/02\/WhatsApp-Image-2024-02-09-at-07.33.42-624x468.jpeg 624w\" sizes=\"(max-width: 519px) 100vw, 519px\" \/><\/figure><\/div>\n\n\n<p><br>Roriz, presidente da Associa\u00e7\u00e3o Comunit\u00e1ria do Torquato Neto, destacou como o Or\u00e7amento Participativo do Governo do Estado est\u00e1 ajudando a comunidade. &#8220;Gra\u00e7as ao OPA conseguimos pavimentar esta rua. No passado, quando chovia, a gente tinha muita dificuldade em trafegar por aqui. Essa pavimenta\u00e7\u00e3o asf\u00e1ltica vai ajudar, e muito, a nossa popula\u00e7\u00e3o a conseguir o direito de ir e vir. E essa obra foi conseguida atrav\u00e9s do OPA, foi selecionada, escolhida pela popula\u00e7\u00e3o, votada e eleita. N\u00f3s teremos ainda, todos os anos, novas oportunidades de conseguir mais melhorias para a nossa comunidade&#8221;, disse.<\/p>\n\n\n\n<p>O secret\u00e1rio do Planejamento, Washington Bonfim, disse que o OPA chegou para ficar e que em breve ser\u00e1 lan\u00e7ado o OPA 24\/25. \u201cDepois do Carnaval, vamos anunciar a pr\u00f3xima edi\u00e7\u00e3o e autorizar a execu\u00e7\u00e3o para outras que ser\u00e3o entregues\u201d, disse o gestor.<\/p>\n\n\n<div class=\"wp-block-image\">\n<figure class=\"aligncenter size-large is-resized\"><img decoding=\"async\" loading=\"lazy\" src=\"https:\/\/portal.pi.gov.br\/seres\/wp-content\/uploads\/sites\/87\/2024\/02\/WhatsApp-Image-2024-02-09-at-08.47.50-1-1024x768.jpeg\" alt=\"\" class=\"wp-image-2081\" width=\"526\" height=\"395\" srcset=\"https:\/\/portal.pi.gov.br\/seres\/wp-content\/uploads\/sites\/87\/2024\/02\/WhatsApp-Image-2024-02-09-at-08.47.50-1-1024x768.jpeg 1024w, https:\/\/portal.pi.gov.br\/seres\/wp-content\/uploads\/sites\/87\/2024\/02\/WhatsApp-Image-2024-02-09-at-08.47.50-1-300x225.jpeg 300w, https:\/\/portal.pi.gov.br\/seres\/wp-content\/uploads\/sites\/87\/2024\/02\/WhatsApp-Image-2024-02-09-at-08.47.50-1-768x576.jpeg 768w, https:\/\/portal.pi.gov.br\/seres\/wp-content\/uploads\/sites\/87\/2024\/02\/WhatsApp-Image-2024-02-09-at-08.47.50-1-420x315.jpeg 420w, https:\/\/portal.pi.gov.br\/seres\/wp-content\/uploads\/sites\/87\/2024\/02\/WhatsApp-Image-2024-02-09-at-08.47.50-1-540x405.jpeg 540w, https:\/\/portal.pi.gov.br\/seres\/wp-content\/uploads\/sites\/87\/2024\/02\/WhatsApp-Image-2024-02-09-at-08.47.50-1-780x585.jpeg 780w, https:\/\/portal.pi.gov.br\/seres\/wp-content\/uploads\/sites\/87\/2024\/02\/WhatsApp-Image-2024-02-09-at-08.47.50-1-1536x1152.jpeg 1536w, https:\/\/portal.pi.gov.br\/seres\/wp-content\/uploads\/sites\/87\/2024\/02\/WhatsApp-Image-2024-02-09-at-08.47.50-1-2048x1536.jpeg 2048w, https:\/\/portal.pi.gov.br\/seres\/wp-content\/uploads\/sites\/87\/2024\/02\/WhatsApp-Image-2024-02-09-at-08.47.50-1-947x710.jpeg 947w, https:\/\/portal.pi.gov.br\/seres\/wp-content\/uploads\/sites\/87\/2024\/02\/WhatsApp-Image-2024-02-09-at-08.47.50-1-624x468.jpeg 624w\" sizes=\"(max-width: 526px) 100vw, 526px\" \/><\/figure><\/div>\n\n\n<p><br>A obra \u00e9 a primeira inaugurada na capital, dentre as 67 que ser\u00e3o ou j\u00e1 est\u00e3o sendo executadas em Teresina. No total, o OPA contempla 88 obras, incluindo 21 em Parna\u00edba, todas escolhidas via voto popular. O or\u00e7amento total do programa para este ano \u00e9 de R$ 55 milh\u00f5es.<\/p>\n\n\n\n<p><br>OPA em Parna\u00edba<\/p>\n\n\n\n<p>Parna\u00edba recebeu a primeira a\u00e7\u00e3o do OPA 2023\/2024 no Piau\u00ed. Em 29 de janeiro deste ano, foi implantada a Patrulha Cidad\u00e3 no Distrito de Irriga\u00e7\u00e3o Tabuleiros Litor\u00e2neos, localizado na zona rural de Parna\u00edba.<br>Com um investimento do Governo do Estado de R$ 200 mil, a unidade j\u00e1 est\u00e1 em pleno funcionamento e beneficia cerca de 3.500 pessoas que residem nos assentamentos Cajueiro, Lagoa do Prado, Baixa da Carna\u00faba, Monte Alegre e Cana\u00e3 do Norte.<\/p>\n\n\n\n<p><br>OPA 2024\/2025<\/p>\n\n\n\n<p><br>Al\u00e9m do OPA 2023\/2024, que contempla Teresina e Parna\u00edba, ser\u00e1 lan\u00e7ado em breve o novo OPA 2024\/2025, que chegar\u00e1 a mais tr\u00eas munic\u00edpios: Picos, Floriano e Piripiri. Todo o processo de cadastramento de entidades, indica\u00e7\u00e3o de propostas, an\u00e1lise de viabilidade e vota\u00e7\u00e3o ir\u00e1 acontecer no primeiro semestre de 2024. J\u00e1 a execu\u00e7\u00e3o das obras ser\u00e1 em 2025.<\/p>\n","protected":false},"excerpt":{"rendered":"<p>A secret\u00e1ria de Estado das Rela\u00e7\u00f5es Sociais, N\u00fabia Lopes, outros gestores e populares, juntamente com o governador Rafael Fonteles inauguraram, nesta sexta-feira (9), a primeira obra, em Teresina, do Or\u00e7amento [&hellip;]<\/p>\n","protected":false},"author":1748,"featured_media":2080,"comment_status":"closed","ping_status":"closed","sticky":false,"template":"","format":"standard","meta":[],"categories":[34],"tags":[62,47,41],"featured_image_urls":{"full":["https:\/\/portal.pi.gov.br\/seres\/wp-content\/uploads\/sites\/87\/2024\/02\/WhatsApp-Image-2024-02-09-at-07.33.42-scaled.jpeg",2560,1920,false],"thumbnail":["https:\/\/portal.pi.gov.br\/seres\/wp-content\/uploads\/sites\/87\/2024\/02\/WhatsApp-Image-2024-02-09-at-07.33.42-150x150.jpeg",150,150,true],"medium":["https:\/\/portal.pi.gov.br\/seres\/wp-content\/uploads\/sites\/87\/2024\/02\/WhatsApp-Image-2024-02-09-at-07.33.42-300x225.jpeg",300,225,true],"medium_large":["https:\/\/portal.pi.gov.br\/seres\/wp-content\/uploads\/sites\/87\/2024\/02\/WhatsApp-Image-2024-02-09-at-07.33.42-768x576.jpeg",768,576,true],"large":["https:\/\/portal.pi.gov.br\/seres\/wp-content\/uploads\/sites\/87\/2024\/02\/WhatsApp-Image-2024-02-09-at-07.33.42-1024x768.jpeg",887,665,true],"sgg-420":["https:\/\/portal.pi.gov.br\/seres\/wp-content\/uploads\/sites\/87\/2024\/02\/WhatsApp-Image-2024-02-09-at-07.33.42-420x315.jpeg",420,315,true],"sgg-540":["https:\/\/portal.pi.gov.br\/seres\/wp-content\/uploads\/sites\/87\/2024\/02\/WhatsApp-Image-2024-02-09-at-07.33.42-540x405.jpeg",540,405,true],"sgg-780":["https:\/\/portal.pi.gov.br\/seres\/wp-content\/uploads\/sites\/87\/2024\/02\/WhatsApp-Image-2024-02-09-at-07.33.42-780x585.jpeg",780,585,true],"1536x1536":["https:\/\/portal.pi.gov.br\/seres\/wp-content\/uploads\/sites\/87\/2024\/02\/WhatsApp-Image-2024-02-09-at-07.33.42-1536x1152.jpeg",1536,1152,true],"2048x2048":["https:\/\/portal.pi.gov.br\/seres\/wp-content\/uploads\/sites\/87\/2024\/02\/WhatsApp-Image-2024-02-09-at-07.33.42-2048x1536.jpeg",2048,1536,true],"homepage-slider":["https:\/\/portal.pi.gov.br\/seres\/wp-content\/uploads\/sites\/87\/2024\/02\/WhatsApp-Image-2024-02-09-at-07.33.42-1270x500.jpeg",1270,500,true],"homepage-slider-small":["https:\/\/portal.pi.gov.br\/seres\/wp-content\/uploads\/sites\/87\/2024\/02\/WhatsApp-Image-2024-02-09-at-07.33.42-947x500.jpeg",947,500,true],"page-top":["https:\/\/portal.pi.gov.br\/seres\/wp-content\/uploads\/sites\/87\/2024\/02\/WhatsApp-Image-2024-02-09-at-07.33.42-947x710.jpeg",947,710,true],"page-small":["https:\/\/portal.pi.gov.br\/seres\/wp-content\/uploads\/sites\/87\/2024\/02\/WhatsApp-Image-2024-02-09-at-07.33.42-624x468.jpeg",624,468,true],"loop-main":["https:\/\/portal.pi.gov.br\/seres\/wp-content\/uploads\/sites\/87\/2024\/02\/WhatsApp-Image-2024-02-09-at-07.33.42-365x240.jpeg",365,240,true],"thumb-gallery-widget":["https:\/\/portal.pi.gov.br\/seres\/wp-content\/uploads\/sites\/87\/2024\/02\/WhatsApp-Image-2024-02-09-at-07.33.42-84x56.jpeg",84,56,true]},"post_excerpt_stackable":"<p>A secret\u00e1ria de Estado das Rela\u00e7\u00f5es Sociais, N\u00fabia Lopes, outros gestores e populares, juntamente com o governador Rafael Fonteles inauguraram, nesta sexta-feira (9), a primeira obra, em Teresina, do Or\u00e7amento Participativo (OPA) 2023\/2024. Trata-se da pavimenta\u00e7\u00e3o asf\u00e1ltica da rua Rosa Tajra Adad, no residencial Torquato Neto, na zona Sul da capital. A pavimenta\u00e7\u00e3o asf\u00e1ltica da rua Rosa Tajra Adad tem \u00e1rea total de 8.800 m\u00b2 e foi executada pela Secretaria da Infraestrutura (Seinfra), com investimentos no valor de R$ 928.313,41. O trecho foi uma reivindica\u00e7\u00e3o da Associa\u00e7\u00e3o Comunit\u00e1ria do Residencial Torquato Neto. O governador Rafael Fonteles falou que o OPA&hellip;<\/p>\n","category_list":"<a href=\"https:\/\/portal.pi.gov.br\/seres\/category\/noticias\/\" rel=\"category tag\">Not\u00edcias<\/a>","author_info":{"name":"natalina","url":"https:\/\/portal.pi.gov.br\/seres\/author\/natalina\/"},"comments_num":"0 coment\u00e1rio","featured_image_urls_v2":{"full":["https:\/\/portal.pi.gov.br\/seres\/wp-content\/uploads\/sites\/87\/2024\/02\/WhatsApp-Image-2024-02-09-at-07.33.42-scaled.jpeg",2560,1920,false],"thumbnail":["https:\/\/portal.pi.gov.br\/seres\/wp-content\/uploads\/sites\/87\/2024\/02\/WhatsApp-Image-2024-02-09-at-07.33.42-150x150.jpeg",150,150,true],"medium":["https:\/\/portal.pi.gov.br\/seres\/wp-content\/uploads\/sites\/87\/2024\/02\/WhatsApp-Image-2024-02-09-at-07.33.42-300x225.jpeg",300,225,true],"medium_large":["https:\/\/portal.pi.gov.br\/seres\/wp-content\/uploads\/sites\/87\/2024\/02\/WhatsApp-Image-2024-02-09-at-07.33.42-768x576.jpeg",768,576,true],"large":["https:\/\/portal.pi.gov.br\/seres\/wp-content\/uploads\/sites\/87\/2024\/02\/WhatsApp-Image-2024-02-09-at-07.33.42-1024x768.jpeg",887,665,true],"sgg-420":["https:\/\/portal.pi.gov.br\/seres\/wp-content\/uploads\/sites\/87\/2024\/02\/WhatsApp-Image-2024-02-09-at-07.33.42-420x315.jpeg",420,315,true],"sgg-540":["https:\/\/portal.pi.gov.br\/seres\/wp-content\/uploads\/sites\/87\/2024\/02\/WhatsApp-Image-2024-02-09-at-07.33.42-540x405.jpeg",540,405,true],"sgg-780":["https:\/\/portal.pi.gov.br\/seres\/wp-content\/uploads\/sites\/87\/2024\/02\/WhatsApp-Image-2024-02-09-at-07.33.42-780x585.jpeg",780,585,true],"1536x1536":["https:\/\/portal.pi.gov.br\/seres\/wp-content\/uploads\/sites\/87\/2024\/02\/WhatsApp-Image-2024-02-09-at-07.33.42-1536x1152.jpeg",1536,1152,true],"2048x2048":["https:\/\/portal.pi.gov.br\/seres\/wp-content\/uploads\/sites\/87\/2024\/02\/WhatsApp-Image-2024-02-09-at-07.33.42-2048x1536.jpeg",2048,1536,true],"homepage-slider":["https:\/\/portal.pi.gov.br\/seres\/wp-content\/uploads\/sites\/87\/2024\/02\/WhatsApp-Image-2024-02-09-at-07.33.42-1270x500.jpeg",1270,500,true],"homepage-slider-small":["https:\/\/portal.pi.gov.br\/seres\/wp-content\/uploads\/sites\/87\/2024\/02\/WhatsApp-Image-2024-02-09-at-07.33.42-947x500.jpeg",947,500,true],"page-top":["https:\/\/portal.pi.gov.br\/seres\/wp-content\/uploads\/sites\/87\/2024\/02\/WhatsApp-Image-2024-02-09-at-07.33.42-947x710.jpeg",947,710,true],"page-small":["https:\/\/portal.pi.gov.br\/seres\/wp-content\/uploads\/sites\/87\/2024\/02\/WhatsApp-Image-2024-02-09-at-07.33.42-624x468.jpeg",624,468,true],"loop-main":["https:\/\/portal.pi.gov.br\/seres\/wp-content\/uploads\/sites\/87\/2024\/02\/WhatsApp-Image-2024-02-09-at-07.33.42-365x240.jpeg",365,240,true],"thumb-gallery-widget":["https:\/\/portal.pi.gov.br\/seres\/wp-content\/uploads\/sites\/87\/2024\/02\/WhatsApp-Image-2024-02-09-at-07.33.42-84x56.jpeg",84,56,true]},"post_excerpt_stackable_v2":"<p>A secret\u00e1ria de Estado das Rela\u00e7\u00f5es Sociais, N\u00fabia Lopes, outros gestores e populares, juntamente com o governador Rafael Fonteles inauguraram, nesta sexta-feira (9), a primeira obra, em Teresina, do Or\u00e7amento Participativo (OPA) 2023\/2024. Trata-se da pavimenta\u00e7\u00e3o asf\u00e1ltica da rua Rosa Tajra Adad, no residencial Torquato Neto, na zona Sul da capital. A pavimenta\u00e7\u00e3o asf\u00e1ltica da rua Rosa Tajra Adad tem \u00e1rea total de 8.800 m\u00b2 e foi executada pela Secretaria da Infraestrutura (Seinfra), com investimentos no valor de R$ 928.313,41. O trecho foi uma reivindica\u00e7\u00e3o da Associa\u00e7\u00e3o Comunit\u00e1ria do Residencial Torquato Neto. O governador Rafael Fonteles falou que o OPA&hellip;<\/p>\n","category_list_v2":"<a href=\"https:\/\/portal.pi.gov.br\/seres\/category\/noticias\/\" rel=\"category tag\">Not\u00edcias<\/a>","author_info_v2":{"name":"natalina","url":"https:\/\/portal.pi.gov.br\/seres\/author\/natalina\/"},"comments_num_v2":"0 coment\u00e1rio","jetpack_featured_media_url":"https:\/\/portal.pi.gov.br\/seres\/wp-content\/uploads\/sites\/87\/2024\/02\/WhatsApp-Image-2024-02-09-at-07.33.42-scaled.jpeg","_links":{"self":[{"href":"https:\/\/portal.pi.gov.br\/seres\/wp-json\/wp\/v2\/posts\/2076"}],"collection":[{"href":"https:\/\/portal.pi.gov.br\/seres\/wp-json\/wp\/v2\/posts"}],"about":[{"href":"https:\/\/portal.pi.gov.br\/seres\/wp-json\/wp\/v2\/types\/post"}],"author":[{"embeddable":true,"href":"https:\/\/portal.pi.gov.br\/seres\/wp-json\/wp\/v2\/users\/1748"}],"replies":[{"embeddable":true,"href":"https:\/\/portal.pi.gov.br\/seres\/wp-json\/wp\/v2\/comments?post=2076"}],"version-history":[{"count":2,"href":"https:\/\/portal.pi.gov.br\/seres\/wp-json\/wp\/v2\/posts\/2076\/revisions"}],"predecessor-version":[{"id":2084,"href":"https:\/\/portal.pi.gov.br\/seres\/wp-json\/wp\/v2\/posts\/2076\/revisions\/2084"}],"wp:featuredmedia":[{"embeddable":true,"href":"https:\/\/portal.pi.gov.br\/seres\/wp-json\/wp\/v2\/media\/2080"}],"wp:attachment":[{"href":"https:\/\/portal.pi.gov.br\/seres\/wp-json\/wp\/v2\/media?parent=2076"}],"wp:term":[{"taxonomy":"category","embeddable":true,"href":"https:\/\/portal.pi.gov.br\/seres\/wp-json\/wp\/v2\/categories?post=2076"},{"taxonomy":"post_tag","embeddable":true,"href":"https:\/\/portal.pi.gov.br\/seres\/wp-json\/wp\/v2\/tags?post=2076"}],"curies":[{"name":"wp","href":"https:\/\/api.w.org\/{rel}","templated":true}]}}