{"id":2085,"date":"2024-02-15T11:39:47","date_gmt":"2024-02-15T14:39:47","guid":{"rendered":"https:\/\/portal.pi.gov.br\/seres\/?p=2085"},"modified":"2024-02-16T09:20:52","modified_gmt":"2024-02-16T12:20:52","slug":"campanha-da-fraternidade-2024-aborda-o-tema-fraternidade-e-amizade-social","status":"publish","type":"post","link":"https:\/\/portal.pi.gov.br\/seres\/2024\/02\/15\/campanha-da-fraternidade-2024-aborda-o-tema-fraternidade-e-amizade-social\/","title":{"rendered":"Campanha da Fraternidade 2024 aborda o tema Fraternidade e Amizade Social"},"content":{"rendered":"\n<p>A secret\u00e1ria das Rela\u00e7\u00f5es Sociais, N\u00fabia Lopes, representou o governador Rafael Fonteles no lan\u00e7amento da Campanha da Fraternidade 2024, na manh\u00e3 desta quinta-feira (15). Esse ano, a Campanha tem como tema&nbsp;\u201cFraternidade e Amizade Social\u201d e como lema&nbsp;\u201cV\u00f3s sois todos irm\u00e3os e irm\u00e3s\u201d (Mt 23,8).<\/p>\n\n\n<div class=\"wp-block-image\">\n<figure class=\"aligncenter size-large is-resized\"><img decoding=\"async\" loading=\"lazy\" src=\"https:\/\/portal.pi.gov.br\/seres\/wp-content\/uploads\/sites\/87\/2024\/02\/WhatsApp-Image-2024-02-15-at-09.06.59-1024x768.jpeg\" alt=\"\" class=\"wp-image-2088\" width=\"455\" height=\"341\" srcset=\"https:\/\/portal.pi.gov.br\/seres\/wp-content\/uploads\/sites\/87\/2024\/02\/WhatsApp-Image-2024-02-15-at-09.06.59-1024x768.jpeg 1024w, https:\/\/portal.pi.gov.br\/seres\/wp-content\/uploads\/sites\/87\/2024\/02\/WhatsApp-Image-2024-02-15-at-09.06.59-300x225.jpeg 300w, https:\/\/portal.pi.gov.br\/seres\/wp-content\/uploads\/sites\/87\/2024\/02\/WhatsApp-Image-2024-02-15-at-09.06.59-768x576.jpeg 768w, https:\/\/portal.pi.gov.br\/seres\/wp-content\/uploads\/sites\/87\/2024\/02\/WhatsApp-Image-2024-02-15-at-09.06.59-420x315.jpeg 420w, https:\/\/portal.pi.gov.br\/seres\/wp-content\/uploads\/sites\/87\/2024\/02\/WhatsApp-Image-2024-02-15-at-09.06.59-540x405.jpeg 540w, https:\/\/portal.pi.gov.br\/seres\/wp-content\/uploads\/sites\/87\/2024\/02\/WhatsApp-Image-2024-02-15-at-09.06.59-780x585.jpeg 780w, https:\/\/portal.pi.gov.br\/seres\/wp-content\/uploads\/sites\/87\/2024\/02\/WhatsApp-Image-2024-02-15-at-09.06.59-1536x1152.jpeg 1536w, https:\/\/portal.pi.gov.br\/seres\/wp-content\/uploads\/sites\/87\/2024\/02\/WhatsApp-Image-2024-02-15-at-09.06.59-2048x1536.jpeg 2048w, https:\/\/portal.pi.gov.br\/seres\/wp-content\/uploads\/sites\/87\/2024\/02\/WhatsApp-Image-2024-02-15-at-09.06.59-947x710.jpeg 947w, https:\/\/portal.pi.gov.br\/seres\/wp-content\/uploads\/sites\/87\/2024\/02\/WhatsApp-Image-2024-02-15-at-09.06.59-624x468.jpeg 624w\" sizes=\"(max-width: 455px) 100vw, 455px\" \/><\/figure><\/div>\n\n\n<p>A Campanha da Fraternidade existe desde 1964 e este ano celebra os 60 anos de mobiliza\u00e7\u00e3o em todo o Brasil. O tema de 2024 \u00e9 inspirado no documento Fratelli Tutti &#8211; enc\u00edclica do Papa Francisco em que o pont\u00edfice indica a fraternidade e a amizade social para a constru\u00e7\u00e3o de um mundo melhor, pac\u00edfico e com mais justi\u00e7a.<\/p>\n\n\n\n<figure class=\"wp-block-gallery aligncenter has-nested-images columns-default is-cropped wp-block-gallery-1 is-layout-flex\">\n<figure class=\"wp-block-image size-large\"><img decoding=\"async\" loading=\"lazy\" width=\"1024\" height=\"682\" data-id=\"2094\"  src=\"https:\/\/portal.pi.gov.br\/seres\/wp-content\/uploads\/sites\/87\/2024\/02\/5-1024x682.jpeg\" alt=\"\" class=\"wp-image-2094\" srcset=\"https:\/\/portal.pi.gov.br\/seres\/wp-content\/uploads\/sites\/87\/2024\/02\/5-1024x682.jpeg 1024w, https:\/\/portal.pi.gov.br\/seres\/wp-content\/uploads\/sites\/87\/2024\/02\/5-300x200.jpeg 300w, https:\/\/portal.pi.gov.br\/seres\/wp-content\/uploads\/sites\/87\/2024\/02\/5-768x512.jpeg 768w, https:\/\/portal.pi.gov.br\/seres\/wp-content\/uploads\/sites\/87\/2024\/02\/5-420x280.jpeg 420w, https:\/\/portal.pi.gov.br\/seres\/wp-content\/uploads\/sites\/87\/2024\/02\/5-540x360.jpeg 540w, https:\/\/portal.pi.gov.br\/seres\/wp-content\/uploads\/sites\/87\/2024\/02\/5-780x520.jpeg 780w, https:\/\/portal.pi.gov.br\/seres\/wp-content\/uploads\/sites\/87\/2024\/02\/5-1536x1023.jpeg 1536w, https:\/\/portal.pi.gov.br\/seres\/wp-content\/uploads\/sites\/87\/2024\/02\/5-947x631.jpeg 947w, https:\/\/portal.pi.gov.br\/seres\/wp-content\/uploads\/sites\/87\/2024\/02\/5-624x416.jpeg 624w, https:\/\/portal.pi.gov.br\/seres\/wp-content\/uploads\/sites\/87\/2024\/02\/5-84x56.jpeg 84w, https:\/\/portal.pi.gov.br\/seres\/wp-content\/uploads\/sites\/87\/2024\/02\/5.jpeg 1600w\" sizes=\"(max-width: 1024px) 100vw, 1024px\" \/><\/figure>\n<\/figure>\n\n\n\n<p>Segundo a secret\u00e1ria N\u00fabia Lopes, o tema da Campanha deste ano faz uma reflex\u00e3o para que o crist\u00e3o se torne cada vez mais irmanado no amor de Jesus, para que possa trabalhar al\u00e9m das fam\u00edlias, dos amigos e da comunidade, levando a mensagem de amor ao pr\u00f3ximo, de amizade e de solidariedade para a constru\u00e7\u00e3o de uma sociedade mais justa e igualit\u00e1ria.<\/p>\n\n\n\n<p>\u201cVamos propagar e praticar, transformar e divulgar, n\u00e3o apenas neste per\u00edodo da quaresma, mas em todo o ano de 2024. Que possamos refletir sobre o tema e praticar a amizade social, que \u00e9 o que Jesus Cristo nos ensinou, a amar ao pr\u00f3ximo. Ent\u00e3o, irmanados nessa campanha, vamos abra\u00e7\u00e1-la e vamos trabalhar para que as pessoas compreendam que o amor \u00e9 o mais importante\u201d, destacou.<\/p>\n\n\n\n<p>Dom Juarez, Arcebispo de Teresina, ressaltou a convers\u00e3o pessoal e comunit\u00e1ria. \u201cO ideal crist\u00e3o \u00e9 a inclus\u00e3o, a coopera\u00e7\u00e3o e a comunh\u00e3o, e n\u00e3o a indiferen\u00e7a, n\u00e3o o abate, n\u00e3o a elimina\u00e7\u00e3o\u201d, destacou.<\/p>\n\n\n<div class=\"wp-block-image\">\n<figure class=\"aligncenter size-large is-resized\"><img decoding=\"async\" loading=\"lazy\" src=\"https:\/\/portal.pi.gov.br\/seres\/wp-content\/uploads\/sites\/87\/2024\/02\/WhatsApp-Image-2024-02-15-at-09.07.35-1024x768.jpeg\" alt=\"\" class=\"wp-image-2087\" width=\"466\" height=\"350\" srcset=\"https:\/\/portal.pi.gov.br\/seres\/wp-content\/uploads\/sites\/87\/2024\/02\/WhatsApp-Image-2024-02-15-at-09.07.35-1024x768.jpeg 1024w, https:\/\/portal.pi.gov.br\/seres\/wp-content\/uploads\/sites\/87\/2024\/02\/WhatsApp-Image-2024-02-15-at-09.07.35-300x225.jpeg 300w, https:\/\/portal.pi.gov.br\/seres\/wp-content\/uploads\/sites\/87\/2024\/02\/WhatsApp-Image-2024-02-15-at-09.07.35-768x576.jpeg 768w, https:\/\/portal.pi.gov.br\/seres\/wp-content\/uploads\/sites\/87\/2024\/02\/WhatsApp-Image-2024-02-15-at-09.07.35-420x315.jpeg 420w, https:\/\/portal.pi.gov.br\/seres\/wp-content\/uploads\/sites\/87\/2024\/02\/WhatsApp-Image-2024-02-15-at-09.07.35-540x405.jpeg 540w, https:\/\/portal.pi.gov.br\/seres\/wp-content\/uploads\/sites\/87\/2024\/02\/WhatsApp-Image-2024-02-15-at-09.07.35-780x585.jpeg 780w, https:\/\/portal.pi.gov.br\/seres\/wp-content\/uploads\/sites\/87\/2024\/02\/WhatsApp-Image-2024-02-15-at-09.07.35-1536x1152.jpeg 1536w, https:\/\/portal.pi.gov.br\/seres\/wp-content\/uploads\/sites\/87\/2024\/02\/WhatsApp-Image-2024-02-15-at-09.07.35-2048x1536.jpeg 2048w, https:\/\/portal.pi.gov.br\/seres\/wp-content\/uploads\/sites\/87\/2024\/02\/WhatsApp-Image-2024-02-15-at-09.07.35-947x710.jpeg 947w, https:\/\/portal.pi.gov.br\/seres\/wp-content\/uploads\/sites\/87\/2024\/02\/WhatsApp-Image-2024-02-15-at-09.07.35-624x468.jpeg 624w\" sizes=\"(max-width: 466px) 100vw, 466px\" \/><\/figure><\/div>\n\n\n<p>A Campanha da Fraternidade, dentro do caminho penitencial da Igreja, prop\u00f5e que durante a quaresma seja feita a convers\u00e3o \u00e0 amizade social e ao reconhecimento da vontade de Deus de que todos sejam irm\u00e3os e irm\u00e3s, al\u00e9m de aprofundar a fraternidade como contraponto ao processo de divis\u00e3o, \u00f3dio, guerras e indiferen\u00e7a que t\u00eam marcado a sociedade brasileira e o mundo.<\/p>\n\n\n\n<p><\/p>\n\n\n\n<figure class=\"wp-block-embed is-type-video is-provider-youtube wp-block-embed-youtube wp-embed-aspect-16-9 wp-has-aspect-ratio\"><div class=\"wp-block-embed__wrapper\">\n<iframe loading=\"lazy\" title=\"#CF2024 | Mensagem do Papa Francisco para a Campanha da Fraternidade\" width=\"887\" height=\"499\" src=\"https:\/\/www.youtube.com\/embed\/oI0-6Yg2kTQ?feature=oembed\" frameborder=\"0\" allow=\"accelerometer; autoplay; clipboard-write; encrypted-media; gyroscope; picture-in-picture; web-share\" allowfullscreen><\/iframe>\n<\/div><\/figure>\n\n\n\n<p><\/p>\n\n\n\n<p><\/p>\n\n\n\n<p><\/p>\n","protected":false},"excerpt":{"rendered":"<p>A secret\u00e1ria das Rela\u00e7\u00f5es Sociais, N\u00fabia Lopes, representou o governador Rafael Fonteles no lan\u00e7amento da Campanha da Fraternidade 2024, na manh\u00e3 desta quinta-feira (15). Esse ano, a Campanha tem como [&hellip;]<\/p>\n","protected":false},"author":1748,"featured_media":2089,"comment_status":"closed","ping_status":"closed","sticky":false,"template":"","format":"standard","meta":[],"categories":[34],"tags":[47,41],"featured_image_urls":{"full":["https:\/\/portal.pi.gov.br\/seres\/wp-content\/uploads\/sites\/87\/2024\/02\/WhatsApp-Image-2024-02-15-at-11.20.51-scaled.jpeg",2560,1920,false],"thumbnail":["https:\/\/portal.pi.gov.br\/seres\/wp-content\/uploads\/sites\/87\/2024\/02\/WhatsApp-Image-2024-02-15-at-11.20.51-150x150.jpeg",150,150,true],"medium":["https:\/\/portal.pi.gov.br\/seres\/wp-content\/uploads\/sites\/87\/2024\/02\/WhatsApp-Image-2024-02-15-at-11.20.51-300x225.jpeg",300,225,true],"medium_large":["https:\/\/portal.pi.gov.br\/seres\/wp-content\/uploads\/sites\/87\/2024\/02\/WhatsApp-Image-2024-02-15-at-11.20.51-768x576.jpeg",768,576,true],"large":["https:\/\/portal.pi.gov.br\/seres\/wp-content\/uploads\/sites\/87\/2024\/02\/WhatsApp-Image-2024-02-15-at-11.20.51-1024x768.jpeg",887,665,true],"sgg-420":["https:\/\/portal.pi.gov.br\/seres\/wp-content\/uploads\/sites\/87\/2024\/02\/WhatsApp-Image-2024-02-15-at-11.20.51-420x315.jpeg",420,315,true],"sgg-540":["https:\/\/portal.pi.gov.br\/seres\/wp-content\/uploads\/sites\/87\/2024\/02\/WhatsApp-Image-2024-02-15-at-11.20.51-540x405.jpeg",540,405,true],"sgg-780":["https:\/\/portal.pi.gov.br\/seres\/wp-content\/uploads\/sites\/87\/2024\/02\/WhatsApp-Image-2024-02-15-at-11.20.51-780x585.jpeg",780,585,true],"1536x1536":["https:\/\/portal.pi.gov.br\/seres\/wp-content\/uploads\/sites\/87\/2024\/02\/WhatsApp-Image-2024-02-15-at-11.20.51-1536x1152.jpeg",1536,1152,true],"2048x2048":["https:\/\/portal.pi.gov.br\/seres\/wp-content\/uploads\/sites\/87\/2024\/02\/WhatsApp-Image-2024-02-15-at-11.20.51-2048x1536.jpeg",2048,1536,true],"homepage-slider":["https:\/\/portal.pi.gov.br\/seres\/wp-content\/uploads\/sites\/87\/2024\/02\/WhatsApp-Image-2024-02-15-at-11.20.51-1270x500.jpeg",1270,500,true],"homepage-slider-small":["https:\/\/portal.pi.gov.br\/seres\/wp-content\/uploads\/sites\/87\/2024\/02\/WhatsApp-Image-2024-02-15-at-11.20.51-947x500.jpeg",947,500,true],"page-top":["https:\/\/portal.pi.gov.br\/seres\/wp-content\/uploads\/sites\/87\/2024\/02\/WhatsApp-Image-2024-02-15-at-11.20.51-947x710.jpeg",947,710,true],"page-small":["https:\/\/portal.pi.gov.br\/seres\/wp-content\/uploads\/sites\/87\/2024\/02\/WhatsApp-Image-2024-02-15-at-11.20.51-624x468.jpeg",624,468,true],"loop-main":["https:\/\/portal.pi.gov.br\/seres\/wp-content\/uploads\/sites\/87\/2024\/02\/WhatsApp-Image-2024-02-15-at-11.20.51-365x240.jpeg",365,240,true],"thumb-gallery-widget":["https:\/\/portal.pi.gov.br\/seres\/wp-content\/uploads\/sites\/87\/2024\/02\/WhatsApp-Image-2024-02-15-at-11.20.51-84x56.jpeg",84,56,true]},"post_excerpt_stackable":"<p>A secret\u00e1ria das Rela\u00e7\u00f5es Sociais, N\u00fabia Lopes, representou o governador Rafael Fonteles no lan\u00e7amento da Campanha da Fraternidade 2024, na manh\u00e3 desta quinta-feira (15). Esse ano, a Campanha tem como tema&nbsp;\u201cFraternidade e Amizade Social\u201d e como lema&nbsp;\u201cV\u00f3s sois todos irm\u00e3os e irm\u00e3s\u201d (Mt 23,8). A Campanha da Fraternidade existe desde 1964 e este ano celebra os 60 anos de mobiliza\u00e7\u00e3o em todo o Brasil. O tema de 2024 \u00e9 inspirado no documento Fratelli Tutti &#8211; enc\u00edclica do Papa Francisco em que o pont\u00edfice indica a fraternidade e a amizade social para a constru\u00e7\u00e3o de um mundo melhor, pac\u00edfico e com&hellip;<\/p>\n","category_list":"<a href=\"https:\/\/portal.pi.gov.br\/seres\/category\/noticias\/\" rel=\"category tag\">Not\u00edcias<\/a>","author_info":{"name":"natalina","url":"https:\/\/portal.pi.gov.br\/seres\/author\/natalina\/"},"comments_num":"0 coment\u00e1rio","featured_image_urls_v2":{"full":["https:\/\/portal.pi.gov.br\/seres\/wp-content\/uploads\/sites\/87\/2024\/02\/WhatsApp-Image-2024-02-15-at-11.20.51-scaled.jpeg",2560,1920,false],"thumbnail":["https:\/\/portal.pi.gov.br\/seres\/wp-content\/uploads\/sites\/87\/2024\/02\/WhatsApp-Image-2024-02-15-at-11.20.51-150x150.jpeg",150,150,true],"medium":["https:\/\/portal.pi.gov.br\/seres\/wp-content\/uploads\/sites\/87\/2024\/02\/WhatsApp-Image-2024-02-15-at-11.20.51-300x225.jpeg",300,225,true],"medium_large":["https:\/\/portal.pi.gov.br\/seres\/wp-content\/uploads\/sites\/87\/2024\/02\/WhatsApp-Image-2024-02-15-at-11.20.51-768x576.jpeg",768,576,true],"large":["https:\/\/portal.pi.gov.br\/seres\/wp-content\/uploads\/sites\/87\/2024\/02\/WhatsApp-Image-2024-02-15-at-11.20.51-1024x768.jpeg",887,665,true],"sgg-420":["https:\/\/portal.pi.gov.br\/seres\/wp-content\/uploads\/sites\/87\/2024\/02\/WhatsApp-Image-2024-02-15-at-11.20.51-420x315.jpeg",420,315,true],"sgg-540":["https:\/\/portal.pi.gov.br\/seres\/wp-content\/uploads\/sites\/87\/2024\/02\/WhatsApp-Image-2024-02-15-at-11.20.51-540x405.jpeg",540,405,true],"sgg-780":["https:\/\/portal.pi.gov.br\/seres\/wp-content\/uploads\/sites\/87\/2024\/02\/WhatsApp-Image-2024-02-15-at-11.20.51-780x585.jpeg",780,585,true],"1536x1536":["https:\/\/portal.pi.gov.br\/seres\/wp-content\/uploads\/sites\/87\/2024\/02\/WhatsApp-Image-2024-02-15-at-11.20.51-1536x1152.jpeg",1536,1152,true],"2048x2048":["https:\/\/portal.pi.gov.br\/seres\/wp-content\/uploads\/sites\/87\/2024\/02\/WhatsApp-Image-2024-02-15-at-11.20.51-2048x1536.jpeg",2048,1536,true],"homepage-slider":["https:\/\/portal.pi.gov.br\/seres\/wp-content\/uploads\/sites\/87\/2024\/02\/WhatsApp-Image-2024-02-15-at-11.20.51-1270x500.jpeg",1270,500,true],"homepage-slider-small":["https:\/\/portal.pi.gov.br\/seres\/wp-content\/uploads\/sites\/87\/2024\/02\/WhatsApp-Image-2024-02-15-at-11.20.51-947x500.jpeg",947,500,true],"page-top":["https:\/\/portal.pi.gov.br\/seres\/wp-content\/uploads\/sites\/87\/2024\/02\/WhatsApp-Image-2024-02-15-at-11.20.51-947x710.jpeg",947,710,true],"page-small":["https:\/\/portal.pi.gov.br\/seres\/wp-content\/uploads\/sites\/87\/2024\/02\/WhatsApp-Image-2024-02-15-at-11.20.51-624x468.jpeg",624,468,true],"loop-main":["https:\/\/portal.pi.gov.br\/seres\/wp-content\/uploads\/sites\/87\/2024\/02\/WhatsApp-Image-2024-02-15-at-11.20.51-365x240.jpeg",365,240,true],"thumb-gallery-widget":["https:\/\/portal.pi.gov.br\/seres\/wp-content\/uploads\/sites\/87\/2024\/02\/WhatsApp-Image-2024-02-15-at-11.20.51-84x56.jpeg",84,56,true]},"post_excerpt_stackable_v2":"<p>A secret\u00e1ria das Rela\u00e7\u00f5es Sociais, N\u00fabia Lopes, representou o governador Rafael Fonteles no lan\u00e7amento da Campanha da Fraternidade 2024, na manh\u00e3 desta quinta-feira (15). Esse ano, a Campanha tem como tema&nbsp;\u201cFraternidade e Amizade Social\u201d e como lema&nbsp;\u201cV\u00f3s sois todos irm\u00e3os e irm\u00e3s\u201d (Mt 23,8). A Campanha da Fraternidade existe desde 1964 e este ano celebra os 60 anos de mobiliza\u00e7\u00e3o em todo o Brasil. O tema de 2024 \u00e9 inspirado no documento Fratelli Tutti &#8211; enc\u00edclica do Papa Francisco em que o pont\u00edfice indica a fraternidade e a amizade social para a constru\u00e7\u00e3o de um mundo melhor, pac\u00edfico e com&hellip;<\/p>\n","category_list_v2":"<a href=\"https:\/\/portal.pi.gov.br\/seres\/category\/noticias\/\" rel=\"category tag\">Not\u00edcias<\/a>","author_info_v2":{"name":"natalina","url":"https:\/\/portal.pi.gov.br\/seres\/author\/natalina\/"},"comments_num_v2":"0 coment\u00e1rio","jetpack_featured_media_url":"https:\/\/portal.pi.gov.br\/seres\/wp-content\/uploads\/sites\/87\/2024\/02\/WhatsApp-Image-2024-02-15-at-11.20.51-scaled.jpeg","_links":{"self":[{"href":"https:\/\/portal.pi.gov.br\/seres\/wp-json\/wp\/v2\/posts\/2085"}],"collection":[{"href":"https:\/\/portal.pi.gov.br\/seres\/wp-json\/wp\/v2\/posts"}],"about":[{"href":"https:\/\/portal.pi.gov.br\/seres\/wp-json\/wp\/v2\/types\/post"}],"author":[{"embeddable":true,"href":"https:\/\/portal.pi.gov.br\/seres\/wp-json\/wp\/v2\/users\/1748"}],"replies":[{"embeddable":true,"href":"https:\/\/portal.pi.gov.br\/seres\/wp-json\/wp\/v2\/comments?post=2085"}],"version-history":[{"count":3,"href":"https:\/\/portal.pi.gov.br\/seres\/wp-json\/wp\/v2\/posts\/2085\/revisions"}],"predecessor-version":[{"id":2095,"href":"https:\/\/portal.pi.gov.br\/seres\/wp-json\/wp\/v2\/posts\/2085\/revisions\/2095"}],"wp:featuredmedia":[{"embeddable":true,"href":"https:\/\/portal.pi.gov.br\/seres\/wp-json\/wp\/v2\/media\/2089"}],"wp:attachment":[{"href":"https:\/\/portal.pi.gov.br\/seres\/wp-json\/wp\/v2\/media?parent=2085"}],"wp:term":[{"taxonomy":"category","embeddable":true,"href":"https:\/\/portal.pi.gov.br\/seres\/wp-json\/wp\/v2\/categories?post=2085"},{"taxonomy":"post_tag","embeddable":true,"href":"https:\/\/portal.pi.gov.br\/seres\/wp-json\/wp\/v2\/tags?post=2085"}],"curies":[{"name":"wp","href":"https:\/\/api.w.org\/{rel}","templated":true}]}}