{"id":2099,"date":"2024-02-20T08:36:14","date_gmt":"2024-02-20T11:36:14","guid":{"rendered":"https:\/\/portal.pi.gov.br\/seres\/?p=2099"},"modified":"2024-02-20T08:36:14","modified_gmt":"2024-02-20T11:36:14","slug":"governo-do-piaui-investira-r-7985-milhoes-em-planos-emergenciais-nos-periodos-de-seca","status":"publish","type":"post","link":"https:\/\/portal.pi.gov.br\/seres\/2024\/02\/20\/governo-do-piaui-investira-r-7985-milhoes-em-planos-emergenciais-nos-periodos-de-seca\/","title":{"rendered":"Governo do Piau\u00ed investir\u00e1 R$ 798,5 milh\u00f5es em planos emergenciais nos per\u00edodos de seca"},"content":{"rendered":"\n<p>O governador Rafael Fonteles lan\u00e7ou, nesta segunda-feira (19), no Pal\u00e1cio de Karnak, a Opera\u00e7\u00e3o \u00c1guas e Vida Piau\u00ed \u2013 Plano de Conting\u00eancia para os Impactos do El Nino. Coordenado pela Secretaria de Planejamento, o plano tem o objetivo de desenvolver a\u00e7\u00f5es em v\u00e1rias frentes para garantir solu\u00e7\u00f5es de conviv\u00eancia com a seca, como planos emergenciais, de m\u00e9dio e longo prazo. A Seres \u00e9 uma das secretarias que participa da opera\u00e7\u00e3o, tendo como principal a\u00e7\u00e3o o di\u00e1logo com a sociedade civil. <\/p>\n\n\n<div class=\"wp-block-image\">\n<figure class=\"aligncenter size-large is-resized\"><img decoding=\"async\" loading=\"lazy\" src=\"https:\/\/portal.pi.gov.br\/seres\/wp-content\/uploads\/sites\/87\/2024\/02\/f0f12c06-6965-4db0-ae96-3e6ebe5f0837-1024x683.jpeg\" alt=\"\" class=\"wp-image-2100\" width=\"476\" height=\"318\" srcset=\"https:\/\/portal.pi.gov.br\/seres\/wp-content\/uploads\/sites\/87\/2024\/02\/f0f12c06-6965-4db0-ae96-3e6ebe5f0837-1024x683.jpeg 1024w, https:\/\/portal.pi.gov.br\/seres\/wp-content\/uploads\/sites\/87\/2024\/02\/f0f12c06-6965-4db0-ae96-3e6ebe5f0837-300x200.jpeg 300w, https:\/\/portal.pi.gov.br\/seres\/wp-content\/uploads\/sites\/87\/2024\/02\/f0f12c06-6965-4db0-ae96-3e6ebe5f0837-768x512.jpeg 768w, https:\/\/portal.pi.gov.br\/seres\/wp-content\/uploads\/sites\/87\/2024\/02\/f0f12c06-6965-4db0-ae96-3e6ebe5f0837-420x280.jpeg 420w, https:\/\/portal.pi.gov.br\/seres\/wp-content\/uploads\/sites\/87\/2024\/02\/f0f12c06-6965-4db0-ae96-3e6ebe5f0837-540x360.jpeg 540w, https:\/\/portal.pi.gov.br\/seres\/wp-content\/uploads\/sites\/87\/2024\/02\/f0f12c06-6965-4db0-ae96-3e6ebe5f0837-780x520.jpeg 780w, https:\/\/portal.pi.gov.br\/seres\/wp-content\/uploads\/sites\/87\/2024\/02\/f0f12c06-6965-4db0-ae96-3e6ebe5f0837-1536x1024.jpeg 1536w, https:\/\/portal.pi.gov.br\/seres\/wp-content\/uploads\/sites\/87\/2024\/02\/f0f12c06-6965-4db0-ae96-3e6ebe5f0837-947x632.jpeg 947w, https:\/\/portal.pi.gov.br\/seres\/wp-content\/uploads\/sites\/87\/2024\/02\/f0f12c06-6965-4db0-ae96-3e6ebe5f0837-624x416.jpeg 624w, https:\/\/portal.pi.gov.br\/seres\/wp-content\/uploads\/sites\/87\/2024\/02\/f0f12c06-6965-4db0-ae96-3e6ebe5f0837-84x56.jpeg 84w, https:\/\/portal.pi.gov.br\/seres\/wp-content\/uploads\/sites\/87\/2024\/02\/f0f12c06-6965-4db0-ae96-3e6ebe5f0837.jpeg 1600w\" sizes=\"(max-width: 476px) 100vw, 476px\" \/><\/figure><\/div>\n\n\n<p>As a\u00e7\u00f5es integradas ser\u00e3o realizadas por 13 secretarias, que envolvem medidas de curto, m\u00e9dio e longo prazos para garantir abastecimento regular, seguran\u00e7a alimentar e solu\u00e7\u00f5es inovadoras para o bem-estar da popula\u00e7\u00e3o mais afetada pela estiagem.<\/p>\n\n\n\n<p>Com investimento total de R$ 798,5 milh\u00f5es, o plano prev\u00ea a\u00e7\u00f5es emergenciais, como a constru\u00e7\u00e3o de cisternas de capta\u00e7\u00e3o e armazenamento de \u00e1gua, limpeza de a\u00e7udes, recupera\u00e7\u00e3o de barragens e carro-pipa, al\u00e9m de a\u00e7\u00f5es estruturantes, que s\u00e3o as pol\u00edticas de m\u00e9dio e longo prazo que abrangem perfura\u00e7\u00e3o de po\u00e7os, adutoras, sistemas de abastecimento de \u00e1gua e constru\u00e7\u00e3o de novas barragens.<\/p>\n\n\n<div class=\"wp-block-image\">\n<figure class=\"aligncenter is-resized\"><img decoding=\"async\" loading=\"lazy\" src=\"https:\/\/admin.pi.gov.br\/uploads\/plano7_ecad1f8d2b.jpg\" alt=\"plano7.jpg\" width=\"490\" height=\"327\" \/><\/figure><\/div>\n\n\n<p>Segundo o governador, entre as a\u00e7\u00f5es mais importantes do plano est\u00e3o a constru\u00e7\u00e3o de 19 mil cisternas e a recupera\u00e7\u00e3o de a\u00e7udes e barragens. &#8220;Temos um plano complexo, que envolve 13 \u00f3rg\u00e3os e contempla os 224 munic\u00edpios do estado, com foco nos 106 munic\u00edpios que vivem alguma situa\u00e7\u00e3o de emerg\u00eancia e, dentre esses, 40 que est\u00e3o numa situa\u00e7\u00e3o mais grave&#8221;, explica o governador.<\/p>\n\n\n\n<p>O governador citou ainda que o plano visa \u00e0 sustentabilidade econ\u00f4mica, por meio do apoio \u00e0 agricultura familiar, programas de garantia safra e de aquisi\u00e7\u00e3o de alimentos. &#8220;Al\u00e9m disso, teremos investimento em conhecimento e inova\u00e7\u00e3o &nbsp;junto \u00e0 Defesa Civil, Meio Ambiente e Instituto de Desenvolvimento do Piau\u00ed para trabalhar a preven\u00e7\u00e3o de forma que possamos estar \u00e0 frente de problemas que venham ocorrer, como \u00e9 a estiagem&#8221;, disse.<\/p>\n\n\n\n<p>Segundo o secret\u00e1rio de Planejamento, Washington Bonfim, o plano foi elaborado visando ao combate dos efeitos da estiagem, que em 2024 vai iniciar mais cedo e a previs\u00e3o \u00e9 de que seja mais intenso. &#8220;Trata-se de um conjunto de a\u00e7\u00f5es coordenadas que mobilizam setores sociais, produtivo e meio ambiente&#8221;, explica o secret\u00e1rio, detalhando que o Governo do Estado vai atuar em v\u00e1rias frentes, com levantamento de dados, distribui\u00e7\u00e3o de recursos em fun\u00e7\u00e3o de uma eventual quebra de safra e abastecimento.<\/p>\n\n\n\n<p>O diretor de Defesa Civil, Werton Rocha, afirma que o Governo est\u00e1 antecipando os impactos da estiagem. &#8220;Temos um programa avan\u00e7ado, que visa atacar o grave problema que o estado atravessa, como a escassez e restri\u00e7\u00e3o h\u00eddrica, com planejamento e estrat\u00e9gias eficazes para superar os efeitos da estiagem provocada por fen\u00f4menos como o El Ni\u00f1o&#8221;, disse, destacando que o Piau\u00ed est\u00e1 trabalhando com um plano robusto para gerir o potencial que, historicamente, era subaproveitado como as \u00e1guas subterr\u00e2neas e superficiais.<\/p>\n\n\n<div class=\"wp-block-image\">\n<figure class=\"aligncenter is-resized\"><img decoding=\"async\" loading=\"lazy\" src=\"https:\/\/admin.pi.gov.br\/uploads\/plano8_5752fabbb2.jpg\" alt=\"plano8.jpg\" width=\"495\" height=\"330\" \/><\/figure><\/div>\n\n\n<p>O secret\u00e1rio de Meio Ambiente e Recursos H\u00eddricos (Semarh), Daniel Oliveira, disse que o plano vai ajudar a popula\u00e7\u00e3o do semi\u00e1rido. &#8220;A Semarh est\u00e1 inserida neste plano por ter informa\u00e7\u00f5es, fazer o monitoramento clim\u00e1tico e a previs\u00e3o de eventos extremos&#8221;, disse, informando ainda que a Semarh vai desenvolver o Plano Estadual de Recursos H\u00eddricos para lidar com a seguran\u00e7a h\u00eddrica e com a qualidade da \u00e1gua para consumo e produ\u00e7\u00e3o econ\u00f4mica. &nbsp;&#8220;Vamos desenvolver ainda o Plano Estadual de Conserva\u00e7\u00e3o de Nascentes visando \u00e0 manuten\u00e7\u00e3o dos recursos h\u00eddricos&#8221;, disse.<\/p>\n\n\n<div class=\"wp-block-image\">\n<figure class=\"aligncenter is-resized\"><img decoding=\"async\" loading=\"lazy\" src=\"https:\/\/admin.pi.gov.br\/uploads\/plano6_7611cc86be.jpg\" alt=\"plano6.jpg\" width=\"503\" height=\"334\" \/><\/figure><\/div>\n\n\n<p>A coordenadora do F\u00f3rum Piauiense de Conviv\u00eancia com o Semi\u00e1rido, Rejane Silva, afirmou durante o evento que este Plano de Conting\u00eancia para os impactos do El Ni\u00f1o veio fortalecer as pol\u00edticas p\u00fablicas de conviv\u00eancia com a seca. &#8220;Esse olhar do Governo do Estado vai melhorar a vida de homens e mulheres que vivem no semi\u00e1rido&#8221;, afirma.<\/p>\n\n\n<div class=\"wp-block-image\">\n<figure class=\"aligncenter size-large is-resized\"><img decoding=\"async\" loading=\"lazy\" src=\"https:\/\/portal.pi.gov.br\/seres\/wp-content\/uploads\/sites\/87\/2024\/02\/3b2c2af7-65da-4b83-b643-15cef619c6e7-1024x768.jpeg\" alt=\"\" class=\"wp-image-2101\" width=\"507\" height=\"380\" srcset=\"https:\/\/portal.pi.gov.br\/seres\/wp-content\/uploads\/sites\/87\/2024\/02\/3b2c2af7-65da-4b83-b643-15cef619c6e7-1024x768.jpeg 1024w, https:\/\/portal.pi.gov.br\/seres\/wp-content\/uploads\/sites\/87\/2024\/02\/3b2c2af7-65da-4b83-b643-15cef619c6e7-300x225.jpeg 300w, https:\/\/portal.pi.gov.br\/seres\/wp-content\/uploads\/sites\/87\/2024\/02\/3b2c2af7-65da-4b83-b643-15cef619c6e7-768x576.jpeg 768w, https:\/\/portal.pi.gov.br\/seres\/wp-content\/uploads\/sites\/87\/2024\/02\/3b2c2af7-65da-4b83-b643-15cef619c6e7-420x315.jpeg 420w, https:\/\/portal.pi.gov.br\/seres\/wp-content\/uploads\/sites\/87\/2024\/02\/3b2c2af7-65da-4b83-b643-15cef619c6e7-540x405.jpeg 540w, https:\/\/portal.pi.gov.br\/seres\/wp-content\/uploads\/sites\/87\/2024\/02\/3b2c2af7-65da-4b83-b643-15cef619c6e7-780x585.jpeg 780w, https:\/\/portal.pi.gov.br\/seres\/wp-content\/uploads\/sites\/87\/2024\/02\/3b2c2af7-65da-4b83-b643-15cef619c6e7-1536x1152.jpeg 1536w, https:\/\/portal.pi.gov.br\/seres\/wp-content\/uploads\/sites\/87\/2024\/02\/3b2c2af7-65da-4b83-b643-15cef619c6e7-2048x1536.jpeg 2048w, https:\/\/portal.pi.gov.br\/seres\/wp-content\/uploads\/sites\/87\/2024\/02\/3b2c2af7-65da-4b83-b643-15cef619c6e7-947x710.jpeg 947w, https:\/\/portal.pi.gov.br\/seres\/wp-content\/uploads\/sites\/87\/2024\/02\/3b2c2af7-65da-4b83-b643-15cef619c6e7-624x468.jpeg 624w\" sizes=\"(max-width: 507px) 100vw, 507px\" \/><\/figure><\/div>\n\n\n<p><\/p>\n","protected":false},"excerpt":{"rendered":"<p>O governador Rafael Fonteles lan\u00e7ou, nesta segunda-feira (19), no Pal\u00e1cio de Karnak, a Opera\u00e7\u00e3o \u00c1guas e Vida Piau\u00ed \u2013 Plano de Conting\u00eancia para os Impactos do El Nino. Coordenado pela [&hellip;]<\/p>\n","protected":false},"author":1748,"featured_media":2102,"comment_status":"closed","ping_status":"closed","sticky":false,"template":"","format":"standard","meta":[],"categories":[1],"tags":[41],"featured_image_urls":{"full":["https:\/\/portal.pi.gov.br\/seres\/wp-content\/uploads\/sites\/87\/2024\/02\/plano6_7611cc86be-scaled.jpg",2560,1706,false],"thumbnail":["https:\/\/portal.pi.gov.br\/seres\/wp-content\/uploads\/sites\/87\/2024\/02\/plano6_7611cc86be-150x150.jpg",150,150,true],"medium":["https:\/\/portal.pi.gov.br\/seres\/wp-content\/uploads\/sites\/87\/2024\/02\/plano6_7611cc86be-300x200.jpg",300,200,true],"medium_large":["https:\/\/portal.pi.gov.br\/seres\/wp-content\/uploads\/sites\/87\/2024\/02\/plano6_7611cc86be-768x512.jpg",768,512,true],"large":["https:\/\/portal.pi.gov.br\/seres\/wp-content\/uploads\/sites\/87\/2024\/02\/plano6_7611cc86be-1024x683.jpg",887,592,true],"sgg-420":["https:\/\/portal.pi.gov.br\/seres\/wp-content\/uploads\/sites\/87\/2024\/02\/plano6_7611cc86be-420x280.jpg",420,280,true],"sgg-540":["https:\/\/portal.pi.gov.br\/seres\/wp-content\/uploads\/sites\/87\/2024\/02\/plano6_7611cc86be-540x360.jpg",540,360,true],"sgg-780":["https:\/\/portal.pi.gov.br\/seres\/wp-content\/uploads\/sites\/87\/2024\/02\/plano6_7611cc86be-780x520.jpg",780,520,true],"1536x1536":["https:\/\/portal.pi.gov.br\/seres\/wp-content\/uploads\/sites\/87\/2024\/02\/plano6_7611cc86be-1536x1024.jpg",1536,1024,true],"2048x2048":["https:\/\/portal.pi.gov.br\/seres\/wp-content\/uploads\/sites\/87\/2024\/02\/plano6_7611cc86be-2048x1365.jpg",2048,1365,true],"homepage-slider":["https:\/\/portal.pi.gov.br\/seres\/wp-content\/uploads\/sites\/87\/2024\/02\/plano6_7611cc86be-1270x500.jpg",1270,500,true],"homepage-slider-small":["https:\/\/portal.pi.gov.br\/seres\/wp-content\/uploads\/sites\/87\/2024\/02\/plano6_7611cc86be-947x500.jpg",947,500,true],"page-top":["https:\/\/portal.pi.gov.br\/seres\/wp-content\/uploads\/sites\/87\/2024\/02\/plano6_7611cc86be-947x631.jpg",947,631,true],"page-small":["https:\/\/portal.pi.gov.br\/seres\/wp-content\/uploads\/sites\/87\/2024\/02\/plano6_7611cc86be-624x416.jpg",624,416,true],"loop-main":["https:\/\/portal.pi.gov.br\/seres\/wp-content\/uploads\/sites\/87\/2024\/02\/plano6_7611cc86be-365x240.jpg",365,240,true],"thumb-gallery-widget":["https:\/\/portal.pi.gov.br\/seres\/wp-content\/uploads\/sites\/87\/2024\/02\/plano6_7611cc86be-84x56.jpg",84,56,true]},"post_excerpt_stackable":"<p>O governador Rafael Fonteles lan\u00e7ou, nesta segunda-feira (19), no Pal\u00e1cio de Karnak, a Opera\u00e7\u00e3o \u00c1guas e Vida Piau\u00ed \u2013 Plano de Conting\u00eancia para os Impactos do El Nino. Coordenado pela Secretaria de Planejamento, o plano tem o objetivo de desenvolver a\u00e7\u00f5es em v\u00e1rias frentes para garantir solu\u00e7\u00f5es de conviv\u00eancia com a seca, como planos emergenciais, de m\u00e9dio e longo prazo. A Seres \u00e9 uma das secretarias que participa da opera\u00e7\u00e3o, tendo como principal a\u00e7\u00e3o o di\u00e1logo com a sociedade civil. As a\u00e7\u00f5es integradas ser\u00e3o realizadas por 13 secretarias, que envolvem medidas de curto, m\u00e9dio e longo prazos para garantir abastecimento&hellip;<\/p>\n","category_list":"<a href=\"https:\/\/portal.pi.gov.br\/seres\/category\/sem-categoria\/\" rel=\"category tag\">Sem categoria<\/a>","author_info":{"name":"natalina","url":"https:\/\/portal.pi.gov.br\/seres\/author\/natalina\/"},"comments_num":"0 coment\u00e1rio","featured_image_urls_v2":{"full":["https:\/\/portal.pi.gov.br\/seres\/wp-content\/uploads\/sites\/87\/2024\/02\/plano6_7611cc86be-scaled.jpg",2560,1706,false],"thumbnail":["https:\/\/portal.pi.gov.br\/seres\/wp-content\/uploads\/sites\/87\/2024\/02\/plano6_7611cc86be-150x150.jpg",150,150,true],"medium":["https:\/\/portal.pi.gov.br\/seres\/wp-content\/uploads\/sites\/87\/2024\/02\/plano6_7611cc86be-300x200.jpg",300,200,true],"medium_large":["https:\/\/portal.pi.gov.br\/seres\/wp-content\/uploads\/sites\/87\/2024\/02\/plano6_7611cc86be-768x512.jpg",768,512,true],"large":["https:\/\/portal.pi.gov.br\/seres\/wp-content\/uploads\/sites\/87\/2024\/02\/plano6_7611cc86be-1024x683.jpg",887,592,true],"sgg-420":["https:\/\/portal.pi.gov.br\/seres\/wp-content\/uploads\/sites\/87\/2024\/02\/plano6_7611cc86be-420x280.jpg",420,280,true],"sgg-540":["https:\/\/portal.pi.gov.br\/seres\/wp-content\/uploads\/sites\/87\/2024\/02\/plano6_7611cc86be-540x360.jpg",540,360,true],"sgg-780":["https:\/\/portal.pi.gov.br\/seres\/wp-content\/uploads\/sites\/87\/2024\/02\/plano6_7611cc86be-780x520.jpg",780,520,true],"1536x1536":["https:\/\/portal.pi.gov.br\/seres\/wp-content\/uploads\/sites\/87\/2024\/02\/plano6_7611cc86be-1536x1024.jpg",1536,1024,true],"2048x2048":["https:\/\/portal.pi.gov.br\/seres\/wp-content\/uploads\/sites\/87\/2024\/02\/plano6_7611cc86be-2048x1365.jpg",2048,1365,true],"homepage-slider":["https:\/\/portal.pi.gov.br\/seres\/wp-content\/uploads\/sites\/87\/2024\/02\/plano6_7611cc86be-1270x500.jpg",1270,500,true],"homepage-slider-small":["https:\/\/portal.pi.gov.br\/seres\/wp-content\/uploads\/sites\/87\/2024\/02\/plano6_7611cc86be-947x500.jpg",947,500,true],"page-top":["https:\/\/portal.pi.gov.br\/seres\/wp-content\/uploads\/sites\/87\/2024\/02\/plano6_7611cc86be-947x631.jpg",947,631,true],"page-small":["https:\/\/portal.pi.gov.br\/seres\/wp-content\/uploads\/sites\/87\/2024\/02\/plano6_7611cc86be-624x416.jpg",624,416,true],"loop-main":["https:\/\/portal.pi.gov.br\/seres\/wp-content\/uploads\/sites\/87\/2024\/02\/plano6_7611cc86be-365x240.jpg",365,240,true],"thumb-gallery-widget":["https:\/\/portal.pi.gov.br\/seres\/wp-content\/uploads\/sites\/87\/2024\/02\/plano6_7611cc86be-84x56.jpg",84,56,true]},"post_excerpt_stackable_v2":"<p>O governador Rafael Fonteles lan\u00e7ou, nesta segunda-feira (19), no Pal\u00e1cio de Karnak, a Opera\u00e7\u00e3o \u00c1guas e Vida Piau\u00ed \u2013 Plano de Conting\u00eancia para os Impactos do El Nino. Coordenado pela Secretaria de Planejamento, o plano tem o objetivo de desenvolver a\u00e7\u00f5es em v\u00e1rias frentes para garantir solu\u00e7\u00f5es de conviv\u00eancia com a seca, como planos emergenciais, de m\u00e9dio e longo prazo. A Seres \u00e9 uma das secretarias que participa da opera\u00e7\u00e3o, tendo como principal a\u00e7\u00e3o o di\u00e1logo com a sociedade civil. As a\u00e7\u00f5es integradas ser\u00e3o realizadas por 13 secretarias, que envolvem medidas de curto, m\u00e9dio e longo prazos para garantir abastecimento&hellip;<\/p>\n","category_list_v2":"<a href=\"https:\/\/portal.pi.gov.br\/seres\/category\/sem-categoria\/\" rel=\"category tag\">Sem categoria<\/a>","author_info_v2":{"name":"natalina","url":"https:\/\/portal.pi.gov.br\/seres\/author\/natalina\/"},"comments_num_v2":"0 coment\u00e1rio","jetpack_featured_media_url":"https:\/\/portal.pi.gov.br\/seres\/wp-content\/uploads\/sites\/87\/2024\/02\/plano6_7611cc86be-scaled.jpg","_links":{"self":[{"href":"https:\/\/portal.pi.gov.br\/seres\/wp-json\/wp\/v2\/posts\/2099"}],"collection":[{"href":"https:\/\/portal.pi.gov.br\/seres\/wp-json\/wp\/v2\/posts"}],"about":[{"href":"https:\/\/portal.pi.gov.br\/seres\/wp-json\/wp\/v2\/types\/post"}],"author":[{"embeddable":true,"href":"https:\/\/portal.pi.gov.br\/seres\/wp-json\/wp\/v2\/users\/1748"}],"replies":[{"embeddable":true,"href":"https:\/\/portal.pi.gov.br\/seres\/wp-json\/wp\/v2\/comments?post=2099"}],"version-history":[{"count":1,"href":"https:\/\/portal.pi.gov.br\/seres\/wp-json\/wp\/v2\/posts\/2099\/revisions"}],"predecessor-version":[{"id":2103,"href":"https:\/\/portal.pi.gov.br\/seres\/wp-json\/wp\/v2\/posts\/2099\/revisions\/2103"}],"wp:featuredmedia":[{"embeddable":true,"href":"https:\/\/portal.pi.gov.br\/seres\/wp-json\/wp\/v2\/media\/2102"}],"wp:attachment":[{"href":"https:\/\/portal.pi.gov.br\/seres\/wp-json\/wp\/v2\/media?parent=2099"}],"wp:term":[{"taxonomy":"category","embeddable":true,"href":"https:\/\/portal.pi.gov.br\/seres\/wp-json\/wp\/v2\/categories?post=2099"},{"taxonomy":"post_tag","embeddable":true,"href":"https:\/\/portal.pi.gov.br\/seres\/wp-json\/wp\/v2\/tags?post=2099"}],"curies":[{"name":"wp","href":"https:\/\/api.w.org\/{rel}","templated":true}]}}