{"id":2116,"date":"2024-02-20T19:55:39","date_gmt":"2024-02-20T22:55:39","guid":{"rendered":"https:\/\/portal.pi.gov.br\/seres\/?p=2116"},"modified":"2024-02-20T19:56:45","modified_gmt":"2024-02-20T22:56:45","slug":"secretaria-nubia-lopes-toma-posse-no-comite-estadual-da-populacao-de-rua","status":"publish","type":"post","link":"https:\/\/portal.pi.gov.br\/seres\/2024\/02\/20\/secretaria-nubia-lopes-toma-posse-no-comite-estadual-da-populacao-de-rua\/","title":{"rendered":"Secret\u00e1ria N\u00fabia Lopes toma posse no Comit\u00ea Estadual da Popula\u00e7\u00e3o de Rua"},"content":{"rendered":"\n<p>Em solenidade no Pal\u00e1cio da Justi\u00e7a, em Teresina, foram empossados os novos membros titulares e suplentes do Comit\u00ea Intersetorial de Acompanhamento e Monitoramento da Pol\u00edtica Estadual para a Popula\u00e7\u00e3o em Situa\u00e7\u00e3o de Rua para o bi\u00eanio 2024-2026. Criado atrav\u00e9s de lei em 2020, o comit\u00ea possui o papel de fiscalizar e garantir a implementa\u00e7\u00e3o das pol\u00edticas p\u00fablicas relacionadas ao seu p\u00fablico-alvo e \u00e9 composto por representantes do poder p\u00fablico e da organiza\u00e7\u00f5es da sociedade civil.<\/p>\n\n\n\n<p>A posse foi feita pela secret\u00e1ria da Assist\u00eancia Social, Trabalho e Direitos Humanos, Regina Sousa, que explicou que a Sasc faz parte de v\u00e1rios conselhos, cujo papel \u00e9 fazer a pol\u00edtica p\u00fablica funcionar. Ela lembrou que a Sasc n\u00e3o tem o papel de executar a\u00e7\u00f5es nesse \u00e2mbito, mas de fazer parcerias e apoiar o trabalho de entidades, como a Pastoral do Povo de Rua. \u201cA Sasc cofinancia, fiscaliza, capacita, monitora, mas ela n\u00e3o \u00e9 executora. Cabe ao Estado fazer o cofinanciamento para os munic\u00edpios executarem a\u00e7\u00f5es em prol da popula\u00e7\u00e3o em situa\u00e7\u00e3o de rua. Em Teresina, funcionam o Centro Pop e o Pop Rua\u201d, refor\u00e7a.&nbsp;<\/p>\n\n\n<div class=\"wp-block-image\">\n<figure class=\"aligncenter is-resized\"><img decoding=\"async\" loading=\"lazy\" src=\"https:\/\/admin.pi.gov.br\/uploads\/01_3fd5744d8a.jpg\" alt=\"01.jpg\" width=\"459\" height=\"305\" \/><\/figure><\/div>\n\n\n<p>Regina Sousa tamb\u00e9m informou que o Estado est\u00e1 ajudando a incluir a popula\u00e7\u00e3o em situa\u00e7\u00e3o de rua no Cadastro \u00danico. J\u00e1 s\u00e3o mais de 1.600 inscritos, dos quais cerca de 1.100 recebem o Bolsa Fam\u00edlia. Em Teresina s\u00e3o mais de 1.200. Ela explica a necessidade de as pessoas se autodeclararem em situa\u00e7\u00e3o de rua para serem inscritas no Cadastro \u00danico do governo federal. Esse servi\u00e7o \u00e9 feito pelas prefeituras com o apoio da Pastoral.<\/p>\n\n\n\n<p>\u201cO Comit\u00ea \u00e9 muito importante. Primeiro porque reafirma mais um espa\u00e7o de participa\u00e7\u00e3o popular, social; \u00e9 um colegiado que possui representantes da sociedade civil e tamb\u00e9m do governo do Estado. Ent\u00e3o, \u00e9 muito importante o trabalho do comit\u00ea, porque ele vai monitorar, acompanhar as pol\u00edticas p\u00fablicas para as pessoas em situa\u00e7\u00e3o de rua,\u201d comenta a secret\u00e1ria de Rela\u00e7\u00f5es Sociais do Piau\u00ed, N\u00fabia Lopes. Ela acrescenta que o diferencial no Comit\u00ea \u00e9 que ele representa membros da sociedade civil organizada que executa a\u00e7\u00f5es em prol da popula\u00e7\u00e3o em situa\u00e7\u00e3o de rua, como a Associa\u00e7\u00e3o Beneficente S\u00e3o Paulo Ap\u00f3stolo.&nbsp;<\/p>\n\n\n<div class=\"wp-block-image\">\n<figure class=\"aligncenter is-resized\"><img decoding=\"async\" loading=\"lazy\" src=\"https:\/\/admin.pi.gov.br\/uploads\/09_d4d68c6a3e.jpg\" alt=\"09.jpg\" width=\"466\" height=\"350\" \/><\/figure><\/div>\n\n\n<p>N\u00fabia Lopes cita ainda que o Estado articula, financia, participa, colabora com o resgate das pessoas invisibilizadas da sociedade, ajudando-as a ter dignidade e a serem inseridas na sociedade atrav\u00e9s do acolhimento e do processo de forma\u00e7\u00e3o e de qualifica\u00e7\u00e3o profissional.<\/p>\n\n\n\n<p>O arcebispo de Teresina, Dom Juarez Marques destaca que \u00e9 muito importante a cria\u00e7\u00e3o do Comit\u00ea, pois vai garantir, n\u00e3o somente a assist\u00eancia, mas um projeto de preven\u00e7\u00e3o, a fim de proporcionar que as pessoas em situa\u00e7\u00e3o de rua possam viver com dignidade. \u201cO Papa Francisco usa uma express\u00e3o que \u00e9: &#8216;n\u00f3s vivemos um tempo, uma sociedade do descarte, que descarta as pessoas&#8217;. Mas pessoas n\u00e3o podem ser descartadas. As pessoas precisam ser cuidadas, promovidas, inclu\u00eddas no seio da sociedade, da igreja, com o direito de participar em leis\u201d, defende.<\/p>\n\n\n<div class=\"wp-block-image\">\n<figure class=\"aligncenter is-resized\"><img decoding=\"async\" loading=\"lazy\" src=\"https:\/\/admin.pi.gov.br\/uploads\/05_0bacab220b.jpg\" alt=\"05.jpg\" width=\"467\" height=\"350\" \/><\/figure><\/div>\n\n\n<p>Padre Jo\u00e3o Paulo Carvalho, coordenador da Pastoral do Povo de Rua, cita que os membros do Comit\u00ea t\u00eam respaldo legal para definir e monitorar as a\u00e7\u00f5es voltadas para a popula\u00e7\u00e3o em situa\u00e7\u00e3o de rua. &nbsp;&#8220;A cria\u00e7\u00e3o do Comit\u00ea \u00e9 um avan\u00e7o nesse trabalho em prol de quem vive nas ruas, pois quem vive dessa maneira precisa de forma\u00e7\u00e3o e qualifica\u00e7\u00e3o profissional para concorrer ao mercado de trabalho&#8221;, ressalta.<\/p>\n\n\n\n<p>Um exemplo de que forma\u00e7\u00e3o e qualifica\u00e7\u00e3o profissional marcam um passo importante para sair das ruas \u00e9 o de Eliada Ara\u00fajo Marinho, baiana de 31 anos que h\u00e1 um ano foi acolhida pela Pastoral do Povo de Rua e j\u00e1 fez cursos de corte e costura e o de culin\u00e1ria. \u201cA import\u00e2ncia do Comit\u00ea \u00e9 porque recupera a dignidade das pessoas (como eu, que era de rua), para ter a sua dignidade pr\u00f3pria, ter de volta o seu car\u00e1ter, que voc\u00ea perdeu quando morava na rua, e assim construir um futuro novo\u201d, declara.&nbsp;<\/p>\n\n\n<div class=\"wp-block-image\">\n<figure class=\"aligncenter is-resized\"><img decoding=\"async\" loading=\"lazy\" src=\"https:\/\/admin.pi.gov.br\/uploads\/11_90c71ddfda.jpg\" alt=\"11.jpg\" width=\"476\" height=\"357\" \/><\/figure><\/div>\n\n\n<p><strong>REPRESENTA\u00c7\u00d5ES INSTITUI\u00c7\u00d5ES P\u00daBLICAS<\/strong><\/p>\n\n\n\n<p><strong>Secret\u00e1ria de Estado da Assist\u00eancia Social, Trabalho e Direitos Humanos \u2013 SASC<\/strong><\/p>\n\n\n\n<p><strong>Titular :&nbsp;<\/strong>Ananias Pereira da Cruz&nbsp;<strong>Suplente: M<\/strong>aria das Gra\u00e7as da Silva<\/p>\n\n\n\n<p><strong>Secretaria de Estado da Educa\u00e7\u00e3o &#8211; SEDUC<\/strong><\/p>\n\n\n\n<p><strong>Titular:&nbsp;<\/strong>Maria do Carmo Fernandes&nbsp;<strong>&nbsp;Suplente:&nbsp;<\/strong>Cl\u00e1udio Rodrigues de Melo&nbsp;<\/p>\n\n\n\n<p><strong>Secretaria de Estado da Sa\u00fade &#8211; SESAPI<\/strong><\/p>\n\n\n\n<p><strong>Titular:&nbsp;<\/strong>Maria Idvani Braga&nbsp;<strong>Suplente:&nbsp;<\/strong>Virginia Elaine Pinheiro da Silva&nbsp;<\/p>\n\n\n\n<p><strong>Secretaria de Estado da Seguran\u00e7a P\u00fablica &#8211; SSP<\/strong><\/p>\n\n\n\n<p><strong>Titular:&nbsp;<\/strong>Jetan Pinheiro Barbosa&nbsp;<\/p>\n\n\n\n<p><strong>Suplente:&nbsp;<\/strong>D\u00e9bora Costa de Sousa&nbsp;<\/p>\n\n\n\n<p><strong>Secretaria de Estado da Justi\u00e7a &#8211; SEJUS<\/strong><\/p>\n\n\n\n<p><strong>Titular:&nbsp;<\/strong>Suzana Maria Rebelo Sampaio&nbsp;<\/p>\n\n\n\n<p><strong>Suplente:&nbsp;<\/strong>Geracina Oliveira Rodrigues&nbsp;<\/p>\n\n\n\n<p><strong>Secretaria de Estado da Cultura &#8211; SECULT<\/strong><\/p>\n\n\n\n<p><strong>Titular:&nbsp;<\/strong>Ant\u00f4nia Sousa de Aguiar&nbsp;<\/p>\n\n\n\n<p><strong>Suplente:&nbsp;&nbsp;<\/strong>Solange Hiller Herthz Santos&nbsp;<\/p>\n\n\n\n<p><strong>Ag\u00eancia de Desenvolvimento Habitacional do Estado do Piau\u00ed &#8211; ADH<\/strong><\/p>\n\n\n\n<p><strong>Titular:&nbsp;<\/strong>Maria Claro Fernandes Santiago&nbsp;<\/p>\n\n\n\n<p><strong>Suplente:&nbsp;&nbsp;<\/strong>Francisca Duarte Lopes Soares&nbsp;<\/p>\n\n\n\n<p><strong>Secret\u00e1ria de Estado dos Esportes do Piau\u00ed &#8211; FUNDESPI\/SECEPI<\/strong><\/p>\n\n\n\n<p><strong>Titular:&nbsp;<\/strong>Ranilson Gon\u00e7alves de Sousa&nbsp;<\/p>\n\n\n\n<p><strong>Suplente:&nbsp;&nbsp;<\/strong>Adriano J\u00fanior Dias Rodrigues&nbsp;<\/p>\n\n\n\n<p><strong>REPRESENTA\u00c7\u00d5ES SOCIEDADE CIVIL<\/strong><\/p>\n\n\n\n<p><strong>Conselho Regional de Servi\u00e7o Social \u2013 CRESS\/PI 22\u00aa Regi\u00e3o<\/strong><\/p>\n\n\n\n<p><strong>Titular:&nbsp;<\/strong>Melissa de Carvalho Soares Lima&nbsp;<\/p>\n\n\n\n<p><strong>Suplente:&nbsp;<\/strong>Alyne da Grecia Rocha e Silva&nbsp;<\/p>\n\n\n\n<p><strong>Conselho Regional de Psicologia \u2013 CRP\/PI 21\u00aa Regi\u00e3o<\/strong><\/p>\n\n\n\n<p><strong>Titular:&nbsp;<\/strong>Keila Maria Rodrigues da Costa&nbsp;<\/p>\n\n\n\n<p><strong>Suplente:&nbsp;<\/strong>Julianne Alencar Gomes Cavalcanti&nbsp;<\/p>\n\n\n\n<p><strong>Usu\u00e1rio\/SUAS 01<\/strong><\/p>\n\n\n\n<p><strong>Titular:&nbsp;<\/strong>Hailton Barbosa da Silva dos Santos&nbsp;<\/p>\n\n\n\n<p><strong>Suplente:&nbsp;<\/strong>Cicero Borba de Carvalho&nbsp;<\/p>\n\n\n\n<p><strong>Usu\u00e1rio\/SUAS 02<\/strong><\/p>\n\n\n\n<p><strong>Titular:&nbsp;<\/strong>Herivelton Leal dos Santos&nbsp;<\/p>\n\n\n\n<p><strong>Suplente:&nbsp;<\/strong>Jo\u00e3o Vitor dos Reis Ferreira Gomes&nbsp;<\/p>\n\n\n\n<p><strong>CONFER\u00caNCIA DA FAM\u00cdLIA FRANCISCANA &#8211; CFFB<\/strong><\/p>\n\n\n\n<p><strong>Titular:&nbsp;<\/strong>Francisco C\u00e9sar Moura&nbsp;<\/p>\n\n\n\n<p><strong>Suplente:&nbsp;<\/strong>Ir. Jovenilde Alves Neves&nbsp;<\/p>\n\n\n\n<p><strong>FAZENDA DA PAZ<\/strong><\/p>\n\n\n\n<p><strong>Titular:&nbsp;<\/strong>Francisca Diana Pac\u00edfico Oliveira&nbsp;<\/p>\n\n\n\n<p><strong>Suplente:&nbsp;<\/strong>Polyana Medeiros Lustosa&nbsp;<\/p>\n\n\n\n<p><strong>ASSOCIA\u00c7\u00c3O NOVA CRIATURA<\/strong><\/p>\n\n\n\n<p><strong>Titular:&nbsp;<\/strong>Jos\u00e9 Pereira da Silva Filho&nbsp;<\/p>\n\n\n\n<p><strong>Suplente:&nbsp;<\/strong>Joaquim Rodrigues&nbsp;<\/p>\n\n\n\n<p><strong>PASTORAL DE RUA<\/strong><\/p>\n\n\n\n<p><strong>Titular:&nbsp;<\/strong>Pe. Jo\u00e3o Paulo Carvalho e Silva&nbsp;<\/p>\n\n\n\n<p><strong>Suplente:&nbsp;<\/strong>Crislaine Almeida Louren\u00e7o&nbsp;<\/p>\n","protected":false},"excerpt":{"rendered":"<p>Em solenidade no Pal\u00e1cio da Justi\u00e7a, em Teresina, foram empossados os novos membros titulares e suplentes do Comit\u00ea Intersetorial de Acompanhamento e Monitoramento da Pol\u00edtica Estadual para a Popula\u00e7\u00e3o em [&hellip;]<\/p>\n","protected":false},"author":1748,"featured_media":2118,"comment_status":"closed","ping_status":"closed","sticky":false,"template":"","format":"standard","meta":[],"categories":[34],"tags":[47,41],"featured_image_urls":{"full":["https:\/\/portal.pi.gov.br\/seres\/wp-content\/uploads\/sites\/87\/2024\/02\/WhatsApp-Image-2024-02-20-at-14.34.44.jpeg",1280,960,false],"thumbnail":["https:\/\/portal.pi.gov.br\/seres\/wp-content\/uploads\/sites\/87\/2024\/02\/WhatsApp-Image-2024-02-20-at-14.34.44-150x150.jpeg",150,150,true],"medium":["https:\/\/portal.pi.gov.br\/seres\/wp-content\/uploads\/sites\/87\/2024\/02\/WhatsApp-Image-2024-02-20-at-14.34.44-300x225.jpeg",300,225,true],"medium_large":["https:\/\/portal.pi.gov.br\/seres\/wp-content\/uploads\/sites\/87\/2024\/02\/WhatsApp-Image-2024-02-20-at-14.34.44-768x576.jpeg",768,576,true],"large":["https:\/\/portal.pi.gov.br\/seres\/wp-content\/uploads\/sites\/87\/2024\/02\/WhatsApp-Image-2024-02-20-at-14.34.44-1024x768.jpeg",887,665,true],"sgg-420":["https:\/\/portal.pi.gov.br\/seres\/wp-content\/uploads\/sites\/87\/2024\/02\/WhatsApp-Image-2024-02-20-at-14.34.44-420x315.jpeg",420,315,true],"sgg-540":["https:\/\/portal.pi.gov.br\/seres\/wp-content\/uploads\/sites\/87\/2024\/02\/WhatsApp-Image-2024-02-20-at-14.34.44-540x405.jpeg",540,405,true],"sgg-780":["https:\/\/portal.pi.gov.br\/seres\/wp-content\/uploads\/sites\/87\/2024\/02\/WhatsApp-Image-2024-02-20-at-14.34.44-780x585.jpeg",780,585,true],"1536x1536":["https:\/\/portal.pi.gov.br\/seres\/wp-content\/uploads\/sites\/87\/2024\/02\/WhatsApp-Image-2024-02-20-at-14.34.44.jpeg",1280,960,false],"2048x2048":["https:\/\/portal.pi.gov.br\/seres\/wp-content\/uploads\/sites\/87\/2024\/02\/WhatsApp-Image-2024-02-20-at-14.34.44.jpeg",1280,960,false],"homepage-slider":["https:\/\/portal.pi.gov.br\/seres\/wp-content\/uploads\/sites\/87\/2024\/02\/WhatsApp-Image-2024-02-20-at-14.34.44-1270x500.jpeg",1270,500,true],"homepage-slider-small":["https:\/\/portal.pi.gov.br\/seres\/wp-content\/uploads\/sites\/87\/2024\/02\/WhatsApp-Image-2024-02-20-at-14.34.44-947x500.jpeg",947,500,true],"page-top":["https:\/\/portal.pi.gov.br\/seres\/wp-content\/uploads\/sites\/87\/2024\/02\/WhatsApp-Image-2024-02-20-at-14.34.44-947x710.jpeg",947,710,true],"page-small":["https:\/\/portal.pi.gov.br\/seres\/wp-content\/uploads\/sites\/87\/2024\/02\/WhatsApp-Image-2024-02-20-at-14.34.44-624x468.jpeg",624,468,true],"loop-main":["https:\/\/portal.pi.gov.br\/seres\/wp-content\/uploads\/sites\/87\/2024\/02\/WhatsApp-Image-2024-02-20-at-14.34.44-365x240.jpeg",365,240,true],"thumb-gallery-widget":["https:\/\/portal.pi.gov.br\/seres\/wp-content\/uploads\/sites\/87\/2024\/02\/WhatsApp-Image-2024-02-20-at-14.34.44-84x56.jpeg",84,56,true]},"post_excerpt_stackable":"<p>Em solenidade no Pal\u00e1cio da Justi\u00e7a, em Teresina, foram empossados os novos membros titulares e suplentes do Comit\u00ea Intersetorial de Acompanhamento e Monitoramento da Pol\u00edtica Estadual para a Popula\u00e7\u00e3o em Situa\u00e7\u00e3o de Rua para o bi\u00eanio 2024-2026. Criado atrav\u00e9s de lei em 2020, o comit\u00ea possui o papel de fiscalizar e garantir a implementa\u00e7\u00e3o das pol\u00edticas p\u00fablicas relacionadas ao seu p\u00fablico-alvo e \u00e9 composto por representantes do poder p\u00fablico e da organiza\u00e7\u00f5es da sociedade civil. A posse foi feita pela secret\u00e1ria da Assist\u00eancia Social, Trabalho e Direitos Humanos, Regina Sousa, que explicou que a Sasc faz parte de v\u00e1rios conselhos,&hellip;<\/p>\n","category_list":"<a href=\"https:\/\/portal.pi.gov.br\/seres\/category\/noticias\/\" rel=\"category tag\">Not\u00edcias<\/a>","author_info":{"name":"natalina","url":"https:\/\/portal.pi.gov.br\/seres\/author\/natalina\/"},"comments_num":"0 coment\u00e1rio","featured_image_urls_v2":{"full":["https:\/\/portal.pi.gov.br\/seres\/wp-content\/uploads\/sites\/87\/2024\/02\/WhatsApp-Image-2024-02-20-at-14.34.44.jpeg",1280,960,false],"thumbnail":["https:\/\/portal.pi.gov.br\/seres\/wp-content\/uploads\/sites\/87\/2024\/02\/WhatsApp-Image-2024-02-20-at-14.34.44-150x150.jpeg",150,150,true],"medium":["https:\/\/portal.pi.gov.br\/seres\/wp-content\/uploads\/sites\/87\/2024\/02\/WhatsApp-Image-2024-02-20-at-14.34.44-300x225.jpeg",300,225,true],"medium_large":["https:\/\/portal.pi.gov.br\/seres\/wp-content\/uploads\/sites\/87\/2024\/02\/WhatsApp-Image-2024-02-20-at-14.34.44-768x576.jpeg",768,576,true],"large":["https:\/\/portal.pi.gov.br\/seres\/wp-content\/uploads\/sites\/87\/2024\/02\/WhatsApp-Image-2024-02-20-at-14.34.44-1024x768.jpeg",887,665,true],"sgg-420":["https:\/\/portal.pi.gov.br\/seres\/wp-content\/uploads\/sites\/87\/2024\/02\/WhatsApp-Image-2024-02-20-at-14.34.44-420x315.jpeg",420,315,true],"sgg-540":["https:\/\/portal.pi.gov.br\/seres\/wp-content\/uploads\/sites\/87\/2024\/02\/WhatsApp-Image-2024-02-20-at-14.34.44-540x405.jpeg",540,405,true],"sgg-780":["https:\/\/portal.pi.gov.br\/seres\/wp-content\/uploads\/sites\/87\/2024\/02\/WhatsApp-Image-2024-02-20-at-14.34.44-780x585.jpeg",780,585,true],"1536x1536":["https:\/\/portal.pi.gov.br\/seres\/wp-content\/uploads\/sites\/87\/2024\/02\/WhatsApp-Image-2024-02-20-at-14.34.44.jpeg",1280,960,false],"2048x2048":["https:\/\/portal.pi.gov.br\/seres\/wp-content\/uploads\/sites\/87\/2024\/02\/WhatsApp-Image-2024-02-20-at-14.34.44.jpeg",1280,960,false],"homepage-slider":["https:\/\/portal.pi.gov.br\/seres\/wp-content\/uploads\/sites\/87\/2024\/02\/WhatsApp-Image-2024-02-20-at-14.34.44-1270x500.jpeg",1270,500,true],"homepage-slider-small":["https:\/\/portal.pi.gov.br\/seres\/wp-content\/uploads\/sites\/87\/2024\/02\/WhatsApp-Image-2024-02-20-at-14.34.44-947x500.jpeg",947,500,true],"page-top":["https:\/\/portal.pi.gov.br\/seres\/wp-content\/uploads\/sites\/87\/2024\/02\/WhatsApp-Image-2024-02-20-at-14.34.44-947x710.jpeg",947,710,true],"page-small":["https:\/\/portal.pi.gov.br\/seres\/wp-content\/uploads\/sites\/87\/2024\/02\/WhatsApp-Image-2024-02-20-at-14.34.44-624x468.jpeg",624,468,true],"loop-main":["https:\/\/portal.pi.gov.br\/seres\/wp-content\/uploads\/sites\/87\/2024\/02\/WhatsApp-Image-2024-02-20-at-14.34.44-365x240.jpeg",365,240,true],"thumb-gallery-widget":["https:\/\/portal.pi.gov.br\/seres\/wp-content\/uploads\/sites\/87\/2024\/02\/WhatsApp-Image-2024-02-20-at-14.34.44-84x56.jpeg",84,56,true]},"post_excerpt_stackable_v2":"<p>Em solenidade no Pal\u00e1cio da Justi\u00e7a, em Teresina, foram empossados os novos membros titulares e suplentes do Comit\u00ea Intersetorial de Acompanhamento e Monitoramento da Pol\u00edtica Estadual para a Popula\u00e7\u00e3o em Situa\u00e7\u00e3o de Rua para o bi\u00eanio 2024-2026. Criado atrav\u00e9s de lei em 2020, o comit\u00ea possui o papel de fiscalizar e garantir a implementa\u00e7\u00e3o das pol\u00edticas p\u00fablicas relacionadas ao seu p\u00fablico-alvo e \u00e9 composto por representantes do poder p\u00fablico e da organiza\u00e7\u00f5es da sociedade civil. A posse foi feita pela secret\u00e1ria da Assist\u00eancia Social, Trabalho e Direitos Humanos, Regina Sousa, que explicou que a Sasc faz parte de v\u00e1rios conselhos,&hellip;<\/p>\n","category_list_v2":"<a href=\"https:\/\/portal.pi.gov.br\/seres\/category\/noticias\/\" rel=\"category tag\">Not\u00edcias<\/a>","author_info_v2":{"name":"natalina","url":"https:\/\/portal.pi.gov.br\/seres\/author\/natalina\/"},"comments_num_v2":"0 coment\u00e1rio","jetpack_featured_media_url":"https:\/\/portal.pi.gov.br\/seres\/wp-content\/uploads\/sites\/87\/2024\/02\/WhatsApp-Image-2024-02-20-at-14.34.44.jpeg","_links":{"self":[{"href":"https:\/\/portal.pi.gov.br\/seres\/wp-json\/wp\/v2\/posts\/2116"}],"collection":[{"href":"https:\/\/portal.pi.gov.br\/seres\/wp-json\/wp\/v2\/posts"}],"about":[{"href":"https:\/\/portal.pi.gov.br\/seres\/wp-json\/wp\/v2\/types\/post"}],"author":[{"embeddable":true,"href":"https:\/\/portal.pi.gov.br\/seres\/wp-json\/wp\/v2\/users\/1748"}],"replies":[{"embeddable":true,"href":"https:\/\/portal.pi.gov.br\/seres\/wp-json\/wp\/v2\/comments?post=2116"}],"version-history":[{"count":2,"href":"https:\/\/portal.pi.gov.br\/seres\/wp-json\/wp\/v2\/posts\/2116\/revisions"}],"predecessor-version":[{"id":2120,"href":"https:\/\/portal.pi.gov.br\/seres\/wp-json\/wp\/v2\/posts\/2116\/revisions\/2120"}],"wp:featuredmedia":[{"embeddable":true,"href":"https:\/\/portal.pi.gov.br\/seres\/wp-json\/wp\/v2\/media\/2118"}],"wp:attachment":[{"href":"https:\/\/portal.pi.gov.br\/seres\/wp-json\/wp\/v2\/media?parent=2116"}],"wp:term":[{"taxonomy":"category","embeddable":true,"href":"https:\/\/portal.pi.gov.br\/seres\/wp-json\/wp\/v2\/categories?post=2116"},{"taxonomy":"post_tag","embeddable":true,"href":"https:\/\/portal.pi.gov.br\/seres\/wp-json\/wp\/v2\/tags?post=2116"}],"curies":[{"name":"wp","href":"https:\/\/api.w.org\/{rel}","templated":true}]}}