{"id":2121,"date":"2024-02-23T14:43:19","date_gmt":"2024-02-23T17:43:19","guid":{"rendered":"https:\/\/portal.pi.gov.br\/seres\/?p=2121"},"modified":"2024-02-23T14:43:20","modified_gmt":"2024-02-23T17:43:20","slug":"governo-lanca-opa-2024-2025","status":"publish","type":"post","link":"https:\/\/portal.pi.gov.br\/seres\/2024\/02\/23\/governo-lanca-opa-2024-2025\/","title":{"rendered":"Governo lan\u00e7a OPA 2024\/2025"},"content":{"rendered":"\n<p>O Governador Rafael Fonteles lan\u00e7ou o Programa do Or\u00e7amento Participativo &#8211; OPA 2024\/2025 na manh\u00e3 desta sexta-feira (23), no Karnak. O programa \u00e9 coordenado pelas Secretarias das Rela\u00e7\u00f5es Sociais (Seres) e do Planejamento (Seplan). O OPA \u00e9 o primeiro instrumento de inser\u00e7\u00e3o da popula\u00e7\u00e3o no or\u00e7amento p\u00fablico anual. Em 2023, contemplou Teresina e Parna\u00edba e este ano ser\u00e1 expandido para Floriano, Picos e Piripiri, munic\u00edpios com mais de 50 mil habitantes.<\/p>\n\n\n<div class=\"wp-block-image\">\n<figure class=\"aligncenter size-large is-resized\"><img decoding=\"async\" loading=\"lazy\" src=\"https:\/\/portal.pi.gov.br\/seres\/wp-content\/uploads\/sites\/87\/2024\/02\/WhatsApp-Image-2024-02-23-at-13.04.57-1024x768.jpeg\" alt=\"\" class=\"wp-image-2123\" width=\"430\" height=\"323\" srcset=\"https:\/\/portal.pi.gov.br\/seres\/wp-content\/uploads\/sites\/87\/2024\/02\/WhatsApp-Image-2024-02-23-at-13.04.57-1024x768.jpeg 1024w, https:\/\/portal.pi.gov.br\/seres\/wp-content\/uploads\/sites\/87\/2024\/02\/WhatsApp-Image-2024-02-23-at-13.04.57-300x225.jpeg 300w, https:\/\/portal.pi.gov.br\/seres\/wp-content\/uploads\/sites\/87\/2024\/02\/WhatsApp-Image-2024-02-23-at-13.04.57-768x576.jpeg 768w, https:\/\/portal.pi.gov.br\/seres\/wp-content\/uploads\/sites\/87\/2024\/02\/WhatsApp-Image-2024-02-23-at-13.04.57-420x315.jpeg 420w, https:\/\/portal.pi.gov.br\/seres\/wp-content\/uploads\/sites\/87\/2024\/02\/WhatsApp-Image-2024-02-23-at-13.04.57-540x405.jpeg 540w, https:\/\/portal.pi.gov.br\/seres\/wp-content\/uploads\/sites\/87\/2024\/02\/WhatsApp-Image-2024-02-23-at-13.04.57-780x585.jpeg 780w, https:\/\/portal.pi.gov.br\/seres\/wp-content\/uploads\/sites\/87\/2024\/02\/WhatsApp-Image-2024-02-23-at-13.04.57-1536x1152.jpeg 1536w, https:\/\/portal.pi.gov.br\/seres\/wp-content\/uploads\/sites\/87\/2024\/02\/WhatsApp-Image-2024-02-23-at-13.04.57-2048x1536.jpeg 2048w, https:\/\/portal.pi.gov.br\/seres\/wp-content\/uploads\/sites\/87\/2024\/02\/WhatsApp-Image-2024-02-23-at-13.04.57-947x710.jpeg 947w, https:\/\/portal.pi.gov.br\/seres\/wp-content\/uploads\/sites\/87\/2024\/02\/WhatsApp-Image-2024-02-23-at-13.04.57-624x468.jpeg 624w\" sizes=\"(max-width: 430px) 100vw, 430px\" \/><\/figure><\/div>\n\n\n<p>Ser\u00e3o destinados R$ 40 milh\u00f5es em recursos para a execu\u00e7\u00e3o das propostas do OPA em Teresina, R$ 10 milh\u00f5es para Parna\u00edba, R$ 5 milh\u00f5es para Piripiri, R$ 5 milh\u00f5es para Picos e R$ 5 milh\u00f5es para Floriano. As entidades de bairro e associa\u00e7\u00f5es comunit\u00e1rias ter\u00e3o do dia 26 de fevereiro at\u00e9 27 de mar\u00e7o para lan\u00e7ar at\u00e9 tr\u00eas propostas que representem os interesses e as necessidades da popula\u00e7\u00e3o.<\/p>\n\n\n\n<p>A vota\u00e7\u00e3o estar\u00e1 aberta de 07 at\u00e9 17 de junho e acontecer\u00e1 via Portal do OPA, aplicativo Colab e WhatsApp, al\u00e9m de alguns pontos f\u00edsicos que estar\u00e3o espalhados pelos munic\u00edpios contemplados pelo programa.<\/p>\n\n\n<div class=\"wp-block-image\">\n<figure class=\"aligncenter size-large is-resized\"><img decoding=\"async\" loading=\"lazy\" src=\"https:\/\/portal.pi.gov.br\/seres\/wp-content\/uploads\/sites\/87\/2024\/02\/WhatsApp-Image-2024-02-23-at-14.05.36-1024x768.jpeg\" alt=\"\" class=\"wp-image-2124\" width=\"439\" height=\"329\" srcset=\"https:\/\/portal.pi.gov.br\/seres\/wp-content\/uploads\/sites\/87\/2024\/02\/WhatsApp-Image-2024-02-23-at-14.05.36-1024x768.jpeg 1024w, https:\/\/portal.pi.gov.br\/seres\/wp-content\/uploads\/sites\/87\/2024\/02\/WhatsApp-Image-2024-02-23-at-14.05.36-300x225.jpeg 300w, https:\/\/portal.pi.gov.br\/seres\/wp-content\/uploads\/sites\/87\/2024\/02\/WhatsApp-Image-2024-02-23-at-14.05.36-768x576.jpeg 768w, https:\/\/portal.pi.gov.br\/seres\/wp-content\/uploads\/sites\/87\/2024\/02\/WhatsApp-Image-2024-02-23-at-14.05.36-420x315.jpeg 420w, https:\/\/portal.pi.gov.br\/seres\/wp-content\/uploads\/sites\/87\/2024\/02\/WhatsApp-Image-2024-02-23-at-14.05.36-540x405.jpeg 540w, https:\/\/portal.pi.gov.br\/seres\/wp-content\/uploads\/sites\/87\/2024\/02\/WhatsApp-Image-2024-02-23-at-14.05.36-780x585.jpeg 780w, https:\/\/portal.pi.gov.br\/seres\/wp-content\/uploads\/sites\/87\/2024\/02\/WhatsApp-Image-2024-02-23-at-14.05.36-1536x1152.jpeg 1536w, https:\/\/portal.pi.gov.br\/seres\/wp-content\/uploads\/sites\/87\/2024\/02\/WhatsApp-Image-2024-02-23-at-14.05.36-2048x1536.jpeg 2048w, https:\/\/portal.pi.gov.br\/seres\/wp-content\/uploads\/sites\/87\/2024\/02\/WhatsApp-Image-2024-02-23-at-14.05.36-947x710.jpeg 947w, https:\/\/portal.pi.gov.br\/seres\/wp-content\/uploads\/sites\/87\/2024\/02\/WhatsApp-Image-2024-02-23-at-14.05.36-624x468.jpeg 624w\" sizes=\"(max-width: 439px) 100vw, 439px\" \/><\/figure><\/div>\n\n\n<p>O Governador Rafael Fonteles, ressaltou que as propostas s\u00e3o sugeridas pelas comunidades. \u201cN\u00f3s temos que valorizar as entidades, porque s\u00e3o elas que est\u00e3o, no dia a dia, escutando o povo daquele bairro, o povo daquele seguimento e tentando viabilizar junto \u00e0 classe pol\u00edtica, junto \u00e0s institucionalidades, a solu\u00e7\u00e3o daqueles problemas a localidade possui. Colocamos para voto popular geral aquelas propostas feitas pelas entidades. O programa OPA permite que tanto as entidades quanto seus representantes e os gestores como eu, n\u00e3o nos distanciemos do povo\u201d, afirmou Rafael.<\/p>\n\n\n\n<p>Jos\u00e9 Lu\u00eds da Silva, presidente da Federa\u00e7\u00e3o de Bairros, localizado entre os rios Piau\u00ed e Itaueira, regi\u00e3o que engloba Floriano e Picos, destacou a import\u00e2ncia do OPA para o local. \u201cEsse projeto, dado pelo nosso governador, \u00e9 de suma import\u00e2ncia para o desenvolvimento da nossa regi\u00e3o e, atrav\u00e9s dele, poderemos participar dessa administra\u00e7\u00e3o junto ao Governo do Estado. J\u00e1 v\u00ednhamos lutando h\u00e1 muito tempo e agora, gra\u00e7as a Deus, n\u00f3s galgamos aquilo que sempre sonhamos, afirmou.<\/p>\n\n\n<div class=\"wp-block-image\">\n<figure class=\"aligncenter size-large is-resized\"><img decoding=\"async\" loading=\"lazy\" src=\"https:\/\/portal.pi.gov.br\/seres\/wp-content\/uploads\/sites\/87\/2024\/02\/WhatsApp-Image-2024-02-23-at-13.05.04-1024x768.jpeg\" alt=\"\" class=\"wp-image-2122\" width=\"464\" height=\"348\" srcset=\"https:\/\/portal.pi.gov.br\/seres\/wp-content\/uploads\/sites\/87\/2024\/02\/WhatsApp-Image-2024-02-23-at-13.05.04-1024x768.jpeg 1024w, https:\/\/portal.pi.gov.br\/seres\/wp-content\/uploads\/sites\/87\/2024\/02\/WhatsApp-Image-2024-02-23-at-13.05.04-300x225.jpeg 300w, https:\/\/portal.pi.gov.br\/seres\/wp-content\/uploads\/sites\/87\/2024\/02\/WhatsApp-Image-2024-02-23-at-13.05.04-768x576.jpeg 768w, https:\/\/portal.pi.gov.br\/seres\/wp-content\/uploads\/sites\/87\/2024\/02\/WhatsApp-Image-2024-02-23-at-13.05.04-420x315.jpeg 420w, https:\/\/portal.pi.gov.br\/seres\/wp-content\/uploads\/sites\/87\/2024\/02\/WhatsApp-Image-2024-02-23-at-13.05.04-540x405.jpeg 540w, https:\/\/portal.pi.gov.br\/seres\/wp-content\/uploads\/sites\/87\/2024\/02\/WhatsApp-Image-2024-02-23-at-13.05.04-780x585.jpeg 780w, https:\/\/portal.pi.gov.br\/seres\/wp-content\/uploads\/sites\/87\/2024\/02\/WhatsApp-Image-2024-02-23-at-13.05.04-1536x1152.jpeg 1536w, https:\/\/portal.pi.gov.br\/seres\/wp-content\/uploads\/sites\/87\/2024\/02\/WhatsApp-Image-2024-02-23-at-13.05.04-2048x1536.jpeg 2048w, https:\/\/portal.pi.gov.br\/seres\/wp-content\/uploads\/sites\/87\/2024\/02\/WhatsApp-Image-2024-02-23-at-13.05.04-947x710.jpeg 947w, https:\/\/portal.pi.gov.br\/seres\/wp-content\/uploads\/sites\/87\/2024\/02\/WhatsApp-Image-2024-02-23-at-13.05.04-624x468.jpeg 624w\" sizes=\"(max-width: 464px) 100vw, 464px\" \/><\/figure><\/div>\n\n\n<p>O cacique Jos\u00e9 Guilherme tamb\u00e9m elogiou a iniciativa. \u201cO governador est\u00e1 querendo saber as demandas das comunidades. A gente vai decidir o que precisa e apresentar nas propostas\u201d, relatou. Seu Raimundo Violeiro, presidente da Associa\u00e7\u00e3o de Moradores de Serra Dourada, em Santa Tereza, comemorou a chegada o OPA na sua regi\u00e3o. \u201cO ano passado a gente n\u00e3o participou do programa do OPA, que \u00e9 mais um instrumento \u00a0para levar benef\u00edcios \u00e0s comunidades, mas esse ano n\u00f3s estamos preparados para trabalhar junto com esse projeto, levando as propostas para nosso povo escolher\u201d, disse.<\/p>\n\n\n<div class=\"wp-block-image\">\n<figure class=\"aligncenter size-large is-resized\"><img decoding=\"async\" loading=\"lazy\" src=\"https:\/\/portal.pi.gov.br\/seres\/wp-content\/uploads\/sites\/87\/2024\/02\/WhatsApp-Image-2024-02-23-at-14.21.40-1024x768.jpeg\" alt=\"\" class=\"wp-image-2126\" width=\"472\" height=\"354\" srcset=\"https:\/\/portal.pi.gov.br\/seres\/wp-content\/uploads\/sites\/87\/2024\/02\/WhatsApp-Image-2024-02-23-at-14.21.40-1024x768.jpeg 1024w, https:\/\/portal.pi.gov.br\/seres\/wp-content\/uploads\/sites\/87\/2024\/02\/WhatsApp-Image-2024-02-23-at-14.21.40-300x225.jpeg 300w, https:\/\/portal.pi.gov.br\/seres\/wp-content\/uploads\/sites\/87\/2024\/02\/WhatsApp-Image-2024-02-23-at-14.21.40-768x576.jpeg 768w, https:\/\/portal.pi.gov.br\/seres\/wp-content\/uploads\/sites\/87\/2024\/02\/WhatsApp-Image-2024-02-23-at-14.21.40-420x315.jpeg 420w, https:\/\/portal.pi.gov.br\/seres\/wp-content\/uploads\/sites\/87\/2024\/02\/WhatsApp-Image-2024-02-23-at-14.21.40-540x405.jpeg 540w, https:\/\/portal.pi.gov.br\/seres\/wp-content\/uploads\/sites\/87\/2024\/02\/WhatsApp-Image-2024-02-23-at-14.21.40-780x585.jpeg 780w, https:\/\/portal.pi.gov.br\/seres\/wp-content\/uploads\/sites\/87\/2024\/02\/WhatsApp-Image-2024-02-23-at-14.21.40-947x710.jpeg 947w, https:\/\/portal.pi.gov.br\/seres\/wp-content\/uploads\/sites\/87\/2024\/02\/WhatsApp-Image-2024-02-23-at-14.21.40-624x468.jpeg 624w, https:\/\/portal.pi.gov.br\/seres\/wp-content\/uploads\/sites\/87\/2024\/02\/WhatsApp-Image-2024-02-23-at-14.21.40.jpeg 1280w\" sizes=\"(max-width: 472px) 100vw, 472px\" \/><\/figure><\/div>\n\n\n<p>Atrav\u00e9s do OPA, a comunidade \u00e9 capaz de eleger suas prioridades para o bairro, participando diretamente na escolha das obras a serem executadas no local. \u00c9 um importante recurso para a participa\u00e7\u00e3o popular no direcionamento das necessidades de cada regi\u00e3o que proporciona uma gest\u00e3o integrada e eficaz do poder p\u00fablico como a popula\u00e7\u00e3o.<\/p>\n\n\n<div class=\"wp-block-image\">\n<figure class=\"aligncenter size-large is-resized\"><img decoding=\"async\" loading=\"lazy\" src=\"https:\/\/portal.pi.gov.br\/seres\/wp-content\/uploads\/sites\/87\/2024\/02\/WhatsApp-Image-2024-02-23-at-14.21.34-1024x768.jpeg\" alt=\"\" class=\"wp-image-2127\" width=\"489\" height=\"367\" srcset=\"https:\/\/portal.pi.gov.br\/seres\/wp-content\/uploads\/sites\/87\/2024\/02\/WhatsApp-Image-2024-02-23-at-14.21.34-1024x768.jpeg 1024w, https:\/\/portal.pi.gov.br\/seres\/wp-content\/uploads\/sites\/87\/2024\/02\/WhatsApp-Image-2024-02-23-at-14.21.34-300x225.jpeg 300w, https:\/\/portal.pi.gov.br\/seres\/wp-content\/uploads\/sites\/87\/2024\/02\/WhatsApp-Image-2024-02-23-at-14.21.34-768x576.jpeg 768w, https:\/\/portal.pi.gov.br\/seres\/wp-content\/uploads\/sites\/87\/2024\/02\/WhatsApp-Image-2024-02-23-at-14.21.34-420x315.jpeg 420w, https:\/\/portal.pi.gov.br\/seres\/wp-content\/uploads\/sites\/87\/2024\/02\/WhatsApp-Image-2024-02-23-at-14.21.34-540x405.jpeg 540w, https:\/\/portal.pi.gov.br\/seres\/wp-content\/uploads\/sites\/87\/2024\/02\/WhatsApp-Image-2024-02-23-at-14.21.34-780x585.jpeg 780w, https:\/\/portal.pi.gov.br\/seres\/wp-content\/uploads\/sites\/87\/2024\/02\/WhatsApp-Image-2024-02-23-at-14.21.34-947x710.jpeg 947w, https:\/\/portal.pi.gov.br\/seres\/wp-content\/uploads\/sites\/87\/2024\/02\/WhatsApp-Image-2024-02-23-at-14.21.34-624x468.jpeg 624w, https:\/\/portal.pi.gov.br\/seres\/wp-content\/uploads\/sites\/87\/2024\/02\/WhatsApp-Image-2024-02-23-at-14.21.34.jpeg 1280w\" sizes=\"(max-width: 489px) 100vw, 489px\" \/><\/figure><\/div>\n\n\n<p>Representando cada um dos munic\u00edpios beneficiados com o OPA, participaram da solenidade de lan\u00e7amento: Roriz de Paula Nascimento Rodrigues (Associa\u00e7\u00e3o Comunit\u00e1ria do Residencial Torquato Neto), de Teresina; Maria Rosimely &#8211; Secretaria da Kolping, de Parna\u00edba; Cl\u00e1udia M\u00f4nica de Sousa (Federa\u00e7\u00e3o das Associa\u00e7\u00f5es de Moradores e Conselhos Comunit\u00e1rios do Piau\u00ed &#8211; FAMCC), de Picos; Patr\u00edcia Lila Souza (Associa\u00e7\u00e3o do Residencial Jenipapeiro), de Piripiri e Jos\u00e9 Luiz (Federa\u00e7\u00e3o dos Bairros de Floriano &#8211; FEBAPI), de Floriano.<\/p>\n\n\n<div class=\"wp-block-image\">\n<figure class=\"aligncenter size-large is-resized\"><img decoding=\"async\" loading=\"lazy\" src=\"https:\/\/portal.pi.gov.br\/seres\/wp-content\/uploads\/sites\/87\/2024\/02\/WhatsApp-Image-2024-02-23-at-14.05.43-1024x768.jpeg\" alt=\"\" class=\"wp-image-2125\" width=\"483\" height=\"362\" srcset=\"https:\/\/portal.pi.gov.br\/seres\/wp-content\/uploads\/sites\/87\/2024\/02\/WhatsApp-Image-2024-02-23-at-14.05.43-1024x768.jpeg 1024w, https:\/\/portal.pi.gov.br\/seres\/wp-content\/uploads\/sites\/87\/2024\/02\/WhatsApp-Image-2024-02-23-at-14.05.43-300x225.jpeg 300w, https:\/\/portal.pi.gov.br\/seres\/wp-content\/uploads\/sites\/87\/2024\/02\/WhatsApp-Image-2024-02-23-at-14.05.43-768x576.jpeg 768w, https:\/\/portal.pi.gov.br\/seres\/wp-content\/uploads\/sites\/87\/2024\/02\/WhatsApp-Image-2024-02-23-at-14.05.43-420x315.jpeg 420w, https:\/\/portal.pi.gov.br\/seres\/wp-content\/uploads\/sites\/87\/2024\/02\/WhatsApp-Image-2024-02-23-at-14.05.43-540x405.jpeg 540w, https:\/\/portal.pi.gov.br\/seres\/wp-content\/uploads\/sites\/87\/2024\/02\/WhatsApp-Image-2024-02-23-at-14.05.43-780x585.jpeg 780w, https:\/\/portal.pi.gov.br\/seres\/wp-content\/uploads\/sites\/87\/2024\/02\/WhatsApp-Image-2024-02-23-at-14.05.43-947x710.jpeg 947w, https:\/\/portal.pi.gov.br\/seres\/wp-content\/uploads\/sites\/87\/2024\/02\/WhatsApp-Image-2024-02-23-at-14.05.43-624x468.jpeg 624w, https:\/\/portal.pi.gov.br\/seres\/wp-content\/uploads\/sites\/87\/2024\/02\/WhatsApp-Image-2024-02-23-at-14.05.43.jpeg 1280w\" sizes=\"(max-width: 483px) 100vw, 483px\" \/><\/figure><\/div>","protected":false},"excerpt":{"rendered":"<p>O Governador Rafael Fonteles lan\u00e7ou o Programa do Or\u00e7amento Participativo &#8211; OPA 2024\/2025 na manh\u00e3 desta sexta-feira (23), no Karnak. O programa \u00e9 coordenado pelas Secretarias das Rela\u00e7\u00f5es Sociais (Seres) [&hellip;]<\/p>\n","protected":false},"author":1748,"featured_media":2127,"comment_status":"closed","ping_status":"closed","sticky":false,"template":"","format":"standard","meta":[],"categories":[34],"tags":[],"featured_image_urls":{"full":["https:\/\/portal.pi.gov.br\/seres\/wp-content\/uploads\/sites\/87\/2024\/02\/WhatsApp-Image-2024-02-23-at-14.21.34.jpeg",1280,960,false],"thumbnail":["https:\/\/portal.pi.gov.br\/seres\/wp-content\/uploads\/sites\/87\/2024\/02\/WhatsApp-Image-2024-02-23-at-14.21.34-150x150.jpeg",150,150,true],"medium":["https:\/\/portal.pi.gov.br\/seres\/wp-content\/uploads\/sites\/87\/2024\/02\/WhatsApp-Image-2024-02-23-at-14.21.34-300x225.jpeg",300,225,true],"medium_large":["https:\/\/portal.pi.gov.br\/seres\/wp-content\/uploads\/sites\/87\/2024\/02\/WhatsApp-Image-2024-02-23-at-14.21.34-768x576.jpeg",768,576,true],"large":["https:\/\/portal.pi.gov.br\/seres\/wp-content\/uploads\/sites\/87\/2024\/02\/WhatsApp-Image-2024-02-23-at-14.21.34-1024x768.jpeg",887,665,true],"sgg-420":["https:\/\/portal.pi.gov.br\/seres\/wp-content\/uploads\/sites\/87\/2024\/02\/WhatsApp-Image-2024-02-23-at-14.21.34-420x315.jpeg",420,315,true],"sgg-540":["https:\/\/portal.pi.gov.br\/seres\/wp-content\/uploads\/sites\/87\/2024\/02\/WhatsApp-Image-2024-02-23-at-14.21.34-540x405.jpeg",540,405,true],"sgg-780":["https:\/\/portal.pi.gov.br\/seres\/wp-content\/uploads\/sites\/87\/2024\/02\/WhatsApp-Image-2024-02-23-at-14.21.34-780x585.jpeg",780,585,true],"1536x1536":["https:\/\/portal.pi.gov.br\/seres\/wp-content\/uploads\/sites\/87\/2024\/02\/WhatsApp-Image-2024-02-23-at-14.21.34.jpeg",1280,960,false],"2048x2048":["https:\/\/portal.pi.gov.br\/seres\/wp-content\/uploads\/sites\/87\/2024\/02\/WhatsApp-Image-2024-02-23-at-14.21.34.jpeg",1280,960,false],"homepage-slider":["https:\/\/portal.pi.gov.br\/seres\/wp-content\/uploads\/sites\/87\/2024\/02\/WhatsApp-Image-2024-02-23-at-14.21.34-1270x500.jpeg",1270,500,true],"homepage-slider-small":["https:\/\/portal.pi.gov.br\/seres\/wp-content\/uploads\/sites\/87\/2024\/02\/WhatsApp-Image-2024-02-23-at-14.21.34-947x500.jpeg",947,500,true],"page-top":["https:\/\/portal.pi.gov.br\/seres\/wp-content\/uploads\/sites\/87\/2024\/02\/WhatsApp-Image-2024-02-23-at-14.21.34-947x710.jpeg",947,710,true],"page-small":["https:\/\/portal.pi.gov.br\/seres\/wp-content\/uploads\/sites\/87\/2024\/02\/WhatsApp-Image-2024-02-23-at-14.21.34-624x468.jpeg",624,468,true],"loop-main":["https:\/\/portal.pi.gov.br\/seres\/wp-content\/uploads\/sites\/87\/2024\/02\/WhatsApp-Image-2024-02-23-at-14.21.34-365x240.jpeg",365,240,true],"thumb-gallery-widget":["https:\/\/portal.pi.gov.br\/seres\/wp-content\/uploads\/sites\/87\/2024\/02\/WhatsApp-Image-2024-02-23-at-14.21.34-84x56.jpeg",84,56,true]},"post_excerpt_stackable":"<p>O Governador Rafael Fonteles lan\u00e7ou o Programa do Or\u00e7amento Participativo &#8211; OPA 2024\/2025 na manh\u00e3 desta sexta-feira (23), no Karnak. O programa \u00e9 coordenado pelas Secretarias das Rela\u00e7\u00f5es Sociais (Seres) e do Planejamento (Seplan). O OPA \u00e9 o primeiro instrumento de inser\u00e7\u00e3o da popula\u00e7\u00e3o no or\u00e7amento p\u00fablico anual. Em 2023, contemplou Teresina e Parna\u00edba e este ano ser\u00e1 expandido para Floriano, Picos e Piripiri, munic\u00edpios com mais de 50 mil habitantes. Ser\u00e3o destinados R$ 40 milh\u00f5es em recursos para a execu\u00e7\u00e3o das propostas do OPA em Teresina, R$ 10 milh\u00f5es para Parna\u00edba, R$ 5 milh\u00f5es para Piripiri, R$ 5 milh\u00f5es&hellip;<\/p>\n","category_list":"<a href=\"https:\/\/portal.pi.gov.br\/seres\/category\/noticias\/\" rel=\"category tag\">Not\u00edcias<\/a>","author_info":{"name":"natalina","url":"https:\/\/portal.pi.gov.br\/seres\/author\/natalina\/"},"comments_num":"0 coment\u00e1rio","featured_image_urls_v2":{"full":["https:\/\/portal.pi.gov.br\/seres\/wp-content\/uploads\/sites\/87\/2024\/02\/WhatsApp-Image-2024-02-23-at-14.21.34.jpeg",1280,960,false],"thumbnail":["https:\/\/portal.pi.gov.br\/seres\/wp-content\/uploads\/sites\/87\/2024\/02\/WhatsApp-Image-2024-02-23-at-14.21.34-150x150.jpeg",150,150,true],"medium":["https:\/\/portal.pi.gov.br\/seres\/wp-content\/uploads\/sites\/87\/2024\/02\/WhatsApp-Image-2024-02-23-at-14.21.34-300x225.jpeg",300,225,true],"medium_large":["https:\/\/portal.pi.gov.br\/seres\/wp-content\/uploads\/sites\/87\/2024\/02\/WhatsApp-Image-2024-02-23-at-14.21.34-768x576.jpeg",768,576,true],"large":["https:\/\/portal.pi.gov.br\/seres\/wp-content\/uploads\/sites\/87\/2024\/02\/WhatsApp-Image-2024-02-23-at-14.21.34-1024x768.jpeg",887,665,true],"sgg-420":["https:\/\/portal.pi.gov.br\/seres\/wp-content\/uploads\/sites\/87\/2024\/02\/WhatsApp-Image-2024-02-23-at-14.21.34-420x315.jpeg",420,315,true],"sgg-540":["https:\/\/portal.pi.gov.br\/seres\/wp-content\/uploads\/sites\/87\/2024\/02\/WhatsApp-Image-2024-02-23-at-14.21.34-540x405.jpeg",540,405,true],"sgg-780":["https:\/\/portal.pi.gov.br\/seres\/wp-content\/uploads\/sites\/87\/2024\/02\/WhatsApp-Image-2024-02-23-at-14.21.34-780x585.jpeg",780,585,true],"1536x1536":["https:\/\/portal.pi.gov.br\/seres\/wp-content\/uploads\/sites\/87\/2024\/02\/WhatsApp-Image-2024-02-23-at-14.21.34.jpeg",1280,960,false],"2048x2048":["https:\/\/portal.pi.gov.br\/seres\/wp-content\/uploads\/sites\/87\/2024\/02\/WhatsApp-Image-2024-02-23-at-14.21.34.jpeg",1280,960,false],"homepage-slider":["https:\/\/portal.pi.gov.br\/seres\/wp-content\/uploads\/sites\/87\/2024\/02\/WhatsApp-Image-2024-02-23-at-14.21.34-1270x500.jpeg",1270,500,true],"homepage-slider-small":["https:\/\/portal.pi.gov.br\/seres\/wp-content\/uploads\/sites\/87\/2024\/02\/WhatsApp-Image-2024-02-23-at-14.21.34-947x500.jpeg",947,500,true],"page-top":["https:\/\/portal.pi.gov.br\/seres\/wp-content\/uploads\/sites\/87\/2024\/02\/WhatsApp-Image-2024-02-23-at-14.21.34-947x710.jpeg",947,710,true],"page-small":["https:\/\/portal.pi.gov.br\/seres\/wp-content\/uploads\/sites\/87\/2024\/02\/WhatsApp-Image-2024-02-23-at-14.21.34-624x468.jpeg",624,468,true],"loop-main":["https:\/\/portal.pi.gov.br\/seres\/wp-content\/uploads\/sites\/87\/2024\/02\/WhatsApp-Image-2024-02-23-at-14.21.34-365x240.jpeg",365,240,true],"thumb-gallery-widget":["https:\/\/portal.pi.gov.br\/seres\/wp-content\/uploads\/sites\/87\/2024\/02\/WhatsApp-Image-2024-02-23-at-14.21.34-84x56.jpeg",84,56,true]},"post_excerpt_stackable_v2":"<p>O Governador Rafael Fonteles lan\u00e7ou o Programa do Or\u00e7amento Participativo &#8211; OPA 2024\/2025 na manh\u00e3 desta sexta-feira (23), no Karnak. O programa \u00e9 coordenado pelas Secretarias das Rela\u00e7\u00f5es Sociais (Seres) e do Planejamento (Seplan). O OPA \u00e9 o primeiro instrumento de inser\u00e7\u00e3o da popula\u00e7\u00e3o no or\u00e7amento p\u00fablico anual. Em 2023, contemplou Teresina e Parna\u00edba e este ano ser\u00e1 expandido para Floriano, Picos e Piripiri, munic\u00edpios com mais de 50 mil habitantes. Ser\u00e3o destinados R$ 40 milh\u00f5es em recursos para a execu\u00e7\u00e3o das propostas do OPA em Teresina, R$ 10 milh\u00f5es para Parna\u00edba, R$ 5 milh\u00f5es para Piripiri, R$ 5 milh\u00f5es&hellip;<\/p>\n","category_list_v2":"<a href=\"https:\/\/portal.pi.gov.br\/seres\/category\/noticias\/\" rel=\"category tag\">Not\u00edcias<\/a>","author_info_v2":{"name":"natalina","url":"https:\/\/portal.pi.gov.br\/seres\/author\/natalina\/"},"comments_num_v2":"0 coment\u00e1rio","jetpack_featured_media_url":"https:\/\/portal.pi.gov.br\/seres\/wp-content\/uploads\/sites\/87\/2024\/02\/WhatsApp-Image-2024-02-23-at-14.21.34.jpeg","_links":{"self":[{"href":"https:\/\/portal.pi.gov.br\/seres\/wp-json\/wp\/v2\/posts\/2121"}],"collection":[{"href":"https:\/\/portal.pi.gov.br\/seres\/wp-json\/wp\/v2\/posts"}],"about":[{"href":"https:\/\/portal.pi.gov.br\/seres\/wp-json\/wp\/v2\/types\/post"}],"author":[{"embeddable":true,"href":"https:\/\/portal.pi.gov.br\/seres\/wp-json\/wp\/v2\/users\/1748"}],"replies":[{"embeddable":true,"href":"https:\/\/portal.pi.gov.br\/seres\/wp-json\/wp\/v2\/comments?post=2121"}],"version-history":[{"count":1,"href":"https:\/\/portal.pi.gov.br\/seres\/wp-json\/wp\/v2\/posts\/2121\/revisions"}],"predecessor-version":[{"id":2128,"href":"https:\/\/portal.pi.gov.br\/seres\/wp-json\/wp\/v2\/posts\/2121\/revisions\/2128"}],"wp:featuredmedia":[{"embeddable":true,"href":"https:\/\/portal.pi.gov.br\/seres\/wp-json\/wp\/v2\/media\/2127"}],"wp:attachment":[{"href":"https:\/\/portal.pi.gov.br\/seres\/wp-json\/wp\/v2\/media?parent=2121"}],"wp:term":[{"taxonomy":"category","embeddable":true,"href":"https:\/\/portal.pi.gov.br\/seres\/wp-json\/wp\/v2\/categories?post=2121"},{"taxonomy":"post_tag","embeddable":true,"href":"https:\/\/portal.pi.gov.br\/seres\/wp-json\/wp\/v2\/tags?post=2121"}],"curies":[{"name":"wp","href":"https:\/\/api.w.org\/{rel}","templated":true}]}}