{"id":2137,"date":"2024-02-26T12:46:01","date_gmt":"2024-02-26T15:46:01","guid":{"rendered":"https:\/\/portal.pi.gov.br\/seres\/?p=2137"},"modified":"2024-02-26T12:46:01","modified_gmt":"2024-02-26T15:46:01","slug":"seres-e-seplan-apresentam-o-opa-em-picos-2","status":"publish","type":"post","link":"https:\/\/portal.pi.gov.br\/seres\/2024\/02\/26\/seres-e-seplan-apresentam-o-opa-em-picos-2\/","title":{"rendered":"Seres e Seplan apresentam o OPA em Picos"},"content":{"rendered":"\n<p>O Governo do Piau\u00ed lan\u00e7ou, na manh\u00e3 desta segunda-feira (26), o Or\u00e7amento Participativo (OPA) 2024\/2025, em Picos. O OPA \u00e9 um instrumento de inser\u00e7\u00e3o da popula\u00e7\u00e3o no or\u00e7amento p\u00fablico anual. Em 2023, contemplou Teresina e Parna\u00edba e este ano ser\u00e1 expandido para Floriano, Picos e Piripiri, munic\u00edpios com mais de 50 mil habitantes, que ter\u00e3o, cada um deles, R$ 5 milh\u00f5es para implementar as propostas eleitas pelo voto popular.<\/p>\n\n\n<div class=\"wp-block-image\">\n<figure class=\"aligncenter size-large is-resized\"><img decoding=\"async\" loading=\"lazy\" src=\"https:\/\/portal.pi.gov.br\/seres\/wp-content\/uploads\/sites\/87\/2024\/02\/WhatsApp-Image-2024-02-26-at-10.37.47-1024x768.jpeg\" alt=\"\" class=\"wp-image-2138\" width=\"446\" height=\"334\" srcset=\"https:\/\/portal.pi.gov.br\/seres\/wp-content\/uploads\/sites\/87\/2024\/02\/WhatsApp-Image-2024-02-26-at-10.37.47-1024x768.jpeg 1024w, https:\/\/portal.pi.gov.br\/seres\/wp-content\/uploads\/sites\/87\/2024\/02\/WhatsApp-Image-2024-02-26-at-10.37.47-300x225.jpeg 300w, https:\/\/portal.pi.gov.br\/seres\/wp-content\/uploads\/sites\/87\/2024\/02\/WhatsApp-Image-2024-02-26-at-10.37.47-768x576.jpeg 768w, https:\/\/portal.pi.gov.br\/seres\/wp-content\/uploads\/sites\/87\/2024\/02\/WhatsApp-Image-2024-02-26-at-10.37.47-420x315.jpeg 420w, https:\/\/portal.pi.gov.br\/seres\/wp-content\/uploads\/sites\/87\/2024\/02\/WhatsApp-Image-2024-02-26-at-10.37.47-540x405.jpeg 540w, https:\/\/portal.pi.gov.br\/seres\/wp-content\/uploads\/sites\/87\/2024\/02\/WhatsApp-Image-2024-02-26-at-10.37.47-780x585.jpeg 780w, https:\/\/portal.pi.gov.br\/seres\/wp-content\/uploads\/sites\/87\/2024\/02\/WhatsApp-Image-2024-02-26-at-10.37.47-1536x1152.jpeg 1536w, https:\/\/portal.pi.gov.br\/seres\/wp-content\/uploads\/sites\/87\/2024\/02\/WhatsApp-Image-2024-02-26-at-10.37.47-947x710.jpeg 947w, https:\/\/portal.pi.gov.br\/seres\/wp-content\/uploads\/sites\/87\/2024\/02\/WhatsApp-Image-2024-02-26-at-10.37.47-624x468.jpeg 624w, https:\/\/portal.pi.gov.br\/seres\/wp-content\/uploads\/sites\/87\/2024\/02\/WhatsApp-Image-2024-02-26-at-10.37.47.jpeg 1600w\" sizes=\"(max-width: 446px) 100vw, 446px\" \/><\/figure><\/div>\n\n\n<p>A partir das hoje, 26 de fevereiro, at\u00e9 27 de mar\u00e7o, as entidades de bairro e associa\u00e7\u00f5es comunit\u00e1rias de Picos podem submeter suas propostas para o OPA 2024\/2025. As inscri\u00e7\u00f5es ser\u00e3o feitas atrav\u00e9s do\u00a0<a rel=\"noreferrer noopener\" href=\"https:\/\/linkme.bio\/seplanpi?fbclid=PAAaZRoFs2O6xK5suotVJ7_d105BIUotxrAh2OKCprwv-6E9y9X4lozGvMSkE_aem_AWpLWCoiqfblKp7K3bE9P090HxZn-30PnH_0dm0gLcKhL65b_IySUr0ng5IxsxJq-y0\" target=\"_blank\">Portal do OPA<\/a>, aplicativo Colab e Whatsapp, al\u00e9m de pontos f\u00edsicos na cidade. As propostas devem se feitas nas \u00e1reas da agricultura, educa\u00e7\u00e3o, seguran\u00e7a e justi\u00e7a, assist\u00eancia social, mobilidade urbana e urbaniza\u00e7\u00e3o, cultura, esporte e lazer.<\/p>\n\n\n\n<p>Segundo a secret\u00e1ria das Rela\u00e7\u00f5es Sociais, N\u00fabia Lopes, o Governador Rafael Fonteles, como compromisso de governo, instituiu j\u00e1 em 2023 o Or\u00e7amento Participativo (OPA) em Teresina e Parna\u00edba e, mediante a participa\u00e7\u00e3o das associa\u00e7\u00f5es e movimentos populares, resolveu ampliar para Picos, Parna\u00edba e Floriano. \u201cEstamos aqui fazendo o lan\u00e7amento em Picos e as inscri\u00e7\u00f5es das propostas come\u00e7am hoje. Aqui em Picos, teremos R$ 5 milh\u00f5es para as comunidades apontarem as suas propostas, tr\u00eas por cada entidade. O prazo de inscri\u00e7\u00e3o segue at\u00e9 27 de mar\u00e7o, depois teremos o momento de valida\u00e7\u00e3o das propostas apresentadas e de 7 a 17 de junho elas ser\u00e3o votadas e assim, escolhidas pelo povo.\u201d, explicou a secret\u00e1ria.<\/p>\n\n\n<div class=\"wp-block-image\">\n<figure class=\"aligncenter size-large is-resized\"><img decoding=\"async\" loading=\"lazy\" src=\"https:\/\/portal.pi.gov.br\/seres\/wp-content\/uploads\/sites\/87\/2024\/02\/WhatsApp-Image-2024-02-26-at-12.12.51-1024x768.jpeg\" alt=\"\" class=\"wp-image-2140\" width=\"468\" height=\"351\" srcset=\"https:\/\/portal.pi.gov.br\/seres\/wp-content\/uploads\/sites\/87\/2024\/02\/WhatsApp-Image-2024-02-26-at-12.12.51-1024x768.jpeg 1024w, https:\/\/portal.pi.gov.br\/seres\/wp-content\/uploads\/sites\/87\/2024\/02\/WhatsApp-Image-2024-02-26-at-12.12.51-300x225.jpeg 300w, https:\/\/portal.pi.gov.br\/seres\/wp-content\/uploads\/sites\/87\/2024\/02\/WhatsApp-Image-2024-02-26-at-12.12.51-768x576.jpeg 768w, https:\/\/portal.pi.gov.br\/seres\/wp-content\/uploads\/sites\/87\/2024\/02\/WhatsApp-Image-2024-02-26-at-12.12.51-420x315.jpeg 420w, https:\/\/portal.pi.gov.br\/seres\/wp-content\/uploads\/sites\/87\/2024\/02\/WhatsApp-Image-2024-02-26-at-12.12.51-540x405.jpeg 540w, https:\/\/portal.pi.gov.br\/seres\/wp-content\/uploads\/sites\/87\/2024\/02\/WhatsApp-Image-2024-02-26-at-12.12.51-780x585.jpeg 780w, https:\/\/portal.pi.gov.br\/seres\/wp-content\/uploads\/sites\/87\/2024\/02\/WhatsApp-Image-2024-02-26-at-12.12.51-1536x1152.jpeg 1536w, https:\/\/portal.pi.gov.br\/seres\/wp-content\/uploads\/sites\/87\/2024\/02\/WhatsApp-Image-2024-02-26-at-12.12.51-2048x1536.jpeg 2048w, https:\/\/portal.pi.gov.br\/seres\/wp-content\/uploads\/sites\/87\/2024\/02\/WhatsApp-Image-2024-02-26-at-12.12.51-947x710.jpeg 947w, https:\/\/portal.pi.gov.br\/seres\/wp-content\/uploads\/sites\/87\/2024\/02\/WhatsApp-Image-2024-02-26-at-12.12.51-624x468.jpeg 624w\" sizes=\"(max-width: 468px) 100vw, 468px\" \/><\/figure><\/div>\n\n\n<p>As propostas vencedoras entram no Or\u00e7amento 2025, que ser\u00e1 votado pela Assembleia Legislativa no final de 2024 e executado pr\u00f3ximo ano. \u201cEnt\u00e3o, em janeiro de 2025 estas obras j\u00e1 come\u00e7am a ser executadas. Quando a comunidade recebe a sua obra, voc\u00ea percebe o orgulho que as pessoas sentem em saber que aquela demanda saiu da necessidade dos seus moradores, que foram eles que a definiram\u201d, concluiu N\u00fabia Lopes.<\/p>\n\n\n\n<p>Rosa Ara\u00fajo, agente da C\u00e1ritas e representante da Igreja Cat\u00f3lica, destacou a import\u00e2ncia do encontro. \u201cN\u00f3s participamos do primeiro evento aqui em Picos e estamos novamente recepcionando essa equipe maravilhosa que est\u00e1 aqui para fazer o lan\u00e7amento oficial. Pretendemos continuar auxiliando, ajudando, colaborando totalmente com as diretrizes deste projeto imensamente esperado, que \u00e9 a participa\u00e7\u00e3o das pessoas das comunidades no or\u00e7amento. N\u00f3s estamos muito preparados para isso, temos muitos projetos, e queremos trabalhar para a realiza\u00e7\u00e3o de cada um deles\u201d, afirmou.<\/p>\n\n\n<div class=\"wp-block-image\">\n<figure class=\"aligncenter size-large is-resized\"><img decoding=\"async\" loading=\"lazy\" src=\"https:\/\/portal.pi.gov.br\/seres\/wp-content\/uploads\/sites\/87\/2024\/02\/WhatsApp-Image-2024-02-26-at-10.57.11-1024x768.jpeg\" alt=\"\" class=\"wp-image-2139\" width=\"482\" height=\"362\" srcset=\"https:\/\/portal.pi.gov.br\/seres\/wp-content\/uploads\/sites\/87\/2024\/02\/WhatsApp-Image-2024-02-26-at-10.57.11-1024x768.jpeg 1024w, https:\/\/portal.pi.gov.br\/seres\/wp-content\/uploads\/sites\/87\/2024\/02\/WhatsApp-Image-2024-02-26-at-10.57.11-300x225.jpeg 300w, https:\/\/portal.pi.gov.br\/seres\/wp-content\/uploads\/sites\/87\/2024\/02\/WhatsApp-Image-2024-02-26-at-10.57.11-768x576.jpeg 768w, https:\/\/portal.pi.gov.br\/seres\/wp-content\/uploads\/sites\/87\/2024\/02\/WhatsApp-Image-2024-02-26-at-10.57.11-420x315.jpeg 420w, https:\/\/portal.pi.gov.br\/seres\/wp-content\/uploads\/sites\/87\/2024\/02\/WhatsApp-Image-2024-02-26-at-10.57.11-540x405.jpeg 540w, https:\/\/portal.pi.gov.br\/seres\/wp-content\/uploads\/sites\/87\/2024\/02\/WhatsApp-Image-2024-02-26-at-10.57.11-780x585.jpeg 780w, https:\/\/portal.pi.gov.br\/seres\/wp-content\/uploads\/sites\/87\/2024\/02\/WhatsApp-Image-2024-02-26-at-10.57.11-1536x1152.jpeg 1536w, https:\/\/portal.pi.gov.br\/seres\/wp-content\/uploads\/sites\/87\/2024\/02\/WhatsApp-Image-2024-02-26-at-10.57.11-947x710.jpeg 947w, https:\/\/portal.pi.gov.br\/seres\/wp-content\/uploads\/sites\/87\/2024\/02\/WhatsApp-Image-2024-02-26-at-10.57.11-624x468.jpeg 624w, https:\/\/portal.pi.gov.br\/seres\/wp-content\/uploads\/sites\/87\/2024\/02\/WhatsApp-Image-2024-02-26-at-10.57.11.jpeg 1600w\" sizes=\"(max-width: 482px) 100vw, 482px\" \/><\/figure><\/div>\n\n\n<p>A presidente da Associa\u00e7\u00e3o de Moradores do Alegre, Maria Catarina dos Santos, ressaltou o engajamento da comunidade para decidir quais propostas ser\u00e3o cadastradas no OPA 2024\/2025. \u201cA gente veio dizer o que a nossa comunidade precisa, debater e aprender tudo o que a gente tem que fazer para cadastrar as nossas tr\u00eas propostas. A gente est\u00e1 muito ansiosa para que d\u00ea certo, porque a nossa comunidade \u00e9 muito carente e precisa muito desse apoio\u201d, explicou.<\/p>\n\n\n\n<p>Washington Bonfim, secret\u00e1rio de Estado do Planejamento, elogiou a participa\u00e7\u00e3o popular no evento. \u201cMobiliza\u00e7\u00e3o muito boa com ex-prefeitos, vereadores, lideran\u00e7as comunit\u00e1rias da zona urbana e da zona rural juntas nessa grande iniciativa do governo Rafael Fontelles que \u00e9 o Or\u00e7amento Popular Digital do nosso estado\u201d, finalizou.<\/p>\n\n\n<div class=\"wp-block-image\">\n<figure class=\"aligncenter size-large is-resized\"><img decoding=\"async\" loading=\"lazy\" src=\"https:\/\/portal.pi.gov.br\/seres\/wp-content\/uploads\/sites\/87\/2024\/02\/WhatsApp-Image-2024-02-26-at-12.15.37-1024x696.jpeg\" alt=\"\" class=\"wp-image-2141\" width=\"492\" height=\"333\" srcset=\"https:\/\/portal.pi.gov.br\/seres\/wp-content\/uploads\/sites\/87\/2024\/02\/WhatsApp-Image-2024-02-26-at-12.15.37-1024x696.jpeg 1024w, https:\/\/portal.pi.gov.br\/seres\/wp-content\/uploads\/sites\/87\/2024\/02\/WhatsApp-Image-2024-02-26-at-12.15.37-300x204.jpeg 300w, https:\/\/portal.pi.gov.br\/seres\/wp-content\/uploads\/sites\/87\/2024\/02\/WhatsApp-Image-2024-02-26-at-12.15.37-768x522.jpeg 768w, https:\/\/portal.pi.gov.br\/seres\/wp-content\/uploads\/sites\/87\/2024\/02\/WhatsApp-Image-2024-02-26-at-12.15.37-540x367.jpeg 540w, https:\/\/portal.pi.gov.br\/seres\/wp-content\/uploads\/sites\/87\/2024\/02\/WhatsApp-Image-2024-02-26-at-12.15.37-780x530.jpeg 780w, https:\/\/portal.pi.gov.br\/seres\/wp-content\/uploads\/sites\/87\/2024\/02\/WhatsApp-Image-2024-02-26-at-12.15.37-1536x1044.jpeg 1536w, https:\/\/portal.pi.gov.br\/seres\/wp-content\/uploads\/sites\/87\/2024\/02\/WhatsApp-Image-2024-02-26-at-12.15.37-624x424.jpeg 624w, https:\/\/portal.pi.gov.br\/seres\/wp-content\/uploads\/sites\/87\/2024\/02\/WhatsApp-Image-2024-02-26-at-12.15.37-84x56.jpeg 84w\" sizes=\"(max-width: 492px) 100vw, 492px\" \/><\/figure><\/div>\n\n\n<p>Atrav\u00e9s do OPA, a comunidade \u00e9 capaz de eleger suas prioridades para o bairro, participando diretamente na escolha das obras a serem executadas no local. \u00c9 um importante recurso para a participa\u00e7\u00e3o popular no direcionamento das necessidades de cada regi\u00e3o que proporciona uma gest\u00e3o integrada e eficaz do poder p\u00fablico como o povo. Assim, a popula\u00e7\u00e3o ser\u00e1 consultada sobre a destina\u00e7\u00e3o de parte do or\u00e7amento estadual para o ano de 2025. A iniciativa, implantada com sucesso em 2023, abre espa\u00e7o para a participa\u00e7\u00e3o direta da popula\u00e7\u00e3o na escolha de como ser\u00e3o aplicados R$ 65 milh\u00f5es em investimentos em diversas \u00e1reas e munic\u00edpios do estado.&nbsp;<\/p>\n","protected":false},"excerpt":{"rendered":"<p>O Governo do Piau\u00ed lan\u00e7ou, na manh\u00e3 desta segunda-feira (26), o Or\u00e7amento Participativo (OPA) 2024\/2025, em Picos. O OPA \u00e9 um instrumento de inser\u00e7\u00e3o da popula\u00e7\u00e3o no or\u00e7amento p\u00fablico anual. [&hellip;]<\/p>\n","protected":false},"author":1748,"featured_media":2141,"comment_status":"closed","ping_status":"closed","sticky":false,"template":"","format":"standard","meta":[],"categories":[34],"tags":[],"featured_image_urls":{"full":["https:\/\/portal.pi.gov.br\/seres\/wp-content\/uploads\/sites\/87\/2024\/02\/WhatsApp-Image-2024-02-26-at-12.15.37.jpeg",1600,1088,false],"thumbnail":["https:\/\/portal.pi.gov.br\/seres\/wp-content\/uploads\/sites\/87\/2024\/02\/WhatsApp-Image-2024-02-26-at-12.15.37-150x150.jpeg",150,150,true],"medium":["https:\/\/portal.pi.gov.br\/seres\/wp-content\/uploads\/sites\/87\/2024\/02\/WhatsApp-Image-2024-02-26-at-12.15.37-300x204.jpeg",300,204,true],"medium_large":["https:\/\/portal.pi.gov.br\/seres\/wp-content\/uploads\/sites\/87\/2024\/02\/WhatsApp-Image-2024-02-26-at-12.15.37-768x522.jpeg",768,522,true],"large":["https:\/\/portal.pi.gov.br\/seres\/wp-content\/uploads\/sites\/87\/2024\/02\/WhatsApp-Image-2024-02-26-at-12.15.37-1024x696.jpeg",887,603,true],"sgg-420":["https:\/\/portal.pi.gov.br\/seres\/wp-content\/uploads\/sites\/87\/2024\/02\/WhatsApp-Image-2024-02-26-at-12.15.37-420x286.jpeg",420,286,true],"sgg-540":["https:\/\/portal.pi.gov.br\/seres\/wp-content\/uploads\/sites\/87\/2024\/02\/WhatsApp-Image-2024-02-26-at-12.15.37-540x367.jpeg",540,367,true],"sgg-780":["https:\/\/portal.pi.gov.br\/seres\/wp-content\/uploads\/sites\/87\/2024\/02\/WhatsApp-Image-2024-02-26-at-12.15.37-780x530.jpeg",780,530,true],"1536x1536":["https:\/\/portal.pi.gov.br\/seres\/wp-content\/uploads\/sites\/87\/2024\/02\/WhatsApp-Image-2024-02-26-at-12.15.37-1536x1044.jpeg",1536,1044,true],"2048x2048":["https:\/\/portal.pi.gov.br\/seres\/wp-content\/uploads\/sites\/87\/2024\/02\/WhatsApp-Image-2024-02-26-at-12.15.37.jpeg",1600,1088,false],"homepage-slider":["https:\/\/portal.pi.gov.br\/seres\/wp-content\/uploads\/sites\/87\/2024\/02\/WhatsApp-Image-2024-02-26-at-12.15.37-1270x500.jpeg",1270,500,true],"homepage-slider-small":["https:\/\/portal.pi.gov.br\/seres\/wp-content\/uploads\/sites\/87\/2024\/02\/WhatsApp-Image-2024-02-26-at-12.15.37-947x500.jpeg",947,500,true],"page-top":["https:\/\/portal.pi.gov.br\/seres\/wp-content\/uploads\/sites\/87\/2024\/02\/WhatsApp-Image-2024-02-26-at-12.15.37-947x644.jpeg",947,644,true],"page-small":["https:\/\/portal.pi.gov.br\/seres\/wp-content\/uploads\/sites\/87\/2024\/02\/WhatsApp-Image-2024-02-26-at-12.15.37-624x424.jpeg",624,424,true],"loop-main":["https:\/\/portal.pi.gov.br\/seres\/wp-content\/uploads\/sites\/87\/2024\/02\/WhatsApp-Image-2024-02-26-at-12.15.37-365x240.jpeg",365,240,true],"thumb-gallery-widget":["https:\/\/portal.pi.gov.br\/seres\/wp-content\/uploads\/sites\/87\/2024\/02\/WhatsApp-Image-2024-02-26-at-12.15.37-84x56.jpeg",84,56,true]},"post_excerpt_stackable":"<p>O Governo do Piau\u00ed lan\u00e7ou, na manh\u00e3 desta segunda-feira (26), o Or\u00e7amento Participativo (OPA) 2024\/2025, em Picos. O OPA \u00e9 um instrumento de inser\u00e7\u00e3o da popula\u00e7\u00e3o no or\u00e7amento p\u00fablico anual. Em 2023, contemplou Teresina e Parna\u00edba e este ano ser\u00e1 expandido para Floriano, Picos e Piripiri, munic\u00edpios com mais de 50 mil habitantes, que ter\u00e3o, cada um deles, R$ 5 milh\u00f5es para implementar as propostas eleitas pelo voto popular. A partir das hoje, 26 de fevereiro, at\u00e9 27 de mar\u00e7o, as entidades de bairro e associa\u00e7\u00f5es comunit\u00e1rias de Picos podem submeter suas propostas para o OPA 2024\/2025. As inscri\u00e7\u00f5es ser\u00e3o&hellip;<\/p>\n","category_list":"<a href=\"https:\/\/portal.pi.gov.br\/seres\/category\/noticias\/\" rel=\"category tag\">Not\u00edcias<\/a>","author_info":{"name":"natalina","url":"https:\/\/portal.pi.gov.br\/seres\/author\/natalina\/"},"comments_num":"0 coment\u00e1rio","featured_image_urls_v2":{"full":["https:\/\/portal.pi.gov.br\/seres\/wp-content\/uploads\/sites\/87\/2024\/02\/WhatsApp-Image-2024-02-26-at-12.15.37.jpeg",1600,1088,false],"thumbnail":["https:\/\/portal.pi.gov.br\/seres\/wp-content\/uploads\/sites\/87\/2024\/02\/WhatsApp-Image-2024-02-26-at-12.15.37-150x150.jpeg",150,150,true],"medium":["https:\/\/portal.pi.gov.br\/seres\/wp-content\/uploads\/sites\/87\/2024\/02\/WhatsApp-Image-2024-02-26-at-12.15.37-300x204.jpeg",300,204,true],"medium_large":["https:\/\/portal.pi.gov.br\/seres\/wp-content\/uploads\/sites\/87\/2024\/02\/WhatsApp-Image-2024-02-26-at-12.15.37-768x522.jpeg",768,522,true],"large":["https:\/\/portal.pi.gov.br\/seres\/wp-content\/uploads\/sites\/87\/2024\/02\/WhatsApp-Image-2024-02-26-at-12.15.37-1024x696.jpeg",887,603,true],"sgg-420":["https:\/\/portal.pi.gov.br\/seres\/wp-content\/uploads\/sites\/87\/2024\/02\/WhatsApp-Image-2024-02-26-at-12.15.37-420x286.jpeg",420,286,true],"sgg-540":["https:\/\/portal.pi.gov.br\/seres\/wp-content\/uploads\/sites\/87\/2024\/02\/WhatsApp-Image-2024-02-26-at-12.15.37-540x367.jpeg",540,367,true],"sgg-780":["https:\/\/portal.pi.gov.br\/seres\/wp-content\/uploads\/sites\/87\/2024\/02\/WhatsApp-Image-2024-02-26-at-12.15.37-780x530.jpeg",780,530,true],"1536x1536":["https:\/\/portal.pi.gov.br\/seres\/wp-content\/uploads\/sites\/87\/2024\/02\/WhatsApp-Image-2024-02-26-at-12.15.37-1536x1044.jpeg",1536,1044,true],"2048x2048":["https:\/\/portal.pi.gov.br\/seres\/wp-content\/uploads\/sites\/87\/2024\/02\/WhatsApp-Image-2024-02-26-at-12.15.37.jpeg",1600,1088,false],"homepage-slider":["https:\/\/portal.pi.gov.br\/seres\/wp-content\/uploads\/sites\/87\/2024\/02\/WhatsApp-Image-2024-02-26-at-12.15.37-1270x500.jpeg",1270,500,true],"homepage-slider-small":["https:\/\/portal.pi.gov.br\/seres\/wp-content\/uploads\/sites\/87\/2024\/02\/WhatsApp-Image-2024-02-26-at-12.15.37-947x500.jpeg",947,500,true],"page-top":["https:\/\/portal.pi.gov.br\/seres\/wp-content\/uploads\/sites\/87\/2024\/02\/WhatsApp-Image-2024-02-26-at-12.15.37-947x644.jpeg",947,644,true],"page-small":["https:\/\/portal.pi.gov.br\/seres\/wp-content\/uploads\/sites\/87\/2024\/02\/WhatsApp-Image-2024-02-26-at-12.15.37-624x424.jpeg",624,424,true],"loop-main":["https:\/\/portal.pi.gov.br\/seres\/wp-content\/uploads\/sites\/87\/2024\/02\/WhatsApp-Image-2024-02-26-at-12.15.37-365x240.jpeg",365,240,true],"thumb-gallery-widget":["https:\/\/portal.pi.gov.br\/seres\/wp-content\/uploads\/sites\/87\/2024\/02\/WhatsApp-Image-2024-02-26-at-12.15.37-84x56.jpeg",84,56,true]},"post_excerpt_stackable_v2":"<p>O Governo do Piau\u00ed lan\u00e7ou, na manh\u00e3 desta segunda-feira (26), o Or\u00e7amento Participativo (OPA) 2024\/2025, em Picos. O OPA \u00e9 um instrumento de inser\u00e7\u00e3o da popula\u00e7\u00e3o no or\u00e7amento p\u00fablico anual. Em 2023, contemplou Teresina e Parna\u00edba e este ano ser\u00e1 expandido para Floriano, Picos e Piripiri, munic\u00edpios com mais de 50 mil habitantes, que ter\u00e3o, cada um deles, R$ 5 milh\u00f5es para implementar as propostas eleitas pelo voto popular. A partir das hoje, 26 de fevereiro, at\u00e9 27 de mar\u00e7o, as entidades de bairro e associa\u00e7\u00f5es comunit\u00e1rias de Picos podem submeter suas propostas para o OPA 2024\/2025. As inscri\u00e7\u00f5es ser\u00e3o&hellip;<\/p>\n","category_list_v2":"<a href=\"https:\/\/portal.pi.gov.br\/seres\/category\/noticias\/\" rel=\"category tag\">Not\u00edcias<\/a>","author_info_v2":{"name":"natalina","url":"https:\/\/portal.pi.gov.br\/seres\/author\/natalina\/"},"comments_num_v2":"0 coment\u00e1rio","jetpack_featured_media_url":"https:\/\/portal.pi.gov.br\/seres\/wp-content\/uploads\/sites\/87\/2024\/02\/WhatsApp-Image-2024-02-26-at-12.15.37.jpeg","_links":{"self":[{"href":"https:\/\/portal.pi.gov.br\/seres\/wp-json\/wp\/v2\/posts\/2137"}],"collection":[{"href":"https:\/\/portal.pi.gov.br\/seres\/wp-json\/wp\/v2\/posts"}],"about":[{"href":"https:\/\/portal.pi.gov.br\/seres\/wp-json\/wp\/v2\/types\/post"}],"author":[{"embeddable":true,"href":"https:\/\/portal.pi.gov.br\/seres\/wp-json\/wp\/v2\/users\/1748"}],"replies":[{"embeddable":true,"href":"https:\/\/portal.pi.gov.br\/seres\/wp-json\/wp\/v2\/comments?post=2137"}],"version-history":[{"count":1,"href":"https:\/\/portal.pi.gov.br\/seres\/wp-json\/wp\/v2\/posts\/2137\/revisions"}],"predecessor-version":[{"id":2142,"href":"https:\/\/portal.pi.gov.br\/seres\/wp-json\/wp\/v2\/posts\/2137\/revisions\/2142"}],"wp:featuredmedia":[{"embeddable":true,"href":"https:\/\/portal.pi.gov.br\/seres\/wp-json\/wp\/v2\/media\/2141"}],"wp:attachment":[{"href":"https:\/\/portal.pi.gov.br\/seres\/wp-json\/wp\/v2\/media?parent=2137"}],"wp:term":[{"taxonomy":"category","embeddable":true,"href":"https:\/\/portal.pi.gov.br\/seres\/wp-json\/wp\/v2\/categories?post=2137"},{"taxonomy":"post_tag","embeddable":true,"href":"https:\/\/portal.pi.gov.br\/seres\/wp-json\/wp\/v2\/tags?post=2137"}],"curies":[{"name":"wp","href":"https:\/\/api.w.org\/{rel}","templated":true}]}}