{"id":2165,"date":"2024-03-01T13:17:19","date_gmt":"2024-03-01T16:17:19","guid":{"rendered":"https:\/\/portal.pi.gov.br\/seres\/?p=2165"},"modified":"2024-03-01T13:20:06","modified_gmt":"2024-03-01T16:20:06","slug":"governo-do-estado-lanca-opa-2024-2025-em-floriano","status":"publish","type":"post","link":"https:\/\/portal.pi.gov.br\/seres\/2024\/03\/01\/governo-do-estado-lanca-opa-2024-2025-em-floriano\/","title":{"rendered":"Governo do Estado lan\u00e7a OPA 2024-2025 em Floriano"},"content":{"rendered":"\n<p>Floriano recebeu equipes das secretarias das Rela\u00e7\u00f5es Sociais (Seres) e do Planejamento (Seplan) para o Lan\u00e7amento do Programa de Or\u00e7amento Participativo (OPA) 2024-2025, na manh\u00e3 desta sexta-feira (1\u00ba), o investimento ser\u00e1 da ordem de R$ 5 milh\u00f5es para o munic\u00edpio.<\/p>\n\n\n<div class=\"wp-block-image\">\n<figure class=\"aligncenter size-large is-resized\"><img decoding=\"async\" loading=\"lazy\" src=\"https:\/\/portal.pi.gov.br\/seres\/wp-content\/uploads\/sites\/87\/2024\/02\/WhatsApp-Image-2024-02-28-at-14.33.50-1024x768.jpeg\" alt=\"\" class=\"wp-image-2162\" width=\"470\" height=\"353\" srcset=\"https:\/\/portal.pi.gov.br\/seres\/wp-content\/uploads\/sites\/87\/2024\/02\/WhatsApp-Image-2024-02-28-at-14.33.50-1024x768.jpeg 1024w, https:\/\/portal.pi.gov.br\/seres\/wp-content\/uploads\/sites\/87\/2024\/02\/WhatsApp-Image-2024-02-28-at-14.33.50-300x225.jpeg 300w, https:\/\/portal.pi.gov.br\/seres\/wp-content\/uploads\/sites\/87\/2024\/02\/WhatsApp-Image-2024-02-28-at-14.33.50-768x576.jpeg 768w, https:\/\/portal.pi.gov.br\/seres\/wp-content\/uploads\/sites\/87\/2024\/02\/WhatsApp-Image-2024-02-28-at-14.33.50-420x315.jpeg 420w, https:\/\/portal.pi.gov.br\/seres\/wp-content\/uploads\/sites\/87\/2024\/02\/WhatsApp-Image-2024-02-28-at-14.33.50-540x405.jpeg 540w, https:\/\/portal.pi.gov.br\/seres\/wp-content\/uploads\/sites\/87\/2024\/02\/WhatsApp-Image-2024-02-28-at-14.33.50-780x585.jpeg 780w, https:\/\/portal.pi.gov.br\/seres\/wp-content\/uploads\/sites\/87\/2024\/02\/WhatsApp-Image-2024-02-28-at-14.33.50-947x710.jpeg 947w, https:\/\/portal.pi.gov.br\/seres\/wp-content\/uploads\/sites\/87\/2024\/02\/WhatsApp-Image-2024-02-28-at-14.33.50-624x468.jpeg 624w, https:\/\/portal.pi.gov.br\/seres\/wp-content\/uploads\/sites\/87\/2024\/02\/WhatsApp-Image-2024-02-28-at-14.33.50.jpeg 1280w\" sizes=\"(max-width: 470px) 100vw, 470px\" \/><\/figure><\/div>\n\n\n<p>O OPA 2024-2025 j\u00e1 foi lan\u00e7ado em Teresina, Parna\u00edba e Picos. Nesta nova etapa do programa, Teresina receber\u00e1 um aporte de R$ 40 milh\u00f5es; Parna\u00edba, R$ 10 milh\u00f5es; e Picos, R$ 5 milh\u00f5es. Floriano e Piripiri tamb\u00e9m receber\u00e3o R$ 5 milh\u00f5es, cada um.<\/p>\n\n\n\n<p>O cadastramento das entidades come\u00e7ou em 27 de fevereiro e vai at\u00e9 o dia 27 de mar\u00e7o e a escolha das obras, pelo voto da popula\u00e7\u00e3o, de 7 a 17 de junho. A vota\u00e7\u00e3o acontecer\u00e1 via Portal do OPA, aplicativo Colab e WhatsApp, al\u00e9m de alguns pontos f\u00edsicos que estar\u00e3o espalhados pelos munic\u00edpios contemplados pelo programa.<\/p>\n\n\n<div class=\"wp-block-image\">\n<figure class=\"aligncenter size-large is-resized\"><img decoding=\"async\" loading=\"lazy\" src=\"https:\/\/portal.pi.gov.br\/seres\/wp-content\/uploads\/sites\/87\/2024\/03\/WhatsApp-Image-2024-03-01-at-11.32.18-1024x683.jpeg\" alt=\"\" class=\"wp-image-2168\" width=\"474\" height=\"316\" srcset=\"https:\/\/portal.pi.gov.br\/seres\/wp-content\/uploads\/sites\/87\/2024\/03\/WhatsApp-Image-2024-03-01-at-11.32.18-1024x683.jpeg 1024w, https:\/\/portal.pi.gov.br\/seres\/wp-content\/uploads\/sites\/87\/2024\/03\/WhatsApp-Image-2024-03-01-at-11.32.18-300x200.jpeg 300w, https:\/\/portal.pi.gov.br\/seres\/wp-content\/uploads\/sites\/87\/2024\/03\/WhatsApp-Image-2024-03-01-at-11.32.18-768x512.jpeg 768w, https:\/\/portal.pi.gov.br\/seres\/wp-content\/uploads\/sites\/87\/2024\/03\/WhatsApp-Image-2024-03-01-at-11.32.18-420x280.jpeg 420w, https:\/\/portal.pi.gov.br\/seres\/wp-content\/uploads\/sites\/87\/2024\/03\/WhatsApp-Image-2024-03-01-at-11.32.18-540x360.jpeg 540w, https:\/\/portal.pi.gov.br\/seres\/wp-content\/uploads\/sites\/87\/2024\/03\/WhatsApp-Image-2024-03-01-at-11.32.18-780x520.jpeg 780w, https:\/\/portal.pi.gov.br\/seres\/wp-content\/uploads\/sites\/87\/2024\/03\/WhatsApp-Image-2024-03-01-at-11.32.18-1536x1024.jpeg 1536w, https:\/\/portal.pi.gov.br\/seres\/wp-content\/uploads\/sites\/87\/2024\/03\/WhatsApp-Image-2024-03-01-at-11.32.18-947x632.jpeg 947w, https:\/\/portal.pi.gov.br\/seres\/wp-content\/uploads\/sites\/87\/2024\/03\/WhatsApp-Image-2024-03-01-at-11.32.18-624x416.jpeg 624w, https:\/\/portal.pi.gov.br\/seres\/wp-content\/uploads\/sites\/87\/2024\/03\/WhatsApp-Image-2024-03-01-at-11.32.18-84x56.jpeg 84w, https:\/\/portal.pi.gov.br\/seres\/wp-content\/uploads\/sites\/87\/2024\/03\/WhatsApp-Image-2024-03-01-at-11.32.18.jpeg 1600w\" sizes=\"(max-width: 474px) 100vw, 474px\" \/><\/figure><\/div>\n\n\n<p>A secret\u00e1ria de Estado das Rela\u00e7\u00f5es Sociais, N\u00fabia Lopes, destaca a principal miss\u00e3o do OPA, o povo no or\u00e7amento. \u201c\u00c9 a popula\u00e7\u00e3o que vai dizer o que quer, que vai decidir o que fazer com o recurso p\u00fablico destinado ao or\u00e7amento participativo. Estamos aqui em Floriano com muitas associa\u00e7\u00f5es, lideran\u00e7as comunit\u00e1rias e pol\u00edticas para este momento de orienta\u00e7\u00e3o, de apresenta\u00e7\u00e3o do projeto. Queremos o engajamento de todos\u201d, explicou.<\/p>\n\n\n<div class=\"wp-block-image\">\n<figure class=\"aligncenter size-large is-resized\"><img decoding=\"async\" loading=\"lazy\" src=\"https:\/\/portal.pi.gov.br\/seres\/wp-content\/uploads\/sites\/87\/2024\/03\/WhatsApp-Image-2024-03-01-at-11.32.23-1024x683.jpeg\" alt=\"\" class=\"wp-image-2167\" width=\"479\" height=\"319\" srcset=\"https:\/\/portal.pi.gov.br\/seres\/wp-content\/uploads\/sites\/87\/2024\/03\/WhatsApp-Image-2024-03-01-at-11.32.23-1024x683.jpeg 1024w, https:\/\/portal.pi.gov.br\/seres\/wp-content\/uploads\/sites\/87\/2024\/03\/WhatsApp-Image-2024-03-01-at-11.32.23-300x200.jpeg 300w, https:\/\/portal.pi.gov.br\/seres\/wp-content\/uploads\/sites\/87\/2024\/03\/WhatsApp-Image-2024-03-01-at-11.32.23-768x512.jpeg 768w, https:\/\/portal.pi.gov.br\/seres\/wp-content\/uploads\/sites\/87\/2024\/03\/WhatsApp-Image-2024-03-01-at-11.32.23-420x280.jpeg 420w, https:\/\/portal.pi.gov.br\/seres\/wp-content\/uploads\/sites\/87\/2024\/03\/WhatsApp-Image-2024-03-01-at-11.32.23-540x360.jpeg 540w, https:\/\/portal.pi.gov.br\/seres\/wp-content\/uploads\/sites\/87\/2024\/03\/WhatsApp-Image-2024-03-01-at-11.32.23-780x520.jpeg 780w, https:\/\/portal.pi.gov.br\/seres\/wp-content\/uploads\/sites\/87\/2024\/03\/WhatsApp-Image-2024-03-01-at-11.32.23-1536x1024.jpeg 1536w, https:\/\/portal.pi.gov.br\/seres\/wp-content\/uploads\/sites\/87\/2024\/03\/WhatsApp-Image-2024-03-01-at-11.32.23-947x632.jpeg 947w, https:\/\/portal.pi.gov.br\/seres\/wp-content\/uploads\/sites\/87\/2024\/03\/WhatsApp-Image-2024-03-01-at-11.32.23-624x416.jpeg 624w, https:\/\/portal.pi.gov.br\/seres\/wp-content\/uploads\/sites\/87\/2024\/03\/WhatsApp-Image-2024-03-01-at-11.32.23-84x56.jpeg 84w, https:\/\/portal.pi.gov.br\/seres\/wp-content\/uploads\/sites\/87\/2024\/03\/WhatsApp-Image-2024-03-01-at-11.32.23.jpeg 1600w\" sizes=\"(max-width: 479px) 100vw, 479px\" \/><\/figure><\/div>\n\n\n<p>Para Marinalva dos Reis, presidente da Associa\u00e7\u00e3o dos Moradores da Vila Le\u00e3o, o OPA veio para fazer a comunidade participar das decis\u00f5es do governo. \u201cO nosso prop\u00f3sito \u00e9 a pavimenta\u00e7\u00e3o asf\u00e1ltica para facilitar o deslocamento na nossa comunidade que hoje tem acesso bem dif\u00edcil ao centro. Tamb\u00e9m precisamos de uma quadra de esporte para nossas crian\u00e7as, porque s\u00f3 assim elas v\u00e3o sair da rua. Agrade\u00e7o a iniciativa deste or\u00e7amento participativo\u201d, comentou.<\/p>\n\n\n<div class=\"wp-block-image\">\n<figure class=\"aligncenter size-large is-resized\"><img decoding=\"async\" loading=\"lazy\" src=\"https:\/\/portal.pi.gov.br\/seres\/wp-content\/uploads\/sites\/87\/2024\/03\/WhatsApp-Image-2024-03-01-at-11.48.51-1024x768.jpeg\" alt=\"\" class=\"wp-image-2166\" width=\"490\" height=\"368\" srcset=\"https:\/\/portal.pi.gov.br\/seres\/wp-content\/uploads\/sites\/87\/2024\/03\/WhatsApp-Image-2024-03-01-at-11.48.51-1024x768.jpeg 1024w, https:\/\/portal.pi.gov.br\/seres\/wp-content\/uploads\/sites\/87\/2024\/03\/WhatsApp-Image-2024-03-01-at-11.48.51-300x225.jpeg 300w, https:\/\/portal.pi.gov.br\/seres\/wp-content\/uploads\/sites\/87\/2024\/03\/WhatsApp-Image-2024-03-01-at-11.48.51-768x576.jpeg 768w, https:\/\/portal.pi.gov.br\/seres\/wp-content\/uploads\/sites\/87\/2024\/03\/WhatsApp-Image-2024-03-01-at-11.48.51-420x315.jpeg 420w, https:\/\/portal.pi.gov.br\/seres\/wp-content\/uploads\/sites\/87\/2024\/03\/WhatsApp-Image-2024-03-01-at-11.48.51-540x405.jpeg 540w, https:\/\/portal.pi.gov.br\/seres\/wp-content\/uploads\/sites\/87\/2024\/03\/WhatsApp-Image-2024-03-01-at-11.48.51-780x585.jpeg 780w, https:\/\/portal.pi.gov.br\/seres\/wp-content\/uploads\/sites\/87\/2024\/03\/WhatsApp-Image-2024-03-01-at-11.48.51-1536x1152.jpeg 1536w, https:\/\/portal.pi.gov.br\/seres\/wp-content\/uploads\/sites\/87\/2024\/03\/WhatsApp-Image-2024-03-01-at-11.48.51-947x710.jpeg 947w, https:\/\/portal.pi.gov.br\/seres\/wp-content\/uploads\/sites\/87\/2024\/03\/WhatsApp-Image-2024-03-01-at-11.48.51-624x468.jpeg 624w, https:\/\/portal.pi.gov.br\/seres\/wp-content\/uploads\/sites\/87\/2024\/03\/WhatsApp-Image-2024-03-01-at-11.48.51.jpeg 1600w\" sizes=\"(max-width: 490px) 100vw, 490px\" \/><\/figure><\/div>\n\n\n<p>O secret\u00e1rio do Planejamento, Washington Bonfim, lembrou que as propostas j\u00e1 est\u00e3o sendo inscritas. \u201cN\u00f3s j\u00e1 estamos no per\u00edodo de \u00a0indica\u00e7\u00e3o de obras e servi\u00e7os por parte das associa\u00e7\u00f5es. Estamos muito felizes em estar aqui em Floriano fazendo esse lan\u00e7amento oficial do OPA, um dos programas que mais aproxima o governo Rafael Fonteles das comunidades\u201d, revelou.<\/p>\n\n\n<div class=\"wp-block-image\">\n<figure class=\"aligncenter size-large is-resized\"><img decoding=\"async\" loading=\"lazy\" src=\"https:\/\/portal.pi.gov.br\/seres\/wp-content\/uploads\/sites\/87\/2024\/03\/WhatsApp-Image-2024-03-01-at-11.32.09-1024x683.jpeg\" alt=\"\" class=\"wp-image-2169\" width=\"496\" height=\"331\" srcset=\"https:\/\/portal.pi.gov.br\/seres\/wp-content\/uploads\/sites\/87\/2024\/03\/WhatsApp-Image-2024-03-01-at-11.32.09-1024x683.jpeg 1024w, https:\/\/portal.pi.gov.br\/seres\/wp-content\/uploads\/sites\/87\/2024\/03\/WhatsApp-Image-2024-03-01-at-11.32.09-300x200.jpeg 300w, https:\/\/portal.pi.gov.br\/seres\/wp-content\/uploads\/sites\/87\/2024\/03\/WhatsApp-Image-2024-03-01-at-11.32.09-768x512.jpeg 768w, https:\/\/portal.pi.gov.br\/seres\/wp-content\/uploads\/sites\/87\/2024\/03\/WhatsApp-Image-2024-03-01-at-11.32.09-420x280.jpeg 420w, https:\/\/portal.pi.gov.br\/seres\/wp-content\/uploads\/sites\/87\/2024\/03\/WhatsApp-Image-2024-03-01-at-11.32.09-540x360.jpeg 540w, https:\/\/portal.pi.gov.br\/seres\/wp-content\/uploads\/sites\/87\/2024\/03\/WhatsApp-Image-2024-03-01-at-11.32.09-780x520.jpeg 780w, https:\/\/portal.pi.gov.br\/seres\/wp-content\/uploads\/sites\/87\/2024\/03\/WhatsApp-Image-2024-03-01-at-11.32.09-1536x1024.jpeg 1536w, https:\/\/portal.pi.gov.br\/seres\/wp-content\/uploads\/sites\/87\/2024\/03\/WhatsApp-Image-2024-03-01-at-11.32.09-947x632.jpeg 947w, https:\/\/portal.pi.gov.br\/seres\/wp-content\/uploads\/sites\/87\/2024\/03\/WhatsApp-Image-2024-03-01-at-11.32.09-624x416.jpeg 624w, https:\/\/portal.pi.gov.br\/seres\/wp-content\/uploads\/sites\/87\/2024\/03\/WhatsApp-Image-2024-03-01-at-11.32.09-84x56.jpeg 84w, https:\/\/portal.pi.gov.br\/seres\/wp-content\/uploads\/sites\/87\/2024\/03\/WhatsApp-Image-2024-03-01-at-11.32.09.jpeg 1600w\" sizes=\"(max-width: 496px) 100vw, 496px\" \/><\/figure><\/div>\n\n\n<p>As propostas devem abranger obras priorit\u00e1rias nas \u00e1reas de educa\u00e7\u00e3o, seguran\u00e7a e justi\u00e7a, assist\u00eancia social, mobilidade urbana, cultura, esporte, lazer e agricultura. Uma novidade desta edi\u00e7\u00e3o \u00e9 a implementa\u00e7\u00e3o dos recursos voltados para a zona rural, com foco no apoio produtivo.<\/p>\n","protected":false},"excerpt":{"rendered":"<p>Floriano recebeu equipes das secretarias das Rela\u00e7\u00f5es Sociais (Seres) e do Planejamento (Seplan) para o Lan\u00e7amento do Programa de Or\u00e7amento Participativo (OPA) 2024-2025, na manh\u00e3 desta sexta-feira (1\u00ba), o investimento [&hellip;]<\/p>\n","protected":false},"author":1748,"featured_media":2172,"comment_status":"closed","ping_status":"closed","sticky":false,"template":"","format":"standard","meta":[],"categories":[34],"tags":[62,47,41],"featured_image_urls":{"full":["https:\/\/portal.pi.gov.br\/seres\/wp-content\/uploads\/sites\/87\/2024\/03\/WhatsApp-Image-2024-03-01-at-12.57.54-scaled.jpeg",2560,1920,false],"thumbnail":["https:\/\/portal.pi.gov.br\/seres\/wp-content\/uploads\/sites\/87\/2024\/03\/WhatsApp-Image-2024-03-01-at-12.57.54-150x150.jpeg",150,150,true],"medium":["https:\/\/portal.pi.gov.br\/seres\/wp-content\/uploads\/sites\/87\/2024\/03\/WhatsApp-Image-2024-03-01-at-12.57.54-300x225.jpeg",300,225,true],"medium_large":["https:\/\/portal.pi.gov.br\/seres\/wp-content\/uploads\/sites\/87\/2024\/03\/WhatsApp-Image-2024-03-01-at-12.57.54-768x576.jpeg",768,576,true],"large":["https:\/\/portal.pi.gov.br\/seres\/wp-content\/uploads\/sites\/87\/2024\/03\/WhatsApp-Image-2024-03-01-at-12.57.54-1024x768.jpeg",887,665,true],"sgg-420":["https:\/\/portal.pi.gov.br\/seres\/wp-content\/uploads\/sites\/87\/2024\/03\/WhatsApp-Image-2024-03-01-at-12.57.54-420x315.jpeg",420,315,true],"sgg-540":["https:\/\/portal.pi.gov.br\/seres\/wp-content\/uploads\/sites\/87\/2024\/03\/WhatsApp-Image-2024-03-01-at-12.57.54-540x405.jpeg",540,405,true],"sgg-780":["https:\/\/portal.pi.gov.br\/seres\/wp-content\/uploads\/sites\/87\/2024\/03\/WhatsApp-Image-2024-03-01-at-12.57.54-780x585.jpeg",780,585,true],"1536x1536":["https:\/\/portal.pi.gov.br\/seres\/wp-content\/uploads\/sites\/87\/2024\/03\/WhatsApp-Image-2024-03-01-at-12.57.54-1536x1152.jpeg",1536,1152,true],"2048x2048":["https:\/\/portal.pi.gov.br\/seres\/wp-content\/uploads\/sites\/87\/2024\/03\/WhatsApp-Image-2024-03-01-at-12.57.54-2048x1536.jpeg",2048,1536,true],"homepage-slider":["https:\/\/portal.pi.gov.br\/seres\/wp-content\/uploads\/sites\/87\/2024\/03\/WhatsApp-Image-2024-03-01-at-12.57.54-1270x500.jpeg",1270,500,true],"homepage-slider-small":["https:\/\/portal.pi.gov.br\/seres\/wp-content\/uploads\/sites\/87\/2024\/03\/WhatsApp-Image-2024-03-01-at-12.57.54-947x500.jpeg",947,500,true],"page-top":["https:\/\/portal.pi.gov.br\/seres\/wp-content\/uploads\/sites\/87\/2024\/03\/WhatsApp-Image-2024-03-01-at-12.57.54-947x710.jpeg",947,710,true],"page-small":["https:\/\/portal.pi.gov.br\/seres\/wp-content\/uploads\/sites\/87\/2024\/03\/WhatsApp-Image-2024-03-01-at-12.57.54-624x468.jpeg",624,468,true],"loop-main":["https:\/\/portal.pi.gov.br\/seres\/wp-content\/uploads\/sites\/87\/2024\/03\/WhatsApp-Image-2024-03-01-at-12.57.54-365x240.jpeg",365,240,true],"thumb-gallery-widget":["https:\/\/portal.pi.gov.br\/seres\/wp-content\/uploads\/sites\/87\/2024\/03\/WhatsApp-Image-2024-03-01-at-12.57.54-84x56.jpeg",84,56,true]},"post_excerpt_stackable":"<p>Floriano recebeu equipes das secretarias das Rela\u00e7\u00f5es Sociais (Seres) e do Planejamento (Seplan) para o Lan\u00e7amento do Programa de Or\u00e7amento Participativo (OPA) 2024-2025, na manh\u00e3 desta sexta-feira (1\u00ba), o investimento ser\u00e1 da ordem de R$ 5 milh\u00f5es para o munic\u00edpio. O OPA 2024-2025 j\u00e1 foi lan\u00e7ado em Teresina, Parna\u00edba e Picos. Nesta nova etapa do programa, Teresina receber\u00e1 um aporte de R$ 40 milh\u00f5es; Parna\u00edba, R$ 10 milh\u00f5es; e Picos, R$ 5 milh\u00f5es. Floriano e Piripiri tamb\u00e9m receber\u00e3o R$ 5 milh\u00f5es, cada um. O cadastramento das entidades come\u00e7ou em 27 de fevereiro e vai at\u00e9 o dia 27 de mar\u00e7o&hellip;<\/p>\n","category_list":"<a href=\"https:\/\/portal.pi.gov.br\/seres\/category\/noticias\/\" rel=\"category tag\">Not\u00edcias<\/a>","author_info":{"name":"natalina","url":"https:\/\/portal.pi.gov.br\/seres\/author\/natalina\/"},"comments_num":"0 coment\u00e1rio","featured_image_urls_v2":{"full":["https:\/\/portal.pi.gov.br\/seres\/wp-content\/uploads\/sites\/87\/2024\/03\/WhatsApp-Image-2024-03-01-at-12.57.54-scaled.jpeg",2560,1920,false],"thumbnail":["https:\/\/portal.pi.gov.br\/seres\/wp-content\/uploads\/sites\/87\/2024\/03\/WhatsApp-Image-2024-03-01-at-12.57.54-150x150.jpeg",150,150,true],"medium":["https:\/\/portal.pi.gov.br\/seres\/wp-content\/uploads\/sites\/87\/2024\/03\/WhatsApp-Image-2024-03-01-at-12.57.54-300x225.jpeg",300,225,true],"medium_large":["https:\/\/portal.pi.gov.br\/seres\/wp-content\/uploads\/sites\/87\/2024\/03\/WhatsApp-Image-2024-03-01-at-12.57.54-768x576.jpeg",768,576,true],"large":["https:\/\/portal.pi.gov.br\/seres\/wp-content\/uploads\/sites\/87\/2024\/03\/WhatsApp-Image-2024-03-01-at-12.57.54-1024x768.jpeg",887,665,true],"sgg-420":["https:\/\/portal.pi.gov.br\/seres\/wp-content\/uploads\/sites\/87\/2024\/03\/WhatsApp-Image-2024-03-01-at-12.57.54-420x315.jpeg",420,315,true],"sgg-540":["https:\/\/portal.pi.gov.br\/seres\/wp-content\/uploads\/sites\/87\/2024\/03\/WhatsApp-Image-2024-03-01-at-12.57.54-540x405.jpeg",540,405,true],"sgg-780":["https:\/\/portal.pi.gov.br\/seres\/wp-content\/uploads\/sites\/87\/2024\/03\/WhatsApp-Image-2024-03-01-at-12.57.54-780x585.jpeg",780,585,true],"1536x1536":["https:\/\/portal.pi.gov.br\/seres\/wp-content\/uploads\/sites\/87\/2024\/03\/WhatsApp-Image-2024-03-01-at-12.57.54-1536x1152.jpeg",1536,1152,true],"2048x2048":["https:\/\/portal.pi.gov.br\/seres\/wp-content\/uploads\/sites\/87\/2024\/03\/WhatsApp-Image-2024-03-01-at-12.57.54-2048x1536.jpeg",2048,1536,true],"homepage-slider":["https:\/\/portal.pi.gov.br\/seres\/wp-content\/uploads\/sites\/87\/2024\/03\/WhatsApp-Image-2024-03-01-at-12.57.54-1270x500.jpeg",1270,500,true],"homepage-slider-small":["https:\/\/portal.pi.gov.br\/seres\/wp-content\/uploads\/sites\/87\/2024\/03\/WhatsApp-Image-2024-03-01-at-12.57.54-947x500.jpeg",947,500,true],"page-top":["https:\/\/portal.pi.gov.br\/seres\/wp-content\/uploads\/sites\/87\/2024\/03\/WhatsApp-Image-2024-03-01-at-12.57.54-947x710.jpeg",947,710,true],"page-small":["https:\/\/portal.pi.gov.br\/seres\/wp-content\/uploads\/sites\/87\/2024\/03\/WhatsApp-Image-2024-03-01-at-12.57.54-624x468.jpeg",624,468,true],"loop-main":["https:\/\/portal.pi.gov.br\/seres\/wp-content\/uploads\/sites\/87\/2024\/03\/WhatsApp-Image-2024-03-01-at-12.57.54-365x240.jpeg",365,240,true],"thumb-gallery-widget":["https:\/\/portal.pi.gov.br\/seres\/wp-content\/uploads\/sites\/87\/2024\/03\/WhatsApp-Image-2024-03-01-at-12.57.54-84x56.jpeg",84,56,true]},"post_excerpt_stackable_v2":"<p>Floriano recebeu equipes das secretarias das Rela\u00e7\u00f5es Sociais (Seres) e do Planejamento (Seplan) para o Lan\u00e7amento do Programa de Or\u00e7amento Participativo (OPA) 2024-2025, na manh\u00e3 desta sexta-feira (1\u00ba), o investimento ser\u00e1 da ordem de R$ 5 milh\u00f5es para o munic\u00edpio. O OPA 2024-2025 j\u00e1 foi lan\u00e7ado em Teresina, Parna\u00edba e Picos. Nesta nova etapa do programa, Teresina receber\u00e1 um aporte de R$ 40 milh\u00f5es; Parna\u00edba, R$ 10 milh\u00f5es; e Picos, R$ 5 milh\u00f5es. Floriano e Piripiri tamb\u00e9m receber\u00e3o R$ 5 milh\u00f5es, cada um. O cadastramento das entidades come\u00e7ou em 27 de fevereiro e vai at\u00e9 o dia 27 de mar\u00e7o&hellip;<\/p>\n","category_list_v2":"<a href=\"https:\/\/portal.pi.gov.br\/seres\/category\/noticias\/\" rel=\"category tag\">Not\u00edcias<\/a>","author_info_v2":{"name":"natalina","url":"https:\/\/portal.pi.gov.br\/seres\/author\/natalina\/"},"comments_num_v2":"0 coment\u00e1rio","jetpack_featured_media_url":"https:\/\/portal.pi.gov.br\/seres\/wp-content\/uploads\/sites\/87\/2024\/03\/WhatsApp-Image-2024-03-01-at-12.57.54-scaled.jpeg","_links":{"self":[{"href":"https:\/\/portal.pi.gov.br\/seres\/wp-json\/wp\/v2\/posts\/2165"}],"collection":[{"href":"https:\/\/portal.pi.gov.br\/seres\/wp-json\/wp\/v2\/posts"}],"about":[{"href":"https:\/\/portal.pi.gov.br\/seres\/wp-json\/wp\/v2\/types\/post"}],"author":[{"embeddable":true,"href":"https:\/\/portal.pi.gov.br\/seres\/wp-json\/wp\/v2\/users\/1748"}],"replies":[{"embeddable":true,"href":"https:\/\/portal.pi.gov.br\/seres\/wp-json\/wp\/v2\/comments?post=2165"}],"version-history":[{"count":1,"href":"https:\/\/portal.pi.gov.br\/seres\/wp-json\/wp\/v2\/posts\/2165\/revisions"}],"predecessor-version":[{"id":2171,"href":"https:\/\/portal.pi.gov.br\/seres\/wp-json\/wp\/v2\/posts\/2165\/revisions\/2171"}],"wp:featuredmedia":[{"embeddable":true,"href":"https:\/\/portal.pi.gov.br\/seres\/wp-json\/wp\/v2\/media\/2172"}],"wp:attachment":[{"href":"https:\/\/portal.pi.gov.br\/seres\/wp-json\/wp\/v2\/media?parent=2165"}],"wp:term":[{"taxonomy":"category","embeddable":true,"href":"https:\/\/portal.pi.gov.br\/seres\/wp-json\/wp\/v2\/categories?post=2165"},{"taxonomy":"post_tag","embeddable":true,"href":"https:\/\/portal.pi.gov.br\/seres\/wp-json\/wp\/v2\/tags?post=2165"}],"curies":[{"name":"wp","href":"https:\/\/api.w.org\/{rel}","templated":true}]}}