{"id":2173,"date":"2024-03-02T16:47:12","date_gmt":"2024-03-02T19:47:12","guid":{"rendered":"https:\/\/portal.pi.gov.br\/seres\/?p=2173"},"modified":"2024-03-02T16:47:13","modified_gmt":"2024-03-02T19:47:13","slug":"segunda-edicao-do-opa-foi-lancada-em-piripiri","status":"publish","type":"post","link":"https:\/\/portal.pi.gov.br\/seres\/2024\/03\/02\/segunda-edicao-do-opa-foi-lancada-em-piripiri\/","title":{"rendered":"Segunda edi\u00e7\u00e3o do OPA foi lan\u00e7ada em Piripiri"},"content":{"rendered":"\n<p>Na manh\u00e3 deste s\u00e1bado (2), a secret\u00e1ria de Estado das Rela\u00e7\u00f5es Sociais, N\u00fabia Lopes e o secret\u00e1rio do Planejamento, Washington Bonfim lan\u00e7aram o Or\u00e7amento Participativo \u2013 OPA 2024\/2025 em Piripiri, com investimento de R$ 5 milh\u00f5es. No programa, a popula\u00e7\u00e3o escolhe como ser\u00e3o aplicados os recursos reservados no or\u00e7amento do Estado. As propostas mais votadas s\u00e3o inclu\u00eddas e executadas pelo governo.<\/p>\n\n\n<div class=\"wp-block-image\">\n<figure class=\"aligncenter size-large is-resized\"><img decoding=\"async\" loading=\"lazy\" src=\"https:\/\/portal.pi.gov.br\/seres\/wp-content\/uploads\/sites\/87\/2024\/03\/WhatsApp-Image-2024-03-02-at-10.52.29-1024x768.jpeg\" alt=\"\" class=\"wp-image-2176\" width=\"489\" height=\"367\" srcset=\"https:\/\/portal.pi.gov.br\/seres\/wp-content\/uploads\/sites\/87\/2024\/03\/WhatsApp-Image-2024-03-02-at-10.52.29-1024x768.jpeg 1024w, https:\/\/portal.pi.gov.br\/seres\/wp-content\/uploads\/sites\/87\/2024\/03\/WhatsApp-Image-2024-03-02-at-10.52.29-300x225.jpeg 300w, https:\/\/portal.pi.gov.br\/seres\/wp-content\/uploads\/sites\/87\/2024\/03\/WhatsApp-Image-2024-03-02-at-10.52.29-768x576.jpeg 768w, https:\/\/portal.pi.gov.br\/seres\/wp-content\/uploads\/sites\/87\/2024\/03\/WhatsApp-Image-2024-03-02-at-10.52.29-420x315.jpeg 420w, https:\/\/portal.pi.gov.br\/seres\/wp-content\/uploads\/sites\/87\/2024\/03\/WhatsApp-Image-2024-03-02-at-10.52.29-540x405.jpeg 540w, https:\/\/portal.pi.gov.br\/seres\/wp-content\/uploads\/sites\/87\/2024\/03\/WhatsApp-Image-2024-03-02-at-10.52.29-780x585.jpeg 780w, https:\/\/portal.pi.gov.br\/seres\/wp-content\/uploads\/sites\/87\/2024\/03\/WhatsApp-Image-2024-03-02-at-10.52.29-1536x1152.jpeg 1536w, https:\/\/portal.pi.gov.br\/seres\/wp-content\/uploads\/sites\/87\/2024\/03\/WhatsApp-Image-2024-03-02-at-10.52.29-947x710.jpeg 947w, https:\/\/portal.pi.gov.br\/seres\/wp-content\/uploads\/sites\/87\/2024\/03\/WhatsApp-Image-2024-03-02-at-10.52.29-624x468.jpeg 624w, https:\/\/portal.pi.gov.br\/seres\/wp-content\/uploads\/sites\/87\/2024\/03\/WhatsApp-Image-2024-03-02-at-10.52.29.jpeg 1600w\" sizes=\"(max-width: 489px) 100vw, 489px\" \/><\/figure><\/div>\n\n\n<p><br>Lideran\u00e7as de movimentos sociais, sindicatos e associa\u00e7\u00f5es comunit\u00e1rias marcaram presen\u00e7a no evento. A secret\u00e1ria N\u00fabia Lopes comemorou a ades\u00e3o ao programa nos munic\u00edpios participantes e ressaltou os n\u00fameros de Piripiri. &#8220;Ontem, 1\u00ba de mar\u00e7o, n\u00f3s j\u00e1 t\u00ednhamos 19 associa\u00e7\u00f5es inscritas, ou seja, a sociedade do munic\u00edpio, tanto da zona urbana quanto da zona rural daqui de Piripiri, mobilizada, j\u00e1 se inscrevendo na primeira semana. E a gente ainda vai at\u00e9 o dia 27 de mar\u00e7o com as inscri\u00e7\u00f5es&#8221;.<\/p>\n\n\n<div class=\"wp-block-image\">\n<figure class=\"aligncenter size-large is-resized\"><img decoding=\"async\" loading=\"lazy\" src=\"https:\/\/portal.pi.gov.br\/seres\/wp-content\/uploads\/sites\/87\/2024\/03\/WhatsApp-Image-2024-03-02-at-11.10.41-1024x768.jpeg\" alt=\"\" class=\"wp-image-2178\" width=\"498\" height=\"374\" srcset=\"https:\/\/portal.pi.gov.br\/seres\/wp-content\/uploads\/sites\/87\/2024\/03\/WhatsApp-Image-2024-03-02-at-11.10.41-1024x768.jpeg 1024w, https:\/\/portal.pi.gov.br\/seres\/wp-content\/uploads\/sites\/87\/2024\/03\/WhatsApp-Image-2024-03-02-at-11.10.41-300x225.jpeg 300w, https:\/\/portal.pi.gov.br\/seres\/wp-content\/uploads\/sites\/87\/2024\/03\/WhatsApp-Image-2024-03-02-at-11.10.41-768x576.jpeg 768w, https:\/\/portal.pi.gov.br\/seres\/wp-content\/uploads\/sites\/87\/2024\/03\/WhatsApp-Image-2024-03-02-at-11.10.41-420x315.jpeg 420w, https:\/\/portal.pi.gov.br\/seres\/wp-content\/uploads\/sites\/87\/2024\/03\/WhatsApp-Image-2024-03-02-at-11.10.41-540x405.jpeg 540w, https:\/\/portal.pi.gov.br\/seres\/wp-content\/uploads\/sites\/87\/2024\/03\/WhatsApp-Image-2024-03-02-at-11.10.41-780x585.jpeg 780w, https:\/\/portal.pi.gov.br\/seres\/wp-content\/uploads\/sites\/87\/2024\/03\/WhatsApp-Image-2024-03-02-at-11.10.41-1536x1152.jpeg 1536w, https:\/\/portal.pi.gov.br\/seres\/wp-content\/uploads\/sites\/87\/2024\/03\/WhatsApp-Image-2024-03-02-at-11.10.41-2048x1536.jpeg 2048w, https:\/\/portal.pi.gov.br\/seres\/wp-content\/uploads\/sites\/87\/2024\/03\/WhatsApp-Image-2024-03-02-at-11.10.41-947x710.jpeg 947w, https:\/\/portal.pi.gov.br\/seres\/wp-content\/uploads\/sites\/87\/2024\/03\/WhatsApp-Image-2024-03-02-at-11.10.41-624x468.jpeg 624w\" sizes=\"(max-width: 498px) 100vw, 498px\" \/><\/figure><\/div>\n\n\n<p><br>Nesta segunda edi\u00e7\u00e3o, al\u00e9m de Teresina e Parna\u00edba, que j\u00e1 faziam parte do programa desde o ano passado, foram inclu\u00eddos os munic\u00edpios de Floriano, Picos e Piripiri, com investimento de R$ 5 milh\u00f5es para cada um dos tr\u00eas, totalizando R$ 15 milh\u00f5es.<\/p>\n\n\n<div class=\"wp-block-image\">\n<figure class=\"aligncenter size-large is-resized\"><img decoding=\"async\" loading=\"lazy\" src=\"https:\/\/portal.pi.gov.br\/seres\/wp-content\/uploads\/sites\/87\/2024\/03\/WhatsApp-Image-2024-03-02-at-10.52.40-1024x646.jpeg\" alt=\"\" class=\"wp-image-2174\" width=\"502\" height=\"316\" srcset=\"https:\/\/portal.pi.gov.br\/seres\/wp-content\/uploads\/sites\/87\/2024\/03\/WhatsApp-Image-2024-03-02-at-10.52.40-1024x646.jpeg 1024w, https:\/\/portal.pi.gov.br\/seres\/wp-content\/uploads\/sites\/87\/2024\/03\/WhatsApp-Image-2024-03-02-at-10.52.40-300x189.jpeg 300w, https:\/\/portal.pi.gov.br\/seres\/wp-content\/uploads\/sites\/87\/2024\/03\/WhatsApp-Image-2024-03-02-at-10.52.40-768x485.jpeg 768w, https:\/\/portal.pi.gov.br\/seres\/wp-content\/uploads\/sites\/87\/2024\/03\/WhatsApp-Image-2024-03-02-at-10.52.40-420x265.jpeg 420w, https:\/\/portal.pi.gov.br\/seres\/wp-content\/uploads\/sites\/87\/2024\/03\/WhatsApp-Image-2024-03-02-at-10.52.40-540x341.jpeg 540w, https:\/\/portal.pi.gov.br\/seres\/wp-content\/uploads\/sites\/87\/2024\/03\/WhatsApp-Image-2024-03-02-at-10.52.40-780x492.jpeg 780w, https:\/\/portal.pi.gov.br\/seres\/wp-content\/uploads\/sites\/87\/2024\/03\/WhatsApp-Image-2024-03-02-at-10.52.40-947x598.jpeg 947w, https:\/\/portal.pi.gov.br\/seres\/wp-content\/uploads\/sites\/87\/2024\/03\/WhatsApp-Image-2024-03-02-at-10.52.40-624x394.jpeg 624w, https:\/\/portal.pi.gov.br\/seres\/wp-content\/uploads\/sites\/87\/2024\/03\/WhatsApp-Image-2024-03-02-at-10.52.40.jpeg 1280w\" sizes=\"(max-width: 502px) 100vw, 502px\" \/><\/figure><\/div>\n\n\n<p><br>O cadastramento das entidades est\u00e1 sendo realizado desde o dia 27 de fevereiro e segue at\u00e9 27 de mar\u00e7o. A escolha das obras, diretamente pela popula\u00e7\u00e3o atrav\u00e9s do voto, de 7 a 17 de junho. As inscri\u00e7\u00f5es est\u00e3o sendo realizadas atrav\u00e9s do site oficial do OPA, do aplicativo Colab e tamb\u00e9m pelo WhatsApp, al\u00e9m dos pontos f\u00edsicos que ser\u00e3o disponibilizados para atendimento e esclarecimento de d\u00favidas.<\/p>\n\n\n<div class=\"wp-block-image\">\n<figure class=\"aligncenter size-large is-resized\"><img decoding=\"async\" loading=\"lazy\" src=\"https:\/\/portal.pi.gov.br\/seres\/wp-content\/uploads\/sites\/87\/2024\/03\/WhatsApp-Image-2024-03-02-at-11.11.11-1024x768.jpeg\" alt=\"\" class=\"wp-image-2179\" width=\"511\" height=\"383\" srcset=\"https:\/\/portal.pi.gov.br\/seres\/wp-content\/uploads\/sites\/87\/2024\/03\/WhatsApp-Image-2024-03-02-at-11.11.11-1024x768.jpeg 1024w, https:\/\/portal.pi.gov.br\/seres\/wp-content\/uploads\/sites\/87\/2024\/03\/WhatsApp-Image-2024-03-02-at-11.11.11-300x225.jpeg 300w, https:\/\/portal.pi.gov.br\/seres\/wp-content\/uploads\/sites\/87\/2024\/03\/WhatsApp-Image-2024-03-02-at-11.11.11-768x576.jpeg 768w, https:\/\/portal.pi.gov.br\/seres\/wp-content\/uploads\/sites\/87\/2024\/03\/WhatsApp-Image-2024-03-02-at-11.11.11-420x315.jpeg 420w, https:\/\/portal.pi.gov.br\/seres\/wp-content\/uploads\/sites\/87\/2024\/03\/WhatsApp-Image-2024-03-02-at-11.11.11-540x405.jpeg 540w, https:\/\/portal.pi.gov.br\/seres\/wp-content\/uploads\/sites\/87\/2024\/03\/WhatsApp-Image-2024-03-02-at-11.11.11-780x585.jpeg 780w, https:\/\/portal.pi.gov.br\/seres\/wp-content\/uploads\/sites\/87\/2024\/03\/WhatsApp-Image-2024-03-02-at-11.11.11-1536x1152.jpeg 1536w, https:\/\/portal.pi.gov.br\/seres\/wp-content\/uploads\/sites\/87\/2024\/03\/WhatsApp-Image-2024-03-02-at-11.11.11-2048x1536.jpeg 2048w, https:\/\/portal.pi.gov.br\/seres\/wp-content\/uploads\/sites\/87\/2024\/03\/WhatsApp-Image-2024-03-02-at-11.11.11-947x710.jpeg 947w, https:\/\/portal.pi.gov.br\/seres\/wp-content\/uploads\/sites\/87\/2024\/03\/WhatsApp-Image-2024-03-02-at-11.11.11-624x468.jpeg 624w\" sizes=\"(max-width: 511px) 100vw, 511px\" \/><\/figure><\/div>\n\n\n<p>As propostas devem abranger obras priorit\u00e1rias nas \u00e1reas de educa\u00e7\u00e3o, seguran\u00e7a e justi\u00e7a, assist\u00eancia social, mobilidade urbana, cultura, esporte, lazer e agricultura. Uma novidade desta edi\u00e7\u00e3o \u00e9 a implementa\u00e7\u00e3o dos recursos voltados para a zona rural, com foco no apoio produtivo.<\/p>\n\n\n<div class=\"wp-block-image\">\n<figure class=\"aligncenter size-large is-resized\"><img decoding=\"async\" loading=\"lazy\" src=\"https:\/\/portal.pi.gov.br\/seres\/wp-content\/uploads\/sites\/87\/2024\/03\/WhatsApp-Image-2024-03-02-at-09.53.59-1024x768.jpeg\" alt=\"\" class=\"wp-image-2177\" width=\"515\" height=\"386\" srcset=\"https:\/\/portal.pi.gov.br\/seres\/wp-content\/uploads\/sites\/87\/2024\/03\/WhatsApp-Image-2024-03-02-at-09.53.59-1024x768.jpeg 1024w, https:\/\/portal.pi.gov.br\/seres\/wp-content\/uploads\/sites\/87\/2024\/03\/WhatsApp-Image-2024-03-02-at-09.53.59-300x225.jpeg 300w, https:\/\/portal.pi.gov.br\/seres\/wp-content\/uploads\/sites\/87\/2024\/03\/WhatsApp-Image-2024-03-02-at-09.53.59-768x576.jpeg 768w, https:\/\/portal.pi.gov.br\/seres\/wp-content\/uploads\/sites\/87\/2024\/03\/WhatsApp-Image-2024-03-02-at-09.53.59-420x315.jpeg 420w, https:\/\/portal.pi.gov.br\/seres\/wp-content\/uploads\/sites\/87\/2024\/03\/WhatsApp-Image-2024-03-02-at-09.53.59-540x405.jpeg 540w, https:\/\/portal.pi.gov.br\/seres\/wp-content\/uploads\/sites\/87\/2024\/03\/WhatsApp-Image-2024-03-02-at-09.53.59-780x585.jpeg 780w, https:\/\/portal.pi.gov.br\/seres\/wp-content\/uploads\/sites\/87\/2024\/03\/WhatsApp-Image-2024-03-02-at-09.53.59-1536x1152.jpeg 1536w, https:\/\/portal.pi.gov.br\/seres\/wp-content\/uploads\/sites\/87\/2024\/03\/WhatsApp-Image-2024-03-02-at-09.53.59-947x710.jpeg 947w, https:\/\/portal.pi.gov.br\/seres\/wp-content\/uploads\/sites\/87\/2024\/03\/WhatsApp-Image-2024-03-02-at-09.53.59-624x468.jpeg 624w, https:\/\/portal.pi.gov.br\/seres\/wp-content\/uploads\/sites\/87\/2024\/03\/WhatsApp-Image-2024-03-02-at-09.53.59.jpeg 1600w\" sizes=\"(max-width: 515px) 100vw, 515px\" \/><\/figure><\/div>","protected":false},"excerpt":{"rendered":"<p>Na manh\u00e3 deste s\u00e1bado (2), a secret\u00e1ria de Estado das Rela\u00e7\u00f5es Sociais, N\u00fabia Lopes e o secret\u00e1rio do Planejamento, Washington Bonfim lan\u00e7aram o Or\u00e7amento Participativo \u2013 OPA 2024\/2025 em Piripiri, [&hellip;]<\/p>\n","protected":false},"author":1748,"featured_media":2179,"comment_status":"closed","ping_status":"closed","sticky":false,"template":"","format":"standard","meta":[],"categories":[34],"tags":[62,47,63,41],"featured_image_urls":{"full":["https:\/\/portal.pi.gov.br\/seres\/wp-content\/uploads\/sites\/87\/2024\/03\/WhatsApp-Image-2024-03-02-at-11.11.11-scaled.jpeg",2560,1920,false],"thumbnail":["https:\/\/portal.pi.gov.br\/seres\/wp-content\/uploads\/sites\/87\/2024\/03\/WhatsApp-Image-2024-03-02-at-11.11.11-150x150.jpeg",150,150,true],"medium":["https:\/\/portal.pi.gov.br\/seres\/wp-content\/uploads\/sites\/87\/2024\/03\/WhatsApp-Image-2024-03-02-at-11.11.11-300x225.jpeg",300,225,true],"medium_large":["https:\/\/portal.pi.gov.br\/seres\/wp-content\/uploads\/sites\/87\/2024\/03\/WhatsApp-Image-2024-03-02-at-11.11.11-768x576.jpeg",768,576,true],"large":["https:\/\/portal.pi.gov.br\/seres\/wp-content\/uploads\/sites\/87\/2024\/03\/WhatsApp-Image-2024-03-02-at-11.11.11-1024x768.jpeg",887,665,true],"sgg-420":["https:\/\/portal.pi.gov.br\/seres\/wp-content\/uploads\/sites\/87\/2024\/03\/WhatsApp-Image-2024-03-02-at-11.11.11-420x315.jpeg",420,315,true],"sgg-540":["https:\/\/portal.pi.gov.br\/seres\/wp-content\/uploads\/sites\/87\/2024\/03\/WhatsApp-Image-2024-03-02-at-11.11.11-540x405.jpeg",540,405,true],"sgg-780":["https:\/\/portal.pi.gov.br\/seres\/wp-content\/uploads\/sites\/87\/2024\/03\/WhatsApp-Image-2024-03-02-at-11.11.11-780x585.jpeg",780,585,true],"1536x1536":["https:\/\/portal.pi.gov.br\/seres\/wp-content\/uploads\/sites\/87\/2024\/03\/WhatsApp-Image-2024-03-02-at-11.11.11-1536x1152.jpeg",1536,1152,true],"2048x2048":["https:\/\/portal.pi.gov.br\/seres\/wp-content\/uploads\/sites\/87\/2024\/03\/WhatsApp-Image-2024-03-02-at-11.11.11-2048x1536.jpeg",2048,1536,true],"homepage-slider":["https:\/\/portal.pi.gov.br\/seres\/wp-content\/uploads\/sites\/87\/2024\/03\/WhatsApp-Image-2024-03-02-at-11.11.11-1270x500.jpeg",1270,500,true],"homepage-slider-small":["https:\/\/portal.pi.gov.br\/seres\/wp-content\/uploads\/sites\/87\/2024\/03\/WhatsApp-Image-2024-03-02-at-11.11.11-947x500.jpeg",947,500,true],"page-top":["https:\/\/portal.pi.gov.br\/seres\/wp-content\/uploads\/sites\/87\/2024\/03\/WhatsApp-Image-2024-03-02-at-11.11.11-947x710.jpeg",947,710,true],"page-small":["https:\/\/portal.pi.gov.br\/seres\/wp-content\/uploads\/sites\/87\/2024\/03\/WhatsApp-Image-2024-03-02-at-11.11.11-624x468.jpeg",624,468,true],"loop-main":["https:\/\/portal.pi.gov.br\/seres\/wp-content\/uploads\/sites\/87\/2024\/03\/WhatsApp-Image-2024-03-02-at-11.11.11-365x240.jpeg",365,240,true],"thumb-gallery-widget":["https:\/\/portal.pi.gov.br\/seres\/wp-content\/uploads\/sites\/87\/2024\/03\/WhatsApp-Image-2024-03-02-at-11.11.11-84x56.jpeg",84,56,true]},"post_excerpt_stackable":"<p>Na manh\u00e3 deste s\u00e1bado (2), a secret\u00e1ria de Estado das Rela\u00e7\u00f5es Sociais, N\u00fabia Lopes e o secret\u00e1rio do Planejamento, Washington Bonfim lan\u00e7aram o Or\u00e7amento Participativo \u2013 OPA 2024\/2025 em Piripiri, com investimento de R$ 5 milh\u00f5es. No programa, a popula\u00e7\u00e3o escolhe como ser\u00e3o aplicados os recursos reservados no or\u00e7amento do Estado. As propostas mais votadas s\u00e3o inclu\u00eddas e executadas pelo governo. Lideran\u00e7as de movimentos sociais, sindicatos e associa\u00e7\u00f5es comunit\u00e1rias marcaram presen\u00e7a no evento. A secret\u00e1ria N\u00fabia Lopes comemorou a ades\u00e3o ao programa nos munic\u00edpios participantes e ressaltou os n\u00fameros de Piripiri. &#8220;Ontem, 1\u00ba de mar\u00e7o, n\u00f3s j\u00e1 t\u00ednhamos 19 associa\u00e7\u00f5es&hellip;<\/p>\n","category_list":"<a href=\"https:\/\/portal.pi.gov.br\/seres\/category\/noticias\/\" rel=\"category tag\">Not\u00edcias<\/a>","author_info":{"name":"natalina","url":"https:\/\/portal.pi.gov.br\/seres\/author\/natalina\/"},"comments_num":"0 coment\u00e1rio","featured_image_urls_v2":{"full":["https:\/\/portal.pi.gov.br\/seres\/wp-content\/uploads\/sites\/87\/2024\/03\/WhatsApp-Image-2024-03-02-at-11.11.11-scaled.jpeg",2560,1920,false],"thumbnail":["https:\/\/portal.pi.gov.br\/seres\/wp-content\/uploads\/sites\/87\/2024\/03\/WhatsApp-Image-2024-03-02-at-11.11.11-150x150.jpeg",150,150,true],"medium":["https:\/\/portal.pi.gov.br\/seres\/wp-content\/uploads\/sites\/87\/2024\/03\/WhatsApp-Image-2024-03-02-at-11.11.11-300x225.jpeg",300,225,true],"medium_large":["https:\/\/portal.pi.gov.br\/seres\/wp-content\/uploads\/sites\/87\/2024\/03\/WhatsApp-Image-2024-03-02-at-11.11.11-768x576.jpeg",768,576,true],"large":["https:\/\/portal.pi.gov.br\/seres\/wp-content\/uploads\/sites\/87\/2024\/03\/WhatsApp-Image-2024-03-02-at-11.11.11-1024x768.jpeg",887,665,true],"sgg-420":["https:\/\/portal.pi.gov.br\/seres\/wp-content\/uploads\/sites\/87\/2024\/03\/WhatsApp-Image-2024-03-02-at-11.11.11-420x315.jpeg",420,315,true],"sgg-540":["https:\/\/portal.pi.gov.br\/seres\/wp-content\/uploads\/sites\/87\/2024\/03\/WhatsApp-Image-2024-03-02-at-11.11.11-540x405.jpeg",540,405,true],"sgg-780":["https:\/\/portal.pi.gov.br\/seres\/wp-content\/uploads\/sites\/87\/2024\/03\/WhatsApp-Image-2024-03-02-at-11.11.11-780x585.jpeg",780,585,true],"1536x1536":["https:\/\/portal.pi.gov.br\/seres\/wp-content\/uploads\/sites\/87\/2024\/03\/WhatsApp-Image-2024-03-02-at-11.11.11-1536x1152.jpeg",1536,1152,true],"2048x2048":["https:\/\/portal.pi.gov.br\/seres\/wp-content\/uploads\/sites\/87\/2024\/03\/WhatsApp-Image-2024-03-02-at-11.11.11-2048x1536.jpeg",2048,1536,true],"homepage-slider":["https:\/\/portal.pi.gov.br\/seres\/wp-content\/uploads\/sites\/87\/2024\/03\/WhatsApp-Image-2024-03-02-at-11.11.11-1270x500.jpeg",1270,500,true],"homepage-slider-small":["https:\/\/portal.pi.gov.br\/seres\/wp-content\/uploads\/sites\/87\/2024\/03\/WhatsApp-Image-2024-03-02-at-11.11.11-947x500.jpeg",947,500,true],"page-top":["https:\/\/portal.pi.gov.br\/seres\/wp-content\/uploads\/sites\/87\/2024\/03\/WhatsApp-Image-2024-03-02-at-11.11.11-947x710.jpeg",947,710,true],"page-small":["https:\/\/portal.pi.gov.br\/seres\/wp-content\/uploads\/sites\/87\/2024\/03\/WhatsApp-Image-2024-03-02-at-11.11.11-624x468.jpeg",624,468,true],"loop-main":["https:\/\/portal.pi.gov.br\/seres\/wp-content\/uploads\/sites\/87\/2024\/03\/WhatsApp-Image-2024-03-02-at-11.11.11-365x240.jpeg",365,240,true],"thumb-gallery-widget":["https:\/\/portal.pi.gov.br\/seres\/wp-content\/uploads\/sites\/87\/2024\/03\/WhatsApp-Image-2024-03-02-at-11.11.11-84x56.jpeg",84,56,true]},"post_excerpt_stackable_v2":"<p>Na manh\u00e3 deste s\u00e1bado (2), a secret\u00e1ria de Estado das Rela\u00e7\u00f5es Sociais, N\u00fabia Lopes e o secret\u00e1rio do Planejamento, Washington Bonfim lan\u00e7aram o Or\u00e7amento Participativo \u2013 OPA 2024\/2025 em Piripiri, com investimento de R$ 5 milh\u00f5es. No programa, a popula\u00e7\u00e3o escolhe como ser\u00e3o aplicados os recursos reservados no or\u00e7amento do Estado. As propostas mais votadas s\u00e3o inclu\u00eddas e executadas pelo governo. Lideran\u00e7as de movimentos sociais, sindicatos e associa\u00e7\u00f5es comunit\u00e1rias marcaram presen\u00e7a no evento. A secret\u00e1ria N\u00fabia Lopes comemorou a ades\u00e3o ao programa nos munic\u00edpios participantes e ressaltou os n\u00fameros de Piripiri. &#8220;Ontem, 1\u00ba de mar\u00e7o, n\u00f3s j\u00e1 t\u00ednhamos 19 associa\u00e7\u00f5es&hellip;<\/p>\n","category_list_v2":"<a href=\"https:\/\/portal.pi.gov.br\/seres\/category\/noticias\/\" rel=\"category tag\">Not\u00edcias<\/a>","author_info_v2":{"name":"natalina","url":"https:\/\/portal.pi.gov.br\/seres\/author\/natalina\/"},"comments_num_v2":"0 coment\u00e1rio","jetpack_featured_media_url":"https:\/\/portal.pi.gov.br\/seres\/wp-content\/uploads\/sites\/87\/2024\/03\/WhatsApp-Image-2024-03-02-at-11.11.11-scaled.jpeg","_links":{"self":[{"href":"https:\/\/portal.pi.gov.br\/seres\/wp-json\/wp\/v2\/posts\/2173"}],"collection":[{"href":"https:\/\/portal.pi.gov.br\/seres\/wp-json\/wp\/v2\/posts"}],"about":[{"href":"https:\/\/portal.pi.gov.br\/seres\/wp-json\/wp\/v2\/types\/post"}],"author":[{"embeddable":true,"href":"https:\/\/portal.pi.gov.br\/seres\/wp-json\/wp\/v2\/users\/1748"}],"replies":[{"embeddable":true,"href":"https:\/\/portal.pi.gov.br\/seres\/wp-json\/wp\/v2\/comments?post=2173"}],"version-history":[{"count":1,"href":"https:\/\/portal.pi.gov.br\/seres\/wp-json\/wp\/v2\/posts\/2173\/revisions"}],"predecessor-version":[{"id":2180,"href":"https:\/\/portal.pi.gov.br\/seres\/wp-json\/wp\/v2\/posts\/2173\/revisions\/2180"}],"wp:featuredmedia":[{"embeddable":true,"href":"https:\/\/portal.pi.gov.br\/seres\/wp-json\/wp\/v2\/media\/2179"}],"wp:attachment":[{"href":"https:\/\/portal.pi.gov.br\/seres\/wp-json\/wp\/v2\/media?parent=2173"}],"wp:term":[{"taxonomy":"category","embeddable":true,"href":"https:\/\/portal.pi.gov.br\/seres\/wp-json\/wp\/v2\/categories?post=2173"},{"taxonomy":"post_tag","embeddable":true,"href":"https:\/\/portal.pi.gov.br\/seres\/wp-json\/wp\/v2\/tags?post=2173"}],"curies":[{"name":"wp","href":"https:\/\/api.w.org\/{rel}","templated":true}]}}