{"id":2181,"date":"2024-03-06T08:48:02","date_gmt":"2024-03-06T11:48:02","guid":{"rendered":"https:\/\/portal.pi.gov.br\/seres\/?p=2181"},"modified":"2024-03-06T10:10:41","modified_gmt":"2024-03-06T13:10:41","slug":"inaugurada-mais-uma-obra-do-opa-em-teresina","status":"publish","type":"post","link":"https:\/\/portal.pi.gov.br\/seres\/2024\/03\/06\/inaugurada-mais-uma-obra-do-opa-em-teresina\/","title":{"rendered":"Inaugurada mais uma obra do OPA em Teresina"},"content":{"rendered":"\n<p>O governador Rafael Fonteles inaugurou, nesta quarta-feira (6), mais uma obra do Or\u00e7amento Participativo &#8211; OPA 2024\/2025, desta vez no bairro Santa Cruz, em Teresina. A obra foi uma demanda da Associa\u00e7\u00e3o dos Moradores da Santa Cruz, escolhida em vota\u00e7\u00e3o popular. Ao todo, foram 22 ruas beneficiadas com 28.536,4 m\u00b2 de pavimenta\u00e7\u00e3o asf\u00e1ltica.<\/p>\n\n\n<div class=\"wp-block-image\">\n<figure class=\"aligncenter size-large is-resized\"><img decoding=\"async\" loading=\"lazy\" src=\"https:\/\/portal.pi.gov.br\/seres\/wp-content\/uploads\/sites\/87\/2024\/03\/WhatsApp-Image-2024-03-06-at-07.58.12-1-1024x768.jpeg\" alt=\"\" class=\"wp-image-2189\" width=\"489\" height=\"366\" srcset=\"https:\/\/portal.pi.gov.br\/seres\/wp-content\/uploads\/sites\/87\/2024\/03\/WhatsApp-Image-2024-03-06-at-07.58.12-1-1024x768.jpeg 1024w, https:\/\/portal.pi.gov.br\/seres\/wp-content\/uploads\/sites\/87\/2024\/03\/WhatsApp-Image-2024-03-06-at-07.58.12-1-300x225.jpeg 300w, https:\/\/portal.pi.gov.br\/seres\/wp-content\/uploads\/sites\/87\/2024\/03\/WhatsApp-Image-2024-03-06-at-07.58.12-1-768x576.jpeg 768w, https:\/\/portal.pi.gov.br\/seres\/wp-content\/uploads\/sites\/87\/2024\/03\/WhatsApp-Image-2024-03-06-at-07.58.12-1-420x315.jpeg 420w, https:\/\/portal.pi.gov.br\/seres\/wp-content\/uploads\/sites\/87\/2024\/03\/WhatsApp-Image-2024-03-06-at-07.58.12-1-540x405.jpeg 540w, https:\/\/portal.pi.gov.br\/seres\/wp-content\/uploads\/sites\/87\/2024\/03\/WhatsApp-Image-2024-03-06-at-07.58.12-1-780x585.jpeg 780w, https:\/\/portal.pi.gov.br\/seres\/wp-content\/uploads\/sites\/87\/2024\/03\/WhatsApp-Image-2024-03-06-at-07.58.12-1-1536x1152.jpeg 1536w, https:\/\/portal.pi.gov.br\/seres\/wp-content\/uploads\/sites\/87\/2024\/03\/WhatsApp-Image-2024-03-06-at-07.58.12-1-947x710.jpeg 947w, https:\/\/portal.pi.gov.br\/seres\/wp-content\/uploads\/sites\/87\/2024\/03\/WhatsApp-Image-2024-03-06-at-07.58.12-1-624x468.jpeg 624w, https:\/\/portal.pi.gov.br\/seres\/wp-content\/uploads\/sites\/87\/2024\/03\/WhatsApp-Image-2024-03-06-at-07.58.12-1.jpeg 1600w\" sizes=\"(max-width: 489px) 100vw, 489px\" \/><\/figure><\/div>\n\n\n<p>A proposta foi aprovada com 781 votos e custou R$2.420.757,25 aos cofres p\u00fablicos. O recurso aplicado beneficia diretamente a popula\u00e7\u00e3o da regi\u00e3o facilitando a mobilidade urbana com mais conforto e seguran\u00e7a.<\/p>\n\n\n\n<p>O governador Rafael Fonteles destacou a import\u00e2ncia de se aproximar, cada vez mais, das comunidades. \u201cA dona Zilda, daqui da Associa\u00e7\u00e3o, j\u00e1 me disse que est\u00e3o faltando nove ruas e que vai cadastrar nova proposta no OPA deste ano. A comunidade escolhendo o asfaltamento urbano. Viva o OPA!\u201d, comemorou.<\/p>\n\n\n\n<p><\/p>\n\n\n<div class=\"wp-block-image\">\n<figure class=\"aligncenter size-large is-resized\"><img decoding=\"async\" loading=\"lazy\" src=\"https:\/\/portal.pi.gov.br\/seres\/wp-content\/uploads\/sites\/87\/2024\/03\/WhatsApp-Image-2024-03-06-at-07.57.45-1024x768.jpeg\" alt=\"\" class=\"wp-image-2183\" width=\"484\" height=\"363\" srcset=\"https:\/\/portal.pi.gov.br\/seres\/wp-content\/uploads\/sites\/87\/2024\/03\/WhatsApp-Image-2024-03-06-at-07.57.45-1024x768.jpeg 1024w, https:\/\/portal.pi.gov.br\/seres\/wp-content\/uploads\/sites\/87\/2024\/03\/WhatsApp-Image-2024-03-06-at-07.57.45-300x225.jpeg 300w, https:\/\/portal.pi.gov.br\/seres\/wp-content\/uploads\/sites\/87\/2024\/03\/WhatsApp-Image-2024-03-06-at-07.57.45-768x576.jpeg 768w, https:\/\/portal.pi.gov.br\/seres\/wp-content\/uploads\/sites\/87\/2024\/03\/WhatsApp-Image-2024-03-06-at-07.57.45-420x315.jpeg 420w, https:\/\/portal.pi.gov.br\/seres\/wp-content\/uploads\/sites\/87\/2024\/03\/WhatsApp-Image-2024-03-06-at-07.57.45-540x405.jpeg 540w, https:\/\/portal.pi.gov.br\/seres\/wp-content\/uploads\/sites\/87\/2024\/03\/WhatsApp-Image-2024-03-06-at-07.57.45-780x585.jpeg 780w, https:\/\/portal.pi.gov.br\/seres\/wp-content\/uploads\/sites\/87\/2024\/03\/WhatsApp-Image-2024-03-06-at-07.57.45-1536x1152.jpeg 1536w, https:\/\/portal.pi.gov.br\/seres\/wp-content\/uploads\/sites\/87\/2024\/03\/WhatsApp-Image-2024-03-06-at-07.57.45-947x710.jpeg 947w, https:\/\/portal.pi.gov.br\/seres\/wp-content\/uploads\/sites\/87\/2024\/03\/WhatsApp-Image-2024-03-06-at-07.57.45-624x468.jpeg 624w, https:\/\/portal.pi.gov.br\/seres\/wp-content\/uploads\/sites\/87\/2024\/03\/WhatsApp-Image-2024-03-06-at-07.57.45.jpeg 1600w\" sizes=\"(max-width: 484px) 100vw, 484px\" \/><\/figure><\/div>\n\n\n<p>Andr\u00e9 Mac\u00eado, superintendente da Seplan, ressaltou a transforma\u00e7\u00e3o digital como diferencial no desenvolvimento do Piau\u00ed. \u201cNo dia 15 de mar\u00e7o do ano passado fizemos o primeiro teste do Colab. Ou seja, em menos de um ano, o OPA foi pensado, a ferramenta tecnol\u00f3gica foi concebida e n\u00f3s j\u00e1 estamos aqui fazendo a terceira entrega do Or\u00e7amento Participativo Digital. O governador nos passou uma miss\u00e3o: a transforma\u00e7\u00e3o digital, a principal ferramenta para fazermos a transforma\u00e7\u00e3o social. Pedi a atualiza\u00e7\u00e3o agora, n\u00f3s tivemos no ano passado 223 entidades cadastradas, e este ano, em apenas em 10 dias, n\u00f3s j\u00e1 temos 101 entidades cadastradas no OPA. A meta estabelecida \u00e9 que n\u00f3s vamos ter 500 entidades participando do projeto e, no m\u00ednimo, 200 mil votos populares escolhendo as propostas\u201d, afirmou.<\/p>\n\n\n<div class=\"wp-block-image\">\n<figure class=\"aligncenter size-large is-resized\"><img decoding=\"async\" loading=\"lazy\" src=\"https:\/\/portal.pi.gov.br\/seres\/wp-content\/uploads\/sites\/87\/2024\/03\/WhatsApp-Image-2024-03-06-at-09.02.37-1024x768.jpeg\" alt=\"\" class=\"wp-image-2186\" width=\"500\" height=\"375\" srcset=\"https:\/\/portal.pi.gov.br\/seres\/wp-content\/uploads\/sites\/87\/2024\/03\/WhatsApp-Image-2024-03-06-at-09.02.37-1024x768.jpeg 1024w, https:\/\/portal.pi.gov.br\/seres\/wp-content\/uploads\/sites\/87\/2024\/03\/WhatsApp-Image-2024-03-06-at-09.02.37-300x225.jpeg 300w, https:\/\/portal.pi.gov.br\/seres\/wp-content\/uploads\/sites\/87\/2024\/03\/WhatsApp-Image-2024-03-06-at-09.02.37-768x576.jpeg 768w, https:\/\/portal.pi.gov.br\/seres\/wp-content\/uploads\/sites\/87\/2024\/03\/WhatsApp-Image-2024-03-06-at-09.02.37-420x315.jpeg 420w, https:\/\/portal.pi.gov.br\/seres\/wp-content\/uploads\/sites\/87\/2024\/03\/WhatsApp-Image-2024-03-06-at-09.02.37-540x405.jpeg 540w, https:\/\/portal.pi.gov.br\/seres\/wp-content\/uploads\/sites\/87\/2024\/03\/WhatsApp-Image-2024-03-06-at-09.02.37-780x585.jpeg 780w, https:\/\/portal.pi.gov.br\/seres\/wp-content\/uploads\/sites\/87\/2024\/03\/WhatsApp-Image-2024-03-06-at-09.02.37-1536x1152.jpeg 1536w, https:\/\/portal.pi.gov.br\/seres\/wp-content\/uploads\/sites\/87\/2024\/03\/WhatsApp-Image-2024-03-06-at-09.02.37-947x710.jpeg 947w, https:\/\/portal.pi.gov.br\/seres\/wp-content\/uploads\/sites\/87\/2024\/03\/WhatsApp-Image-2024-03-06-at-09.02.37-624x468.jpeg 624w, https:\/\/portal.pi.gov.br\/seres\/wp-content\/uploads\/sites\/87\/2024\/03\/WhatsApp-Image-2024-03-06-at-09.02.37.jpeg 1600w\" sizes=\"(max-width: 500px) 100vw, 500px\" \/><\/figure><\/div>\n\n\n<p>A secret\u00e1ria N\u00fabia Lopes lembrou que este ano o OPA 2024-2025 foi ampliado para Picos, Piripiri e Floriano. \u201cHoje j\u00e1 estamos na segunda semana de credenciamento das entidades nos cinco munic\u00edpios beneficiados como o OPA. Temos mais de 100 propostas j\u00e1 credenciadas e outras tantas mobilizadas. Nossas equipes est\u00e3o dialogando e se reunindo com lideran\u00e7as e comunidades. A popula\u00e7\u00e3o abra\u00e7ou o OPA, o melhor programa de or\u00e7amento participativo, de participa\u00e7\u00e3o social no Brasil. Agradecemos a cada lideran\u00e7a que articulou para a sua comunidade, mas principalmente a cada morador, a cada cidad\u00e3o, cidad\u00e3 que abra\u00e7ou o programa\u201d, concluiu.<\/p>\n\n\n<div class=\"wp-block-image\">\n<figure class=\"aligncenter size-large is-resized\"><img decoding=\"async\" loading=\"lazy\" src=\"https:\/\/portal.pi.gov.br\/seres\/wp-content\/uploads\/sites\/87\/2024\/03\/WhatsApp-Image-2024-03-06-at-09.02.19-1024x768.jpeg\" alt=\"\" class=\"wp-image-2187\" width=\"502\" height=\"377\" srcset=\"https:\/\/portal.pi.gov.br\/seres\/wp-content\/uploads\/sites\/87\/2024\/03\/WhatsApp-Image-2024-03-06-at-09.02.19-1024x768.jpeg 1024w, https:\/\/portal.pi.gov.br\/seres\/wp-content\/uploads\/sites\/87\/2024\/03\/WhatsApp-Image-2024-03-06-at-09.02.19-300x225.jpeg 300w, https:\/\/portal.pi.gov.br\/seres\/wp-content\/uploads\/sites\/87\/2024\/03\/WhatsApp-Image-2024-03-06-at-09.02.19-768x576.jpeg 768w, https:\/\/portal.pi.gov.br\/seres\/wp-content\/uploads\/sites\/87\/2024\/03\/WhatsApp-Image-2024-03-06-at-09.02.19-420x315.jpeg 420w, https:\/\/portal.pi.gov.br\/seres\/wp-content\/uploads\/sites\/87\/2024\/03\/WhatsApp-Image-2024-03-06-at-09.02.19-540x405.jpeg 540w, https:\/\/portal.pi.gov.br\/seres\/wp-content\/uploads\/sites\/87\/2024\/03\/WhatsApp-Image-2024-03-06-at-09.02.19-780x585.jpeg 780w, https:\/\/portal.pi.gov.br\/seres\/wp-content\/uploads\/sites\/87\/2024\/03\/WhatsApp-Image-2024-03-06-at-09.02.19-1536x1152.jpeg 1536w, https:\/\/portal.pi.gov.br\/seres\/wp-content\/uploads\/sites\/87\/2024\/03\/WhatsApp-Image-2024-03-06-at-09.02.19-947x710.jpeg 947w, https:\/\/portal.pi.gov.br\/seres\/wp-content\/uploads\/sites\/87\/2024\/03\/WhatsApp-Image-2024-03-06-at-09.02.19-624x468.jpeg 624w, https:\/\/portal.pi.gov.br\/seres\/wp-content\/uploads\/sites\/87\/2024\/03\/WhatsApp-Image-2024-03-06-at-09.02.19.jpeg 1600w\" sizes=\"(max-width: 502px) 100vw, 502px\" \/><\/figure><\/div>\n\n\n<p>O OPA tem como objetivo democratizar os recursos p\u00fablicos ofertando parte do or\u00e7amento para que as comunidades decidam onde deve ser aplicado. Obras de pavimenta\u00e7\u00e3o, quadras esportivas, pra\u00e7as e outras obras podem ser inclu\u00eddas no Or\u00e7amento, que \u00e9 definido juntamente com a comunidade envolvida.<\/p>\n\n\n\n<p>Ser\u00e3o destinados R$ 40 milh\u00f5es em recursos para a execu\u00e7\u00e3o das propostas do OPA em Teresina, R$ 10 milh\u00f5es para Parna\u00edba, R$ 5 milh\u00f5es para Piripiri, R$ 5 milh\u00f5es para Picos e R$ 5 milh\u00f5es para Floriano. As entidades de bairro e associa\u00e7\u00f5es comunit\u00e1rias ter\u00e3o at\u00e9 27 de mar\u00e7o para lan\u00e7ar at\u00e9 tr\u00eas propostas que representem os interesses e as necessidades da popula\u00e7\u00e3o.<\/p>\n\n\n\n<p>A vota\u00e7\u00e3o estar\u00e1 aberta de 07 at\u00e9 17 de junho e acontecer\u00e1 via Portal do OPA, aplicativo Colab e WhatsApp, al\u00e9m de alguns pontos f\u00edsicos que estar\u00e3o espalhados pelos munic\u00edpios contemplados pelo programa.<\/p>\n","protected":false},"excerpt":{"rendered":"<p>O governador Rafael Fonteles inaugurou, nesta quarta-feira (6), mais uma obra do Or\u00e7amento Participativo &#8211; OPA 2024\/2025, desta vez no bairro Santa Cruz, em Teresina. A obra foi uma demanda [&hellip;]<\/p>\n","protected":false},"author":1748,"featured_media":2187,"comment_status":"closed","ping_status":"closed","sticky":false,"template":"","format":"standard","meta":[],"categories":[34],"tags":[62,47,41],"featured_image_urls":{"full":["https:\/\/portal.pi.gov.br\/seres\/wp-content\/uploads\/sites\/87\/2024\/03\/WhatsApp-Image-2024-03-06-at-09.02.19.jpeg",1600,1200,false],"thumbnail":["https:\/\/portal.pi.gov.br\/seres\/wp-content\/uploads\/sites\/87\/2024\/03\/WhatsApp-Image-2024-03-06-at-09.02.19-150x150.jpeg",150,150,true],"medium":["https:\/\/portal.pi.gov.br\/seres\/wp-content\/uploads\/sites\/87\/2024\/03\/WhatsApp-Image-2024-03-06-at-09.02.19-300x225.jpeg",300,225,true],"medium_large":["https:\/\/portal.pi.gov.br\/seres\/wp-content\/uploads\/sites\/87\/2024\/03\/WhatsApp-Image-2024-03-06-at-09.02.19-768x576.jpeg",768,576,true],"large":["https:\/\/portal.pi.gov.br\/seres\/wp-content\/uploads\/sites\/87\/2024\/03\/WhatsApp-Image-2024-03-06-at-09.02.19-1024x768.jpeg",887,665,true],"sgg-420":["https:\/\/portal.pi.gov.br\/seres\/wp-content\/uploads\/sites\/87\/2024\/03\/WhatsApp-Image-2024-03-06-at-09.02.19-420x315.jpeg",420,315,true],"sgg-540":["https:\/\/portal.pi.gov.br\/seres\/wp-content\/uploads\/sites\/87\/2024\/03\/WhatsApp-Image-2024-03-06-at-09.02.19-540x405.jpeg",540,405,true],"sgg-780":["https:\/\/portal.pi.gov.br\/seres\/wp-content\/uploads\/sites\/87\/2024\/03\/WhatsApp-Image-2024-03-06-at-09.02.19-780x585.jpeg",780,585,true],"1536x1536":["https:\/\/portal.pi.gov.br\/seres\/wp-content\/uploads\/sites\/87\/2024\/03\/WhatsApp-Image-2024-03-06-at-09.02.19-1536x1152.jpeg",1536,1152,true],"2048x2048":["https:\/\/portal.pi.gov.br\/seres\/wp-content\/uploads\/sites\/87\/2024\/03\/WhatsApp-Image-2024-03-06-at-09.02.19.jpeg",1600,1200,false],"homepage-slider":["https:\/\/portal.pi.gov.br\/seres\/wp-content\/uploads\/sites\/87\/2024\/03\/WhatsApp-Image-2024-03-06-at-09.02.19-1270x500.jpeg",1270,500,true],"homepage-slider-small":["https:\/\/portal.pi.gov.br\/seres\/wp-content\/uploads\/sites\/87\/2024\/03\/WhatsApp-Image-2024-03-06-at-09.02.19-947x500.jpeg",947,500,true],"page-top":["https:\/\/portal.pi.gov.br\/seres\/wp-content\/uploads\/sites\/87\/2024\/03\/WhatsApp-Image-2024-03-06-at-09.02.19-947x710.jpeg",947,710,true],"page-small":["https:\/\/portal.pi.gov.br\/seres\/wp-content\/uploads\/sites\/87\/2024\/03\/WhatsApp-Image-2024-03-06-at-09.02.19-624x468.jpeg",624,468,true],"loop-main":["https:\/\/portal.pi.gov.br\/seres\/wp-content\/uploads\/sites\/87\/2024\/03\/WhatsApp-Image-2024-03-06-at-09.02.19-365x240.jpeg",365,240,true],"thumb-gallery-widget":["https:\/\/portal.pi.gov.br\/seres\/wp-content\/uploads\/sites\/87\/2024\/03\/WhatsApp-Image-2024-03-06-at-09.02.19-84x56.jpeg",84,56,true]},"post_excerpt_stackable":"<p>O governador Rafael Fonteles inaugurou, nesta quarta-feira (6), mais uma obra do Or\u00e7amento Participativo &#8211; OPA 2024\/2025, desta vez no bairro Santa Cruz, em Teresina. A obra foi uma demanda da Associa\u00e7\u00e3o dos Moradores da Santa Cruz, escolhida em vota\u00e7\u00e3o popular. Ao todo, foram 22 ruas beneficiadas com 28.536,4 m\u00b2 de pavimenta\u00e7\u00e3o asf\u00e1ltica. A proposta foi aprovada com 781 votos e custou R$2.420.757,25 aos cofres p\u00fablicos. O recurso aplicado beneficia diretamente a popula\u00e7\u00e3o da regi\u00e3o facilitando a mobilidade urbana com mais conforto e seguran\u00e7a. O governador Rafael Fonteles destacou a import\u00e2ncia de se aproximar, cada vez mais, das comunidades. \u201cA&hellip;<\/p>\n","category_list":"<a href=\"https:\/\/portal.pi.gov.br\/seres\/category\/noticias\/\" rel=\"category tag\">Not\u00edcias<\/a>","author_info":{"name":"natalina","url":"https:\/\/portal.pi.gov.br\/seres\/author\/natalina\/"},"comments_num":"0 coment\u00e1rio","featured_image_urls_v2":{"full":["https:\/\/portal.pi.gov.br\/seres\/wp-content\/uploads\/sites\/87\/2024\/03\/WhatsApp-Image-2024-03-06-at-09.02.19.jpeg",1600,1200,false],"thumbnail":["https:\/\/portal.pi.gov.br\/seres\/wp-content\/uploads\/sites\/87\/2024\/03\/WhatsApp-Image-2024-03-06-at-09.02.19-150x150.jpeg",150,150,true],"medium":["https:\/\/portal.pi.gov.br\/seres\/wp-content\/uploads\/sites\/87\/2024\/03\/WhatsApp-Image-2024-03-06-at-09.02.19-300x225.jpeg",300,225,true],"medium_large":["https:\/\/portal.pi.gov.br\/seres\/wp-content\/uploads\/sites\/87\/2024\/03\/WhatsApp-Image-2024-03-06-at-09.02.19-768x576.jpeg",768,576,true],"large":["https:\/\/portal.pi.gov.br\/seres\/wp-content\/uploads\/sites\/87\/2024\/03\/WhatsApp-Image-2024-03-06-at-09.02.19-1024x768.jpeg",887,665,true],"sgg-420":["https:\/\/portal.pi.gov.br\/seres\/wp-content\/uploads\/sites\/87\/2024\/03\/WhatsApp-Image-2024-03-06-at-09.02.19-420x315.jpeg",420,315,true],"sgg-540":["https:\/\/portal.pi.gov.br\/seres\/wp-content\/uploads\/sites\/87\/2024\/03\/WhatsApp-Image-2024-03-06-at-09.02.19-540x405.jpeg",540,405,true],"sgg-780":["https:\/\/portal.pi.gov.br\/seres\/wp-content\/uploads\/sites\/87\/2024\/03\/WhatsApp-Image-2024-03-06-at-09.02.19-780x585.jpeg",780,585,true],"1536x1536":["https:\/\/portal.pi.gov.br\/seres\/wp-content\/uploads\/sites\/87\/2024\/03\/WhatsApp-Image-2024-03-06-at-09.02.19-1536x1152.jpeg",1536,1152,true],"2048x2048":["https:\/\/portal.pi.gov.br\/seres\/wp-content\/uploads\/sites\/87\/2024\/03\/WhatsApp-Image-2024-03-06-at-09.02.19.jpeg",1600,1200,false],"homepage-slider":["https:\/\/portal.pi.gov.br\/seres\/wp-content\/uploads\/sites\/87\/2024\/03\/WhatsApp-Image-2024-03-06-at-09.02.19-1270x500.jpeg",1270,500,true],"homepage-slider-small":["https:\/\/portal.pi.gov.br\/seres\/wp-content\/uploads\/sites\/87\/2024\/03\/WhatsApp-Image-2024-03-06-at-09.02.19-947x500.jpeg",947,500,true],"page-top":["https:\/\/portal.pi.gov.br\/seres\/wp-content\/uploads\/sites\/87\/2024\/03\/WhatsApp-Image-2024-03-06-at-09.02.19-947x710.jpeg",947,710,true],"page-small":["https:\/\/portal.pi.gov.br\/seres\/wp-content\/uploads\/sites\/87\/2024\/03\/WhatsApp-Image-2024-03-06-at-09.02.19-624x468.jpeg",624,468,true],"loop-main":["https:\/\/portal.pi.gov.br\/seres\/wp-content\/uploads\/sites\/87\/2024\/03\/WhatsApp-Image-2024-03-06-at-09.02.19-365x240.jpeg",365,240,true],"thumb-gallery-widget":["https:\/\/portal.pi.gov.br\/seres\/wp-content\/uploads\/sites\/87\/2024\/03\/WhatsApp-Image-2024-03-06-at-09.02.19-84x56.jpeg",84,56,true]},"post_excerpt_stackable_v2":"<p>O governador Rafael Fonteles inaugurou, nesta quarta-feira (6), mais uma obra do Or\u00e7amento Participativo &#8211; OPA 2024\/2025, desta vez no bairro Santa Cruz, em Teresina. A obra foi uma demanda da Associa\u00e7\u00e3o dos Moradores da Santa Cruz, escolhida em vota\u00e7\u00e3o popular. Ao todo, foram 22 ruas beneficiadas com 28.536,4 m\u00b2 de pavimenta\u00e7\u00e3o asf\u00e1ltica. A proposta foi aprovada com 781 votos e custou R$2.420.757,25 aos cofres p\u00fablicos. O recurso aplicado beneficia diretamente a popula\u00e7\u00e3o da regi\u00e3o facilitando a mobilidade urbana com mais conforto e seguran\u00e7a. O governador Rafael Fonteles destacou a import\u00e2ncia de se aproximar, cada vez mais, das comunidades. \u201cA&hellip;<\/p>\n","category_list_v2":"<a href=\"https:\/\/portal.pi.gov.br\/seres\/category\/noticias\/\" rel=\"category tag\">Not\u00edcias<\/a>","author_info_v2":{"name":"natalina","url":"https:\/\/portal.pi.gov.br\/seres\/author\/natalina\/"},"comments_num_v2":"0 coment\u00e1rio","jetpack_featured_media_url":"https:\/\/portal.pi.gov.br\/seres\/wp-content\/uploads\/sites\/87\/2024\/03\/WhatsApp-Image-2024-03-06-at-09.02.19.jpeg","_links":{"self":[{"href":"https:\/\/portal.pi.gov.br\/seres\/wp-json\/wp\/v2\/posts\/2181"}],"collection":[{"href":"https:\/\/portal.pi.gov.br\/seres\/wp-json\/wp\/v2\/posts"}],"about":[{"href":"https:\/\/portal.pi.gov.br\/seres\/wp-json\/wp\/v2\/types\/post"}],"author":[{"embeddable":true,"href":"https:\/\/portal.pi.gov.br\/seres\/wp-json\/wp\/v2\/users\/1748"}],"replies":[{"embeddable":true,"href":"https:\/\/portal.pi.gov.br\/seres\/wp-json\/wp\/v2\/comments?post=2181"}],"version-history":[{"count":7,"href":"https:\/\/portal.pi.gov.br\/seres\/wp-json\/wp\/v2\/posts\/2181\/revisions"}],"predecessor-version":[{"id":2198,"href":"https:\/\/portal.pi.gov.br\/seres\/wp-json\/wp\/v2\/posts\/2181\/revisions\/2198"}],"wp:featuredmedia":[{"embeddable":true,"href":"https:\/\/portal.pi.gov.br\/seres\/wp-json\/wp\/v2\/media\/2187"}],"wp:attachment":[{"href":"https:\/\/portal.pi.gov.br\/seres\/wp-json\/wp\/v2\/media?parent=2181"}],"wp:term":[{"taxonomy":"category","embeddable":true,"href":"https:\/\/portal.pi.gov.br\/seres\/wp-json\/wp\/v2\/categories?post=2181"},{"taxonomy":"post_tag","embeddable":true,"href":"https:\/\/portal.pi.gov.br\/seres\/wp-json\/wp\/v2\/tags?post=2181"}],"curies":[{"name":"wp","href":"https:\/\/api.w.org\/{rel}","templated":true}]}}