{"id":2199,"date":"2024-03-08T20:53:10","date_gmt":"2024-03-08T23:53:10","guid":{"rendered":"https:\/\/portal.pi.gov.br\/seres\/?p=2199"},"modified":"2024-03-08T20:53:11","modified_gmt":"2024-03-08T23:53:11","slug":"seres-recebe-o-selo-pro-equidade-em-solenidade-alusiva-ao-dia-internacional-da-mulher","status":"publish","type":"post","link":"https:\/\/portal.pi.gov.br\/seres\/2024\/03\/08\/seres-recebe-o-selo-pro-equidade-em-solenidade-alusiva-ao-dia-internacional-da-mulher\/","title":{"rendered":"Seres recebe o Selo Pr\u00f3-equidade em solenidade alusiva ao Dia Internacional da Mulher"},"content":{"rendered":"\n<p>Na solenidade alusiva ao Dia Internacional da Mulher, realizada nesta sexta-feira (8), no Pal\u00e1cio de Karnak, N\u00fabia Lopes, secret\u00e1ria de Estado das Rela\u00e7\u00f5es Sociais (Seres), recebeu do governador Rafael Fonteles e da secret\u00e1ria de Estado das Mulheres (Sempi), Zenaide Lustosa, o selo do Programa Estadual Pr\u00f3-Equidade de G\u00eanero, Ra\u00e7a e Diversidade 2023 pelo trabalho desenvolvido durante todo o ano na Seres em prol da igualdade e do respeito, contra o preconceito e a discrimina\u00e7\u00e3o.<\/p>\n\n\n<div class=\"wp-block-image\">\n<figure class=\"aligncenter size-large is-resized\"><img decoding=\"async\" loading=\"lazy\" src=\"https:\/\/portal.pi.gov.br\/seres\/wp-content\/uploads\/sites\/87\/2024\/03\/WhatsApp-Image-2024-03-08-at-12.46.53-1024x683.jpeg\" alt=\"\" class=\"wp-image-2202\" width=\"524\" height=\"349\" srcset=\"https:\/\/portal.pi.gov.br\/seres\/wp-content\/uploads\/sites\/87\/2024\/03\/WhatsApp-Image-2024-03-08-at-12.46.53-1024x683.jpeg 1024w, https:\/\/portal.pi.gov.br\/seres\/wp-content\/uploads\/sites\/87\/2024\/03\/WhatsApp-Image-2024-03-08-at-12.46.53-300x200.jpeg 300w, https:\/\/portal.pi.gov.br\/seres\/wp-content\/uploads\/sites\/87\/2024\/03\/WhatsApp-Image-2024-03-08-at-12.46.53-768x512.jpeg 768w, https:\/\/portal.pi.gov.br\/seres\/wp-content\/uploads\/sites\/87\/2024\/03\/WhatsApp-Image-2024-03-08-at-12.46.53-420x280.jpeg 420w, https:\/\/portal.pi.gov.br\/seres\/wp-content\/uploads\/sites\/87\/2024\/03\/WhatsApp-Image-2024-03-08-at-12.46.53-540x360.jpeg 540w, https:\/\/portal.pi.gov.br\/seres\/wp-content\/uploads\/sites\/87\/2024\/03\/WhatsApp-Image-2024-03-08-at-12.46.53-780x520.jpeg 780w, https:\/\/portal.pi.gov.br\/seres\/wp-content\/uploads\/sites\/87\/2024\/03\/WhatsApp-Image-2024-03-08-at-12.46.53-1536x1024.jpeg 1536w, https:\/\/portal.pi.gov.br\/seres\/wp-content\/uploads\/sites\/87\/2024\/03\/WhatsApp-Image-2024-03-08-at-12.46.53-2048x1366.jpeg 2048w, https:\/\/portal.pi.gov.br\/seres\/wp-content\/uploads\/sites\/87\/2024\/03\/WhatsApp-Image-2024-03-08-at-12.46.53-947x631.jpeg 947w, https:\/\/portal.pi.gov.br\/seres\/wp-content\/uploads\/sites\/87\/2024\/03\/WhatsApp-Image-2024-03-08-at-12.46.53-624x416.jpeg 624w, https:\/\/portal.pi.gov.br\/seres\/wp-content\/uploads\/sites\/87\/2024\/03\/WhatsApp-Image-2024-03-08-at-12.46.53-84x56.jpeg 84w\" sizes=\"(max-width: 524px) 100vw, 524px\" \/><\/figure><\/div>\n\n\n<p>Segundo a secret\u00e1ria, o Comit\u00ea Gestor do Programa Pr\u00f3-equidade da Seres desenvolveu in\u00fameras a\u00e7\u00f5es e campanhas em 2023. &#8220;Nosso Comit\u00ea est\u00e1 sempre sugerindo novas atividades para que consigamos erradicar qualquer tipo de preconceito na secretaria e para que nossos servidores sejam agentes na propaga\u00e7\u00e3o das mudan\u00e7as de comportamento na sociedade. Temos a obriga\u00e7\u00e3o social de combater qualquer desigualdade existente no ambiente de trabalho e este selo \u00e9 um reconhecimento para nossa equipe&#8221;, destacou N\u00fabia Lopes.<\/p>\n\n\n<div class=\"wp-block-image\">\n<figure class=\"aligncenter size-large is-resized\"><img decoding=\"async\" loading=\"lazy\" src=\"https:\/\/portal.pi.gov.br\/seres\/wp-content\/uploads\/sites\/87\/2024\/03\/WhatsApp-Image-2024-03-08-at-10.52.16-1024x768.jpeg\" alt=\"\" class=\"wp-image-2201\" width=\"536\" height=\"402\" srcset=\"https:\/\/portal.pi.gov.br\/seres\/wp-content\/uploads\/sites\/87\/2024\/03\/WhatsApp-Image-2024-03-08-at-10.52.16-1024x768.jpeg 1024w, https:\/\/portal.pi.gov.br\/seres\/wp-content\/uploads\/sites\/87\/2024\/03\/WhatsApp-Image-2024-03-08-at-10.52.16-300x225.jpeg 300w, https:\/\/portal.pi.gov.br\/seres\/wp-content\/uploads\/sites\/87\/2024\/03\/WhatsApp-Image-2024-03-08-at-10.52.16-768x576.jpeg 768w, https:\/\/portal.pi.gov.br\/seres\/wp-content\/uploads\/sites\/87\/2024\/03\/WhatsApp-Image-2024-03-08-at-10.52.16-420x315.jpeg 420w, https:\/\/portal.pi.gov.br\/seres\/wp-content\/uploads\/sites\/87\/2024\/03\/WhatsApp-Image-2024-03-08-at-10.52.16-540x405.jpeg 540w, https:\/\/portal.pi.gov.br\/seres\/wp-content\/uploads\/sites\/87\/2024\/03\/WhatsApp-Image-2024-03-08-at-10.52.16-780x585.jpeg 780w, https:\/\/portal.pi.gov.br\/seres\/wp-content\/uploads\/sites\/87\/2024\/03\/WhatsApp-Image-2024-03-08-at-10.52.16-1536x1152.jpeg 1536w, https:\/\/portal.pi.gov.br\/seres\/wp-content\/uploads\/sites\/87\/2024\/03\/WhatsApp-Image-2024-03-08-at-10.52.16-2048x1536.jpeg 2048w, https:\/\/portal.pi.gov.br\/seres\/wp-content\/uploads\/sites\/87\/2024\/03\/WhatsApp-Image-2024-03-08-at-10.52.16-947x710.jpeg 947w, https:\/\/portal.pi.gov.br\/seres\/wp-content\/uploads\/sites\/87\/2024\/03\/WhatsApp-Image-2024-03-08-at-10.52.16-624x468.jpeg 624w\" sizes=\"(max-width: 536px) 100vw, 536px\" \/><\/figure><\/div>\n\n\n<p>As atividades desenvolvidas pelo Comit\u00ea abordaram diversos temas, entre eles, ass\u00e9dio moral e sexual no ambiente de trabalho, sa\u00fade mental, racismo institucional, viol\u00eancia contra a mulher e pol\u00edticas p\u00fablicas em prol da equidade, da diversidade e da inclus\u00e3o.<\/p>\n\n\n<div class=\"wp-block-image\">\n<figure class=\"aligncenter size-large is-resized\"><img decoding=\"async\" loading=\"lazy\" src=\"https:\/\/portal.pi.gov.br\/seres\/wp-content\/uploads\/sites\/87\/2024\/03\/WhatsApp-Image-2024-03-08-at-10.29.59-1024x768.jpeg\" alt=\"\" class=\"wp-image-2200\" width=\"536\" height=\"402\" srcset=\"https:\/\/portal.pi.gov.br\/seres\/wp-content\/uploads\/sites\/87\/2024\/03\/WhatsApp-Image-2024-03-08-at-10.29.59-1024x768.jpeg 1024w, https:\/\/portal.pi.gov.br\/seres\/wp-content\/uploads\/sites\/87\/2024\/03\/WhatsApp-Image-2024-03-08-at-10.29.59-300x225.jpeg 300w, https:\/\/portal.pi.gov.br\/seres\/wp-content\/uploads\/sites\/87\/2024\/03\/WhatsApp-Image-2024-03-08-at-10.29.59-768x576.jpeg 768w, https:\/\/portal.pi.gov.br\/seres\/wp-content\/uploads\/sites\/87\/2024\/03\/WhatsApp-Image-2024-03-08-at-10.29.59-420x315.jpeg 420w, https:\/\/portal.pi.gov.br\/seres\/wp-content\/uploads\/sites\/87\/2024\/03\/WhatsApp-Image-2024-03-08-at-10.29.59-540x405.jpeg 540w, https:\/\/portal.pi.gov.br\/seres\/wp-content\/uploads\/sites\/87\/2024\/03\/WhatsApp-Image-2024-03-08-at-10.29.59-780x585.jpeg 780w, https:\/\/portal.pi.gov.br\/seres\/wp-content\/uploads\/sites\/87\/2024\/03\/WhatsApp-Image-2024-03-08-at-10.29.59-1536x1152.jpeg 1536w, https:\/\/portal.pi.gov.br\/seres\/wp-content\/uploads\/sites\/87\/2024\/03\/WhatsApp-Image-2024-03-08-at-10.29.59-947x710.jpeg 947w, https:\/\/portal.pi.gov.br\/seres\/wp-content\/uploads\/sites\/87\/2024\/03\/WhatsApp-Image-2024-03-08-at-10.29.59-624x468.jpeg 624w, https:\/\/portal.pi.gov.br\/seres\/wp-content\/uploads\/sites\/87\/2024\/03\/WhatsApp-Image-2024-03-08-at-10.29.59.jpeg 1600w\" sizes=\"(max-width: 536px) 100vw, 536px\" \/><\/figure><\/div>\n\n\n<p>Al\u00e9m da SERES, outros sete \u00f3rg\u00e3os do Estado receberam o Selo Pr\u00f3-equidade: SAF, SEGOV, OGE, CENDFOL, FAPEPI, SEPLAN e SEDEC em reconhecimento do esfor\u00e7o coletivo em promover ambientes de trabalho mais inclusivos e igualit\u00e1rios.<\/p>\n\n\n\n<p>Ainda em alus\u00e3o ao Dia Internacional da Mulher, o Governo do Estado lan\u00e7ou a 4\u00aa edi\u00e7\u00e3o do programa Pr\u00f3-Equidade de G\u00eanero, Ra\u00e7a e Diversidade. A a\u00e7\u00e3o visa promover a igualdade de g\u00eanero, ra\u00e7a e diversidade no que diz respeito \u00e0s rela\u00e7\u00f5es formais de trabalho e \u00e0 ocupa\u00e7\u00e3o de cargos de dire\u00e7\u00e3o.<\/p>\n","protected":false},"excerpt":{"rendered":"<p>Na solenidade alusiva ao Dia Internacional da Mulher, realizada nesta sexta-feira (8), no Pal\u00e1cio de Karnak, N\u00fabia Lopes, secret\u00e1ria de Estado das Rela\u00e7\u00f5es Sociais (Seres), recebeu do governador Rafael Fonteles [&hellip;]<\/p>\n","protected":false},"author":1748,"featured_media":2201,"comment_status":"closed","ping_status":"closed","sticky":false,"template":"","format":"standard","meta":[],"categories":[34],"tags":[41],"featured_image_urls":{"full":["https:\/\/portal.pi.gov.br\/seres\/wp-content\/uploads\/sites\/87\/2024\/03\/WhatsApp-Image-2024-03-08-at-10.52.16-scaled.jpeg",2560,1920,false],"thumbnail":["https:\/\/portal.pi.gov.br\/seres\/wp-content\/uploads\/sites\/87\/2024\/03\/WhatsApp-Image-2024-03-08-at-10.52.16-150x150.jpeg",150,150,true],"medium":["https:\/\/portal.pi.gov.br\/seres\/wp-content\/uploads\/sites\/87\/2024\/03\/WhatsApp-Image-2024-03-08-at-10.52.16-300x225.jpeg",300,225,true],"medium_large":["https:\/\/portal.pi.gov.br\/seres\/wp-content\/uploads\/sites\/87\/2024\/03\/WhatsApp-Image-2024-03-08-at-10.52.16-768x576.jpeg",768,576,true],"large":["https:\/\/portal.pi.gov.br\/seres\/wp-content\/uploads\/sites\/87\/2024\/03\/WhatsApp-Image-2024-03-08-at-10.52.16-1024x768.jpeg",887,665,true],"sgg-420":["https:\/\/portal.pi.gov.br\/seres\/wp-content\/uploads\/sites\/87\/2024\/03\/WhatsApp-Image-2024-03-08-at-10.52.16-420x315.jpeg",420,315,true],"sgg-540":["https:\/\/portal.pi.gov.br\/seres\/wp-content\/uploads\/sites\/87\/2024\/03\/WhatsApp-Image-2024-03-08-at-10.52.16-540x405.jpeg",540,405,true],"sgg-780":["https:\/\/portal.pi.gov.br\/seres\/wp-content\/uploads\/sites\/87\/2024\/03\/WhatsApp-Image-2024-03-08-at-10.52.16-780x585.jpeg",780,585,true],"1536x1536":["https:\/\/portal.pi.gov.br\/seres\/wp-content\/uploads\/sites\/87\/2024\/03\/WhatsApp-Image-2024-03-08-at-10.52.16-1536x1152.jpeg",1536,1152,true],"2048x2048":["https:\/\/portal.pi.gov.br\/seres\/wp-content\/uploads\/sites\/87\/2024\/03\/WhatsApp-Image-2024-03-08-at-10.52.16-2048x1536.jpeg",2048,1536,true],"homepage-slider":["https:\/\/portal.pi.gov.br\/seres\/wp-content\/uploads\/sites\/87\/2024\/03\/WhatsApp-Image-2024-03-08-at-10.52.16-1270x500.jpeg",1270,500,true],"homepage-slider-small":["https:\/\/portal.pi.gov.br\/seres\/wp-content\/uploads\/sites\/87\/2024\/03\/WhatsApp-Image-2024-03-08-at-10.52.16-947x500.jpeg",947,500,true],"page-top":["https:\/\/portal.pi.gov.br\/seres\/wp-content\/uploads\/sites\/87\/2024\/03\/WhatsApp-Image-2024-03-08-at-10.52.16-947x710.jpeg",947,710,true],"page-small":["https:\/\/portal.pi.gov.br\/seres\/wp-content\/uploads\/sites\/87\/2024\/03\/WhatsApp-Image-2024-03-08-at-10.52.16-624x468.jpeg",624,468,true],"loop-main":["https:\/\/portal.pi.gov.br\/seres\/wp-content\/uploads\/sites\/87\/2024\/03\/WhatsApp-Image-2024-03-08-at-10.52.16-365x240.jpeg",365,240,true],"thumb-gallery-widget":["https:\/\/portal.pi.gov.br\/seres\/wp-content\/uploads\/sites\/87\/2024\/03\/WhatsApp-Image-2024-03-08-at-10.52.16-84x56.jpeg",84,56,true]},"post_excerpt_stackable":"<p>Na solenidade alusiva ao Dia Internacional da Mulher, realizada nesta sexta-feira (8), no Pal\u00e1cio de Karnak, N\u00fabia Lopes, secret\u00e1ria de Estado das Rela\u00e7\u00f5es Sociais (Seres), recebeu do governador Rafael Fonteles e da secret\u00e1ria de Estado das Mulheres (Sempi), Zenaide Lustosa, o selo do Programa Estadual Pr\u00f3-Equidade de G\u00eanero, Ra\u00e7a e Diversidade 2023 pelo trabalho desenvolvido durante todo o ano na Seres em prol da igualdade e do respeito, contra o preconceito e a discrimina\u00e7\u00e3o. Segundo a secret\u00e1ria, o Comit\u00ea Gestor do Programa Pr\u00f3-equidade da Seres desenvolveu in\u00fameras a\u00e7\u00f5es e campanhas em 2023. &#8220;Nosso Comit\u00ea est\u00e1 sempre sugerindo novas atividades para&hellip;<\/p>\n","category_list":"<a href=\"https:\/\/portal.pi.gov.br\/seres\/category\/noticias\/\" rel=\"category tag\">Not\u00edcias<\/a>","author_info":{"name":"natalina","url":"https:\/\/portal.pi.gov.br\/seres\/author\/natalina\/"},"comments_num":"0 coment\u00e1rio","featured_image_urls_v2":{"full":["https:\/\/portal.pi.gov.br\/seres\/wp-content\/uploads\/sites\/87\/2024\/03\/WhatsApp-Image-2024-03-08-at-10.52.16-scaled.jpeg",2560,1920,false],"thumbnail":["https:\/\/portal.pi.gov.br\/seres\/wp-content\/uploads\/sites\/87\/2024\/03\/WhatsApp-Image-2024-03-08-at-10.52.16-150x150.jpeg",150,150,true],"medium":["https:\/\/portal.pi.gov.br\/seres\/wp-content\/uploads\/sites\/87\/2024\/03\/WhatsApp-Image-2024-03-08-at-10.52.16-300x225.jpeg",300,225,true],"medium_large":["https:\/\/portal.pi.gov.br\/seres\/wp-content\/uploads\/sites\/87\/2024\/03\/WhatsApp-Image-2024-03-08-at-10.52.16-768x576.jpeg",768,576,true],"large":["https:\/\/portal.pi.gov.br\/seres\/wp-content\/uploads\/sites\/87\/2024\/03\/WhatsApp-Image-2024-03-08-at-10.52.16-1024x768.jpeg",887,665,true],"sgg-420":["https:\/\/portal.pi.gov.br\/seres\/wp-content\/uploads\/sites\/87\/2024\/03\/WhatsApp-Image-2024-03-08-at-10.52.16-420x315.jpeg",420,315,true],"sgg-540":["https:\/\/portal.pi.gov.br\/seres\/wp-content\/uploads\/sites\/87\/2024\/03\/WhatsApp-Image-2024-03-08-at-10.52.16-540x405.jpeg",540,405,true],"sgg-780":["https:\/\/portal.pi.gov.br\/seres\/wp-content\/uploads\/sites\/87\/2024\/03\/WhatsApp-Image-2024-03-08-at-10.52.16-780x585.jpeg",780,585,true],"1536x1536":["https:\/\/portal.pi.gov.br\/seres\/wp-content\/uploads\/sites\/87\/2024\/03\/WhatsApp-Image-2024-03-08-at-10.52.16-1536x1152.jpeg",1536,1152,true],"2048x2048":["https:\/\/portal.pi.gov.br\/seres\/wp-content\/uploads\/sites\/87\/2024\/03\/WhatsApp-Image-2024-03-08-at-10.52.16-2048x1536.jpeg",2048,1536,true],"homepage-slider":["https:\/\/portal.pi.gov.br\/seres\/wp-content\/uploads\/sites\/87\/2024\/03\/WhatsApp-Image-2024-03-08-at-10.52.16-1270x500.jpeg",1270,500,true],"homepage-slider-small":["https:\/\/portal.pi.gov.br\/seres\/wp-content\/uploads\/sites\/87\/2024\/03\/WhatsApp-Image-2024-03-08-at-10.52.16-947x500.jpeg",947,500,true],"page-top":["https:\/\/portal.pi.gov.br\/seres\/wp-content\/uploads\/sites\/87\/2024\/03\/WhatsApp-Image-2024-03-08-at-10.52.16-947x710.jpeg",947,710,true],"page-small":["https:\/\/portal.pi.gov.br\/seres\/wp-content\/uploads\/sites\/87\/2024\/03\/WhatsApp-Image-2024-03-08-at-10.52.16-624x468.jpeg",624,468,true],"loop-main":["https:\/\/portal.pi.gov.br\/seres\/wp-content\/uploads\/sites\/87\/2024\/03\/WhatsApp-Image-2024-03-08-at-10.52.16-365x240.jpeg",365,240,true],"thumb-gallery-widget":["https:\/\/portal.pi.gov.br\/seres\/wp-content\/uploads\/sites\/87\/2024\/03\/WhatsApp-Image-2024-03-08-at-10.52.16-84x56.jpeg",84,56,true]},"post_excerpt_stackable_v2":"<p>Na solenidade alusiva ao Dia Internacional da Mulher, realizada nesta sexta-feira (8), no Pal\u00e1cio de Karnak, N\u00fabia Lopes, secret\u00e1ria de Estado das Rela\u00e7\u00f5es Sociais (Seres), recebeu do governador Rafael Fonteles e da secret\u00e1ria de Estado das Mulheres (Sempi), Zenaide Lustosa, o selo do Programa Estadual Pr\u00f3-Equidade de G\u00eanero, Ra\u00e7a e Diversidade 2023 pelo trabalho desenvolvido durante todo o ano na Seres em prol da igualdade e do respeito, contra o preconceito e a discrimina\u00e7\u00e3o. Segundo a secret\u00e1ria, o Comit\u00ea Gestor do Programa Pr\u00f3-equidade da Seres desenvolveu in\u00fameras a\u00e7\u00f5es e campanhas em 2023. &#8220;Nosso Comit\u00ea est\u00e1 sempre sugerindo novas atividades para&hellip;<\/p>\n","category_list_v2":"<a href=\"https:\/\/portal.pi.gov.br\/seres\/category\/noticias\/\" rel=\"category tag\">Not\u00edcias<\/a>","author_info_v2":{"name":"natalina","url":"https:\/\/portal.pi.gov.br\/seres\/author\/natalina\/"},"comments_num_v2":"0 coment\u00e1rio","jetpack_featured_media_url":"https:\/\/portal.pi.gov.br\/seres\/wp-content\/uploads\/sites\/87\/2024\/03\/WhatsApp-Image-2024-03-08-at-10.52.16-scaled.jpeg","_links":{"self":[{"href":"https:\/\/portal.pi.gov.br\/seres\/wp-json\/wp\/v2\/posts\/2199"}],"collection":[{"href":"https:\/\/portal.pi.gov.br\/seres\/wp-json\/wp\/v2\/posts"}],"about":[{"href":"https:\/\/portal.pi.gov.br\/seres\/wp-json\/wp\/v2\/types\/post"}],"author":[{"embeddable":true,"href":"https:\/\/portal.pi.gov.br\/seres\/wp-json\/wp\/v2\/users\/1748"}],"replies":[{"embeddable":true,"href":"https:\/\/portal.pi.gov.br\/seres\/wp-json\/wp\/v2\/comments?post=2199"}],"version-history":[{"count":1,"href":"https:\/\/portal.pi.gov.br\/seres\/wp-json\/wp\/v2\/posts\/2199\/revisions"}],"predecessor-version":[{"id":2203,"href":"https:\/\/portal.pi.gov.br\/seres\/wp-json\/wp\/v2\/posts\/2199\/revisions\/2203"}],"wp:featuredmedia":[{"embeddable":true,"href":"https:\/\/portal.pi.gov.br\/seres\/wp-json\/wp\/v2\/media\/2201"}],"wp:attachment":[{"href":"https:\/\/portal.pi.gov.br\/seres\/wp-json\/wp\/v2\/media?parent=2199"}],"wp:term":[{"taxonomy":"category","embeddable":true,"href":"https:\/\/portal.pi.gov.br\/seres\/wp-json\/wp\/v2\/categories?post=2199"},{"taxonomy":"post_tag","embeddable":true,"href":"https:\/\/portal.pi.gov.br\/seres\/wp-json\/wp\/v2\/tags?post=2199"}],"curies":[{"name":"wp","href":"https:\/\/api.w.org\/{rel}","templated":true}]}}