{"id":2204,"date":"2024-03-15T19:50:05","date_gmt":"2024-03-15T22:50:05","guid":{"rendered":"https:\/\/portal.pi.gov.br\/seres\/?p=2204"},"modified":"2024-03-15T19:58:54","modified_gmt":"2024-03-15T22:58:54","slug":"seres-e-seplan-realizam-plenaria-do-opa-em-teresina","status":"publish","type":"post","link":"https:\/\/portal.pi.gov.br\/seres\/2024\/03\/15\/seres-e-seplan-realizam-plenaria-do-opa-em-teresina\/","title":{"rendered":"Seres e Seplan realizam Plen\u00e1ria do OPA em Teresina"},"content":{"rendered":"\n<p>As secretarias das Rela\u00e7\u00f5es Sociais (Seres) e do Planejamento (Seplan) realizaram, na tarde desta nesta sexta-feira (15), no audit\u00f3rio da secretaria Estadual da Cultura, reuni\u00e3o com lideran\u00e7as e representantes das associa\u00e7\u00f5es comunit\u00e1rias para falar sobre o Or\u00e7amento Participativo (OPA) 2024-2025.<\/p>\n\n\n<div class=\"wp-block-image\">\n<figure class=\"aligncenter size-large is-resized\"><img decoding=\"async\" loading=\"lazy\" src=\"https:\/\/portal.pi.gov.br\/seres\/wp-content\/uploads\/sites\/87\/2024\/03\/WhatsApp-Image-2024-03-15-at-17.33.35-1024x768.jpeg\" alt=\"\" class=\"wp-image-2207\" width=\"485\" height=\"364\" srcset=\"https:\/\/portal.pi.gov.br\/seres\/wp-content\/uploads\/sites\/87\/2024\/03\/WhatsApp-Image-2024-03-15-at-17.33.35-1024x768.jpeg 1024w, https:\/\/portal.pi.gov.br\/seres\/wp-content\/uploads\/sites\/87\/2024\/03\/WhatsApp-Image-2024-03-15-at-17.33.35-300x225.jpeg 300w, https:\/\/portal.pi.gov.br\/seres\/wp-content\/uploads\/sites\/87\/2024\/03\/WhatsApp-Image-2024-03-15-at-17.33.35-768x576.jpeg 768w, https:\/\/portal.pi.gov.br\/seres\/wp-content\/uploads\/sites\/87\/2024\/03\/WhatsApp-Image-2024-03-15-at-17.33.35-420x315.jpeg 420w, https:\/\/portal.pi.gov.br\/seres\/wp-content\/uploads\/sites\/87\/2024\/03\/WhatsApp-Image-2024-03-15-at-17.33.35-540x405.jpeg 540w, https:\/\/portal.pi.gov.br\/seres\/wp-content\/uploads\/sites\/87\/2024\/03\/WhatsApp-Image-2024-03-15-at-17.33.35-780x585.jpeg 780w, https:\/\/portal.pi.gov.br\/seres\/wp-content\/uploads\/sites\/87\/2024\/03\/WhatsApp-Image-2024-03-15-at-17.33.35-1536x1152.jpeg 1536w, https:\/\/portal.pi.gov.br\/seres\/wp-content\/uploads\/sites\/87\/2024\/03\/WhatsApp-Image-2024-03-15-at-17.33.35-2048x1536.jpeg 2048w, https:\/\/portal.pi.gov.br\/seres\/wp-content\/uploads\/sites\/87\/2024\/03\/WhatsApp-Image-2024-03-15-at-17.33.35-947x710.jpeg 947w, https:\/\/portal.pi.gov.br\/seres\/wp-content\/uploads\/sites\/87\/2024\/03\/WhatsApp-Image-2024-03-15-at-17.33.35-624x468.jpeg 624w\" sizes=\"(max-width: 485px) 100vw, 485px\" \/><\/figure><\/div>\n\n\n<p>Segundo a secret\u00e1ria das Rela\u00e7\u00f5es Sociais, N\u00fabia Lopes, atrav\u00e9s do OPA, a popula\u00e7\u00e3o apresenta propostas com as principais necessidade para as suas comunidades, participando diretamente na escolha de implanta\u00e7\u00e3o de servi\u00e7os e de obras a serem executadas no local. \u00a0&#8220;Um importante recurso para a participa\u00e7\u00e3o popular no direcionamento das necessidades de cada regi\u00e3o que proporciona uma gest\u00e3o integrada e eficaz do poder p\u00fablico com a popula\u00e7\u00e3o&#8221;, explicou.<\/p>\n\n\n<div class=\"wp-block-image\">\n<figure class=\"aligncenter size-large is-resized\"><img decoding=\"async\" loading=\"lazy\" src=\"https:\/\/portal.pi.gov.br\/seres\/wp-content\/uploads\/sites\/87\/2024\/03\/WhatsApp-Image-2024-03-15-at-17.34.45-1024x768.jpeg\" alt=\"\" class=\"wp-image-2205\" width=\"488\" height=\"366\" srcset=\"https:\/\/portal.pi.gov.br\/seres\/wp-content\/uploads\/sites\/87\/2024\/03\/WhatsApp-Image-2024-03-15-at-17.34.45-1024x768.jpeg 1024w, https:\/\/portal.pi.gov.br\/seres\/wp-content\/uploads\/sites\/87\/2024\/03\/WhatsApp-Image-2024-03-15-at-17.34.45-300x225.jpeg 300w, https:\/\/portal.pi.gov.br\/seres\/wp-content\/uploads\/sites\/87\/2024\/03\/WhatsApp-Image-2024-03-15-at-17.34.45-768x576.jpeg 768w, https:\/\/portal.pi.gov.br\/seres\/wp-content\/uploads\/sites\/87\/2024\/03\/WhatsApp-Image-2024-03-15-at-17.34.45-420x315.jpeg 420w, https:\/\/portal.pi.gov.br\/seres\/wp-content\/uploads\/sites\/87\/2024\/03\/WhatsApp-Image-2024-03-15-at-17.34.45-540x405.jpeg 540w, https:\/\/portal.pi.gov.br\/seres\/wp-content\/uploads\/sites\/87\/2024\/03\/WhatsApp-Image-2024-03-15-at-17.34.45-780x585.jpeg 780w, https:\/\/portal.pi.gov.br\/seres\/wp-content\/uploads\/sites\/87\/2024\/03\/WhatsApp-Image-2024-03-15-at-17.34.45-1536x1152.jpeg 1536w, https:\/\/portal.pi.gov.br\/seres\/wp-content\/uploads\/sites\/87\/2024\/03\/WhatsApp-Image-2024-03-15-at-17.34.45-2048x1536.jpeg 2048w, https:\/\/portal.pi.gov.br\/seres\/wp-content\/uploads\/sites\/87\/2024\/03\/WhatsApp-Image-2024-03-15-at-17.34.45-947x710.jpeg 947w, https:\/\/portal.pi.gov.br\/seres\/wp-content\/uploads\/sites\/87\/2024\/03\/WhatsApp-Image-2024-03-15-at-17.34.45-624x468.jpeg 624w\" sizes=\"(max-width: 488px) 100vw, 488px\" \/><\/figure><\/div>\n\n\n<p><br>Durante toda a tarde, uma equipe do OPA ficou na Galeria do Clube dos Di\u00e1rios para prestar informa\u00e7\u00f5es e cadastrar as Associa\u00e7\u00f5es que estavam no local. &#8220;O cadastramento das entidades e propostas segue at\u00e9 27 de mar\u00e7o. A escolha das obras, diretamente pela popula\u00e7\u00e3o, atrav\u00e9s do voto, ser\u00e1 de 7 a 17 de junho&#8221;, lembrou a secret\u00e1ria.<\/p>\n\n\n\n<p> As inscri\u00e7\u00f5es est\u00e3o sendo realizadas atrav\u00e9s do site oficial do OPA, do aplicativo Colab e tamb\u00e9m pelo WhatsApp, al\u00e9m dos pontos f\u00edsicos que ser\u00e3o disponibilizados para atendimento e esclarecimento de d\u00favidas. Em Teresina, h\u00e1 atendimento presencial na sede da secretaria do Planejamento, de segunda a sexta-feira, de 7:30 \u00e0s 16 horas.<\/p>\n\n\n<div class=\"wp-block-image\">\n<figure class=\"aligncenter size-large is-resized\"><img decoding=\"async\" loading=\"lazy\" src=\"https:\/\/portal.pi.gov.br\/seres\/wp-content\/uploads\/sites\/87\/2024\/03\/WhatsApp-Image-2024-03-15-at-18.19.19-1024x768.jpeg\" alt=\"\" class=\"wp-image-2206\" width=\"495\" height=\"371\" srcset=\"https:\/\/portal.pi.gov.br\/seres\/wp-content\/uploads\/sites\/87\/2024\/03\/WhatsApp-Image-2024-03-15-at-18.19.19-1024x768.jpeg 1024w, https:\/\/portal.pi.gov.br\/seres\/wp-content\/uploads\/sites\/87\/2024\/03\/WhatsApp-Image-2024-03-15-at-18.19.19-300x225.jpeg 300w, https:\/\/portal.pi.gov.br\/seres\/wp-content\/uploads\/sites\/87\/2024\/03\/WhatsApp-Image-2024-03-15-at-18.19.19-768x576.jpeg 768w, https:\/\/portal.pi.gov.br\/seres\/wp-content\/uploads\/sites\/87\/2024\/03\/WhatsApp-Image-2024-03-15-at-18.19.19-420x315.jpeg 420w, https:\/\/portal.pi.gov.br\/seres\/wp-content\/uploads\/sites\/87\/2024\/03\/WhatsApp-Image-2024-03-15-at-18.19.19-540x405.jpeg 540w, https:\/\/portal.pi.gov.br\/seres\/wp-content\/uploads\/sites\/87\/2024\/03\/WhatsApp-Image-2024-03-15-at-18.19.19-780x585.jpeg 780w, https:\/\/portal.pi.gov.br\/seres\/wp-content\/uploads\/sites\/87\/2024\/03\/WhatsApp-Image-2024-03-15-at-18.19.19-947x710.jpeg 947w, https:\/\/portal.pi.gov.br\/seres\/wp-content\/uploads\/sites\/87\/2024\/03\/WhatsApp-Image-2024-03-15-at-18.19.19-624x468.jpeg 624w, https:\/\/portal.pi.gov.br\/seres\/wp-content\/uploads\/sites\/87\/2024\/03\/WhatsApp-Image-2024-03-15-at-18.19.19.jpeg 1280w\" sizes=\"(max-width: 495px) 100vw, 495px\" \/><\/figure><\/div>\n\n\n<p>O OPA \u00e9 um programa de participa\u00e7\u00e3o popular nas tomadas de decis\u00f5es do governo sobre investimento de recursos, o primeiro instrumento de inser\u00e7\u00e3o da popula\u00e7\u00e3o no or\u00e7amento p\u00fablico anual. Em 2023 contemplou Teresina e Parna\u00edba e este ano foi expandido para Floriano, Picos e Piripiri, munic\u00edpios que t\u00eam mais de 50 mil habitantes.\u00a0<\/p>\n","protected":false},"excerpt":{"rendered":"<p>As secretarias das Rela\u00e7\u00f5es Sociais (Seres) e do Planejamento (Seplan) realizaram, na tarde desta nesta sexta-feira (15), no audit\u00f3rio da secretaria Estadual da Cultura, reuni\u00e3o com lideran\u00e7as e representantes das [&hellip;]<\/p>\n","protected":false},"author":1748,"featured_media":2207,"comment_status":"closed","ping_status":"closed","sticky":false,"template":"","format":"standard","meta":[],"categories":[34],"tags":[62,47,41],"featured_image_urls":{"full":["https:\/\/portal.pi.gov.br\/seres\/wp-content\/uploads\/sites\/87\/2024\/03\/WhatsApp-Image-2024-03-15-at-17.33.35-scaled.jpeg",2560,1920,false],"thumbnail":["https:\/\/portal.pi.gov.br\/seres\/wp-content\/uploads\/sites\/87\/2024\/03\/WhatsApp-Image-2024-03-15-at-17.33.35-150x150.jpeg",150,150,true],"medium":["https:\/\/portal.pi.gov.br\/seres\/wp-content\/uploads\/sites\/87\/2024\/03\/WhatsApp-Image-2024-03-15-at-17.33.35-300x225.jpeg",300,225,true],"medium_large":["https:\/\/portal.pi.gov.br\/seres\/wp-content\/uploads\/sites\/87\/2024\/03\/WhatsApp-Image-2024-03-15-at-17.33.35-768x576.jpeg",768,576,true],"large":["https:\/\/portal.pi.gov.br\/seres\/wp-content\/uploads\/sites\/87\/2024\/03\/WhatsApp-Image-2024-03-15-at-17.33.35-1024x768.jpeg",887,665,true],"sgg-420":["https:\/\/portal.pi.gov.br\/seres\/wp-content\/uploads\/sites\/87\/2024\/03\/WhatsApp-Image-2024-03-15-at-17.33.35-420x315.jpeg",420,315,true],"sgg-540":["https:\/\/portal.pi.gov.br\/seres\/wp-content\/uploads\/sites\/87\/2024\/03\/WhatsApp-Image-2024-03-15-at-17.33.35-540x405.jpeg",540,405,true],"sgg-780":["https:\/\/portal.pi.gov.br\/seres\/wp-content\/uploads\/sites\/87\/2024\/03\/WhatsApp-Image-2024-03-15-at-17.33.35-780x585.jpeg",780,585,true],"1536x1536":["https:\/\/portal.pi.gov.br\/seres\/wp-content\/uploads\/sites\/87\/2024\/03\/WhatsApp-Image-2024-03-15-at-17.33.35-1536x1152.jpeg",1536,1152,true],"2048x2048":["https:\/\/portal.pi.gov.br\/seres\/wp-content\/uploads\/sites\/87\/2024\/03\/WhatsApp-Image-2024-03-15-at-17.33.35-2048x1536.jpeg",2048,1536,true],"homepage-slider":["https:\/\/portal.pi.gov.br\/seres\/wp-content\/uploads\/sites\/87\/2024\/03\/WhatsApp-Image-2024-03-15-at-17.33.35-1270x500.jpeg",1270,500,true],"homepage-slider-small":["https:\/\/portal.pi.gov.br\/seres\/wp-content\/uploads\/sites\/87\/2024\/03\/WhatsApp-Image-2024-03-15-at-17.33.35-947x500.jpeg",947,500,true],"page-top":["https:\/\/portal.pi.gov.br\/seres\/wp-content\/uploads\/sites\/87\/2024\/03\/WhatsApp-Image-2024-03-15-at-17.33.35-947x710.jpeg",947,710,true],"page-small":["https:\/\/portal.pi.gov.br\/seres\/wp-content\/uploads\/sites\/87\/2024\/03\/WhatsApp-Image-2024-03-15-at-17.33.35-624x468.jpeg",624,468,true],"loop-main":["https:\/\/portal.pi.gov.br\/seres\/wp-content\/uploads\/sites\/87\/2024\/03\/WhatsApp-Image-2024-03-15-at-17.33.35-365x240.jpeg",365,240,true],"thumb-gallery-widget":["https:\/\/portal.pi.gov.br\/seres\/wp-content\/uploads\/sites\/87\/2024\/03\/WhatsApp-Image-2024-03-15-at-17.33.35-84x56.jpeg",84,56,true]},"post_excerpt_stackable":"<p>As secretarias das Rela\u00e7\u00f5es Sociais (Seres) e do Planejamento (Seplan) realizaram, na tarde desta nesta sexta-feira (15), no audit\u00f3rio da secretaria Estadual da Cultura, reuni\u00e3o com lideran\u00e7as e representantes das associa\u00e7\u00f5es comunit\u00e1rias para falar sobre o Or\u00e7amento Participativo (OPA) 2024-2025. Segundo a secret\u00e1ria das Rela\u00e7\u00f5es Sociais, N\u00fabia Lopes, atrav\u00e9s do OPA, a popula\u00e7\u00e3o apresenta propostas com as principais necessidade para as suas comunidades, participando diretamente na escolha de implanta\u00e7\u00e3o de servi\u00e7os e de obras a serem executadas no local. \u00a0&#8220;Um importante recurso para a participa\u00e7\u00e3o popular no direcionamento das necessidades de cada regi\u00e3o que proporciona uma gest\u00e3o integrada e eficaz&hellip;<\/p>\n","category_list":"<a href=\"https:\/\/portal.pi.gov.br\/seres\/category\/noticias\/\" rel=\"category tag\">Not\u00edcias<\/a>","author_info":{"name":"natalina","url":"https:\/\/portal.pi.gov.br\/seres\/author\/natalina\/"},"comments_num":"0 coment\u00e1rio","featured_image_urls_v2":{"full":["https:\/\/portal.pi.gov.br\/seres\/wp-content\/uploads\/sites\/87\/2024\/03\/WhatsApp-Image-2024-03-15-at-17.33.35-scaled.jpeg",2560,1920,false],"thumbnail":["https:\/\/portal.pi.gov.br\/seres\/wp-content\/uploads\/sites\/87\/2024\/03\/WhatsApp-Image-2024-03-15-at-17.33.35-150x150.jpeg",150,150,true],"medium":["https:\/\/portal.pi.gov.br\/seres\/wp-content\/uploads\/sites\/87\/2024\/03\/WhatsApp-Image-2024-03-15-at-17.33.35-300x225.jpeg",300,225,true],"medium_large":["https:\/\/portal.pi.gov.br\/seres\/wp-content\/uploads\/sites\/87\/2024\/03\/WhatsApp-Image-2024-03-15-at-17.33.35-768x576.jpeg",768,576,true],"large":["https:\/\/portal.pi.gov.br\/seres\/wp-content\/uploads\/sites\/87\/2024\/03\/WhatsApp-Image-2024-03-15-at-17.33.35-1024x768.jpeg",887,665,true],"sgg-420":["https:\/\/portal.pi.gov.br\/seres\/wp-content\/uploads\/sites\/87\/2024\/03\/WhatsApp-Image-2024-03-15-at-17.33.35-420x315.jpeg",420,315,true],"sgg-540":["https:\/\/portal.pi.gov.br\/seres\/wp-content\/uploads\/sites\/87\/2024\/03\/WhatsApp-Image-2024-03-15-at-17.33.35-540x405.jpeg",540,405,true],"sgg-780":["https:\/\/portal.pi.gov.br\/seres\/wp-content\/uploads\/sites\/87\/2024\/03\/WhatsApp-Image-2024-03-15-at-17.33.35-780x585.jpeg",780,585,true],"1536x1536":["https:\/\/portal.pi.gov.br\/seres\/wp-content\/uploads\/sites\/87\/2024\/03\/WhatsApp-Image-2024-03-15-at-17.33.35-1536x1152.jpeg",1536,1152,true],"2048x2048":["https:\/\/portal.pi.gov.br\/seres\/wp-content\/uploads\/sites\/87\/2024\/03\/WhatsApp-Image-2024-03-15-at-17.33.35-2048x1536.jpeg",2048,1536,true],"homepage-slider":["https:\/\/portal.pi.gov.br\/seres\/wp-content\/uploads\/sites\/87\/2024\/03\/WhatsApp-Image-2024-03-15-at-17.33.35-1270x500.jpeg",1270,500,true],"homepage-slider-small":["https:\/\/portal.pi.gov.br\/seres\/wp-content\/uploads\/sites\/87\/2024\/03\/WhatsApp-Image-2024-03-15-at-17.33.35-947x500.jpeg",947,500,true],"page-top":["https:\/\/portal.pi.gov.br\/seres\/wp-content\/uploads\/sites\/87\/2024\/03\/WhatsApp-Image-2024-03-15-at-17.33.35-947x710.jpeg",947,710,true],"page-small":["https:\/\/portal.pi.gov.br\/seres\/wp-content\/uploads\/sites\/87\/2024\/03\/WhatsApp-Image-2024-03-15-at-17.33.35-624x468.jpeg",624,468,true],"loop-main":["https:\/\/portal.pi.gov.br\/seres\/wp-content\/uploads\/sites\/87\/2024\/03\/WhatsApp-Image-2024-03-15-at-17.33.35-365x240.jpeg",365,240,true],"thumb-gallery-widget":["https:\/\/portal.pi.gov.br\/seres\/wp-content\/uploads\/sites\/87\/2024\/03\/WhatsApp-Image-2024-03-15-at-17.33.35-84x56.jpeg",84,56,true]},"post_excerpt_stackable_v2":"<p>As secretarias das Rela\u00e7\u00f5es Sociais (Seres) e do Planejamento (Seplan) realizaram, na tarde desta nesta sexta-feira (15), no audit\u00f3rio da secretaria Estadual da Cultura, reuni\u00e3o com lideran\u00e7as e representantes das associa\u00e7\u00f5es comunit\u00e1rias para falar sobre o Or\u00e7amento Participativo (OPA) 2024-2025. Segundo a secret\u00e1ria das Rela\u00e7\u00f5es Sociais, N\u00fabia Lopes, atrav\u00e9s do OPA, a popula\u00e7\u00e3o apresenta propostas com as principais necessidade para as suas comunidades, participando diretamente na escolha de implanta\u00e7\u00e3o de servi\u00e7os e de obras a serem executadas no local. \u00a0&#8220;Um importante recurso para a participa\u00e7\u00e3o popular no direcionamento das necessidades de cada regi\u00e3o que proporciona uma gest\u00e3o integrada e eficaz&hellip;<\/p>\n","category_list_v2":"<a href=\"https:\/\/portal.pi.gov.br\/seres\/category\/noticias\/\" rel=\"category tag\">Not\u00edcias<\/a>","author_info_v2":{"name":"natalina","url":"https:\/\/portal.pi.gov.br\/seres\/author\/natalina\/"},"comments_num_v2":"0 coment\u00e1rio","jetpack_featured_media_url":"https:\/\/portal.pi.gov.br\/seres\/wp-content\/uploads\/sites\/87\/2024\/03\/WhatsApp-Image-2024-03-15-at-17.33.35-scaled.jpeg","_links":{"self":[{"href":"https:\/\/portal.pi.gov.br\/seres\/wp-json\/wp\/v2\/posts\/2204"}],"collection":[{"href":"https:\/\/portal.pi.gov.br\/seres\/wp-json\/wp\/v2\/posts"}],"about":[{"href":"https:\/\/portal.pi.gov.br\/seres\/wp-json\/wp\/v2\/types\/post"}],"author":[{"embeddable":true,"href":"https:\/\/portal.pi.gov.br\/seres\/wp-json\/wp\/v2\/users\/1748"}],"replies":[{"embeddable":true,"href":"https:\/\/portal.pi.gov.br\/seres\/wp-json\/wp\/v2\/comments?post=2204"}],"version-history":[{"count":1,"href":"https:\/\/portal.pi.gov.br\/seres\/wp-json\/wp\/v2\/posts\/2204\/revisions"}],"predecessor-version":[{"id":2208,"href":"https:\/\/portal.pi.gov.br\/seres\/wp-json\/wp\/v2\/posts\/2204\/revisions\/2208"}],"wp:featuredmedia":[{"embeddable":true,"href":"https:\/\/portal.pi.gov.br\/seres\/wp-json\/wp\/v2\/media\/2207"}],"wp:attachment":[{"href":"https:\/\/portal.pi.gov.br\/seres\/wp-json\/wp\/v2\/media?parent=2204"}],"wp:term":[{"taxonomy":"category","embeddable":true,"href":"https:\/\/portal.pi.gov.br\/seres\/wp-json\/wp\/v2\/categories?post=2204"},{"taxonomy":"post_tag","embeddable":true,"href":"https:\/\/portal.pi.gov.br\/seres\/wp-json\/wp\/v2\/tags?post=2204"}],"curies":[{"name":"wp","href":"https:\/\/api.w.org\/{rel}","templated":true}]}}