{"id":2211,"date":"2024-03-25T11:04:00","date_gmt":"2024-03-25T14:04:00","guid":{"rendered":"https:\/\/portal.pi.gov.br\/seres\/?p=2211"},"modified":"2024-03-26T08:06:01","modified_gmt":"2024-03-26T11:06:01","slug":"governador-autoriza-mais-de-r-3-milhoes-para-obras-do-opa-em-teresina-e-parnaiba","status":"publish","type":"post","link":"https:\/\/portal.pi.gov.br\/seres\/2024\/03\/25\/governador-autoriza-mais-de-r-3-milhoes-para-obras-do-opa-em-teresina-e-parnaiba\/","title":{"rendered":"Governador autoriza mais de R$ 3 milh\u00f5es para obras do OPA em Teresina e Parna\u00edba"},"content":{"rendered":"\n<p>O governador Rafael Fonteles assinou, nesta segunda-feira (25), no Pal\u00e1cio de Karnak, nove ordens de servi\u00e7os de obras do Or\u00e7amento Participativo (OPA) 2023-2024 em Teresina e Parna\u00edba. O investimento de R$ 3.131.065,56 inclui pavimenta\u00e7\u00e3o em paralelep\u00edpedo, constru\u00e7\u00e3o de canteiro central, quadras esportivas e reforma de pra\u00e7as.<\/p>\n\n\n\n<p>\u201c\u00c9 preciso que a popula\u00e7\u00e3o entenda a dimens\u00e3o e capilaridade que h\u00e1 neste programa, que \u00e9 premiado no Brasil inteiro como o melhor e maior projeto de participa\u00e7\u00e3o popular efetiva. Democracia participativa direta\u201d, afirmou o governador.<\/p>\n\n\n<div class=\"wp-block-image\">\n<figure class=\"aligncenter is-resized\"><img decoding=\"async\" loading=\"lazy\" src=\"https:\/\/admin.pi.gov.br\/uploads\/image00001_20043cef61.jpeg\" alt=\"image00001.jpeg\" width=\"510\" height=\"340\" \/><\/figure><\/div>\n\n\n<p>O secret\u00e1rio do Planejamento, Washington Bonfim, destaca que, at\u00e9 agora, mais de 40 obras e servi\u00e7os est\u00e3o em execu\u00e7\u00e3o, de um total de 88 aprovadas no OPA 2023-2024. \u201cEstamos atingindo basicamente metade de todas as a\u00e7\u00f5es que foram votadas no programa. Al\u00e9m disso, o governador determinou que, at\u00e9 maio, todas as obras estejam autorizadas\u201d, afirmou o gestor.<\/p>\n\n\n\n<p>Dentre as obras autorizadas hoje, destacam-se as pra\u00e7as nos bairros Buenos Aires, Monte Verde e Porto do Centro. A primeira \u00e9 or\u00e7ada em R$ 230.282,21 e tem previs\u00e3o para ser conclu\u00edda em 90 dias. A segunda tem investimento de R$ 216.006,77, com obra prevista para durar 120 dias. Na terceira, ser\u00e3o investidos R$ 206.554,64.<\/p>\n\n\n\n<p>Teresina ser\u00e1 beneficiada ainda com pavimenta\u00e7\u00e3o em paralelep\u00edpedo no Assentamento Serra Dourada, zona rural do munic\u00edpio; constru\u00e7\u00e3o do canteiro central no Residencial Osvaldo Santos Parente; e quadras esportivas nos bairros Monte Castelo, Renascen\u00e7a e Parque Wall Ferraz.<\/p>\n\n\n\n<p>Em Parna\u00edba, Rafael Fonteles autorizou pavimenta\u00e7\u00e3o em paralelep\u00edpedo na comunidade Nossa Senhora de F\u00e1tima, zona rural do munic\u00edpio, com \u00e1rea total de 2.700,00 m\u00b2. A obra ser\u00e1 conclu\u00edda em 90 dias e tem investimento de 263.886,90.<\/p>\n\n\n\n<p>As obras ser\u00e3o realizadas pelas Secretarias de Cidades e de Esportes e o Instituto de Desenvolvimento do Piau\u00ed (Idepi).<\/p>\n\n\n<div class=\"wp-block-image\">\n<figure class=\"aligncenter is-resized\"><img decoding=\"async\" loading=\"lazy\" src=\"https:\/\/admin.pi.gov.br\/uploads\/image00010_6db6e3e9e6.jpeg\" alt=\"image00010.jpeg\" width=\"508\" height=\"339\" \/><\/figure><\/div>\n\n\n<p><strong>OPA<\/strong><\/p>\n\n\n\n<p>O OPA \u00e9 uma iniciativa do Governo do Estado em que a popula\u00e7\u00e3o escolhe diretamente as obras mais importantes para as comunidades. Lan\u00e7ado em agosto de 2023, o programa teve a vota\u00e7\u00e3o de 25 mil pessoas nos munic\u00edpios de Teresina e Parna\u00edba, as duas primeiras cidades beneficiadas. Os votantes escolheram 67 obras na capital e 21 em Parna\u00edba, com investimento de R$ 55 milh\u00f5es. Algumas j\u00e1 foram entregues em fevereiro.<\/p>\n\n\n\n<p>J\u00e1 a edi\u00e7\u00e3o 2024-2025 do OPA, lan\u00e7ada neste ano, vai beneficiar, al\u00e9m de Teresina e Parna\u00edba, os munic\u00edpios de Piripiri, Floriano e Picos. Ao todo, ser\u00e3o investidos R$ 65 milh\u00f5es. &nbsp;O cadastramento das entidades ocorre at\u00e9 o dia 27 de mar\u00e7o e a escolha das obras, diretamente pela popula\u00e7\u00e3o, de 7 a 17 de junho.<\/p>\n","protected":false},"excerpt":{"rendered":"<p>O governador Rafael Fonteles assinou, nesta segunda-feira (25), no Pal\u00e1cio de Karnak, nove ordens de servi\u00e7os de obras do Or\u00e7amento Participativo (OPA) 2023-2024 em Teresina e Parna\u00edba. O investimento de [&hellip;]<\/p>\n","protected":false},"author":1748,"featured_media":2212,"comment_status":"closed","ping_status":"closed","sticky":false,"template":"","format":"standard","meta":[],"categories":[34],"tags":[62,47,41],"featured_image_urls":{"full":["https:\/\/portal.pi.gov.br\/seres\/wp-content\/uploads\/sites\/87\/2024\/03\/opa-scaled.jpeg",2560,1707,false],"thumbnail":["https:\/\/portal.pi.gov.br\/seres\/wp-content\/uploads\/sites\/87\/2024\/03\/opa-150x150.jpeg",150,150,true],"medium":["https:\/\/portal.pi.gov.br\/seres\/wp-content\/uploads\/sites\/87\/2024\/03\/opa-300x200.jpeg",300,200,true],"medium_large":["https:\/\/portal.pi.gov.br\/seres\/wp-content\/uploads\/sites\/87\/2024\/03\/opa-768x512.jpeg",768,512,true],"large":["https:\/\/portal.pi.gov.br\/seres\/wp-content\/uploads\/sites\/87\/2024\/03\/opa-1024x683.jpeg",887,592,true],"sgg-420":["https:\/\/portal.pi.gov.br\/seres\/wp-content\/uploads\/sites\/87\/2024\/03\/opa-420x280.jpeg",420,280,true],"sgg-540":["https:\/\/portal.pi.gov.br\/seres\/wp-content\/uploads\/sites\/87\/2024\/03\/opa-540x360.jpeg",540,360,true],"sgg-780":["https:\/\/portal.pi.gov.br\/seres\/wp-content\/uploads\/sites\/87\/2024\/03\/opa-780x520.jpeg",780,520,true],"1536x1536":["https:\/\/portal.pi.gov.br\/seres\/wp-content\/uploads\/sites\/87\/2024\/03\/opa-1536x1024.jpeg",1536,1024,true],"2048x2048":["https:\/\/portal.pi.gov.br\/seres\/wp-content\/uploads\/sites\/87\/2024\/03\/opa-2048x1365.jpeg",2048,1365,true],"homepage-slider":["https:\/\/portal.pi.gov.br\/seres\/wp-content\/uploads\/sites\/87\/2024\/03\/opa-1270x500.jpeg",1270,500,true],"homepage-slider-small":["https:\/\/portal.pi.gov.br\/seres\/wp-content\/uploads\/sites\/87\/2024\/03\/opa-947x500.jpeg",947,500,true],"page-top":["https:\/\/portal.pi.gov.br\/seres\/wp-content\/uploads\/sites\/87\/2024\/03\/opa-947x631.jpeg",947,631,true],"page-small":["https:\/\/portal.pi.gov.br\/seres\/wp-content\/uploads\/sites\/87\/2024\/03\/opa-624x416.jpeg",624,416,true],"loop-main":["https:\/\/portal.pi.gov.br\/seres\/wp-content\/uploads\/sites\/87\/2024\/03\/opa-365x240.jpeg",365,240,true],"thumb-gallery-widget":["https:\/\/portal.pi.gov.br\/seres\/wp-content\/uploads\/sites\/87\/2024\/03\/opa-84x56.jpeg",84,56,true]},"post_excerpt_stackable":"<p>O governador Rafael Fonteles assinou, nesta segunda-feira (25), no Pal\u00e1cio de Karnak, nove ordens de servi\u00e7os de obras do Or\u00e7amento Participativo (OPA) 2023-2024 em Teresina e Parna\u00edba. O investimento de R$ 3.131.065,56 inclui pavimenta\u00e7\u00e3o em paralelep\u00edpedo, constru\u00e7\u00e3o de canteiro central, quadras esportivas e reforma de pra\u00e7as. \u201c\u00c9 preciso que a popula\u00e7\u00e3o entenda a dimens\u00e3o e capilaridade que h\u00e1 neste programa, que \u00e9 premiado no Brasil inteiro como o melhor e maior projeto de participa\u00e7\u00e3o popular efetiva. Democracia participativa direta\u201d, afirmou o governador. O secret\u00e1rio do Planejamento, Washington Bonfim, destaca que, at\u00e9 agora, mais de 40 obras e servi\u00e7os est\u00e3o em&hellip;<\/p>\n","category_list":"<a href=\"https:\/\/portal.pi.gov.br\/seres\/category\/noticias\/\" rel=\"category tag\">Not\u00edcias<\/a>","author_info":{"name":"natalina","url":"https:\/\/portal.pi.gov.br\/seres\/author\/natalina\/"},"comments_num":"0 coment\u00e1rio","featured_image_urls_v2":{"full":["https:\/\/portal.pi.gov.br\/seres\/wp-content\/uploads\/sites\/87\/2024\/03\/opa-scaled.jpeg",2560,1707,false],"thumbnail":["https:\/\/portal.pi.gov.br\/seres\/wp-content\/uploads\/sites\/87\/2024\/03\/opa-150x150.jpeg",150,150,true],"medium":["https:\/\/portal.pi.gov.br\/seres\/wp-content\/uploads\/sites\/87\/2024\/03\/opa-300x200.jpeg",300,200,true],"medium_large":["https:\/\/portal.pi.gov.br\/seres\/wp-content\/uploads\/sites\/87\/2024\/03\/opa-768x512.jpeg",768,512,true],"large":["https:\/\/portal.pi.gov.br\/seres\/wp-content\/uploads\/sites\/87\/2024\/03\/opa-1024x683.jpeg",887,592,true],"sgg-420":["https:\/\/portal.pi.gov.br\/seres\/wp-content\/uploads\/sites\/87\/2024\/03\/opa-420x280.jpeg",420,280,true],"sgg-540":["https:\/\/portal.pi.gov.br\/seres\/wp-content\/uploads\/sites\/87\/2024\/03\/opa-540x360.jpeg",540,360,true],"sgg-780":["https:\/\/portal.pi.gov.br\/seres\/wp-content\/uploads\/sites\/87\/2024\/03\/opa-780x520.jpeg",780,520,true],"1536x1536":["https:\/\/portal.pi.gov.br\/seres\/wp-content\/uploads\/sites\/87\/2024\/03\/opa-1536x1024.jpeg",1536,1024,true],"2048x2048":["https:\/\/portal.pi.gov.br\/seres\/wp-content\/uploads\/sites\/87\/2024\/03\/opa-2048x1365.jpeg",2048,1365,true],"homepage-slider":["https:\/\/portal.pi.gov.br\/seres\/wp-content\/uploads\/sites\/87\/2024\/03\/opa-1270x500.jpeg",1270,500,true],"homepage-slider-small":["https:\/\/portal.pi.gov.br\/seres\/wp-content\/uploads\/sites\/87\/2024\/03\/opa-947x500.jpeg",947,500,true],"page-top":["https:\/\/portal.pi.gov.br\/seres\/wp-content\/uploads\/sites\/87\/2024\/03\/opa-947x631.jpeg",947,631,true],"page-small":["https:\/\/portal.pi.gov.br\/seres\/wp-content\/uploads\/sites\/87\/2024\/03\/opa-624x416.jpeg",624,416,true],"loop-main":["https:\/\/portal.pi.gov.br\/seres\/wp-content\/uploads\/sites\/87\/2024\/03\/opa-365x240.jpeg",365,240,true],"thumb-gallery-widget":["https:\/\/portal.pi.gov.br\/seres\/wp-content\/uploads\/sites\/87\/2024\/03\/opa-84x56.jpeg",84,56,true]},"post_excerpt_stackable_v2":"<p>O governador Rafael Fonteles assinou, nesta segunda-feira (25), no Pal\u00e1cio de Karnak, nove ordens de servi\u00e7os de obras do Or\u00e7amento Participativo (OPA) 2023-2024 em Teresina e Parna\u00edba. O investimento de R$ 3.131.065,56 inclui pavimenta\u00e7\u00e3o em paralelep\u00edpedo, constru\u00e7\u00e3o de canteiro central, quadras esportivas e reforma de pra\u00e7as. \u201c\u00c9 preciso que a popula\u00e7\u00e3o entenda a dimens\u00e3o e capilaridade que h\u00e1 neste programa, que \u00e9 premiado no Brasil inteiro como o melhor e maior projeto de participa\u00e7\u00e3o popular efetiva. Democracia participativa direta\u201d, afirmou o governador. O secret\u00e1rio do Planejamento, Washington Bonfim, destaca que, at\u00e9 agora, mais de 40 obras e servi\u00e7os est\u00e3o em&hellip;<\/p>\n","category_list_v2":"<a href=\"https:\/\/portal.pi.gov.br\/seres\/category\/noticias\/\" rel=\"category tag\">Not\u00edcias<\/a>","author_info_v2":{"name":"natalina","url":"https:\/\/portal.pi.gov.br\/seres\/author\/natalina\/"},"comments_num_v2":"0 coment\u00e1rio","jetpack_featured_media_url":"https:\/\/portal.pi.gov.br\/seres\/wp-content\/uploads\/sites\/87\/2024\/03\/opa-scaled.jpeg","_links":{"self":[{"href":"https:\/\/portal.pi.gov.br\/seres\/wp-json\/wp\/v2\/posts\/2211"}],"collection":[{"href":"https:\/\/portal.pi.gov.br\/seres\/wp-json\/wp\/v2\/posts"}],"about":[{"href":"https:\/\/portal.pi.gov.br\/seres\/wp-json\/wp\/v2\/types\/post"}],"author":[{"embeddable":true,"href":"https:\/\/portal.pi.gov.br\/seres\/wp-json\/wp\/v2\/users\/1748"}],"replies":[{"embeddable":true,"href":"https:\/\/portal.pi.gov.br\/seres\/wp-json\/wp\/v2\/comments?post=2211"}],"version-history":[{"count":2,"href":"https:\/\/portal.pi.gov.br\/seres\/wp-json\/wp\/v2\/posts\/2211\/revisions"}],"predecessor-version":[{"id":2214,"href":"https:\/\/portal.pi.gov.br\/seres\/wp-json\/wp\/v2\/posts\/2211\/revisions\/2214"}],"wp:featuredmedia":[{"embeddable":true,"href":"https:\/\/portal.pi.gov.br\/seres\/wp-json\/wp\/v2\/media\/2212"}],"wp:attachment":[{"href":"https:\/\/portal.pi.gov.br\/seres\/wp-json\/wp\/v2\/media?parent=2211"}],"wp:term":[{"taxonomy":"category","embeddable":true,"href":"https:\/\/portal.pi.gov.br\/seres\/wp-json\/wp\/v2\/categories?post=2211"},{"taxonomy":"post_tag","embeddable":true,"href":"https:\/\/portal.pi.gov.br\/seres\/wp-json\/wp\/v2\/tags?post=2211"}],"curies":[{"name":"wp","href":"https:\/\/api.w.org\/{rel}","templated":true}]}}