{"id":2215,"date":"2024-03-26T12:23:28","date_gmt":"2024-03-26T15:23:28","guid":{"rendered":"https:\/\/portal.pi.gov.br\/seres\/?p=2215"},"modified":"2024-03-26T12:25:07","modified_gmt":"2024-03-26T15:25:07","slug":"piaui-e-o-primeiro-a-aderir-ao-viver-sem-limites-programa-que-preve-r64-milhoes-em-acoes-para-pessoas-com-deficiencia","status":"publish","type":"post","link":"https:\/\/portal.pi.gov.br\/seres\/2024\/03\/26\/piaui-e-o-primeiro-a-aderir-ao-viver-sem-limites-programa-que-preve-r64-milhoes-em-acoes-para-pessoas-com-deficiencia\/","title":{"rendered":"Piau\u00ed \u00e9 o primeiro a aderir ao Viver Sem Limites, programa que prev\u00ea R$64 milh\u00f5es em a\u00e7\u00f5es para pessoas com defici\u00eancia"},"content":{"rendered":"\n<p>O estado do Piau\u00ed foi o palco do lan\u00e7amento do Novo Viver Sem Limite, programa do Governo Federal, atrav\u00e9s do Minist\u00e9rio dos Direitos Humanos e da Cidadania (MDHC), que busca retomar as a\u00e7\u00f5es que garantem dignidade \u00e0s pessoas com defici\u00eancia. &nbsp;O evento aconteceu na tarde desta segunda-feira (25) e contou com a presen\u00e7a da secret\u00e1ria das Rela\u00e7\u00f5es Sociais, N\u00fabia Lopes, do governador Rafael Fonteles, do Ministro do MDHC, Silvio Almeida, entre outras autoridades. No mesmo ato foi aberta a V Confer\u00eancia Estadual dos Direitos da Pessoa com Defici\u00eancia.<\/p>\n\n\n<div class=\"wp-block-image\">\n<figure class=\"aligncenter size-full is-resized\"><img decoding=\"async\" loading=\"lazy\" src=\"https:\/\/portal.pi.gov.br\/seres\/wp-content\/uploads\/sites\/87\/2024\/03\/WhatsApp-Image-2024-03-25-at-18.45.41-1.jpeg\" alt=\"\" class=\"wp-image-2217\" width=\"509\" height=\"403\" srcset=\"https:\/\/portal.pi.gov.br\/seres\/wp-content\/uploads\/sites\/87\/2024\/03\/WhatsApp-Image-2024-03-25-at-18.45.41-1.jpeg 960w, https:\/\/portal.pi.gov.br\/seres\/wp-content\/uploads\/sites\/87\/2024\/03\/WhatsApp-Image-2024-03-25-at-18.45.41-1-300x238.jpeg 300w, https:\/\/portal.pi.gov.br\/seres\/wp-content\/uploads\/sites\/87\/2024\/03\/WhatsApp-Image-2024-03-25-at-18.45.41-1-768x608.jpeg 768w, https:\/\/portal.pi.gov.br\/seres\/wp-content\/uploads\/sites\/87\/2024\/03\/WhatsApp-Image-2024-03-25-at-18.45.41-1-420x333.jpeg 420w, https:\/\/portal.pi.gov.br\/seres\/wp-content\/uploads\/sites\/87\/2024\/03\/WhatsApp-Image-2024-03-25-at-18.45.41-1-540x428.jpeg 540w, https:\/\/portal.pi.gov.br\/seres\/wp-content\/uploads\/sites\/87\/2024\/03\/WhatsApp-Image-2024-03-25-at-18.45.41-1-780x618.jpeg 780w, https:\/\/portal.pi.gov.br\/seres\/wp-content\/uploads\/sites\/87\/2024\/03\/WhatsApp-Image-2024-03-25-at-18.45.41-1-947x750.jpeg 947w, https:\/\/portal.pi.gov.br\/seres\/wp-content\/uploads\/sites\/87\/2024\/03\/WhatsApp-Image-2024-03-25-at-18.45.41-1-624x494.jpeg 624w\" sizes=\"(max-width: 509px) 100vw, 509px\" \/><\/figure><\/div>\n\n\n<p>O Piau\u00ed foi o primeiro estado a assinar a ades\u00e3o ao programa federal, com o diferencial de j\u00e1 desenvolver diversos projetos e pol\u00edticas nesta \u00e1rea, com or\u00e7amento efetivo, como constru\u00e7\u00e3o de centros de reabilita\u00e7\u00e3o e transporte para pessoas com defici\u00eancia.<\/p>\n\n\n<div class=\"wp-block-image\">\n<figure class=\"aligncenter is-resized\"><img decoding=\"async\" loading=\"lazy\" src=\"https:\/\/admin.pi.gov.br\/uploads\/Whats_App_Image_2024_03_25_at_20_31_27_e0180bc40f.jpeg\" alt=\"WhatsApp Image 2024-03-25 at 20.31.27.jpeg\" width=\"509\" height=\"338\" \/><\/figure><\/div>\n\n\n<p>O governador Rafael Fonteles destaca que o Minist\u00e9rio dos Direitos Humanos exerce um papel central no planejamento e execu\u00e7\u00e3o de pol\u00edticas voltadas para a popula\u00e7\u00e3o vulner\u00e1vel. \u201cO MDHC \u00e9 important\u00edssimo na constru\u00e7\u00e3o de pol\u00edticas p\u00fablicas de forma transversal, interagindo com todos os demais minist\u00e9rios, para garantir a inclus\u00e3o em todos os programas de pol\u00edticas p\u00fablicas de todas as pessoas, em especial de grupos mais vulner\u00e1veis. E \u00e9 uma honra o Piau\u00ed ter sido escolhido para o lan\u00e7amento do Novo Viver Sem Limites\u201d, enfatizou Rafael.<\/p>\n\n\n\n<p>No Brasil, o plano tem or\u00e7amento de R$ 6,5 bilh\u00f5es a serem distribu\u00eddos para os estados da federa\u00e7\u00e3o. O plano \u00e9 constru\u00eddo de 19 a\u00e7\u00f5es estruturantes organizadas em 5 eixos: gest\u00e3o e participa\u00e7\u00e3o social; enfrentamento ao capacitismo e a viol\u00eancia; acessibilidade e tecnologia assistivas; e a promo\u00e7\u00e3o do direito \u00e0 educa\u00e7\u00e3o, \u00e0 assist\u00eancia social, \u00e0 sa\u00fade, e aos demais direitos econ\u00f4micos, sociais, culturais e ambientais.<\/p>\n\n\n<div class=\"wp-block-image\">\n<figure class=\"aligncenter is-resized\"><img decoding=\"async\" loading=\"lazy\" src=\"https:\/\/admin.pi.gov.br\/uploads\/Whats_App_Image_2024_03_25_at_20_32_12_2_2cb166b1bb.jpeg\" alt=\"WhatsApp Image 2024-03-25 at 20.32.12 (2).jpeg\" width=\"522\" height=\"348\" \/><\/figure><\/div>\n\n\n<p>O ministro Silvio Almeida considera o Piau\u00ed um estado importante para o florescimento e execu\u00e7\u00e3o de pol\u00edticas p\u00fablicas, por isso a escolha da capital Teresina para o lan\u00e7amento. \u201cO Piau\u00ed tem sido, nos \u00faltimos anos, um grande celeiro com as pol\u00edticas p\u00fablicas importantes no campo dos direitos humanos e no campo da cidadania, a racionalidade legislativa, o lugar onde as pol\u00edticas v\u00e3o ter come\u00e7o, meio e fim, o lugar onde as pol\u00edticas p\u00fablicas t\u00eam condi\u00e7\u00e3o, de fato, de atender as pessoas que mais precisam\u201d, declarou Silvio.<\/p>\n\n\n\n<p>O secret\u00e1rio para Inclus\u00e3o da Pessoa com Defici\u00eancia (Seid), Mauro Eduardo, disse que o Piau\u00ed j\u00e1 tem previs\u00e3o de receber R$ 64 milh\u00f5es para implementar diversas a\u00e7\u00f5es e detalhou alguns projetos. \u201cVamos universalizar as salas de recursos multifuncionais nos 224 munic\u00edpios com atendimento educacional especializado para atender os alunos com defici\u00eancia. Vamos adquirir \u00f4nibus escolares acess\u00edveis para que a gente possa fazer o transporte de alunos com defici\u00eancia at\u00e9 a escola. Vamos trabalhar a capacita\u00e7\u00e3o profissional de pessoas com defici\u00eancia para que elas possam ser absorvidas pelo mercado formal de trabalho\u201d detalhou.<\/p>\n\n\n<div class=\"wp-block-image\">\n<figure class=\"aligncenter is-resized\"><img decoding=\"async\" loading=\"lazy\" src=\"https:\/\/admin.pi.gov.br\/uploads\/Whats_App_Image_2024_03_25_at_20_32_12_f504db9a14.jpeg\" alt=\"WhatsApp Image 2024-03-25 at 20.32.12.jpeg\" width=\"522\" height=\"348\" \/><\/figure><\/div>\n\n\n<p>O plano Viver Sem Limite \u00e9 programado para se desenvolver ao longo de 4 anos, com recursos federais. Estados e munic\u00edpios que aderirem ao plano, complementam as a\u00e7\u00f5es para promo\u00e7\u00e3o dos direitos da pessoa com defici\u00eancia nas pol\u00edticas p\u00fablicas. A primeira etapa do Viver sem Limites prev\u00ea 95 a\u00e7\u00f5es envolvendo 11 minist\u00e9rios do Governo Federal.<\/p>\n\n\n\n<p>A presidente do Conselho Nacional dos Direitos da Pessoa com Defici\u00eancia (Conade) e secret\u00e1ria nacional dos Direitos da Pessoa com Defici\u00eancia, Anna Paula Feminella, ressaltou que toda a primeira etapa do plano foi elaborada com participa\u00e7\u00e3o social, a partir de consultas p\u00fablicas. O grande objetivo \u00e9 corrigir viola\u00e7\u00f5es e omiss\u00f5es hist\u00f3ricas de direitos para o p\u00fablico PCD. &#8220;Desde o nascimento da pessoa com defici\u00eancia, todo ciclo de vida deve ter reconhecimento de demandas espec\u00edficas como recursos de acessibilidade, pol\u00edtica de valoriza\u00e7\u00e3o da presen\u00e7a da pessoa com defici\u00eancia nos espa\u00e7os de poder, nos conselhos de direito, atuando como leg\u00edtimos sujeitos de direito, integrantes dos territ\u00f3rios onde a gente vive&#8221;, considerou.<\/p>\n\n\n<div class=\"wp-block-image\">\n<figure class=\"aligncenter is-resized\"><img decoding=\"async\" loading=\"lazy\" src=\"https:\/\/admin.pi.gov.br\/uploads\/Whats_App_Image_2024_03_25_at_20_32_50_2_355e58e83f.jpeg\" alt=\"WhatsApp Image 2024-03-25 at 20.32.50 (2).jpeg\" width=\"541\" height=\"361\" \/><\/figure><\/div>\n\n\n<p><\/p>\n","protected":false},"excerpt":{"rendered":"<p>O estado do Piau\u00ed foi o palco do lan\u00e7amento do Novo Viver Sem Limite, programa do Governo Federal, atrav\u00e9s do Minist\u00e9rio dos Direitos Humanos e da Cidadania (MDHC), que busca [&hellip;]<\/p>\n","protected":false},"author":1748,"featured_media":2218,"comment_status":"closed","ping_status":"closed","sticky":false,"template":"","format":"standard","meta":[],"categories":[34],"tags":[41],"featured_image_urls":{"full":["https:\/\/portal.pi.gov.br\/seres\/wp-content\/uploads\/sites\/87\/2024\/03\/WhatsApp-Image-2024-03-25-at-19.22.38-scaled.jpeg",2560,1707,false],"thumbnail":["https:\/\/portal.pi.gov.br\/seres\/wp-content\/uploads\/sites\/87\/2024\/03\/WhatsApp-Image-2024-03-25-at-19.22.38-150x150.jpeg",150,150,true],"medium":["https:\/\/portal.pi.gov.br\/seres\/wp-content\/uploads\/sites\/87\/2024\/03\/WhatsApp-Image-2024-03-25-at-19.22.38-300x200.jpeg",300,200,true],"medium_large":["https:\/\/portal.pi.gov.br\/seres\/wp-content\/uploads\/sites\/87\/2024\/03\/WhatsApp-Image-2024-03-25-at-19.22.38-768x512.jpeg",768,512,true],"large":["https:\/\/portal.pi.gov.br\/seres\/wp-content\/uploads\/sites\/87\/2024\/03\/WhatsApp-Image-2024-03-25-at-19.22.38-1024x683.jpeg",887,592,true],"sgg-420":["https:\/\/portal.pi.gov.br\/seres\/wp-content\/uploads\/sites\/87\/2024\/03\/WhatsApp-Image-2024-03-25-at-19.22.38-420x280.jpeg",420,280,true],"sgg-540":["https:\/\/portal.pi.gov.br\/seres\/wp-content\/uploads\/sites\/87\/2024\/03\/WhatsApp-Image-2024-03-25-at-19.22.38-540x360.jpeg",540,360,true],"sgg-780":["https:\/\/portal.pi.gov.br\/seres\/wp-content\/uploads\/sites\/87\/2024\/03\/WhatsApp-Image-2024-03-25-at-19.22.38-780x520.jpeg",780,520,true],"1536x1536":["https:\/\/portal.pi.gov.br\/seres\/wp-content\/uploads\/sites\/87\/2024\/03\/WhatsApp-Image-2024-03-25-at-19.22.38-1536x1024.jpeg",1536,1024,true],"2048x2048":["https:\/\/portal.pi.gov.br\/seres\/wp-content\/uploads\/sites\/87\/2024\/03\/WhatsApp-Image-2024-03-25-at-19.22.38-2048x1366.jpeg",2048,1366,true],"homepage-slider":["https:\/\/portal.pi.gov.br\/seres\/wp-content\/uploads\/sites\/87\/2024\/03\/WhatsApp-Image-2024-03-25-at-19.22.38-1270x500.jpeg",1270,500,true],"homepage-slider-small":["https:\/\/portal.pi.gov.br\/seres\/wp-content\/uploads\/sites\/87\/2024\/03\/WhatsApp-Image-2024-03-25-at-19.22.38-947x500.jpeg",947,500,true],"page-top":["https:\/\/portal.pi.gov.br\/seres\/wp-content\/uploads\/sites\/87\/2024\/03\/WhatsApp-Image-2024-03-25-at-19.22.38-947x631.jpeg",947,631,true],"page-small":["https:\/\/portal.pi.gov.br\/seres\/wp-content\/uploads\/sites\/87\/2024\/03\/WhatsApp-Image-2024-03-25-at-19.22.38-624x416.jpeg",624,416,true],"loop-main":["https:\/\/portal.pi.gov.br\/seres\/wp-content\/uploads\/sites\/87\/2024\/03\/WhatsApp-Image-2024-03-25-at-19.22.38-365x240.jpeg",365,240,true],"thumb-gallery-widget":["https:\/\/portal.pi.gov.br\/seres\/wp-content\/uploads\/sites\/87\/2024\/03\/WhatsApp-Image-2024-03-25-at-19.22.38-84x56.jpeg",84,56,true]},"post_excerpt_stackable":"<p>O estado do Piau\u00ed foi o palco do lan\u00e7amento do Novo Viver Sem Limite, programa do Governo Federal, atrav\u00e9s do Minist\u00e9rio dos Direitos Humanos e da Cidadania (MDHC), que busca retomar as a\u00e7\u00f5es que garantem dignidade \u00e0s pessoas com defici\u00eancia. &nbsp;O evento aconteceu na tarde desta segunda-feira (25) e contou com a presen\u00e7a da secret\u00e1ria das Rela\u00e7\u00f5es Sociais, N\u00fabia Lopes, do governador Rafael Fonteles, do Ministro do MDHC, Silvio Almeida, entre outras autoridades. No mesmo ato foi aberta a V Confer\u00eancia Estadual dos Direitos da Pessoa com Defici\u00eancia. O Piau\u00ed foi o primeiro estado a assinar a ades\u00e3o ao programa&hellip;<\/p>\n","category_list":"<a href=\"https:\/\/portal.pi.gov.br\/seres\/category\/noticias\/\" rel=\"category tag\">Not\u00edcias<\/a>","author_info":{"name":"natalina","url":"https:\/\/portal.pi.gov.br\/seres\/author\/natalina\/"},"comments_num":"0 coment\u00e1rio","featured_image_urls_v2":{"full":["https:\/\/portal.pi.gov.br\/seres\/wp-content\/uploads\/sites\/87\/2024\/03\/WhatsApp-Image-2024-03-25-at-19.22.38-scaled.jpeg",2560,1707,false],"thumbnail":["https:\/\/portal.pi.gov.br\/seres\/wp-content\/uploads\/sites\/87\/2024\/03\/WhatsApp-Image-2024-03-25-at-19.22.38-150x150.jpeg",150,150,true],"medium":["https:\/\/portal.pi.gov.br\/seres\/wp-content\/uploads\/sites\/87\/2024\/03\/WhatsApp-Image-2024-03-25-at-19.22.38-300x200.jpeg",300,200,true],"medium_large":["https:\/\/portal.pi.gov.br\/seres\/wp-content\/uploads\/sites\/87\/2024\/03\/WhatsApp-Image-2024-03-25-at-19.22.38-768x512.jpeg",768,512,true],"large":["https:\/\/portal.pi.gov.br\/seres\/wp-content\/uploads\/sites\/87\/2024\/03\/WhatsApp-Image-2024-03-25-at-19.22.38-1024x683.jpeg",887,592,true],"sgg-420":["https:\/\/portal.pi.gov.br\/seres\/wp-content\/uploads\/sites\/87\/2024\/03\/WhatsApp-Image-2024-03-25-at-19.22.38-420x280.jpeg",420,280,true],"sgg-540":["https:\/\/portal.pi.gov.br\/seres\/wp-content\/uploads\/sites\/87\/2024\/03\/WhatsApp-Image-2024-03-25-at-19.22.38-540x360.jpeg",540,360,true],"sgg-780":["https:\/\/portal.pi.gov.br\/seres\/wp-content\/uploads\/sites\/87\/2024\/03\/WhatsApp-Image-2024-03-25-at-19.22.38-780x520.jpeg",780,520,true],"1536x1536":["https:\/\/portal.pi.gov.br\/seres\/wp-content\/uploads\/sites\/87\/2024\/03\/WhatsApp-Image-2024-03-25-at-19.22.38-1536x1024.jpeg",1536,1024,true],"2048x2048":["https:\/\/portal.pi.gov.br\/seres\/wp-content\/uploads\/sites\/87\/2024\/03\/WhatsApp-Image-2024-03-25-at-19.22.38-2048x1366.jpeg",2048,1366,true],"homepage-slider":["https:\/\/portal.pi.gov.br\/seres\/wp-content\/uploads\/sites\/87\/2024\/03\/WhatsApp-Image-2024-03-25-at-19.22.38-1270x500.jpeg",1270,500,true],"homepage-slider-small":["https:\/\/portal.pi.gov.br\/seres\/wp-content\/uploads\/sites\/87\/2024\/03\/WhatsApp-Image-2024-03-25-at-19.22.38-947x500.jpeg",947,500,true],"page-top":["https:\/\/portal.pi.gov.br\/seres\/wp-content\/uploads\/sites\/87\/2024\/03\/WhatsApp-Image-2024-03-25-at-19.22.38-947x631.jpeg",947,631,true],"page-small":["https:\/\/portal.pi.gov.br\/seres\/wp-content\/uploads\/sites\/87\/2024\/03\/WhatsApp-Image-2024-03-25-at-19.22.38-624x416.jpeg",624,416,true],"loop-main":["https:\/\/portal.pi.gov.br\/seres\/wp-content\/uploads\/sites\/87\/2024\/03\/WhatsApp-Image-2024-03-25-at-19.22.38-365x240.jpeg",365,240,true],"thumb-gallery-widget":["https:\/\/portal.pi.gov.br\/seres\/wp-content\/uploads\/sites\/87\/2024\/03\/WhatsApp-Image-2024-03-25-at-19.22.38-84x56.jpeg",84,56,true]},"post_excerpt_stackable_v2":"<p>O estado do Piau\u00ed foi o palco do lan\u00e7amento do Novo Viver Sem Limite, programa do Governo Federal, atrav\u00e9s do Minist\u00e9rio dos Direitos Humanos e da Cidadania (MDHC), que busca retomar as a\u00e7\u00f5es que garantem dignidade \u00e0s pessoas com defici\u00eancia. &nbsp;O evento aconteceu na tarde desta segunda-feira (25) e contou com a presen\u00e7a da secret\u00e1ria das Rela\u00e7\u00f5es Sociais, N\u00fabia Lopes, do governador Rafael Fonteles, do Ministro do MDHC, Silvio Almeida, entre outras autoridades. No mesmo ato foi aberta a V Confer\u00eancia Estadual dos Direitos da Pessoa com Defici\u00eancia. O Piau\u00ed foi o primeiro estado a assinar a ades\u00e3o ao programa&hellip;<\/p>\n","category_list_v2":"<a href=\"https:\/\/portal.pi.gov.br\/seres\/category\/noticias\/\" rel=\"category tag\">Not\u00edcias<\/a>","author_info_v2":{"name":"natalina","url":"https:\/\/portal.pi.gov.br\/seres\/author\/natalina\/"},"comments_num_v2":"0 coment\u00e1rio","jetpack_featured_media_url":"https:\/\/portal.pi.gov.br\/seres\/wp-content\/uploads\/sites\/87\/2024\/03\/WhatsApp-Image-2024-03-25-at-19.22.38-scaled.jpeg","_links":{"self":[{"href":"https:\/\/portal.pi.gov.br\/seres\/wp-json\/wp\/v2\/posts\/2215"}],"collection":[{"href":"https:\/\/portal.pi.gov.br\/seres\/wp-json\/wp\/v2\/posts"}],"about":[{"href":"https:\/\/portal.pi.gov.br\/seres\/wp-json\/wp\/v2\/types\/post"}],"author":[{"embeddable":true,"href":"https:\/\/portal.pi.gov.br\/seres\/wp-json\/wp\/v2\/users\/1748"}],"replies":[{"embeddable":true,"href":"https:\/\/portal.pi.gov.br\/seres\/wp-json\/wp\/v2\/comments?post=2215"}],"version-history":[{"count":2,"href":"https:\/\/portal.pi.gov.br\/seres\/wp-json\/wp\/v2\/posts\/2215\/revisions"}],"predecessor-version":[{"id":2220,"href":"https:\/\/portal.pi.gov.br\/seres\/wp-json\/wp\/v2\/posts\/2215\/revisions\/2220"}],"wp:featuredmedia":[{"embeddable":true,"href":"https:\/\/portal.pi.gov.br\/seres\/wp-json\/wp\/v2\/media\/2218"}],"wp:attachment":[{"href":"https:\/\/portal.pi.gov.br\/seres\/wp-json\/wp\/v2\/media?parent=2215"}],"wp:term":[{"taxonomy":"category","embeddable":true,"href":"https:\/\/portal.pi.gov.br\/seres\/wp-json\/wp\/v2\/categories?post=2215"},{"taxonomy":"post_tag","embeddable":true,"href":"https:\/\/portal.pi.gov.br\/seres\/wp-json\/wp\/v2\/tags?post=2215"}],"curies":[{"name":"wp","href":"https:\/\/api.w.org\/{rel}","templated":true}]}}