{"id":2243,"date":"2024-04-08T22:36:00","date_gmt":"2024-04-09T01:36:00","guid":{"rendered":"https:\/\/portal.pi.gov.br\/seres\/?p=2243"},"modified":"2024-04-09T08:38:04","modified_gmt":"2024-04-09T11:38:04","slug":"em-palestra-rafael-fonteles-diz-que-novo-piaui-vira-das-novas-tecnologias-e-desenvolvimento","status":"publish","type":"post","link":"https:\/\/portal.pi.gov.br\/seres\/2024\/04\/08\/em-palestra-rafael-fonteles-diz-que-novo-piaui-vira-das-novas-tecnologias-e-desenvolvimento\/","title":{"rendered":"Em palestra, Rafael Fonteles diz que novo Piau\u00ed vir\u00e1 das novas tecnologias e desenvolvimento"},"content":{"rendered":"\n<p>O governador Rafael Fonteles ministrou nesta segunda-feira (8), no Centro de Conven\u00e7\u00f5es de Teresina, a palestra \u201cDiretrizes para o Desenvolvimento de Longo Prazo do Estado do Piau\u00ed (DDLPI)&#8221;. A secret\u00e1ria N\u00fabia Lopes, equipe da Seres, representantes de diferentes institui\u00e7\u00f5es e do setor produtivo, pol\u00edticos e l\u00edderes sociais compareceram \u00e0 apresenta\u00e7\u00e3o que mostrou um novo Piau\u00ed de oportunidades e potencialidades, de forma a atrair novos investimentos. O audit\u00f3rio ficou totalmente ocupado, com mais de mil e duzentas pessoas.<\/p>\n\n\n<div class=\"wp-block-image\">\n<figure class=\"aligncenter size-large is-resized\"><img decoding=\"async\" loading=\"lazy\" src=\"https:\/\/portal.pi.gov.br\/seres\/wp-content\/uploads\/sites\/87\/2024\/04\/WhatsApp-Image-2024-04-08-at-22.29.26-1-1024x682.jpeg\" alt=\"\" class=\"wp-image-2249\" width=\"490\" height=\"326\" srcset=\"https:\/\/portal.pi.gov.br\/seres\/wp-content\/uploads\/sites\/87\/2024\/04\/WhatsApp-Image-2024-04-08-at-22.29.26-1-1024x682.jpeg 1024w, https:\/\/portal.pi.gov.br\/seres\/wp-content\/uploads\/sites\/87\/2024\/04\/WhatsApp-Image-2024-04-08-at-22.29.26-1-300x200.jpeg 300w, https:\/\/portal.pi.gov.br\/seres\/wp-content\/uploads\/sites\/87\/2024\/04\/WhatsApp-Image-2024-04-08-at-22.29.26-1-768x512.jpeg 768w, https:\/\/portal.pi.gov.br\/seres\/wp-content\/uploads\/sites\/87\/2024\/04\/WhatsApp-Image-2024-04-08-at-22.29.26-1-420x280.jpeg 420w, https:\/\/portal.pi.gov.br\/seres\/wp-content\/uploads\/sites\/87\/2024\/04\/WhatsApp-Image-2024-04-08-at-22.29.26-1-540x360.jpeg 540w, https:\/\/portal.pi.gov.br\/seres\/wp-content\/uploads\/sites\/87\/2024\/04\/WhatsApp-Image-2024-04-08-at-22.29.26-1-780x520.jpeg 780w, https:\/\/portal.pi.gov.br\/seres\/wp-content\/uploads\/sites\/87\/2024\/04\/WhatsApp-Image-2024-04-08-at-22.29.26-1-1536x1024.jpeg 1536w, https:\/\/portal.pi.gov.br\/seres\/wp-content\/uploads\/sites\/87\/2024\/04\/WhatsApp-Image-2024-04-08-at-22.29.26-1-2048x1365.jpeg 2048w, https:\/\/portal.pi.gov.br\/seres\/wp-content\/uploads\/sites\/87\/2024\/04\/WhatsApp-Image-2024-04-08-at-22.29.26-1-947x631.jpeg 947w, https:\/\/portal.pi.gov.br\/seres\/wp-content\/uploads\/sites\/87\/2024\/04\/WhatsApp-Image-2024-04-08-at-22.29.26-1-624x416.jpeg 624w, https:\/\/portal.pi.gov.br\/seres\/wp-content\/uploads\/sites\/87\/2024\/04\/WhatsApp-Image-2024-04-08-at-22.29.26-1-84x56.jpeg 84w\" sizes=\"(max-width: 490px) 100vw, 490px\" \/><\/figure><\/div>\n\n\n<p>A explana\u00e7\u00e3o foi estruturada em cima de setores econ\u00f4micos, destacando: Agropecu\u00e1ria e Agroind\u00fastria; Energias Renov\u00e1veis e Ind\u00fastria de Produtos Verdes; Minera\u00e7\u00e3o e Ind\u00fastria de Produtos Minerais; Log\u00edstica; Tecnologias da Informa\u00e7\u00e3o e Comunica\u00e7\u00e3o (TICs) e Intelig\u00eancias Artificiais (IAs); Turismo; Servi\u00e7os de Sa\u00fade e Educa\u00e7\u00e3o; Biotecnologia e Bioeconomia; Empreendimentos de Pequeno Porte; Agricultura Familiar; e Economia Criativa. &nbsp;<\/p>\n\n\n<div class=\"wp-block-image\">\n<figure class=\"aligncenter is-resized\"><img decoding=\"async\" loading=\"lazy\" src=\"https:\/\/admin.pi.gov.br\/uploads\/Whats_App_Image_2024_04_08_at_21_34_50_501de092e2.jpeg\" alt=\"WhatsApp Image 2024-04-08 at 21.34.50.jpeg\" width=\"493\" height=\"329\" \/><\/figure><\/div>\n\n\n<p>Fonteles entende que o verdadeiro desenvolvimento socioecon\u00f4mico buscado pelo Piau\u00ed precisa envolver os diversos segmentos que comp\u00f5em a sociedade. &#8220;A nossa grande ambi\u00e7\u00e3o \u00e9 o pleno emprego, a gente ter todas as pessoas na situa\u00e7\u00e3o economicamente ativa trabalhando, como empreendedores ou funcion\u00e1rios, mas que tenha uma renda garantida para ter o sustento da sua fam\u00edlia e uma qualidade de vida maior. Essa \u00e9 a nossa grande obsess\u00e3o. Pra isso temos que focar em \u00e1reas, estrat\u00e9gias e ter premissas que v\u00e3o nortear a conduta dos agentes p\u00fablicos, empresariais, das entidades da sociedade civil, para todo mundo falar a mesma l\u00edngua&#8221;, pontuou o governador.<\/p>\n\n\n<div class=\"wp-block-image\">\n<figure class=\"aligncenter size-large is-resized\"><img decoding=\"async\" loading=\"lazy\" src=\"https:\/\/portal.pi.gov.br\/seres\/wp-content\/uploads\/sites\/87\/2024\/04\/WhatsApp-Image-2024-04-08-at-22.30.51-1-1024x683.jpeg\" alt=\"\" class=\"wp-image-2246\" width=\"492\" height=\"328\" srcset=\"https:\/\/portal.pi.gov.br\/seres\/wp-content\/uploads\/sites\/87\/2024\/04\/WhatsApp-Image-2024-04-08-at-22.30.51-1-1024x683.jpeg 1024w, https:\/\/portal.pi.gov.br\/seres\/wp-content\/uploads\/sites\/87\/2024\/04\/WhatsApp-Image-2024-04-08-at-22.30.51-1-300x200.jpeg 300w, https:\/\/portal.pi.gov.br\/seres\/wp-content\/uploads\/sites\/87\/2024\/04\/WhatsApp-Image-2024-04-08-at-22.30.51-1-768x512.jpeg 768w, https:\/\/portal.pi.gov.br\/seres\/wp-content\/uploads\/sites\/87\/2024\/04\/WhatsApp-Image-2024-04-08-at-22.30.51-1-420x280.jpeg 420w, https:\/\/portal.pi.gov.br\/seres\/wp-content\/uploads\/sites\/87\/2024\/04\/WhatsApp-Image-2024-04-08-at-22.30.51-1-540x360.jpeg 540w, https:\/\/portal.pi.gov.br\/seres\/wp-content\/uploads\/sites\/87\/2024\/04\/WhatsApp-Image-2024-04-08-at-22.30.51-1-780x520.jpeg 780w, https:\/\/portal.pi.gov.br\/seres\/wp-content\/uploads\/sites\/87\/2024\/04\/WhatsApp-Image-2024-04-08-at-22.30.51-1-1536x1024.jpeg 1536w, https:\/\/portal.pi.gov.br\/seres\/wp-content\/uploads\/sites\/87\/2024\/04\/WhatsApp-Image-2024-04-08-at-22.30.51-1-947x631.jpeg 947w, https:\/\/portal.pi.gov.br\/seres\/wp-content\/uploads\/sites\/87\/2024\/04\/WhatsApp-Image-2024-04-08-at-22.30.51-1-624x416.jpeg 624w, https:\/\/portal.pi.gov.br\/seres\/wp-content\/uploads\/sites\/87\/2024\/04\/WhatsApp-Image-2024-04-08-at-22.30.51-1-84x56.jpeg 84w, https:\/\/portal.pi.gov.br\/seres\/wp-content\/uploads\/sites\/87\/2024\/04\/WhatsApp-Image-2024-04-08-at-22.30.51-1.jpeg 1599w\" sizes=\"(max-width: 492px) 100vw, 492px\" \/><\/figure><\/div>\n\n\n<p>Os resultados das miss\u00f5es internacionais lideradas pelo chefe do Executivo Estadual tamb\u00e9m foram destacados, enfatizando a abertura econ\u00f4mica do Piau\u00ed para o mercado estrangeiro. Ao longo de oito viagens desde o in\u00edcio de sua gest\u00e3o, Rafael apresentou as riquezas e diferenciais do Piau\u00ed para investidores, empres\u00e1rios e empreendedores.<\/p>\n\n\n<div class=\"wp-block-image\">\n<figure class=\"aligncenter size-large is-resized\"><img decoding=\"async\" loading=\"lazy\" src=\"https:\/\/portal.pi.gov.br\/seres\/wp-content\/uploads\/sites\/87\/2024\/04\/WhatsApp-Image-2024-04-08-at-18.57.10-1024x768.jpeg\" alt=\"\" class=\"wp-image-2244\" width=\"497\" height=\"373\" srcset=\"https:\/\/portal.pi.gov.br\/seres\/wp-content\/uploads\/sites\/87\/2024\/04\/WhatsApp-Image-2024-04-08-at-18.57.10-1024x768.jpeg 1024w, https:\/\/portal.pi.gov.br\/seres\/wp-content\/uploads\/sites\/87\/2024\/04\/WhatsApp-Image-2024-04-08-at-18.57.10-300x225.jpeg 300w, https:\/\/portal.pi.gov.br\/seres\/wp-content\/uploads\/sites\/87\/2024\/04\/WhatsApp-Image-2024-04-08-at-18.57.10-768x576.jpeg 768w, https:\/\/portal.pi.gov.br\/seres\/wp-content\/uploads\/sites\/87\/2024\/04\/WhatsApp-Image-2024-04-08-at-18.57.10-420x315.jpeg 420w, https:\/\/portal.pi.gov.br\/seres\/wp-content\/uploads\/sites\/87\/2024\/04\/WhatsApp-Image-2024-04-08-at-18.57.10-540x405.jpeg 540w, https:\/\/portal.pi.gov.br\/seres\/wp-content\/uploads\/sites\/87\/2024\/04\/WhatsApp-Image-2024-04-08-at-18.57.10-780x585.jpeg 780w, https:\/\/portal.pi.gov.br\/seres\/wp-content\/uploads\/sites\/87\/2024\/04\/WhatsApp-Image-2024-04-08-at-18.57.10-1536x1152.jpeg 1536w, https:\/\/portal.pi.gov.br\/seres\/wp-content\/uploads\/sites\/87\/2024\/04\/WhatsApp-Image-2024-04-08-at-18.57.10-947x710.jpeg 947w, https:\/\/portal.pi.gov.br\/seres\/wp-content\/uploads\/sites\/87\/2024\/04\/WhatsApp-Image-2024-04-08-at-18.57.10-624x468.jpeg 624w, https:\/\/portal.pi.gov.br\/seres\/wp-content\/uploads\/sites\/87\/2024\/04\/WhatsApp-Image-2024-04-08-at-18.57.10.jpeg 1600w\" sizes=\"(max-width: 497px) 100vw, 497px\" \/><\/figure><\/div>\n\n\n<p>As viagens atra\u00edram parcerias e investimentos nas mais diversas \u00e1reas, com destaque para os dois dos maiores projetos de Hidrog\u00eanio Verde do mundo, que ser\u00e3o instalados em Parna\u00edba, no litoral piauiense. Ao todo, mais de R$ 100 bilh\u00f5es ser\u00e3o investidos, que prometem alavancar a economia local e gerar emprego e renda \u00e0 popula\u00e7\u00e3o.<\/p>\n\n\n<div class=\"wp-block-image\">\n<figure class=\"aligncenter size-large is-resized\"><img decoding=\"async\" loading=\"lazy\" src=\"https:\/\/portal.pi.gov.br\/seres\/wp-content\/uploads\/sites\/87\/2024\/04\/WhatsApp-Image-2024-04-08-at-20.53.46-1024x683.jpeg\" alt=\"\" class=\"wp-image-2252\" width=\"496\" height=\"331\" srcset=\"https:\/\/portal.pi.gov.br\/seres\/wp-content\/uploads\/sites\/87\/2024\/04\/WhatsApp-Image-2024-04-08-at-20.53.46-1024x683.jpeg 1024w, https:\/\/portal.pi.gov.br\/seres\/wp-content\/uploads\/sites\/87\/2024\/04\/WhatsApp-Image-2024-04-08-at-20.53.46-300x200.jpeg 300w, https:\/\/portal.pi.gov.br\/seres\/wp-content\/uploads\/sites\/87\/2024\/04\/WhatsApp-Image-2024-04-08-at-20.53.46-768x512.jpeg 768w, https:\/\/portal.pi.gov.br\/seres\/wp-content\/uploads\/sites\/87\/2024\/04\/WhatsApp-Image-2024-04-08-at-20.53.46-420x280.jpeg 420w, https:\/\/portal.pi.gov.br\/seres\/wp-content\/uploads\/sites\/87\/2024\/04\/WhatsApp-Image-2024-04-08-at-20.53.46-540x360.jpeg 540w, https:\/\/portal.pi.gov.br\/seres\/wp-content\/uploads\/sites\/87\/2024\/04\/WhatsApp-Image-2024-04-08-at-20.53.46-780x520.jpeg 780w, https:\/\/portal.pi.gov.br\/seres\/wp-content\/uploads\/sites\/87\/2024\/04\/WhatsApp-Image-2024-04-08-at-20.53.46-1536x1024.jpeg 1536w, https:\/\/portal.pi.gov.br\/seres\/wp-content\/uploads\/sites\/87\/2024\/04\/WhatsApp-Image-2024-04-08-at-20.53.46-2048x1366.jpeg 2048w, https:\/\/portal.pi.gov.br\/seres\/wp-content\/uploads\/sites\/87\/2024\/04\/WhatsApp-Image-2024-04-08-at-20.53.46-947x631.jpeg 947w, https:\/\/portal.pi.gov.br\/seres\/wp-content\/uploads\/sites\/87\/2024\/04\/WhatsApp-Image-2024-04-08-at-20.53.46-624x416.jpeg 624w, https:\/\/portal.pi.gov.br\/seres\/wp-content\/uploads\/sites\/87\/2024\/04\/WhatsApp-Image-2024-04-08-at-20.53.46-84x56.jpeg 84w\" sizes=\"(max-width: 496px) 100vw, 496px\" \/><\/figure><\/div>\n\n\n<p>Durante o evento foram divulgados tamb\u00e9m os primeiros impactos do PRO Piau\u00ed 10 e PRO Piau\u00ed 100. O primeiro programa prev\u00ea um aporte de R$ 10 bilh\u00f5es de investimento p\u00fablico, enquanto o segundo visa atrair investimentos privados, alavancados pelos aportes p\u00fablicos, com expectativa de captar mais de R$ 100 bilh\u00f5es do setor privado at\u00e9 2026.<\/p>\n\n\n\n<p>&#8220;O governador quer mostrar todos os projetos em curso. Ele lan\u00e7ou no ano passado ainda o programa Pro Piau\u00ed 100 e 10. A ideia \u00e9 trazer as primeiras empresas que j\u00e1 foram anunciadas&#8221; disse o presidente da Investe Piau\u00ed, Victor Hugo Almeida.<\/p>\n\n\n<div class=\"wp-block-image\">\n<figure class=\"aligncenter is-resized\"><img decoding=\"async\" loading=\"lazy\" src=\"https:\/\/admin.pi.gov.br\/uploads\/Whats_App_Image_2024_04_08_at_20_53_44_cdc1e43d04.jpeg\" alt=\"WhatsApp Image 2024-04-08 at 20.53.44.jpeg\" width=\"497\" height=\"331\" \/><\/figure><\/div>\n\n\n<p>Outro eixo de desenvolvimento destacado no evento foi a educa\u00e7\u00e3o. O governo tem refor\u00e7ado investimentos no setor promovendo um choque educacional, baseado, principalmente, na profissionaliza\u00e7\u00e3o da m\u00e3o de obra no ensino m\u00e9dio. <\/p>\n","protected":false},"excerpt":{"rendered":"<p>O governador Rafael Fonteles ministrou nesta segunda-feira (8), no Centro de Conven\u00e7\u00f5es de Teresina, a palestra \u201cDiretrizes para o Desenvolvimento de Longo Prazo do Estado do Piau\u00ed (DDLPI)&#8221;. A secret\u00e1ria [&hellip;]<\/p>\n","protected":false},"author":1748,"featured_media":2246,"comment_status":"closed","ping_status":"closed","sticky":false,"template":"","format":"standard","meta":[],"categories":[34],"tags":[47,41],"featured_image_urls":{"full":["https:\/\/portal.pi.gov.br\/seres\/wp-content\/uploads\/sites\/87\/2024\/04\/WhatsApp-Image-2024-04-08-at-22.30.51-1.jpeg",1599,1066,false],"thumbnail":["https:\/\/portal.pi.gov.br\/seres\/wp-content\/uploads\/sites\/87\/2024\/04\/WhatsApp-Image-2024-04-08-at-22.30.51-1-150x150.jpeg",150,150,true],"medium":["https:\/\/portal.pi.gov.br\/seres\/wp-content\/uploads\/sites\/87\/2024\/04\/WhatsApp-Image-2024-04-08-at-22.30.51-1-300x200.jpeg",300,200,true],"medium_large":["https:\/\/portal.pi.gov.br\/seres\/wp-content\/uploads\/sites\/87\/2024\/04\/WhatsApp-Image-2024-04-08-at-22.30.51-1-768x512.jpeg",768,512,true],"large":["https:\/\/portal.pi.gov.br\/seres\/wp-content\/uploads\/sites\/87\/2024\/04\/WhatsApp-Image-2024-04-08-at-22.30.51-1-1024x683.jpeg",887,592,true],"sgg-420":["https:\/\/portal.pi.gov.br\/seres\/wp-content\/uploads\/sites\/87\/2024\/04\/WhatsApp-Image-2024-04-08-at-22.30.51-1-420x280.jpeg",420,280,true],"sgg-540":["https:\/\/portal.pi.gov.br\/seres\/wp-content\/uploads\/sites\/87\/2024\/04\/WhatsApp-Image-2024-04-08-at-22.30.51-1-540x360.jpeg",540,360,true],"sgg-780":["https:\/\/portal.pi.gov.br\/seres\/wp-content\/uploads\/sites\/87\/2024\/04\/WhatsApp-Image-2024-04-08-at-22.30.51-1-780x520.jpeg",780,520,true],"1536x1536":["https:\/\/portal.pi.gov.br\/seres\/wp-content\/uploads\/sites\/87\/2024\/04\/WhatsApp-Image-2024-04-08-at-22.30.51-1-1536x1024.jpeg",1536,1024,true],"2048x2048":["https:\/\/portal.pi.gov.br\/seres\/wp-content\/uploads\/sites\/87\/2024\/04\/WhatsApp-Image-2024-04-08-at-22.30.51-1.jpeg",1599,1066,false],"homepage-slider":["https:\/\/portal.pi.gov.br\/seres\/wp-content\/uploads\/sites\/87\/2024\/04\/WhatsApp-Image-2024-04-08-at-22.30.51-1-1270x500.jpeg",1270,500,true],"homepage-slider-small":["https:\/\/portal.pi.gov.br\/seres\/wp-content\/uploads\/sites\/87\/2024\/04\/WhatsApp-Image-2024-04-08-at-22.30.51-1-947x500.jpeg",947,500,true],"page-top":["https:\/\/portal.pi.gov.br\/seres\/wp-content\/uploads\/sites\/87\/2024\/04\/WhatsApp-Image-2024-04-08-at-22.30.51-1-947x631.jpeg",947,631,true],"page-small":["https:\/\/portal.pi.gov.br\/seres\/wp-content\/uploads\/sites\/87\/2024\/04\/WhatsApp-Image-2024-04-08-at-22.30.51-1-624x416.jpeg",624,416,true],"loop-main":["https:\/\/portal.pi.gov.br\/seres\/wp-content\/uploads\/sites\/87\/2024\/04\/WhatsApp-Image-2024-04-08-at-22.30.51-1-365x240.jpeg",365,240,true],"thumb-gallery-widget":["https:\/\/portal.pi.gov.br\/seres\/wp-content\/uploads\/sites\/87\/2024\/04\/WhatsApp-Image-2024-04-08-at-22.30.51-1-84x56.jpeg",84,56,true]},"post_excerpt_stackable":"<p>O governador Rafael Fonteles ministrou nesta segunda-feira (8), no Centro de Conven\u00e7\u00f5es de Teresina, a palestra \u201cDiretrizes para o Desenvolvimento de Longo Prazo do Estado do Piau\u00ed (DDLPI)&#8221;. A secret\u00e1ria N\u00fabia Lopes, equipe da Seres, representantes de diferentes institui\u00e7\u00f5es e do setor produtivo, pol\u00edticos e l\u00edderes sociais compareceram \u00e0 apresenta\u00e7\u00e3o que mostrou um novo Piau\u00ed de oportunidades e potencialidades, de forma a atrair novos investimentos. O audit\u00f3rio ficou totalmente ocupado, com mais de mil e duzentas pessoas. A explana\u00e7\u00e3o foi estruturada em cima de setores econ\u00f4micos, destacando: Agropecu\u00e1ria e Agroind\u00fastria; Energias Renov\u00e1veis e Ind\u00fastria de Produtos Verdes; Minera\u00e7\u00e3o e Ind\u00fastria&hellip;<\/p>\n","category_list":"<a href=\"https:\/\/portal.pi.gov.br\/seres\/category\/noticias\/\" rel=\"category tag\">Not\u00edcias<\/a>","author_info":{"name":"natalina","url":"https:\/\/portal.pi.gov.br\/seres\/author\/natalina\/"},"comments_num":"0 coment\u00e1rio","featured_image_urls_v2":{"full":["https:\/\/portal.pi.gov.br\/seres\/wp-content\/uploads\/sites\/87\/2024\/04\/WhatsApp-Image-2024-04-08-at-22.30.51-1.jpeg",1599,1066,false],"thumbnail":["https:\/\/portal.pi.gov.br\/seres\/wp-content\/uploads\/sites\/87\/2024\/04\/WhatsApp-Image-2024-04-08-at-22.30.51-1-150x150.jpeg",150,150,true],"medium":["https:\/\/portal.pi.gov.br\/seres\/wp-content\/uploads\/sites\/87\/2024\/04\/WhatsApp-Image-2024-04-08-at-22.30.51-1-300x200.jpeg",300,200,true],"medium_large":["https:\/\/portal.pi.gov.br\/seres\/wp-content\/uploads\/sites\/87\/2024\/04\/WhatsApp-Image-2024-04-08-at-22.30.51-1-768x512.jpeg",768,512,true],"large":["https:\/\/portal.pi.gov.br\/seres\/wp-content\/uploads\/sites\/87\/2024\/04\/WhatsApp-Image-2024-04-08-at-22.30.51-1-1024x683.jpeg",887,592,true],"sgg-420":["https:\/\/portal.pi.gov.br\/seres\/wp-content\/uploads\/sites\/87\/2024\/04\/WhatsApp-Image-2024-04-08-at-22.30.51-1-420x280.jpeg",420,280,true],"sgg-540":["https:\/\/portal.pi.gov.br\/seres\/wp-content\/uploads\/sites\/87\/2024\/04\/WhatsApp-Image-2024-04-08-at-22.30.51-1-540x360.jpeg",540,360,true],"sgg-780":["https:\/\/portal.pi.gov.br\/seres\/wp-content\/uploads\/sites\/87\/2024\/04\/WhatsApp-Image-2024-04-08-at-22.30.51-1-780x520.jpeg",780,520,true],"1536x1536":["https:\/\/portal.pi.gov.br\/seres\/wp-content\/uploads\/sites\/87\/2024\/04\/WhatsApp-Image-2024-04-08-at-22.30.51-1-1536x1024.jpeg",1536,1024,true],"2048x2048":["https:\/\/portal.pi.gov.br\/seres\/wp-content\/uploads\/sites\/87\/2024\/04\/WhatsApp-Image-2024-04-08-at-22.30.51-1.jpeg",1599,1066,false],"homepage-slider":["https:\/\/portal.pi.gov.br\/seres\/wp-content\/uploads\/sites\/87\/2024\/04\/WhatsApp-Image-2024-04-08-at-22.30.51-1-1270x500.jpeg",1270,500,true],"homepage-slider-small":["https:\/\/portal.pi.gov.br\/seres\/wp-content\/uploads\/sites\/87\/2024\/04\/WhatsApp-Image-2024-04-08-at-22.30.51-1-947x500.jpeg",947,500,true],"page-top":["https:\/\/portal.pi.gov.br\/seres\/wp-content\/uploads\/sites\/87\/2024\/04\/WhatsApp-Image-2024-04-08-at-22.30.51-1-947x631.jpeg",947,631,true],"page-small":["https:\/\/portal.pi.gov.br\/seres\/wp-content\/uploads\/sites\/87\/2024\/04\/WhatsApp-Image-2024-04-08-at-22.30.51-1-624x416.jpeg",624,416,true],"loop-main":["https:\/\/portal.pi.gov.br\/seres\/wp-content\/uploads\/sites\/87\/2024\/04\/WhatsApp-Image-2024-04-08-at-22.30.51-1-365x240.jpeg",365,240,true],"thumb-gallery-widget":["https:\/\/portal.pi.gov.br\/seres\/wp-content\/uploads\/sites\/87\/2024\/04\/WhatsApp-Image-2024-04-08-at-22.30.51-1-84x56.jpeg",84,56,true]},"post_excerpt_stackable_v2":"<p>O governador Rafael Fonteles ministrou nesta segunda-feira (8), no Centro de Conven\u00e7\u00f5es de Teresina, a palestra \u201cDiretrizes para o Desenvolvimento de Longo Prazo do Estado do Piau\u00ed (DDLPI)&#8221;. A secret\u00e1ria N\u00fabia Lopes, equipe da Seres, representantes de diferentes institui\u00e7\u00f5es e do setor produtivo, pol\u00edticos e l\u00edderes sociais compareceram \u00e0 apresenta\u00e7\u00e3o que mostrou um novo Piau\u00ed de oportunidades e potencialidades, de forma a atrair novos investimentos. O audit\u00f3rio ficou totalmente ocupado, com mais de mil e duzentas pessoas. A explana\u00e7\u00e3o foi estruturada em cima de setores econ\u00f4micos, destacando: Agropecu\u00e1ria e Agroind\u00fastria; Energias Renov\u00e1veis e Ind\u00fastria de Produtos Verdes; Minera\u00e7\u00e3o e Ind\u00fastria&hellip;<\/p>\n","category_list_v2":"<a href=\"https:\/\/portal.pi.gov.br\/seres\/category\/noticias\/\" rel=\"category tag\">Not\u00edcias<\/a>","author_info_v2":{"name":"natalina","url":"https:\/\/portal.pi.gov.br\/seres\/author\/natalina\/"},"comments_num_v2":"0 coment\u00e1rio","jetpack_featured_media_url":"https:\/\/portal.pi.gov.br\/seres\/wp-content\/uploads\/sites\/87\/2024\/04\/WhatsApp-Image-2024-04-08-at-22.30.51-1.jpeg","_links":{"self":[{"href":"https:\/\/portal.pi.gov.br\/seres\/wp-json\/wp\/v2\/posts\/2243"}],"collection":[{"href":"https:\/\/portal.pi.gov.br\/seres\/wp-json\/wp\/v2\/posts"}],"about":[{"href":"https:\/\/portal.pi.gov.br\/seres\/wp-json\/wp\/v2\/types\/post"}],"author":[{"embeddable":true,"href":"https:\/\/portal.pi.gov.br\/seres\/wp-json\/wp\/v2\/users\/1748"}],"replies":[{"embeddable":true,"href":"https:\/\/portal.pi.gov.br\/seres\/wp-json\/wp\/v2\/comments?post=2243"}],"version-history":[{"count":1,"href":"https:\/\/portal.pi.gov.br\/seres\/wp-json\/wp\/v2\/posts\/2243\/revisions"}],"predecessor-version":[{"id":2255,"href":"https:\/\/portal.pi.gov.br\/seres\/wp-json\/wp\/v2\/posts\/2243\/revisions\/2255"}],"wp:featuredmedia":[{"embeddable":true,"href":"https:\/\/portal.pi.gov.br\/seres\/wp-json\/wp\/v2\/media\/2246"}],"wp:attachment":[{"href":"https:\/\/portal.pi.gov.br\/seres\/wp-json\/wp\/v2\/media?parent=2243"}],"wp:term":[{"taxonomy":"category","embeddable":true,"href":"https:\/\/portal.pi.gov.br\/seres\/wp-json\/wp\/v2\/categories?post=2243"},{"taxonomy":"post_tag","embeddable":true,"href":"https:\/\/portal.pi.gov.br\/seres\/wp-json\/wp\/v2\/tags?post=2243"}],"curies":[{"name":"wp","href":"https:\/\/api.w.org\/{rel}","templated":true}]}}