{"id":2256,"date":"2024-04-11T11:53:00","date_gmt":"2024-04-11T14:53:00","guid":{"rendered":"https:\/\/portal.pi.gov.br\/seres\/?p=2256"},"modified":"2024-04-12T10:15:21","modified_gmt":"2024-04-12T13:15:21","slug":"secretaria-nubia-lopes-e-equipe-da-seres-participam-da-i-conferencia-de-migracoes-refugio-e-apatridia-do-piaui","status":"publish","type":"post","link":"https:\/\/portal.pi.gov.br\/seres\/2024\/04\/11\/secretaria-nubia-lopes-e-equipe-da-seres-participam-da-i-conferencia-de-migracoes-refugio-e-apatridia-do-piaui\/","title":{"rendered":"Secret\u00e1ria N\u00fabia Lopes e equipe da Seres participam da I Confer\u00eancia de Migra\u00e7\u00f5es, Ref\u00fagio e Apatridia do Piau\u00ed"},"content":{"rendered":"\n<p>A secret\u00e1ria das Rela\u00e7\u00f5es Sociais, N\u00fabia Lopes, participou da mesa de abertura da I Confer\u00eancia de Migra\u00e7\u00f5es, Ref\u00fagio e Apatridia do Estado do Piau\u00ed promovida pela Secretaria da Assist\u00eancia Social, Trabalho e Direitos Humanos (Sasc), nesta quinta-feira (11). Com o tema &#8220;Cidadania e Movimento&#8221;, o evento contou com a participa\u00e7\u00e3o de representante do Minist\u00e9rio da Justi\u00e7a e da Ag\u00eancia da ONU para Refugiados, a ACNUR.<\/p>\n\n\n\n<p>Regina Sousa, secret\u00e1ria da Sasc, agradeceu a presen\u00e7a dos convidados e destacou a import\u00e2ncia de se discutir pol\u00edticas p\u00fablicas para os migrantes, refugiados e apatridia. No caso do Piau\u00ed, os Warao, que est\u00e3o no Estado desde 2019 recebendo assist\u00eancia dos governos municipal, estadual e federal.<\/p>\n\n\n<div class=\"wp-block-image\">\n<figure class=\"aligncenter is-resized\"><img decoding=\"async\" loading=\"lazy\" src=\"https:\/\/admin.pi.gov.br\/uploads\/14_31cea276ac.jpeg\" alt=\"14.jpeg\" width=\"439\" height=\"329\" \/><\/figure><\/div>\n\n\n<p>A secret\u00e1ria N\u00fabia Lopes ressaltou a necessidade de pol\u00edticas p\u00fablicas. &#8220;Precisamos avan\u00e7ar para elaborar e para poder executar, de fato, as pol\u00edticas de educa\u00e7\u00e3o, da cultura e tantas outras. Falamos com a comunidade venezuelana do Waron para a solu\u00e7\u00e3o dos problemas que aparecem. Os desafios v\u00e3o sempre ocorrer, a solu\u00e7\u00e3o vamos construir juntos&#8221;, destacou.<\/p>\n\n\n<div class=\"wp-block-image\">\n<figure class=\"aligncenter size-full is-resized\"><img decoding=\"async\" loading=\"lazy\" src=\"https:\/\/portal.pi.gov.br\/seres\/wp-content\/uploads\/sites\/87\/2024\/04\/nu.png\" alt=\"\" class=\"wp-image-2257\" width=\"443\" height=\"327\" srcset=\"https:\/\/portal.pi.gov.br\/seres\/wp-content\/uploads\/sites\/87\/2024\/04\/nu.png 591w, https:\/\/portal.pi.gov.br\/seres\/wp-content\/uploads\/sites\/87\/2024\/04\/nu-300x222.png 300w, https:\/\/portal.pi.gov.br\/seres\/wp-content\/uploads\/sites\/87\/2024\/04\/nu-420x311.png 420w, https:\/\/portal.pi.gov.br\/seres\/wp-content\/uploads\/sites\/87\/2024\/04\/nu-540x399.png 540w\" sizes=\"(max-width: 443px) 100vw, 443px\" \/><\/figure><\/div>\n\n\n<p>A superintendente dos Direitos Humanos da Sasc, S\u00f4nia Terra, refor\u00e7a o papel das pol\u00edticas dos migrantes. &#8220;O Piau\u00ed inicia um processo de discuss\u00e3o das pol\u00edticas relacionadas a migrantes. Ampliar essas pol\u00edticas dentro de uma diretriz nacional, apresentando as demandas que a gente tem nos estados, os nossos avan\u00e7os, mas tamb\u00e9m os nossos desafios&#8221;, defendeu.<\/p>\n\n\n\n<p><\/p>\n\n\n<div class=\"wp-block-image\">\n<figure class=\"aligncenter is-resized\"><img decoding=\"async\" loading=\"lazy\" src=\"https:\/\/admin.pi.gov.br\/uploads\/12_fc5166ac17.jpeg\" alt=\"\" width=\"438\" height=\"329\" \/><\/figure><\/div>\n\n\n<p>No evento, ocorreu a cria\u00e7\u00e3o de grupos de trabalho, debates, elei\u00e7\u00e3o dos delegados(as), vota\u00e7\u00e3o das propostas apresentadas seguida do encerramento. Youini Blanco, um dos representantes do povo Warao, comentou sobre a import\u00e2ncia da confer\u00eancia. &#8220;\u00c9 importante debater sobre essas demandas, as necessidades do povo Warao, casa, trabalho e que nossas crian\u00e7as possam estar em uma escola. Hoje \u00e9 um dia muito importante para n\u00f3s&#8221;, afirmou<\/p>\n\n\n\n<p>Rayssa Cavalcante, representante do minist\u00e9rio da Justi\u00e7a, refor\u00e7ou o papel da migra\u00e7\u00e3o no pa\u00eds. &#8220;As migra\u00e7\u00f5es t\u00eam um papel important\u00edssimo na diversidade cultural, na diversidade dos povos e na pr\u00f3pria quest\u00e3o da economia dentro do territ\u00f3rio brasileiro e fora tamb\u00e9m. Ent\u00e3o, acho que o primeiro ponto \u00e9 a mudan\u00e7a do pensamento, a mudan\u00e7a de paradigma, \u00e9 tirar o tema das migra\u00e7\u00f5es de um tema de defesa nacional e de amea\u00e7a \u00e0 soberania, sobre a linha nacional, mas trazer para o aspecto de prote\u00e7\u00e3o aos direitos humanos e de inclus\u00e3o social&#8221;, pontuou.<\/p>\n\n\n<div class=\"wp-block-image\">\n<figure class=\"aligncenter is-resized\"><img decoding=\"async\" loading=\"lazy\" src=\"https:\/\/admin.pi.gov.br\/uploads\/05_74c6c19a83.jpeg\" alt=\"05.jpeg\" width=\"466\" height=\"349\" \/><\/figure><\/div>","protected":false},"excerpt":{"rendered":"<p>A secret\u00e1ria das Rela\u00e7\u00f5es Sociais, N\u00fabia Lopes, participou da mesa de abertura da I Confer\u00eancia de Migra\u00e7\u00f5es, Ref\u00fagio e Apatridia do Estado do Piau\u00ed promovida pela Secretaria da Assist\u00eancia Social, [&hellip;]<\/p>\n","protected":false},"author":1748,"featured_media":2260,"comment_status":"closed","ping_status":"closed","sticky":false,"template":"","format":"standard","meta":[],"categories":[34],"tags":[47,41],"featured_image_urls":{"full":["https:\/\/portal.pi.gov.br\/seres\/wp-content\/uploads\/sites\/87\/2024\/04\/nubi-1.png",886,657,false],"thumbnail":["https:\/\/portal.pi.gov.br\/seres\/wp-content\/uploads\/sites\/87\/2024\/04\/nubi-1-150x150.png",150,150,true],"medium":["https:\/\/portal.pi.gov.br\/seres\/wp-content\/uploads\/sites\/87\/2024\/04\/nubi-1-300x222.png",300,222,true],"medium_large":["https:\/\/portal.pi.gov.br\/seres\/wp-content\/uploads\/sites\/87\/2024\/04\/nubi-1-768x569.png",768,569,true],"large":["https:\/\/portal.pi.gov.br\/seres\/wp-content\/uploads\/sites\/87\/2024\/04\/nubi-1.png",886,657,false],"sgg-420":["https:\/\/portal.pi.gov.br\/seres\/wp-content\/uploads\/sites\/87\/2024\/04\/nubi-1-420x311.png",420,311,true],"sgg-540":["https:\/\/portal.pi.gov.br\/seres\/wp-content\/uploads\/sites\/87\/2024\/04\/nubi-1-540x400.png",540,400,true],"sgg-780":["https:\/\/portal.pi.gov.br\/seres\/wp-content\/uploads\/sites\/87\/2024\/04\/nubi-1-780x578.png",780,578,true],"1536x1536":["https:\/\/portal.pi.gov.br\/seres\/wp-content\/uploads\/sites\/87\/2024\/04\/nubi-1.png",886,657,false],"2048x2048":["https:\/\/portal.pi.gov.br\/seres\/wp-content\/uploads\/sites\/87\/2024\/04\/nubi-1.png",886,657,false],"homepage-slider":["https:\/\/portal.pi.gov.br\/seres\/wp-content\/uploads\/sites\/87\/2024\/04\/nubi-1-886x500.png",886,500,true],"homepage-slider-small":["https:\/\/portal.pi.gov.br\/seres\/wp-content\/uploads\/sites\/87\/2024\/04\/nubi-1-886x500.png",886,500,true],"page-top":["https:\/\/portal.pi.gov.br\/seres\/wp-content\/uploads\/sites\/87\/2024\/04\/nubi-1.png",886,657,false],"page-small":["https:\/\/portal.pi.gov.br\/seres\/wp-content\/uploads\/sites\/87\/2024\/04\/nubi-1-624x463.png",624,463,true],"loop-main":["https:\/\/portal.pi.gov.br\/seres\/wp-content\/uploads\/sites\/87\/2024\/04\/nubi-1-365x240.png",365,240,true],"thumb-gallery-widget":["https:\/\/portal.pi.gov.br\/seres\/wp-content\/uploads\/sites\/87\/2024\/04\/nubi-1-84x56.png",84,56,true]},"post_excerpt_stackable":"<p>A secret\u00e1ria das Rela\u00e7\u00f5es Sociais, N\u00fabia Lopes, participou da mesa de abertura da I Confer\u00eancia de Migra\u00e7\u00f5es, Ref\u00fagio e Apatridia do Estado do Piau\u00ed promovida pela Secretaria da Assist\u00eancia Social, Trabalho e Direitos Humanos (Sasc), nesta quinta-feira (11). Com o tema &#8220;Cidadania e Movimento&#8221;, o evento contou com a participa\u00e7\u00e3o de representante do Minist\u00e9rio da Justi\u00e7a e da Ag\u00eancia da ONU para Refugiados, a ACNUR. Regina Sousa, secret\u00e1ria da Sasc, agradeceu a presen\u00e7a dos convidados e destacou a import\u00e2ncia de se discutir pol\u00edticas p\u00fablicas para os migrantes, refugiados e apatridia. No caso do Piau\u00ed, os Warao, que est\u00e3o no Estado&hellip;<\/p>\n","category_list":"<a href=\"https:\/\/portal.pi.gov.br\/seres\/category\/noticias\/\" rel=\"category tag\">Not\u00edcias<\/a>","author_info":{"name":"natalina","url":"https:\/\/portal.pi.gov.br\/seres\/author\/natalina\/"},"comments_num":"0 coment\u00e1rio","featured_image_urls_v2":{"full":["https:\/\/portal.pi.gov.br\/seres\/wp-content\/uploads\/sites\/87\/2024\/04\/nubi-1.png",886,657,false],"thumbnail":["https:\/\/portal.pi.gov.br\/seres\/wp-content\/uploads\/sites\/87\/2024\/04\/nubi-1-150x150.png",150,150,true],"medium":["https:\/\/portal.pi.gov.br\/seres\/wp-content\/uploads\/sites\/87\/2024\/04\/nubi-1-300x222.png",300,222,true],"medium_large":["https:\/\/portal.pi.gov.br\/seres\/wp-content\/uploads\/sites\/87\/2024\/04\/nubi-1-768x569.png",768,569,true],"large":["https:\/\/portal.pi.gov.br\/seres\/wp-content\/uploads\/sites\/87\/2024\/04\/nubi-1.png",886,657,false],"sgg-420":["https:\/\/portal.pi.gov.br\/seres\/wp-content\/uploads\/sites\/87\/2024\/04\/nubi-1-420x311.png",420,311,true],"sgg-540":["https:\/\/portal.pi.gov.br\/seres\/wp-content\/uploads\/sites\/87\/2024\/04\/nubi-1-540x400.png",540,400,true],"sgg-780":["https:\/\/portal.pi.gov.br\/seres\/wp-content\/uploads\/sites\/87\/2024\/04\/nubi-1-780x578.png",780,578,true],"1536x1536":["https:\/\/portal.pi.gov.br\/seres\/wp-content\/uploads\/sites\/87\/2024\/04\/nubi-1.png",886,657,false],"2048x2048":["https:\/\/portal.pi.gov.br\/seres\/wp-content\/uploads\/sites\/87\/2024\/04\/nubi-1.png",886,657,false],"homepage-slider":["https:\/\/portal.pi.gov.br\/seres\/wp-content\/uploads\/sites\/87\/2024\/04\/nubi-1-886x500.png",886,500,true],"homepage-slider-small":["https:\/\/portal.pi.gov.br\/seres\/wp-content\/uploads\/sites\/87\/2024\/04\/nubi-1-886x500.png",886,500,true],"page-top":["https:\/\/portal.pi.gov.br\/seres\/wp-content\/uploads\/sites\/87\/2024\/04\/nubi-1.png",886,657,false],"page-small":["https:\/\/portal.pi.gov.br\/seres\/wp-content\/uploads\/sites\/87\/2024\/04\/nubi-1-624x463.png",624,463,true],"loop-main":["https:\/\/portal.pi.gov.br\/seres\/wp-content\/uploads\/sites\/87\/2024\/04\/nubi-1-365x240.png",365,240,true],"thumb-gallery-widget":["https:\/\/portal.pi.gov.br\/seres\/wp-content\/uploads\/sites\/87\/2024\/04\/nubi-1-84x56.png",84,56,true]},"post_excerpt_stackable_v2":"<p>A secret\u00e1ria das Rela\u00e7\u00f5es Sociais, N\u00fabia Lopes, participou da mesa de abertura da I Confer\u00eancia de Migra\u00e7\u00f5es, Ref\u00fagio e Apatridia do Estado do Piau\u00ed promovida pela Secretaria da Assist\u00eancia Social, Trabalho e Direitos Humanos (Sasc), nesta quinta-feira (11). Com o tema &#8220;Cidadania e Movimento&#8221;, o evento contou com a participa\u00e7\u00e3o de representante do Minist\u00e9rio da Justi\u00e7a e da Ag\u00eancia da ONU para Refugiados, a ACNUR. Regina Sousa, secret\u00e1ria da Sasc, agradeceu a presen\u00e7a dos convidados e destacou a import\u00e2ncia de se discutir pol\u00edticas p\u00fablicas para os migrantes, refugiados e apatridia. No caso do Piau\u00ed, os Warao, que est\u00e3o no Estado&hellip;<\/p>\n","category_list_v2":"<a href=\"https:\/\/portal.pi.gov.br\/seres\/category\/noticias\/\" rel=\"category tag\">Not\u00edcias<\/a>","author_info_v2":{"name":"natalina","url":"https:\/\/portal.pi.gov.br\/seres\/author\/natalina\/"},"comments_num_v2":"0 coment\u00e1rio","jetpack_featured_media_url":"https:\/\/portal.pi.gov.br\/seres\/wp-content\/uploads\/sites\/87\/2024\/04\/nubi-1.png","_links":{"self":[{"href":"https:\/\/portal.pi.gov.br\/seres\/wp-json\/wp\/v2\/posts\/2256"}],"collection":[{"href":"https:\/\/portal.pi.gov.br\/seres\/wp-json\/wp\/v2\/posts"}],"about":[{"href":"https:\/\/portal.pi.gov.br\/seres\/wp-json\/wp\/v2\/types\/post"}],"author":[{"embeddable":true,"href":"https:\/\/portal.pi.gov.br\/seres\/wp-json\/wp\/v2\/users\/1748"}],"replies":[{"embeddable":true,"href":"https:\/\/portal.pi.gov.br\/seres\/wp-json\/wp\/v2\/comments?post=2256"}],"version-history":[{"count":3,"href":"https:\/\/portal.pi.gov.br\/seres\/wp-json\/wp\/v2\/posts\/2256\/revisions"}],"predecessor-version":[{"id":2278,"href":"https:\/\/portal.pi.gov.br\/seres\/wp-json\/wp\/v2\/posts\/2256\/revisions\/2278"}],"wp:featuredmedia":[{"embeddable":true,"href":"https:\/\/portal.pi.gov.br\/seres\/wp-json\/wp\/v2\/media\/2260"}],"wp:attachment":[{"href":"https:\/\/portal.pi.gov.br\/seres\/wp-json\/wp\/v2\/media?parent=2256"}],"wp:term":[{"taxonomy":"category","embeddable":true,"href":"https:\/\/portal.pi.gov.br\/seres\/wp-json\/wp\/v2\/categories?post=2256"},{"taxonomy":"post_tag","embeddable":true,"href":"https:\/\/portal.pi.gov.br\/seres\/wp-json\/wp\/v2\/tags?post=2256"}],"curies":[{"name":"wp","href":"https:\/\/api.w.org\/{rel}","templated":true}]}}