{"id":2279,"date":"2024-04-23T14:48:00","date_gmt":"2024-04-23T17:48:00","guid":{"rendered":"https:\/\/portal.pi.gov.br\/seres\/?p=2279"},"modified":"2024-04-24T11:49:19","modified_gmt":"2024-04-24T14:49:19","slug":"seres-organiza-encontro-da-defesa-civil-com-movimentos-populares","status":"publish","type":"post","link":"https:\/\/portal.pi.gov.br\/seres\/2024\/04\/23\/seres-organiza-encontro-da-defesa-civil-com-movimentos-populares\/","title":{"rendered":"Seres organiza encontro da Defesa Civil com movimentos populares"},"content":{"rendered":"\n<p>A secretaria de Estado das Rela\u00e7\u00f5es Sociais articulou um di\u00e1logo entre a secretaria da Defesa Civil (Sedec), por meio da Diretoria de Preven\u00e7\u00e3o e Mitiga\u00e7\u00e3o, e lideran\u00e7as do Movimento dos Atingidos por Barragens do Piau\u00ed (MAB), nesta ter\u00e7a-feira (23), para apresenta\u00e7\u00e3o de projeto do movimento que prev\u00ea, entre outras a\u00e7\u00f5es, capacita\u00e7\u00e3o para preven\u00e7\u00e3o de riscos aos moradores das comunidades nos arredores de barragens. O encontro aconteceu no audit\u00f3rio da Etipi.<\/p>\n\n\n<div class=\"wp-block-image\">\n<figure class=\"aligncenter is-resized\"><img decoding=\"async\" loading=\"lazy\" src=\"https:\/\/admin.pi.gov.br\/uploads\/Whats_App_Image_2024_04_23_at_13_18_56_2_bce1d859d1.jpeg\" alt=\"WhatsApp Image 2024-04-23 at 13.18.56 (2).jpeg\" width=\"416\" height=\"276\" \/><\/figure><\/div>\n\n\n<p>Segundo o diretor de Preven\u00e7\u00e3o e Mitiga\u00e7\u00e3o da Defesa Civil , Werton Costa, o impacto social do projeto ir\u00e1 alcan\u00e7ar muitas fam\u00edlias. \u201cConsideramos muito importante essa parceria. Discutimos um projeto\u00a0que ter\u00e1 um impacto incr\u00edvel na realidade social das comunidades\u00a0do entorno de barragens, uma parceria com a Defesa Civil, Seres e MAB. Assim, buscamos fomentar um aproveitamento melhor das \u00e1guas das barragens para que elas cumpram sua fun\u00e7\u00e3o social e que, com sustentabilidade, seguran\u00e7a h\u00eddrica e alimentar, possamos impactar positivamente a popula\u00e7\u00e3o piauiense\u201d, contou.<\/p>\n\n\n<div class=\"wp-block-image\">\n<figure class=\"aligncenter is-resized\"><img decoding=\"async\" loading=\"lazy\" src=\"https:\/\/admin.pi.gov.br\/uploads\/Whats_App_Image_2024_04_23_at_13_18_57_506c70d9dd.jpeg\" alt=\"WhatsApp Image 2024-04-23 at 13.18.57.jpeg\" width=\"421\" height=\"280\" \/><\/figure><\/div>\n\n\n<p>A militante do Movimento dos Atingidos por Barragens, Mariana Arouche, ressaltou a import\u00e2ncia do di\u00e1logo. \u201cEsse momento \u00e9 necess\u00e1rio para que possamos construir esse projeto pensando no entorno das barragens e como as fam\u00edlias podem ser beneficiadas com os recursos h\u00eddricos, territoriais, relacionados \u00e0 alimenta\u00e7\u00e3o e outros\u201d, concluiu.<\/p>\n\n\n<div class=\"wp-block-image\">\n<figure class=\"aligncenter is-resized\"><img decoding=\"async\" loading=\"lazy\" src=\"https:\/\/admin.pi.gov.br\/uploads\/Whats_App_Image_2024_04_23_at_13_18_56_a54ea283f9.jpeg\" alt=\"WhatsApp Image 2024-04-23 at 13.18.56.jpeg\" width=\"423\" height=\"281\" \/><\/figure><\/div>\n\n\n<p>O primeiro momento do encontro foi encerrado e, em seguida, com a presen\u00e7a de v\u00e1rias entidades da sociedade civil, a Defesa Civil apresentou a Rede Observacional Colaborativa, que atuar\u00e1 em todo territ\u00f3rio piauiense, discutindo tem\u00e1ticas relacionadas \u00e0s barragens, preven\u00e7\u00e3o aos desastres, prote\u00e7\u00e3o civil e outras pautas.<\/p>\n\n\n<div class=\"wp-block-image\">\n<figure class=\"aligncenter is-resized\"><img decoding=\"async\" loading=\"lazy\" src=\"https:\/\/admin.pi.gov.br\/uploads\/Whats_App_Image_2024_04_23_at_13_18_56_1_9be832f745.jpeg\" alt=\"WhatsApp Image 2024-04-23 at 13.18.56 (1).jpeg\" width=\"426\" height=\"283\" \/><\/figure><\/div>\n\n\n<p>No segundo momento do encontro, a Seres mobilizou associa\u00e7\u00f5es e sindicatos para a Defesa Civil apresentar uma proposta de monitoramento colaborativo e participativo. Segundo Werton Costa, o processo de prote\u00e7\u00e3o e defesa civil n\u00e3o pode ser feito apenas pela via institucional, \u00e9 necess\u00e1rio contemplar a sociedade e \u00e9 por isso que a lei federal estabelece que defesa civil \u00e9 uma estrutura triangular e intersetorial, que envolve poder p\u00fablico, agentes privados e sociedade. &#8220;Pensando nisso e na realidade do Piau\u00ed, em que nossos desastres est\u00e3o vinculados ao per\u00edodo chuvoso ou ao per\u00edodo seco, e considerando tamb\u00e9m que os mais atingidos s\u00e3o as comunidades mais vulner\u00e1veis, geralmente popula\u00e7\u00f5es ribeiras \u00e0 margem de rios e de morros, n\u00f3s elaboramos uma proposta de monitoramento colaborativo e participativo que envolve os movimentos sociais&#8221;, explicou<\/p>\n\n\n<div class=\"wp-block-image\">\n<figure class=\"aligncenter size-large is-resized\"><img decoding=\"async\" loading=\"lazy\" src=\"https:\/\/portal.pi.gov.br\/seres\/wp-content\/uploads\/sites\/87\/2024\/04\/WhatsApp-Image-2024-04-23-at-21.19.44-1024x768.jpeg\" alt=\"\" class=\"wp-image-2280\" width=\"432\" height=\"324\" srcset=\"https:\/\/portal.pi.gov.br\/seres\/wp-content\/uploads\/sites\/87\/2024\/04\/WhatsApp-Image-2024-04-23-at-21.19.44-1024x768.jpeg 1024w, https:\/\/portal.pi.gov.br\/seres\/wp-content\/uploads\/sites\/87\/2024\/04\/WhatsApp-Image-2024-04-23-at-21.19.44-300x225.jpeg 300w, https:\/\/portal.pi.gov.br\/seres\/wp-content\/uploads\/sites\/87\/2024\/04\/WhatsApp-Image-2024-04-23-at-21.19.44-768x576.jpeg 768w, https:\/\/portal.pi.gov.br\/seres\/wp-content\/uploads\/sites\/87\/2024\/04\/WhatsApp-Image-2024-04-23-at-21.19.44-420x315.jpeg 420w, https:\/\/portal.pi.gov.br\/seres\/wp-content\/uploads\/sites\/87\/2024\/04\/WhatsApp-Image-2024-04-23-at-21.19.44-540x405.jpeg 540w, https:\/\/portal.pi.gov.br\/seres\/wp-content\/uploads\/sites\/87\/2024\/04\/WhatsApp-Image-2024-04-23-at-21.19.44-780x585.jpeg 780w, https:\/\/portal.pi.gov.br\/seres\/wp-content\/uploads\/sites\/87\/2024\/04\/WhatsApp-Image-2024-04-23-at-21.19.44-1536x1152.jpeg 1536w, https:\/\/portal.pi.gov.br\/seres\/wp-content\/uploads\/sites\/87\/2024\/04\/WhatsApp-Image-2024-04-23-at-21.19.44-947x710.jpeg 947w, https:\/\/portal.pi.gov.br\/seres\/wp-content\/uploads\/sites\/87\/2024\/04\/WhatsApp-Image-2024-04-23-at-21.19.44-624x468.jpeg 624w, https:\/\/portal.pi.gov.br\/seres\/wp-content\/uploads\/sites\/87\/2024\/04\/WhatsApp-Image-2024-04-23-at-21.19.44.jpeg 1600w\" sizes=\"(max-width: 432px) 100vw, 432px\" \/><\/figure><\/div>\n\n\n<p>&#8220;N\u00f3s vamos pensar numa plataforma, investir em tecnologias sociais para que as comunidades possam receber capacita\u00e7\u00f5es para atuar como gestores de riscos e desastres, serem parceiros da defesa civil e participarem de novos mapas. Os mapas de preven\u00e7\u00e3o e os planos de preven\u00e7\u00e3o agora ter\u00e3o a participa\u00e7\u00e3o dos movimentos populares, com a particularidade de cada movimento, seja comunidade quilombola, seja comunidade ind\u00edgena, seja vazanteiro, agricultor familiar, vaqueiro, movimento comunit\u00e1rio, porque eles v\u00e3o participar da constru\u00e7\u00e3o e da aplica\u00e7\u00e3o desses planos junto com a defesa civil&#8221;, completou.<\/p>\n\n\n<div class=\"wp-block-image\">\n<figure class=\"aligncenter size-large is-resized\"><img decoding=\"async\" loading=\"lazy\" src=\"https:\/\/portal.pi.gov.br\/seres\/wp-content\/uploads\/sites\/87\/2024\/04\/WhatsApp-Image-2024-04-23-at-21.19.42-1024x768.jpeg\" alt=\"\" class=\"wp-image-2281\" width=\"436\" height=\"327\" srcset=\"https:\/\/portal.pi.gov.br\/seres\/wp-content\/uploads\/sites\/87\/2024\/04\/WhatsApp-Image-2024-04-23-at-21.19.42-1024x768.jpeg 1024w, https:\/\/portal.pi.gov.br\/seres\/wp-content\/uploads\/sites\/87\/2024\/04\/WhatsApp-Image-2024-04-23-at-21.19.42-300x225.jpeg 300w, https:\/\/portal.pi.gov.br\/seres\/wp-content\/uploads\/sites\/87\/2024\/04\/WhatsApp-Image-2024-04-23-at-21.19.42-768x576.jpeg 768w, https:\/\/portal.pi.gov.br\/seres\/wp-content\/uploads\/sites\/87\/2024\/04\/WhatsApp-Image-2024-04-23-at-21.19.42-420x315.jpeg 420w, https:\/\/portal.pi.gov.br\/seres\/wp-content\/uploads\/sites\/87\/2024\/04\/WhatsApp-Image-2024-04-23-at-21.19.42-540x405.jpeg 540w, https:\/\/portal.pi.gov.br\/seres\/wp-content\/uploads\/sites\/87\/2024\/04\/WhatsApp-Image-2024-04-23-at-21.19.42-780x585.jpeg 780w, https:\/\/portal.pi.gov.br\/seres\/wp-content\/uploads\/sites\/87\/2024\/04\/WhatsApp-Image-2024-04-23-at-21.19.42-1536x1152.jpeg 1536w, https:\/\/portal.pi.gov.br\/seres\/wp-content\/uploads\/sites\/87\/2024\/04\/WhatsApp-Image-2024-04-23-at-21.19.42-947x710.jpeg 947w, https:\/\/portal.pi.gov.br\/seres\/wp-content\/uploads\/sites\/87\/2024\/04\/WhatsApp-Image-2024-04-23-at-21.19.42-624x468.jpeg 624w, https:\/\/portal.pi.gov.br\/seres\/wp-content\/uploads\/sites\/87\/2024\/04\/WhatsApp-Image-2024-04-23-at-21.19.42.jpeg 1600w\" sizes=\"(max-width: 436px) 100vw, 436px\" \/><\/figure><\/div>\n\n\n<p>Segundo o diretor, a Seres tem um papel fundamental como \u00f3rg\u00e3o articulador. &#8220;A Seres \u00e9 a ponte entre o estado e os movimentos. A Defesa Civil n\u00e3o conhece essa realidade, mas a Seres tem uma forte identidade com esses movimentos, com seus campos de atua\u00e7\u00e3o e vai colaborar muito na execu\u00e7\u00e3o desse projeto, inclusive na comunica\u00e7\u00e3o com os movimentos&#8221;, concluiu.<\/p>\n\n\n<div class=\"wp-block-image\">\n<figure class=\"aligncenter size-large is-resized\"><img decoding=\"async\" loading=\"lazy\" src=\"https:\/\/portal.pi.gov.br\/seres\/wp-content\/uploads\/sites\/87\/2024\/04\/WhatsApp-Image-2024-04-23-at-21.19.38-1-1024x768.jpeg\" alt=\"\" class=\"wp-image-2282\" width=\"436\" height=\"327\" srcset=\"https:\/\/portal.pi.gov.br\/seres\/wp-content\/uploads\/sites\/87\/2024\/04\/WhatsApp-Image-2024-04-23-at-21.19.38-1-1024x768.jpeg 1024w, https:\/\/portal.pi.gov.br\/seres\/wp-content\/uploads\/sites\/87\/2024\/04\/WhatsApp-Image-2024-04-23-at-21.19.38-1-300x225.jpeg 300w, https:\/\/portal.pi.gov.br\/seres\/wp-content\/uploads\/sites\/87\/2024\/04\/WhatsApp-Image-2024-04-23-at-21.19.38-1-768x576.jpeg 768w, https:\/\/portal.pi.gov.br\/seres\/wp-content\/uploads\/sites\/87\/2024\/04\/WhatsApp-Image-2024-04-23-at-21.19.38-1-420x315.jpeg 420w, https:\/\/portal.pi.gov.br\/seres\/wp-content\/uploads\/sites\/87\/2024\/04\/WhatsApp-Image-2024-04-23-at-21.19.38-1-540x405.jpeg 540w, https:\/\/portal.pi.gov.br\/seres\/wp-content\/uploads\/sites\/87\/2024\/04\/WhatsApp-Image-2024-04-23-at-21.19.38-1-780x585.jpeg 780w, https:\/\/portal.pi.gov.br\/seres\/wp-content\/uploads\/sites\/87\/2024\/04\/WhatsApp-Image-2024-04-23-at-21.19.38-1-1536x1152.jpeg 1536w, https:\/\/portal.pi.gov.br\/seres\/wp-content\/uploads\/sites\/87\/2024\/04\/WhatsApp-Image-2024-04-23-at-21.19.38-1-947x710.jpeg 947w, https:\/\/portal.pi.gov.br\/seres\/wp-content\/uploads\/sites\/87\/2024\/04\/WhatsApp-Image-2024-04-23-at-21.19.38-1-624x468.jpeg 624w, https:\/\/portal.pi.gov.br\/seres\/wp-content\/uploads\/sites\/87\/2024\/04\/WhatsApp-Image-2024-04-23-at-21.19.38-1.jpeg 1600w\" sizes=\"(max-width: 436px) 100vw, 436px\" \/><\/figure><\/div>\n\n\n<p>A secret\u00e1ria das Rela\u00e7\u00f5es Sociais, N\u00fabia Lopes, destacou que o projeto de monitoramento observacional com rela\u00e7\u00e3o \u00e0 seguran\u00e7a, de forma participativa, \u00e9 uma quest\u00e3o que sempre buscou.  &#8220;Aqui no Piau\u00ed e no Brasil n\u00f3s tivemos uma interrup\u00e7\u00e3o muito grande na participa\u00e7\u00e3o social, e agora precisamos recuperar o tempo perdido. Pol\u00edtica e participa\u00e7\u00e3o social convergem com as propostas, tanto do governo federal quanto do governador Rafael Fonteles. O Piau\u00ed fortalece, cada vez mais, a participa\u00e7\u00e3o popular em todas as a\u00e7\u00f5es, projetos e propostas, que devem ser conversadas, constru\u00eddas e articuladas com as organiza\u00e7\u00f5es da sociedade civil. Por isso a grande import\u00e2ncia da Monitoramento Participativo e da Rede Observacional Colaborativa proposta pela Sedec&#8221;, concluiu.<\/p>\n\n\n<div class=\"wp-block-image\">\n<figure class=\"aligncenter size-large is-resized\"><img decoding=\"async\" loading=\"lazy\" src=\"https:\/\/portal.pi.gov.br\/seres\/wp-content\/uploads\/sites\/87\/2024\/04\/WhatsApp-Image-2024-04-23-at-21.19.38-1024x768.jpeg\" alt=\"\" class=\"wp-image-2283\" width=\"437\" height=\"328\" srcset=\"https:\/\/portal.pi.gov.br\/seres\/wp-content\/uploads\/sites\/87\/2024\/04\/WhatsApp-Image-2024-04-23-at-21.19.38-1024x768.jpeg 1024w, https:\/\/portal.pi.gov.br\/seres\/wp-content\/uploads\/sites\/87\/2024\/04\/WhatsApp-Image-2024-04-23-at-21.19.38-300x225.jpeg 300w, https:\/\/portal.pi.gov.br\/seres\/wp-content\/uploads\/sites\/87\/2024\/04\/WhatsApp-Image-2024-04-23-at-21.19.38-768x576.jpeg 768w, https:\/\/portal.pi.gov.br\/seres\/wp-content\/uploads\/sites\/87\/2024\/04\/WhatsApp-Image-2024-04-23-at-21.19.38-420x315.jpeg 420w, https:\/\/portal.pi.gov.br\/seres\/wp-content\/uploads\/sites\/87\/2024\/04\/WhatsApp-Image-2024-04-23-at-21.19.38-540x405.jpeg 540w, https:\/\/portal.pi.gov.br\/seres\/wp-content\/uploads\/sites\/87\/2024\/04\/WhatsApp-Image-2024-04-23-at-21.19.38-780x585.jpeg 780w, https:\/\/portal.pi.gov.br\/seres\/wp-content\/uploads\/sites\/87\/2024\/04\/WhatsApp-Image-2024-04-23-at-21.19.38-1536x1152.jpeg 1536w, https:\/\/portal.pi.gov.br\/seres\/wp-content\/uploads\/sites\/87\/2024\/04\/WhatsApp-Image-2024-04-23-at-21.19.38-947x710.jpeg 947w, https:\/\/portal.pi.gov.br\/seres\/wp-content\/uploads\/sites\/87\/2024\/04\/WhatsApp-Image-2024-04-23-at-21.19.38-624x468.jpeg 624w, https:\/\/portal.pi.gov.br\/seres\/wp-content\/uploads\/sites\/87\/2024\/04\/WhatsApp-Image-2024-04-23-at-21.19.38.jpeg 1600w\" sizes=\"(max-width: 437px) 100vw, 437px\" \/><\/figure><\/div>","protected":false},"excerpt":{"rendered":"<p>A secretaria de Estado das Rela\u00e7\u00f5es Sociais articulou um di\u00e1logo entre a secretaria da Defesa Civil (Sedec), por meio da Diretoria de Preven\u00e7\u00e3o e Mitiga\u00e7\u00e3o, e lideran\u00e7as do Movimento dos [&hellip;]<\/p>\n","protected":false},"author":1748,"featured_media":2283,"comment_status":"closed","ping_status":"closed","sticky":false,"template":"","format":"standard","meta":[],"categories":[34],"tags":[47,41],"featured_image_urls":{"full":["https:\/\/portal.pi.gov.br\/seres\/wp-content\/uploads\/sites\/87\/2024\/04\/WhatsApp-Image-2024-04-23-at-21.19.38.jpeg",1600,1200,false],"thumbnail":["https:\/\/portal.pi.gov.br\/seres\/wp-content\/uploads\/sites\/87\/2024\/04\/WhatsApp-Image-2024-04-23-at-21.19.38-150x150.jpeg",150,150,true],"medium":["https:\/\/portal.pi.gov.br\/seres\/wp-content\/uploads\/sites\/87\/2024\/04\/WhatsApp-Image-2024-04-23-at-21.19.38-300x225.jpeg",300,225,true],"medium_large":["https:\/\/portal.pi.gov.br\/seres\/wp-content\/uploads\/sites\/87\/2024\/04\/WhatsApp-Image-2024-04-23-at-21.19.38-768x576.jpeg",768,576,true],"large":["https:\/\/portal.pi.gov.br\/seres\/wp-content\/uploads\/sites\/87\/2024\/04\/WhatsApp-Image-2024-04-23-at-21.19.38-1024x768.jpeg",887,665,true],"sgg-420":["https:\/\/portal.pi.gov.br\/seres\/wp-content\/uploads\/sites\/87\/2024\/04\/WhatsApp-Image-2024-04-23-at-21.19.38-420x315.jpeg",420,315,true],"sgg-540":["https:\/\/portal.pi.gov.br\/seres\/wp-content\/uploads\/sites\/87\/2024\/04\/WhatsApp-Image-2024-04-23-at-21.19.38-540x405.jpeg",540,405,true],"sgg-780":["https:\/\/portal.pi.gov.br\/seres\/wp-content\/uploads\/sites\/87\/2024\/04\/WhatsApp-Image-2024-04-23-at-21.19.38-780x585.jpeg",780,585,true],"1536x1536":["https:\/\/portal.pi.gov.br\/seres\/wp-content\/uploads\/sites\/87\/2024\/04\/WhatsApp-Image-2024-04-23-at-21.19.38-1536x1152.jpeg",1536,1152,true],"2048x2048":["https:\/\/portal.pi.gov.br\/seres\/wp-content\/uploads\/sites\/87\/2024\/04\/WhatsApp-Image-2024-04-23-at-21.19.38.jpeg",1600,1200,false],"homepage-slider":["https:\/\/portal.pi.gov.br\/seres\/wp-content\/uploads\/sites\/87\/2024\/04\/WhatsApp-Image-2024-04-23-at-21.19.38-1270x500.jpeg",1270,500,true],"homepage-slider-small":["https:\/\/portal.pi.gov.br\/seres\/wp-content\/uploads\/sites\/87\/2024\/04\/WhatsApp-Image-2024-04-23-at-21.19.38-947x500.jpeg",947,500,true],"page-top":["https:\/\/portal.pi.gov.br\/seres\/wp-content\/uploads\/sites\/87\/2024\/04\/WhatsApp-Image-2024-04-23-at-21.19.38-947x710.jpeg",947,710,true],"page-small":["https:\/\/portal.pi.gov.br\/seres\/wp-content\/uploads\/sites\/87\/2024\/04\/WhatsApp-Image-2024-04-23-at-21.19.38-624x468.jpeg",624,468,true],"loop-main":["https:\/\/portal.pi.gov.br\/seres\/wp-content\/uploads\/sites\/87\/2024\/04\/WhatsApp-Image-2024-04-23-at-21.19.38-365x240.jpeg",365,240,true],"thumb-gallery-widget":["https:\/\/portal.pi.gov.br\/seres\/wp-content\/uploads\/sites\/87\/2024\/04\/WhatsApp-Image-2024-04-23-at-21.19.38-84x56.jpeg",84,56,true]},"post_excerpt_stackable":"<p>A secretaria de Estado das Rela\u00e7\u00f5es Sociais articulou um di\u00e1logo entre a secretaria da Defesa Civil (Sedec), por meio da Diretoria de Preven\u00e7\u00e3o e Mitiga\u00e7\u00e3o, e lideran\u00e7as do Movimento dos Atingidos por Barragens do Piau\u00ed (MAB), nesta ter\u00e7a-feira (23), para apresenta\u00e7\u00e3o de projeto do movimento que prev\u00ea, entre outras a\u00e7\u00f5es, capacita\u00e7\u00e3o para preven\u00e7\u00e3o de riscos aos moradores das comunidades nos arredores de barragens. O encontro aconteceu no audit\u00f3rio da Etipi. Segundo o diretor de Preven\u00e7\u00e3o e Mitiga\u00e7\u00e3o da Defesa Civil , Werton Costa, o impacto social do projeto ir\u00e1 alcan\u00e7ar muitas fam\u00edlias. \u201cConsideramos muito importante essa parceria. Discutimos um projeto\u00a0que&hellip;<\/p>\n","category_list":"<a href=\"https:\/\/portal.pi.gov.br\/seres\/category\/noticias\/\" rel=\"category tag\">Not\u00edcias<\/a>","author_info":{"name":"natalina","url":"https:\/\/portal.pi.gov.br\/seres\/author\/natalina\/"},"comments_num":"0 coment\u00e1rio","featured_image_urls_v2":{"full":["https:\/\/portal.pi.gov.br\/seres\/wp-content\/uploads\/sites\/87\/2024\/04\/WhatsApp-Image-2024-04-23-at-21.19.38.jpeg",1600,1200,false],"thumbnail":["https:\/\/portal.pi.gov.br\/seres\/wp-content\/uploads\/sites\/87\/2024\/04\/WhatsApp-Image-2024-04-23-at-21.19.38-150x150.jpeg",150,150,true],"medium":["https:\/\/portal.pi.gov.br\/seres\/wp-content\/uploads\/sites\/87\/2024\/04\/WhatsApp-Image-2024-04-23-at-21.19.38-300x225.jpeg",300,225,true],"medium_large":["https:\/\/portal.pi.gov.br\/seres\/wp-content\/uploads\/sites\/87\/2024\/04\/WhatsApp-Image-2024-04-23-at-21.19.38-768x576.jpeg",768,576,true],"large":["https:\/\/portal.pi.gov.br\/seres\/wp-content\/uploads\/sites\/87\/2024\/04\/WhatsApp-Image-2024-04-23-at-21.19.38-1024x768.jpeg",887,665,true],"sgg-420":["https:\/\/portal.pi.gov.br\/seres\/wp-content\/uploads\/sites\/87\/2024\/04\/WhatsApp-Image-2024-04-23-at-21.19.38-420x315.jpeg",420,315,true],"sgg-540":["https:\/\/portal.pi.gov.br\/seres\/wp-content\/uploads\/sites\/87\/2024\/04\/WhatsApp-Image-2024-04-23-at-21.19.38-540x405.jpeg",540,405,true],"sgg-780":["https:\/\/portal.pi.gov.br\/seres\/wp-content\/uploads\/sites\/87\/2024\/04\/WhatsApp-Image-2024-04-23-at-21.19.38-780x585.jpeg",780,585,true],"1536x1536":["https:\/\/portal.pi.gov.br\/seres\/wp-content\/uploads\/sites\/87\/2024\/04\/WhatsApp-Image-2024-04-23-at-21.19.38-1536x1152.jpeg",1536,1152,true],"2048x2048":["https:\/\/portal.pi.gov.br\/seres\/wp-content\/uploads\/sites\/87\/2024\/04\/WhatsApp-Image-2024-04-23-at-21.19.38.jpeg",1600,1200,false],"homepage-slider":["https:\/\/portal.pi.gov.br\/seres\/wp-content\/uploads\/sites\/87\/2024\/04\/WhatsApp-Image-2024-04-23-at-21.19.38-1270x500.jpeg",1270,500,true],"homepage-slider-small":["https:\/\/portal.pi.gov.br\/seres\/wp-content\/uploads\/sites\/87\/2024\/04\/WhatsApp-Image-2024-04-23-at-21.19.38-947x500.jpeg",947,500,true],"page-top":["https:\/\/portal.pi.gov.br\/seres\/wp-content\/uploads\/sites\/87\/2024\/04\/WhatsApp-Image-2024-04-23-at-21.19.38-947x710.jpeg",947,710,true],"page-small":["https:\/\/portal.pi.gov.br\/seres\/wp-content\/uploads\/sites\/87\/2024\/04\/WhatsApp-Image-2024-04-23-at-21.19.38-624x468.jpeg",624,468,true],"loop-main":["https:\/\/portal.pi.gov.br\/seres\/wp-content\/uploads\/sites\/87\/2024\/04\/WhatsApp-Image-2024-04-23-at-21.19.38-365x240.jpeg",365,240,true],"thumb-gallery-widget":["https:\/\/portal.pi.gov.br\/seres\/wp-content\/uploads\/sites\/87\/2024\/04\/WhatsApp-Image-2024-04-23-at-21.19.38-84x56.jpeg",84,56,true]},"post_excerpt_stackable_v2":"<p>A secretaria de Estado das Rela\u00e7\u00f5es Sociais articulou um di\u00e1logo entre a secretaria da Defesa Civil (Sedec), por meio da Diretoria de Preven\u00e7\u00e3o e Mitiga\u00e7\u00e3o, e lideran\u00e7as do Movimento dos Atingidos por Barragens do Piau\u00ed (MAB), nesta ter\u00e7a-feira (23), para apresenta\u00e7\u00e3o de projeto do movimento que prev\u00ea, entre outras a\u00e7\u00f5es, capacita\u00e7\u00e3o para preven\u00e7\u00e3o de riscos aos moradores das comunidades nos arredores de barragens. O encontro aconteceu no audit\u00f3rio da Etipi. Segundo o diretor de Preven\u00e7\u00e3o e Mitiga\u00e7\u00e3o da Defesa Civil , Werton Costa, o impacto social do projeto ir\u00e1 alcan\u00e7ar muitas fam\u00edlias. \u201cConsideramos muito importante essa parceria. Discutimos um projeto\u00a0que&hellip;<\/p>\n","category_list_v2":"<a href=\"https:\/\/portal.pi.gov.br\/seres\/category\/noticias\/\" rel=\"category tag\">Not\u00edcias<\/a>","author_info_v2":{"name":"natalina","url":"https:\/\/portal.pi.gov.br\/seres\/author\/natalina\/"},"comments_num_v2":"0 coment\u00e1rio","jetpack_featured_media_url":"https:\/\/portal.pi.gov.br\/seres\/wp-content\/uploads\/sites\/87\/2024\/04\/WhatsApp-Image-2024-04-23-at-21.19.38.jpeg","_links":{"self":[{"href":"https:\/\/portal.pi.gov.br\/seres\/wp-json\/wp\/v2\/posts\/2279"}],"collection":[{"href":"https:\/\/portal.pi.gov.br\/seres\/wp-json\/wp\/v2\/posts"}],"about":[{"href":"https:\/\/portal.pi.gov.br\/seres\/wp-json\/wp\/v2\/types\/post"}],"author":[{"embeddable":true,"href":"https:\/\/portal.pi.gov.br\/seres\/wp-json\/wp\/v2\/users\/1748"}],"replies":[{"embeddable":true,"href":"https:\/\/portal.pi.gov.br\/seres\/wp-json\/wp\/v2\/comments?post=2279"}],"version-history":[{"count":1,"href":"https:\/\/portal.pi.gov.br\/seres\/wp-json\/wp\/v2\/posts\/2279\/revisions"}],"predecessor-version":[{"id":2284,"href":"https:\/\/portal.pi.gov.br\/seres\/wp-json\/wp\/v2\/posts\/2279\/revisions\/2284"}],"wp:featuredmedia":[{"embeddable":true,"href":"https:\/\/portal.pi.gov.br\/seres\/wp-json\/wp\/v2\/media\/2283"}],"wp:attachment":[{"href":"https:\/\/portal.pi.gov.br\/seres\/wp-json\/wp\/v2\/media?parent=2279"}],"wp:term":[{"taxonomy":"category","embeddable":true,"href":"https:\/\/portal.pi.gov.br\/seres\/wp-json\/wp\/v2\/categories?post=2279"},{"taxonomy":"post_tag","embeddable":true,"href":"https:\/\/portal.pi.gov.br\/seres\/wp-json\/wp\/v2\/tags?post=2279"}],"curies":[{"name":"wp","href":"https:\/\/api.w.org\/{rel}","templated":true}]}}