{"id":2286,"date":"2024-04-26T07:47:18","date_gmt":"2024-04-26T10:47:18","guid":{"rendered":"https:\/\/portal.pi.gov.br\/seres\/?p=2286"},"modified":"2024-04-26T07:47:19","modified_gmt":"2024-04-26T10:47:19","slug":"teresina-recebe-primeiro-seminario-participacao-social-com-educacao-popular-nos-territorios","status":"publish","type":"post","link":"https:\/\/portal.pi.gov.br\/seres\/2024\/04\/26\/teresina-recebe-primeiro-seminario-participacao-social-com-educacao-popular-nos-territorios\/","title":{"rendered":"Teresina recebe primeiro Semin\u00e1rio Participa\u00e7\u00e3o Social com Educa\u00e7\u00e3o Popular nos Territ\u00f3rios"},"content":{"rendered":"\n<p>A Secretaria de Participa\u00e7\u00e3o Social da Secretaria-Geral da Presid\u00eancia da Rep\u00fablica promove, de 26 a 28 de abril, em Teresina (PI), o \u201cSemin\u00e1rio Participa\u00e7\u00e3o Social com Educa\u00e7\u00e3o Popular nos Territ\u00f3rios&#8221;, com apoio do governo do Piau\u00ed e do Instituto Federal do Piau\u00ed. O semin\u00e1rio do Nordeste \u00e9 o primeiro de um ciclo de debates em todas as regi\u00f5es brasileiras.<\/p>\n\n\n\n<p>O Secret\u00e1rio Nacional de Participa\u00e7\u00e3o Social, Renato Sim\u00f5es, participa da mesa de abertura na sexta-feira, \u00e0s 18 horas, no Gran Hotel Arrey, na Rua Jaime da Silveira, 443, S\u00e3o Crist\u00f3v\u00e3o. O secret\u00e1rio estar\u00e1 dispon\u00edvel para atender a imprensa no local \u00e0s 17h30.<\/p>\n\n\n\n<p>Nesta sexta-feira, \u00e0s 19 horas, os participantes far\u00e3o uma apresenta\u00e7\u00e3o com m\u00fasica e objetos simb\u00f3licos representativos da Regi\u00e3o Nordeste. Ser\u00e3o exibidos cartazes com respostas dos participantes para a pergunta: Qual experi\u00eancia educativa identifica a sua organiza\u00e7\u00e3o?<\/p>\n\n\n\n<p>O evento reunir\u00e1 80 participantes dos nove estados do Nordeste. Representantes de movimentos sociais e da sociedade civil, gestores dos minist\u00e9rios da Cultura, da Sa\u00fade e do Trabalho e Emprego, e servidores das institui\u00e7\u00f5es de ensino superior do Piau\u00ed (UESPI, IFPI, UFPI).<\/p>\n\n\n\n<p>Na sexta, \u00e0s 14 horas, haver\u00e1 uma roda de conversa promovida pelo governo estadual para troca de experi\u00eancias em participa\u00e7\u00e3o social no governo federal e no governo piauiense. Presen\u00e7a do Secret\u00e1rio Nacional de Participa\u00e7\u00e3o Social, Renato Sim\u00f5es, da Secret\u00e1ria Estadual de Rela\u00e7\u00f5es Sociais, Raimunda N\u00fabia Lopes da Silva, e da Diretora de Participa\u00e7\u00e3o Social do Estado do Piau\u00ed, Juciara Linhares.<\/p>\n\n\n\n<p>Local: Audit\u00f3rio da Secretaria de Estado da Cultura (SECULT) Rua Coelho Rodrigues, 816, Centro.<\/p>\n\n\n\n<p><\/p>\n\n\n\n<p>Programa\u00e7\u00e3o<\/p>\n\n\n\n<p>Local: Gran Hotel Arrey \u2013 Rua Jaime da Silveira, 443 \u2013 S\u00e3o Crist\u00f3v\u00e3o<\/p>\n\n\n\n<p>26 de abril &#8211; sexta-feira- 18h &#8211; Abertura<\/p>\n\n\n\n<p>O Secret\u00e1rio Nacional de Participa\u00e7\u00e3o Social, Renato Sim\u00f5es, far\u00e1 uma exposi\u00e7\u00e3o sobre o cen\u00e1rio nacional e o papel da Secretaria-Geral da Presid\u00eancia da Rep\u00fablica na participa\u00e7\u00e3o social do governo federal.<\/p>\n\n\n\n<p>Participantes: Secret\u00e1rio Nacional de Participa\u00e7\u00e3o Social, Renato Sim\u00f5es Diretor de Educa\u00e7\u00e3o Popular da Secretaria Nacional de Participa\u00e7\u00e3o Social, Pedro Pontual<\/p>\n\n\n\n<p>27 de abril &#8211; s\u00e1bado &#8211; 9h &nbsp;Apresenta\u00e7\u00e3o do Programa de Participa\u00e7\u00e3o Social com Educa\u00e7\u00e3o Popular nos Territ\u00f3rios.<\/p>\n\n\n\n<p>\u00b7 &nbsp;Grupo de trabalho (GT) para discutir contribui\u00e7\u00e3o da educa\u00e7\u00e3o popular para a participa\u00e7\u00e3o social<\/p>\n\n\n\n<p>\u00b7 no \u00e2mbito do Programa de Participa\u00e7\u00e3o Social com Educa\u00e7\u00e3o Popular nos Territ\u00f3rios; &nbsp;Grupos de Trabalho (GTs) para a constru\u00e7\u00e3o de parcerias para processos formativos.<\/p>\n\n\n\n<p>\u00b7 19h &#8211; Atividade Cultural<\/p>\n\n\n\n<p>28 de abril &#8211; domingo (manh\u00e3 e tarde) &#8211; Apresenta\u00e7\u00e3o de propostas, sistematiza\u00e7\u00e3o, encaminhamentos<\/p>\n","protected":false},"excerpt":{"rendered":"<p>A Secretaria de Participa\u00e7\u00e3o Social da Secretaria-Geral da Presid\u00eancia da Rep\u00fablica promove, de 26 a 28 de abril, em Teresina (PI), o \u201cSemin\u00e1rio Participa\u00e7\u00e3o Social com Educa\u00e7\u00e3o Popular nos Territ\u00f3rios&#8221;, [&hellip;]<\/p>\n","protected":false},"author":1748,"featured_media":2287,"comment_status":"closed","ping_status":"closed","sticky":false,"template":"","format":"standard","meta":[],"categories":[34],"tags":[47,41],"featured_image_urls":{"full":["https:\/\/portal.pi.gov.br\/seres\/wp-content\/uploads\/sites\/87\/2024\/04\/20230320-SeminarioNordeste_Notepad_MockupNew-2.jpg",2040,1900,false],"thumbnail":["https:\/\/portal.pi.gov.br\/seres\/wp-content\/uploads\/sites\/87\/2024\/04\/20230320-SeminarioNordeste_Notepad_MockupNew-2-150x150.jpg",150,150,true],"medium":["https:\/\/portal.pi.gov.br\/seres\/wp-content\/uploads\/sites\/87\/2024\/04\/20230320-SeminarioNordeste_Notepad_MockupNew-2-300x279.jpg",300,279,true],"medium_large":["https:\/\/portal.pi.gov.br\/seres\/wp-content\/uploads\/sites\/87\/2024\/04\/20230320-SeminarioNordeste_Notepad_MockupNew-2-768x715.jpg",768,715,true],"large":["https:\/\/portal.pi.gov.br\/seres\/wp-content\/uploads\/sites\/87\/2024\/04\/20230320-SeminarioNordeste_Notepad_MockupNew-2-1024x954.jpg",887,826,true],"sgg-420":["https:\/\/portal.pi.gov.br\/seres\/wp-content\/uploads\/sites\/87\/2024\/04\/20230320-SeminarioNordeste_Notepad_MockupNew-2-420x391.jpg",420,391,true],"sgg-540":["https:\/\/portal.pi.gov.br\/seres\/wp-content\/uploads\/sites\/87\/2024\/04\/20230320-SeminarioNordeste_Notepad_MockupNew-2-540x503.jpg",540,503,true],"sgg-780":["https:\/\/portal.pi.gov.br\/seres\/wp-content\/uploads\/sites\/87\/2024\/04\/20230320-SeminarioNordeste_Notepad_MockupNew-2-780x726.jpg",780,726,true],"1536x1536":["https:\/\/portal.pi.gov.br\/seres\/wp-content\/uploads\/sites\/87\/2024\/04\/20230320-SeminarioNordeste_Notepad_MockupNew-2-1536x1431.jpg",1536,1431,true],"2048x2048":["https:\/\/portal.pi.gov.br\/seres\/wp-content\/uploads\/sites\/87\/2024\/04\/20230320-SeminarioNordeste_Notepad_MockupNew-2.jpg",2040,1900,false],"homepage-slider":["https:\/\/portal.pi.gov.br\/seres\/wp-content\/uploads\/sites\/87\/2024\/04\/20230320-SeminarioNordeste_Notepad_MockupNew-2-1270x500.jpg",1270,500,true],"homepage-slider-small":["https:\/\/portal.pi.gov.br\/seres\/wp-content\/uploads\/sites\/87\/2024\/04\/20230320-SeminarioNordeste_Notepad_MockupNew-2-947x500.jpg",947,500,true],"page-top":["https:\/\/portal.pi.gov.br\/seres\/wp-content\/uploads\/sites\/87\/2024\/04\/20230320-SeminarioNordeste_Notepad_MockupNew-2-947x882.jpg",947,882,true],"page-small":["https:\/\/portal.pi.gov.br\/seres\/wp-content\/uploads\/sites\/87\/2024\/04\/20230320-SeminarioNordeste_Notepad_MockupNew-2-624x581.jpg",624,581,true],"loop-main":["https:\/\/portal.pi.gov.br\/seres\/wp-content\/uploads\/sites\/87\/2024\/04\/20230320-SeminarioNordeste_Notepad_MockupNew-2-365x240.jpg",365,240,true],"thumb-gallery-widget":["https:\/\/portal.pi.gov.br\/seres\/wp-content\/uploads\/sites\/87\/2024\/04\/20230320-SeminarioNordeste_Notepad_MockupNew-2-84x56.jpg",84,56,true]},"post_excerpt_stackable":"<p>A Secretaria de Participa\u00e7\u00e3o Social da Secretaria-Geral da Presid\u00eancia da Rep\u00fablica promove, de 26 a 28 de abril, em Teresina (PI), o \u201cSemin\u00e1rio Participa\u00e7\u00e3o Social com Educa\u00e7\u00e3o Popular nos Territ\u00f3rios&#8221;, com apoio do governo do Piau\u00ed e do Instituto Federal do Piau\u00ed. O semin\u00e1rio do Nordeste \u00e9 o primeiro de um ciclo de debates em todas as regi\u00f5es brasileiras. O Secret\u00e1rio Nacional de Participa\u00e7\u00e3o Social, Renato Sim\u00f5es, participa da mesa de abertura na sexta-feira, \u00e0s 18 horas, no Gran Hotel Arrey, na Rua Jaime da Silveira, 443, S\u00e3o Crist\u00f3v\u00e3o. O secret\u00e1rio estar\u00e1 dispon\u00edvel para atender a imprensa no local \u00e0s&hellip;<\/p>\n","category_list":"<a href=\"https:\/\/portal.pi.gov.br\/seres\/category\/noticias\/\" rel=\"category tag\">Not\u00edcias<\/a>","author_info":{"name":"natalina","url":"https:\/\/portal.pi.gov.br\/seres\/author\/natalina\/"},"comments_num":"0 coment\u00e1rio","featured_image_urls_v2":{"full":["https:\/\/portal.pi.gov.br\/seres\/wp-content\/uploads\/sites\/87\/2024\/04\/20230320-SeminarioNordeste_Notepad_MockupNew-2.jpg",2040,1900,false],"thumbnail":["https:\/\/portal.pi.gov.br\/seres\/wp-content\/uploads\/sites\/87\/2024\/04\/20230320-SeminarioNordeste_Notepad_MockupNew-2-150x150.jpg",150,150,true],"medium":["https:\/\/portal.pi.gov.br\/seres\/wp-content\/uploads\/sites\/87\/2024\/04\/20230320-SeminarioNordeste_Notepad_MockupNew-2-300x279.jpg",300,279,true],"medium_large":["https:\/\/portal.pi.gov.br\/seres\/wp-content\/uploads\/sites\/87\/2024\/04\/20230320-SeminarioNordeste_Notepad_MockupNew-2-768x715.jpg",768,715,true],"large":["https:\/\/portal.pi.gov.br\/seres\/wp-content\/uploads\/sites\/87\/2024\/04\/20230320-SeminarioNordeste_Notepad_MockupNew-2-1024x954.jpg",887,826,true],"sgg-420":["https:\/\/portal.pi.gov.br\/seres\/wp-content\/uploads\/sites\/87\/2024\/04\/20230320-SeminarioNordeste_Notepad_MockupNew-2-420x391.jpg",420,391,true],"sgg-540":["https:\/\/portal.pi.gov.br\/seres\/wp-content\/uploads\/sites\/87\/2024\/04\/20230320-SeminarioNordeste_Notepad_MockupNew-2-540x503.jpg",540,503,true],"sgg-780":["https:\/\/portal.pi.gov.br\/seres\/wp-content\/uploads\/sites\/87\/2024\/04\/20230320-SeminarioNordeste_Notepad_MockupNew-2-780x726.jpg",780,726,true],"1536x1536":["https:\/\/portal.pi.gov.br\/seres\/wp-content\/uploads\/sites\/87\/2024\/04\/20230320-SeminarioNordeste_Notepad_MockupNew-2-1536x1431.jpg",1536,1431,true],"2048x2048":["https:\/\/portal.pi.gov.br\/seres\/wp-content\/uploads\/sites\/87\/2024\/04\/20230320-SeminarioNordeste_Notepad_MockupNew-2.jpg",2040,1900,false],"homepage-slider":["https:\/\/portal.pi.gov.br\/seres\/wp-content\/uploads\/sites\/87\/2024\/04\/20230320-SeminarioNordeste_Notepad_MockupNew-2-1270x500.jpg",1270,500,true],"homepage-slider-small":["https:\/\/portal.pi.gov.br\/seres\/wp-content\/uploads\/sites\/87\/2024\/04\/20230320-SeminarioNordeste_Notepad_MockupNew-2-947x500.jpg",947,500,true],"page-top":["https:\/\/portal.pi.gov.br\/seres\/wp-content\/uploads\/sites\/87\/2024\/04\/20230320-SeminarioNordeste_Notepad_MockupNew-2-947x882.jpg",947,882,true],"page-small":["https:\/\/portal.pi.gov.br\/seres\/wp-content\/uploads\/sites\/87\/2024\/04\/20230320-SeminarioNordeste_Notepad_MockupNew-2-624x581.jpg",624,581,true],"loop-main":["https:\/\/portal.pi.gov.br\/seres\/wp-content\/uploads\/sites\/87\/2024\/04\/20230320-SeminarioNordeste_Notepad_MockupNew-2-365x240.jpg",365,240,true],"thumb-gallery-widget":["https:\/\/portal.pi.gov.br\/seres\/wp-content\/uploads\/sites\/87\/2024\/04\/20230320-SeminarioNordeste_Notepad_MockupNew-2-84x56.jpg",84,56,true]},"post_excerpt_stackable_v2":"<p>A Secretaria de Participa\u00e7\u00e3o Social da Secretaria-Geral da Presid\u00eancia da Rep\u00fablica promove, de 26 a 28 de abril, em Teresina (PI), o \u201cSemin\u00e1rio Participa\u00e7\u00e3o Social com Educa\u00e7\u00e3o Popular nos Territ\u00f3rios&#8221;, com apoio do governo do Piau\u00ed e do Instituto Federal do Piau\u00ed. O semin\u00e1rio do Nordeste \u00e9 o primeiro de um ciclo de debates em todas as regi\u00f5es brasileiras. O Secret\u00e1rio Nacional de Participa\u00e7\u00e3o Social, Renato Sim\u00f5es, participa da mesa de abertura na sexta-feira, \u00e0s 18 horas, no Gran Hotel Arrey, na Rua Jaime da Silveira, 443, S\u00e3o Crist\u00f3v\u00e3o. O secret\u00e1rio estar\u00e1 dispon\u00edvel para atender a imprensa no local \u00e0s&hellip;<\/p>\n","category_list_v2":"<a href=\"https:\/\/portal.pi.gov.br\/seres\/category\/noticias\/\" rel=\"category tag\">Not\u00edcias<\/a>","author_info_v2":{"name":"natalina","url":"https:\/\/portal.pi.gov.br\/seres\/author\/natalina\/"},"comments_num_v2":"0 coment\u00e1rio","jetpack_featured_media_url":"https:\/\/portal.pi.gov.br\/seres\/wp-content\/uploads\/sites\/87\/2024\/04\/20230320-SeminarioNordeste_Notepad_MockupNew-2.jpg","_links":{"self":[{"href":"https:\/\/portal.pi.gov.br\/seres\/wp-json\/wp\/v2\/posts\/2286"}],"collection":[{"href":"https:\/\/portal.pi.gov.br\/seres\/wp-json\/wp\/v2\/posts"}],"about":[{"href":"https:\/\/portal.pi.gov.br\/seres\/wp-json\/wp\/v2\/types\/post"}],"author":[{"embeddable":true,"href":"https:\/\/portal.pi.gov.br\/seres\/wp-json\/wp\/v2\/users\/1748"}],"replies":[{"embeddable":true,"href":"https:\/\/portal.pi.gov.br\/seres\/wp-json\/wp\/v2\/comments?post=2286"}],"version-history":[{"count":1,"href":"https:\/\/portal.pi.gov.br\/seres\/wp-json\/wp\/v2\/posts\/2286\/revisions"}],"predecessor-version":[{"id":2288,"href":"https:\/\/portal.pi.gov.br\/seres\/wp-json\/wp\/v2\/posts\/2286\/revisions\/2288"}],"wp:featuredmedia":[{"embeddable":true,"href":"https:\/\/portal.pi.gov.br\/seres\/wp-json\/wp\/v2\/media\/2287"}],"wp:attachment":[{"href":"https:\/\/portal.pi.gov.br\/seres\/wp-json\/wp\/v2\/media?parent=2286"}],"wp:term":[{"taxonomy":"category","embeddable":true,"href":"https:\/\/portal.pi.gov.br\/seres\/wp-json\/wp\/v2\/categories?post=2286"},{"taxonomy":"post_tag","embeddable":true,"href":"https:\/\/portal.pi.gov.br\/seres\/wp-json\/wp\/v2\/tags?post=2286"}],"curies":[{"name":"wp","href":"https:\/\/api.w.org\/{rel}","templated":true}]}}