{"id":2289,"date":"2024-05-06T08:37:34","date_gmt":"2024-05-06T11:37:34","guid":{"rendered":"https:\/\/portal.pi.gov.br\/seres\/?p=2289"},"modified":"2024-05-07T08:37:55","modified_gmt":"2024-05-07T11:37:55","slug":"governador-e-homenageado-na-alepi-no-seu-aniversario","status":"publish","type":"post","link":"https:\/\/portal.pi.gov.br\/seres\/2024\/05\/06\/governador-e-homenageado-na-alepi-no-seu-aniversario\/","title":{"rendered":"Governador \u00e9 homenageado na Alepi no seu anivers\u00e1rio"},"content":{"rendered":"\n<p>A secret\u00e1ria das Rela\u00e7\u00f5es Sociais, N\u00fabia Lopes, participou da solenidade na Assembleia Legislativa, em homenagem ao governador Rafael Fonteles, nesta segunda-feira (06). Na ocasi\u00e3o, quando completava 39 anos de vida, o governador atribuiu parte do sucesso do Governo do Estado \u00e0 estabilidade institucional entre os poderes Executivo, Legislativo e Judici\u00e1rio em declara\u00e7\u00e3o dada \u00e0 imprensa, quando foi homenageado com a Medalha do M\u00e9rito Legislativo. Durante o evento, a Casa tamb\u00e9m fez a inaugura\u00e7\u00e3o da reforma do Plen\u00e1rio Waldemar Mac\u00eado.<\/p>\n\n\n<div class=\"wp-block-image\">\n<figure class=\"aligncenter size-large is-resized\"><img decoding=\"async\" loading=\"lazy\" src=\"https:\/\/portal.pi.gov.br\/seres\/wp-content\/uploads\/sites\/87\/2024\/05\/WhatsApp-Image-2024-05-07-at-08.22.27-2-1024x768.jpeg\" alt=\"\" class=\"wp-image-2292\" width=\"505\" height=\"378\" srcset=\"https:\/\/portal.pi.gov.br\/seres\/wp-content\/uploads\/sites\/87\/2024\/05\/WhatsApp-Image-2024-05-07-at-08.22.27-2-1024x768.jpeg 1024w, https:\/\/portal.pi.gov.br\/seres\/wp-content\/uploads\/sites\/87\/2024\/05\/WhatsApp-Image-2024-05-07-at-08.22.27-2-300x225.jpeg 300w, https:\/\/portal.pi.gov.br\/seres\/wp-content\/uploads\/sites\/87\/2024\/05\/WhatsApp-Image-2024-05-07-at-08.22.27-2-768x576.jpeg 768w, https:\/\/portal.pi.gov.br\/seres\/wp-content\/uploads\/sites\/87\/2024\/05\/WhatsApp-Image-2024-05-07-at-08.22.27-2-420x315.jpeg 420w, https:\/\/portal.pi.gov.br\/seres\/wp-content\/uploads\/sites\/87\/2024\/05\/WhatsApp-Image-2024-05-07-at-08.22.27-2-540x405.jpeg 540w, https:\/\/portal.pi.gov.br\/seres\/wp-content\/uploads\/sites\/87\/2024\/05\/WhatsApp-Image-2024-05-07-at-08.22.27-2-780x585.jpeg 780w, https:\/\/portal.pi.gov.br\/seres\/wp-content\/uploads\/sites\/87\/2024\/05\/WhatsApp-Image-2024-05-07-at-08.22.27-2-1536x1152.jpeg 1536w, https:\/\/portal.pi.gov.br\/seres\/wp-content\/uploads\/sites\/87\/2024\/05\/WhatsApp-Image-2024-05-07-at-08.22.27-2-947x710.jpeg 947w, https:\/\/portal.pi.gov.br\/seres\/wp-content\/uploads\/sites\/87\/2024\/05\/WhatsApp-Image-2024-05-07-at-08.22.27-2-624x468.jpeg 624w, https:\/\/portal.pi.gov.br\/seres\/wp-content\/uploads\/sites\/87\/2024\/05\/WhatsApp-Image-2024-05-07-at-08.22.27-2.jpeg 1600w\" sizes=\"(max-width: 505px) 100vw, 505px\" \/><\/figure><\/div>\n\n\n<p>\u201cEu tenho dito muito que boa parte do sucesso do nosso governo tem a ver com a estabilidade institucional que n\u00f3s conquistamos, ou seja, os poderes independentes, mais harm\u00f4nicos\u201d, afirmou Rafael. Na solenidade, ele estava acompanhado da primeira-dama Isabel Fonteles, e dos tr\u00eas filhos.<\/p>\n\n\n<div class=\"wp-block-image\">\n<figure class=\"aligncenter is-resized\"><img decoding=\"async\" loading=\"lazy\" src=\"https:\/\/admin.pi.gov.br\/uploads\/Whats_App_Image_2024_05_06_at_12_52_49_2_a682a1a00d.jpeg\" alt=\"WhatsApp Image 2024-05-06 at 12.52.49 (2).jpeg\" width=\"504\" height=\"336\" \/><\/figure><\/div>\n\n\n<p>A entrega da Medalha do M\u00e9rito Legislativo do Piau\u00ed foi proposta pelo deputado estadual Jo\u00e3o M\u00e1dison. &#8220;Trata-se da mais alta comenda do poder legislativo do Piau\u00ed. \u00c9 o reconhecimento pelos importantes servi\u00e7os prestados ao estado. Temos acompanhado diariamente o seu trabalho e observamos os grandes avan\u00e7os em todas as \u00e1reas, o que lhe torna digno de muita admira\u00e7\u00e3o e respeito&#8221;, disse o deputado.<\/p>\n\n\n<div class=\"wp-block-image\">\n<figure class=\"aligncenter is-resized\"><img decoding=\"async\" loading=\"lazy\" src=\"https:\/\/admin.pi.gov.br\/uploads\/Whats_App_Image_2024_05_06_at_12_52_51_1_a5ec56b0f2.jpeg\" alt=\"WhatsApp Image 2024-05-06 at 12.52.51 (1).jpeg\" width=\"501\" height=\"334\" \/><\/figure><\/div>\n\n\n<p><strong>Reforma do plen\u00e1rio<\/strong><\/p>\n\n\n\n<p>O Plen\u00e1rio da Alepi foi modernizado para garantir melhor refrigera\u00e7\u00e3o, acessibilidade, conforto e conectividade para os deputados, servidores, jornalistas e popula\u00e7\u00e3o que participam de solenidades e sess\u00f5es plen\u00e1rias. A reforma do plen\u00e1rio Waldemar Mac\u00eado teve in\u00edcio no come\u00e7o de fevereiro deste ano.<\/p>\n\n\n<div class=\"wp-block-image\">\n<figure class=\"aligncenter is-resized\"><img decoding=\"async\" loading=\"lazy\" src=\"https:\/\/admin.pi.gov.br\/uploads\/Whats_App_Image_2024_05_06_at_12_52_48_1_9b40d9e9ef.jpeg\" alt=\"WhatsApp Image 2024-05-06 at 12.52.48 (1).jpeg\" width=\"504\" height=\"336\" \/><\/figure><\/div>\n\n\n<p>Um dos destaques \u00e9 o painel eletr\u00f4nico com resolu\u00e7\u00e3o de 2.688 x 788 pixels que vai garantir mais agilidade, transpar\u00eancia e qualidade ao que acontece no Plen\u00e1rio.&nbsp;<br>\u201cO que estamos entregando \u00e9 uma casa moderna com novo plen\u00e1rio\u201d, afirmou o presidente da casa, deputado Franz\u00e9 Silva.<\/p>\n\n\n\n<p>O piso tamb\u00e9m foi alterado visando proporcionar maior conforto visual, t\u00e9rmico e sonoro, reduzindo a reverbera\u00e7\u00e3o do som, seguindo pr\u00e1ticas comuns em cinemas e teatros.<\/p>\n\n\n<div class=\"wp-block-image\">\n<figure class=\"aligncenter size-large is-resized\"><img decoding=\"async\" loading=\"lazy\" src=\"https:\/\/portal.pi.gov.br\/seres\/wp-content\/uploads\/sites\/87\/2024\/05\/WhatsApp-Image-2024-05-07-at-08.22.27-1-1024x768.jpeg\" alt=\"\" class=\"wp-image-2291\" width=\"515\" height=\"386\" srcset=\"https:\/\/portal.pi.gov.br\/seres\/wp-content\/uploads\/sites\/87\/2024\/05\/WhatsApp-Image-2024-05-07-at-08.22.27-1-1024x768.jpeg 1024w, https:\/\/portal.pi.gov.br\/seres\/wp-content\/uploads\/sites\/87\/2024\/05\/WhatsApp-Image-2024-05-07-at-08.22.27-1-300x225.jpeg 300w, https:\/\/portal.pi.gov.br\/seres\/wp-content\/uploads\/sites\/87\/2024\/05\/WhatsApp-Image-2024-05-07-at-08.22.27-1-768x576.jpeg 768w, https:\/\/portal.pi.gov.br\/seres\/wp-content\/uploads\/sites\/87\/2024\/05\/WhatsApp-Image-2024-05-07-at-08.22.27-1-420x315.jpeg 420w, https:\/\/portal.pi.gov.br\/seres\/wp-content\/uploads\/sites\/87\/2024\/05\/WhatsApp-Image-2024-05-07-at-08.22.27-1-540x405.jpeg 540w, https:\/\/portal.pi.gov.br\/seres\/wp-content\/uploads\/sites\/87\/2024\/05\/WhatsApp-Image-2024-05-07-at-08.22.27-1-780x585.jpeg 780w, https:\/\/portal.pi.gov.br\/seres\/wp-content\/uploads\/sites\/87\/2024\/05\/WhatsApp-Image-2024-05-07-at-08.22.27-1-1536x1152.jpeg 1536w, https:\/\/portal.pi.gov.br\/seres\/wp-content\/uploads\/sites\/87\/2024\/05\/WhatsApp-Image-2024-05-07-at-08.22.27-1-947x710.jpeg 947w, https:\/\/portal.pi.gov.br\/seres\/wp-content\/uploads\/sites\/87\/2024\/05\/WhatsApp-Image-2024-05-07-at-08.22.27-1-624x468.jpeg 624w, https:\/\/portal.pi.gov.br\/seres\/wp-content\/uploads\/sites\/87\/2024\/05\/WhatsApp-Image-2024-05-07-at-08.22.27-1.jpeg 1600w\" sizes=\"(max-width: 515px) 100vw, 515px\" \/><\/figure><\/div>","protected":false},"excerpt":{"rendered":"<p>A secret\u00e1ria das Rela\u00e7\u00f5es Sociais, N\u00fabia Lopes, participou da solenidade na Assembleia Legislativa, em homenagem ao governador Rafael Fonteles, nesta segunda-feira (06). Na ocasi\u00e3o, quando completava 39 anos de vida, [&hellip;]<\/p>\n","protected":false},"author":1748,"featured_media":2292,"comment_status":"closed","ping_status":"closed","sticky":false,"template":"","format":"standard","meta":[],"categories":[34],"tags":[41],"featured_image_urls":{"full":["https:\/\/portal.pi.gov.br\/seres\/wp-content\/uploads\/sites\/87\/2024\/05\/WhatsApp-Image-2024-05-07-at-08.22.27-2.jpeg",1600,1200,false],"thumbnail":["https:\/\/portal.pi.gov.br\/seres\/wp-content\/uploads\/sites\/87\/2024\/05\/WhatsApp-Image-2024-05-07-at-08.22.27-2-150x150.jpeg",150,150,true],"medium":["https:\/\/portal.pi.gov.br\/seres\/wp-content\/uploads\/sites\/87\/2024\/05\/WhatsApp-Image-2024-05-07-at-08.22.27-2-300x225.jpeg",300,225,true],"medium_large":["https:\/\/portal.pi.gov.br\/seres\/wp-content\/uploads\/sites\/87\/2024\/05\/WhatsApp-Image-2024-05-07-at-08.22.27-2-768x576.jpeg",768,576,true],"large":["https:\/\/portal.pi.gov.br\/seres\/wp-content\/uploads\/sites\/87\/2024\/05\/WhatsApp-Image-2024-05-07-at-08.22.27-2-1024x768.jpeg",887,665,true],"sgg-420":["https:\/\/portal.pi.gov.br\/seres\/wp-content\/uploads\/sites\/87\/2024\/05\/WhatsApp-Image-2024-05-07-at-08.22.27-2-420x315.jpeg",420,315,true],"sgg-540":["https:\/\/portal.pi.gov.br\/seres\/wp-content\/uploads\/sites\/87\/2024\/05\/WhatsApp-Image-2024-05-07-at-08.22.27-2-540x405.jpeg",540,405,true],"sgg-780":["https:\/\/portal.pi.gov.br\/seres\/wp-content\/uploads\/sites\/87\/2024\/05\/WhatsApp-Image-2024-05-07-at-08.22.27-2-780x585.jpeg",780,585,true],"1536x1536":["https:\/\/portal.pi.gov.br\/seres\/wp-content\/uploads\/sites\/87\/2024\/05\/WhatsApp-Image-2024-05-07-at-08.22.27-2-1536x1152.jpeg",1536,1152,true],"2048x2048":["https:\/\/portal.pi.gov.br\/seres\/wp-content\/uploads\/sites\/87\/2024\/05\/WhatsApp-Image-2024-05-07-at-08.22.27-2.jpeg",1600,1200,false],"homepage-slider":["https:\/\/portal.pi.gov.br\/seres\/wp-content\/uploads\/sites\/87\/2024\/05\/WhatsApp-Image-2024-05-07-at-08.22.27-2-1270x500.jpeg",1270,500,true],"homepage-slider-small":["https:\/\/portal.pi.gov.br\/seres\/wp-content\/uploads\/sites\/87\/2024\/05\/WhatsApp-Image-2024-05-07-at-08.22.27-2-947x500.jpeg",947,500,true],"page-top":["https:\/\/portal.pi.gov.br\/seres\/wp-content\/uploads\/sites\/87\/2024\/05\/WhatsApp-Image-2024-05-07-at-08.22.27-2-947x710.jpeg",947,710,true],"page-small":["https:\/\/portal.pi.gov.br\/seres\/wp-content\/uploads\/sites\/87\/2024\/05\/WhatsApp-Image-2024-05-07-at-08.22.27-2-624x468.jpeg",624,468,true],"loop-main":["https:\/\/portal.pi.gov.br\/seres\/wp-content\/uploads\/sites\/87\/2024\/05\/WhatsApp-Image-2024-05-07-at-08.22.27-2-365x240.jpeg",365,240,true],"thumb-gallery-widget":["https:\/\/portal.pi.gov.br\/seres\/wp-content\/uploads\/sites\/87\/2024\/05\/WhatsApp-Image-2024-05-07-at-08.22.27-2-84x56.jpeg",84,56,true]},"post_excerpt_stackable":"<p>A secret\u00e1ria das Rela\u00e7\u00f5es Sociais, N\u00fabia Lopes, participou da solenidade na Assembleia Legislativa, em homenagem ao governador Rafael Fonteles, nesta segunda-feira (06). Na ocasi\u00e3o, quando completava 39 anos de vida, o governador atribuiu parte do sucesso do Governo do Estado \u00e0 estabilidade institucional entre os poderes Executivo, Legislativo e Judici\u00e1rio em declara\u00e7\u00e3o dada \u00e0 imprensa, quando foi homenageado com a Medalha do M\u00e9rito Legislativo. Durante o evento, a Casa tamb\u00e9m fez a inaugura\u00e7\u00e3o da reforma do Plen\u00e1rio Waldemar Mac\u00eado. \u201cEu tenho dito muito que boa parte do sucesso do nosso governo tem a ver com a estabilidade institucional que n\u00f3s&hellip;<\/p>\n","category_list":"<a href=\"https:\/\/portal.pi.gov.br\/seres\/category\/noticias\/\" rel=\"category tag\">Not\u00edcias<\/a>","author_info":{"name":"natalina","url":"https:\/\/portal.pi.gov.br\/seres\/author\/natalina\/"},"comments_num":"0 coment\u00e1rio","featured_image_urls_v2":{"full":["https:\/\/portal.pi.gov.br\/seres\/wp-content\/uploads\/sites\/87\/2024\/05\/WhatsApp-Image-2024-05-07-at-08.22.27-2.jpeg",1600,1200,false],"thumbnail":["https:\/\/portal.pi.gov.br\/seres\/wp-content\/uploads\/sites\/87\/2024\/05\/WhatsApp-Image-2024-05-07-at-08.22.27-2-150x150.jpeg",150,150,true],"medium":["https:\/\/portal.pi.gov.br\/seres\/wp-content\/uploads\/sites\/87\/2024\/05\/WhatsApp-Image-2024-05-07-at-08.22.27-2-300x225.jpeg",300,225,true],"medium_large":["https:\/\/portal.pi.gov.br\/seres\/wp-content\/uploads\/sites\/87\/2024\/05\/WhatsApp-Image-2024-05-07-at-08.22.27-2-768x576.jpeg",768,576,true],"large":["https:\/\/portal.pi.gov.br\/seres\/wp-content\/uploads\/sites\/87\/2024\/05\/WhatsApp-Image-2024-05-07-at-08.22.27-2-1024x768.jpeg",887,665,true],"sgg-420":["https:\/\/portal.pi.gov.br\/seres\/wp-content\/uploads\/sites\/87\/2024\/05\/WhatsApp-Image-2024-05-07-at-08.22.27-2-420x315.jpeg",420,315,true],"sgg-540":["https:\/\/portal.pi.gov.br\/seres\/wp-content\/uploads\/sites\/87\/2024\/05\/WhatsApp-Image-2024-05-07-at-08.22.27-2-540x405.jpeg",540,405,true],"sgg-780":["https:\/\/portal.pi.gov.br\/seres\/wp-content\/uploads\/sites\/87\/2024\/05\/WhatsApp-Image-2024-05-07-at-08.22.27-2-780x585.jpeg",780,585,true],"1536x1536":["https:\/\/portal.pi.gov.br\/seres\/wp-content\/uploads\/sites\/87\/2024\/05\/WhatsApp-Image-2024-05-07-at-08.22.27-2-1536x1152.jpeg",1536,1152,true],"2048x2048":["https:\/\/portal.pi.gov.br\/seres\/wp-content\/uploads\/sites\/87\/2024\/05\/WhatsApp-Image-2024-05-07-at-08.22.27-2.jpeg",1600,1200,false],"homepage-slider":["https:\/\/portal.pi.gov.br\/seres\/wp-content\/uploads\/sites\/87\/2024\/05\/WhatsApp-Image-2024-05-07-at-08.22.27-2-1270x500.jpeg",1270,500,true],"homepage-slider-small":["https:\/\/portal.pi.gov.br\/seres\/wp-content\/uploads\/sites\/87\/2024\/05\/WhatsApp-Image-2024-05-07-at-08.22.27-2-947x500.jpeg",947,500,true],"page-top":["https:\/\/portal.pi.gov.br\/seres\/wp-content\/uploads\/sites\/87\/2024\/05\/WhatsApp-Image-2024-05-07-at-08.22.27-2-947x710.jpeg",947,710,true],"page-small":["https:\/\/portal.pi.gov.br\/seres\/wp-content\/uploads\/sites\/87\/2024\/05\/WhatsApp-Image-2024-05-07-at-08.22.27-2-624x468.jpeg",624,468,true],"loop-main":["https:\/\/portal.pi.gov.br\/seres\/wp-content\/uploads\/sites\/87\/2024\/05\/WhatsApp-Image-2024-05-07-at-08.22.27-2-365x240.jpeg",365,240,true],"thumb-gallery-widget":["https:\/\/portal.pi.gov.br\/seres\/wp-content\/uploads\/sites\/87\/2024\/05\/WhatsApp-Image-2024-05-07-at-08.22.27-2-84x56.jpeg",84,56,true]},"post_excerpt_stackable_v2":"<p>A secret\u00e1ria das Rela\u00e7\u00f5es Sociais, N\u00fabia Lopes, participou da solenidade na Assembleia Legislativa, em homenagem ao governador Rafael Fonteles, nesta segunda-feira (06). Na ocasi\u00e3o, quando completava 39 anos de vida, o governador atribuiu parte do sucesso do Governo do Estado \u00e0 estabilidade institucional entre os poderes Executivo, Legislativo e Judici\u00e1rio em declara\u00e7\u00e3o dada \u00e0 imprensa, quando foi homenageado com a Medalha do M\u00e9rito Legislativo. Durante o evento, a Casa tamb\u00e9m fez a inaugura\u00e7\u00e3o da reforma do Plen\u00e1rio Waldemar Mac\u00eado. \u201cEu tenho dito muito que boa parte do sucesso do nosso governo tem a ver com a estabilidade institucional que n\u00f3s&hellip;<\/p>\n","category_list_v2":"<a href=\"https:\/\/portal.pi.gov.br\/seres\/category\/noticias\/\" rel=\"category tag\">Not\u00edcias<\/a>","author_info_v2":{"name":"natalina","url":"https:\/\/portal.pi.gov.br\/seres\/author\/natalina\/"},"comments_num_v2":"0 coment\u00e1rio","jetpack_featured_media_url":"https:\/\/portal.pi.gov.br\/seres\/wp-content\/uploads\/sites\/87\/2024\/05\/WhatsApp-Image-2024-05-07-at-08.22.27-2.jpeg","_links":{"self":[{"href":"https:\/\/portal.pi.gov.br\/seres\/wp-json\/wp\/v2\/posts\/2289"}],"collection":[{"href":"https:\/\/portal.pi.gov.br\/seres\/wp-json\/wp\/v2\/posts"}],"about":[{"href":"https:\/\/portal.pi.gov.br\/seres\/wp-json\/wp\/v2\/types\/post"}],"author":[{"embeddable":true,"href":"https:\/\/portal.pi.gov.br\/seres\/wp-json\/wp\/v2\/users\/1748"}],"replies":[{"embeddable":true,"href":"https:\/\/portal.pi.gov.br\/seres\/wp-json\/wp\/v2\/comments?post=2289"}],"version-history":[{"count":1,"href":"https:\/\/portal.pi.gov.br\/seres\/wp-json\/wp\/v2\/posts\/2289\/revisions"}],"predecessor-version":[{"id":2293,"href":"https:\/\/portal.pi.gov.br\/seres\/wp-json\/wp\/v2\/posts\/2289\/revisions\/2293"}],"wp:featuredmedia":[{"embeddable":true,"href":"https:\/\/portal.pi.gov.br\/seres\/wp-json\/wp\/v2\/media\/2292"}],"wp:attachment":[{"href":"https:\/\/portal.pi.gov.br\/seres\/wp-json\/wp\/v2\/media?parent=2289"}],"wp:term":[{"taxonomy":"category","embeddable":true,"href":"https:\/\/portal.pi.gov.br\/seres\/wp-json\/wp\/v2\/categories?post=2289"},{"taxonomy":"post_tag","embeddable":true,"href":"https:\/\/portal.pi.gov.br\/seres\/wp-json\/wp\/v2\/tags?post=2289"}],"curies":[{"name":"wp","href":"https:\/\/api.w.org\/{rel}","templated":true}]}}