{"id":2298,"date":"2024-05-10T13:40:19","date_gmt":"2024-05-10T16:40:19","guid":{"rendered":"https:\/\/portal.pi.gov.br\/seres\/?p=2298"},"modified":"2024-05-10T13:40:20","modified_gmt":"2024-05-10T16:40:20","slug":"seres-e-icima-organizam-encontro-para-discutir-a-a-conferencia-internacional-de-tecnologias-das-energias-renovaveis","status":"publish","type":"post","link":"https:\/\/portal.pi.gov.br\/seres\/2024\/05\/10\/seres-e-icima-organizam-encontro-para-discutir-a-a-conferencia-internacional-de-tecnologias-das-energias-renovaveis\/","title":{"rendered":"Seres e ICIMA organizam encontro para discutir a a Confer\u00eancia Internacional de Tecnologias das Energias Renov\u00e1veis"},"content":{"rendered":"\n<p>Nesta sexta-feira (10), a Secretaria de Estado das Rela\u00e7\u00f5es Sociais (Seres) e o Instituto de Coopera\u00e7\u00e3o Internacional para o Meio Ambiente (ICIMA) realizaram encontro com organiza\u00e7\u00f5es da sociedade civil organizada que ir\u00e3o contribuir para Confer\u00eancia Internacional de Tecnologias das Energias Renov\u00e1veis (CITER), programada para ocorrer no Centro de Conven\u00e7\u00f5es de Teresina, entre os dias 03 e 05 de junho deste ano. A reuni\u00e3o, no audit\u00f3rio da Etipi, teve o objetivo de alinhar a participa\u00e7\u00e3o dos Movimentos durante a Citer.<\/p>\n\n\n<div class=\"wp-block-image\">\n<figure class=\"aligncenter size-large is-resized\"><img decoding=\"async\" loading=\"lazy\" src=\"https:\/\/portal.pi.gov.br\/seres\/wp-content\/uploads\/sites\/87\/2024\/05\/WhatsApp-Image-2024-05-10-at-11.48.16-1024x768.jpeg\" alt=\"\" class=\"wp-image-2302\" width=\"444\" height=\"333\" srcset=\"https:\/\/portal.pi.gov.br\/seres\/wp-content\/uploads\/sites\/87\/2024\/05\/WhatsApp-Image-2024-05-10-at-11.48.16-1024x768.jpeg 1024w, https:\/\/portal.pi.gov.br\/seres\/wp-content\/uploads\/sites\/87\/2024\/05\/WhatsApp-Image-2024-05-10-at-11.48.16-300x225.jpeg 300w, https:\/\/portal.pi.gov.br\/seres\/wp-content\/uploads\/sites\/87\/2024\/05\/WhatsApp-Image-2024-05-10-at-11.48.16-768x576.jpeg 768w, https:\/\/portal.pi.gov.br\/seres\/wp-content\/uploads\/sites\/87\/2024\/05\/WhatsApp-Image-2024-05-10-at-11.48.16-420x315.jpeg 420w, https:\/\/portal.pi.gov.br\/seres\/wp-content\/uploads\/sites\/87\/2024\/05\/WhatsApp-Image-2024-05-10-at-11.48.16-540x405.jpeg 540w, https:\/\/portal.pi.gov.br\/seres\/wp-content\/uploads\/sites\/87\/2024\/05\/WhatsApp-Image-2024-05-10-at-11.48.16-780x585.jpeg 780w, https:\/\/portal.pi.gov.br\/seres\/wp-content\/uploads\/sites\/87\/2024\/05\/WhatsApp-Image-2024-05-10-at-11.48.16-1536x1152.jpeg 1536w, https:\/\/portal.pi.gov.br\/seres\/wp-content\/uploads\/sites\/87\/2024\/05\/WhatsApp-Image-2024-05-10-at-11.48.16-2048x1536.jpeg 2048w, https:\/\/portal.pi.gov.br\/seres\/wp-content\/uploads\/sites\/87\/2024\/05\/WhatsApp-Image-2024-05-10-at-11.48.16-947x710.jpeg 947w, https:\/\/portal.pi.gov.br\/seres\/wp-content\/uploads\/sites\/87\/2024\/05\/WhatsApp-Image-2024-05-10-at-11.48.16-624x468.jpeg 624w\" sizes=\"(max-width: 444px) 100vw, 444px\" \/><\/figure><\/div>\n\n\n<p>Severino Gomes, diretor de rela\u00e7\u00f5es institucionais do ICIMA, que est\u00e1 organizando a Confer\u00eancia, disse que a estimativa de p\u00fablico \u00e9 de 10 mil pessoas entre os tr\u00eas dias da confer\u00eancia no formato presidencial, e de 20 mil acompanhando de maneira virtual. \u201cN\u00f3s vamos ocupar o Centro de Conven\u00e7\u00f5es, mas tamb\u00e9m dois outros lugares em paralelo, que s\u00e3o os audit\u00f3rios do Tribunal de Justi\u00e7a e da Assembleia Legislativa do Piau\u00ed\u201d, explicou.<\/p>\n\n\n<div class=\"wp-block-image\">\n<figure class=\"aligncenter size-large is-resized\"><img decoding=\"async\" loading=\"lazy\" src=\"https:\/\/portal.pi.gov.br\/seres\/wp-content\/uploads\/sites\/87\/2024\/05\/WhatsApp-Image-2024-05-10-at-11.48.18-1024x598.jpeg\" alt=\"\" class=\"wp-image-2301\" width=\"445\" height=\"259\" srcset=\"https:\/\/portal.pi.gov.br\/seres\/wp-content\/uploads\/sites\/87\/2024\/05\/WhatsApp-Image-2024-05-10-at-11.48.18-1024x598.jpeg 1024w, https:\/\/portal.pi.gov.br\/seres\/wp-content\/uploads\/sites\/87\/2024\/05\/WhatsApp-Image-2024-05-10-at-11.48.18-300x175.jpeg 300w, https:\/\/portal.pi.gov.br\/seres\/wp-content\/uploads\/sites\/87\/2024\/05\/WhatsApp-Image-2024-05-10-at-11.48.18-768x449.jpeg 768w, https:\/\/portal.pi.gov.br\/seres\/wp-content\/uploads\/sites\/87\/2024\/05\/WhatsApp-Image-2024-05-10-at-11.48.18-420x245.jpeg 420w, https:\/\/portal.pi.gov.br\/seres\/wp-content\/uploads\/sites\/87\/2024\/05\/WhatsApp-Image-2024-05-10-at-11.48.18-540x315.jpeg 540w, https:\/\/portal.pi.gov.br\/seres\/wp-content\/uploads\/sites\/87\/2024\/05\/WhatsApp-Image-2024-05-10-at-11.48.18-780x456.jpeg 780w, https:\/\/portal.pi.gov.br\/seres\/wp-content\/uploads\/sites\/87\/2024\/05\/WhatsApp-Image-2024-05-10-at-11.48.18-1536x897.jpeg 1536w, https:\/\/portal.pi.gov.br\/seres\/wp-content\/uploads\/sites\/87\/2024\/05\/WhatsApp-Image-2024-05-10-at-11.48.18-2048x1196.jpeg 2048w, https:\/\/portal.pi.gov.br\/seres\/wp-content\/uploads\/sites\/87\/2024\/05\/WhatsApp-Image-2024-05-10-at-11.48.18-947x553.jpeg 947w, https:\/\/portal.pi.gov.br\/seres\/wp-content\/uploads\/sites\/87\/2024\/05\/WhatsApp-Image-2024-05-10-at-11.48.18-624x364.jpeg 624w\" sizes=\"(max-width: 445px) 100vw, 445px\" \/><\/figure><\/div>\n\n\n<p>Os representantes da sociedade civil questionaram os espa\u00e7os destinados \u00e0 participa\u00e7\u00e3o dos Movimentos Sociais durante a Citer e acertaram um encontro virtual com participantes dos territ\u00f3rios de desenvolvimento para discutir a demanda.<\/p>\n\n\n\n<p>Participaram do encontro representantes dos: MPA (Movimento dos Pequenos Agricultores), \u00a0Cooperativa de Catadores de Materiais Recicl\u00e1veis de Manoel Em\u00eddio\u00a0(COCAME), Movimento Interestadual das Quebradeiras de Coco Baba\u00e7u (MIQCB), Cooperativa\u00a0 Coopcata 3Rs e Articula\u00e7\u00e3o dos Povos e Organiza\u00e7\u00f5es Ind\u00edgenas do Nordeste, Minas Gerais e Esp\u00edrito Santo (APOINME).<\/p>\n\n\n<div class=\"wp-block-image\">\n<figure class=\"aligncenter size-large is-resized\"><img decoding=\"async\" loading=\"lazy\" src=\"https:\/\/portal.pi.gov.br\/seres\/wp-content\/uploads\/sites\/87\/2024\/05\/WhatsApp-Image-2024-05-10-at-13.22.21-1024x576.jpeg\" alt=\"\" class=\"wp-image-2300\" width=\"443\" height=\"248\" srcset=\"https:\/\/portal.pi.gov.br\/seres\/wp-content\/uploads\/sites\/87\/2024\/05\/WhatsApp-Image-2024-05-10-at-13.22.21-1024x576.jpeg 1024w, https:\/\/portal.pi.gov.br\/seres\/wp-content\/uploads\/sites\/87\/2024\/05\/WhatsApp-Image-2024-05-10-at-13.22.21-300x169.jpeg 300w, https:\/\/portal.pi.gov.br\/seres\/wp-content\/uploads\/sites\/87\/2024\/05\/WhatsApp-Image-2024-05-10-at-13.22.21-768x432.jpeg 768w, https:\/\/portal.pi.gov.br\/seres\/wp-content\/uploads\/sites\/87\/2024\/05\/WhatsApp-Image-2024-05-10-at-13.22.21-420x236.jpeg 420w, https:\/\/portal.pi.gov.br\/seres\/wp-content\/uploads\/sites\/87\/2024\/05\/WhatsApp-Image-2024-05-10-at-13.22.21-540x304.jpeg 540w, https:\/\/portal.pi.gov.br\/seres\/wp-content\/uploads\/sites\/87\/2024\/05\/WhatsApp-Image-2024-05-10-at-13.22.21-780x439.jpeg 780w, https:\/\/portal.pi.gov.br\/seres\/wp-content\/uploads\/sites\/87\/2024\/05\/WhatsApp-Image-2024-05-10-at-13.22.21-1536x864.jpeg 1536w, https:\/\/portal.pi.gov.br\/seres\/wp-content\/uploads\/sites\/87\/2024\/05\/WhatsApp-Image-2024-05-10-at-13.22.21-947x533.jpeg 947w, https:\/\/portal.pi.gov.br\/seres\/wp-content\/uploads\/sites\/87\/2024\/05\/WhatsApp-Image-2024-05-10-at-13.22.21-624x351.jpeg 624w, https:\/\/portal.pi.gov.br\/seres\/wp-content\/uploads\/sites\/87\/2024\/05\/WhatsApp-Image-2024-05-10-at-13.22.21.jpeg 1600w\" sizes=\"(max-width: 443px) 100vw, 443px\" \/><\/figure><\/div>\n\n\n<p>A Citer foi apresentada no dia 18 de abril, durante solenidade no Pal\u00e1cio de Karnak, quando o governador Rafael Fonteles oficializou o lan\u00e7amento desta que ser\u00e1 a primeira a Confer\u00eancia Internacional do Brasil sobre energias renov\u00e1veis, que vai colocar o Piau\u00ed no centro do debate global.<\/p>\n\n\n<div class=\"wp-block-image\">\n<figure class=\"aligncenter size-large is-resized\"><img decoding=\"async\" loading=\"lazy\" src=\"https:\/\/portal.pi.gov.br\/seres\/wp-content\/uploads\/sites\/87\/2024\/05\/WhatsApp-Image-2024-05-10-at-13.22.35-1024x576.jpeg\" alt=\"\" class=\"wp-image-2299\" width=\"444\" height=\"249\" srcset=\"https:\/\/portal.pi.gov.br\/seres\/wp-content\/uploads\/sites\/87\/2024\/05\/WhatsApp-Image-2024-05-10-at-13.22.35-1024x576.jpeg 1024w, https:\/\/portal.pi.gov.br\/seres\/wp-content\/uploads\/sites\/87\/2024\/05\/WhatsApp-Image-2024-05-10-at-13.22.35-300x169.jpeg 300w, https:\/\/portal.pi.gov.br\/seres\/wp-content\/uploads\/sites\/87\/2024\/05\/WhatsApp-Image-2024-05-10-at-13.22.35-768x432.jpeg 768w, https:\/\/portal.pi.gov.br\/seres\/wp-content\/uploads\/sites\/87\/2024\/05\/WhatsApp-Image-2024-05-10-at-13.22.35-420x236.jpeg 420w, https:\/\/portal.pi.gov.br\/seres\/wp-content\/uploads\/sites\/87\/2024\/05\/WhatsApp-Image-2024-05-10-at-13.22.35-540x304.jpeg 540w, https:\/\/portal.pi.gov.br\/seres\/wp-content\/uploads\/sites\/87\/2024\/05\/WhatsApp-Image-2024-05-10-at-13.22.35-780x439.jpeg 780w, https:\/\/portal.pi.gov.br\/seres\/wp-content\/uploads\/sites\/87\/2024\/05\/WhatsApp-Image-2024-05-10-at-13.22.35-1536x864.jpeg 1536w, https:\/\/portal.pi.gov.br\/seres\/wp-content\/uploads\/sites\/87\/2024\/05\/WhatsApp-Image-2024-05-10-at-13.22.35-947x533.jpeg 947w, https:\/\/portal.pi.gov.br\/seres\/wp-content\/uploads\/sites\/87\/2024\/05\/WhatsApp-Image-2024-05-10-at-13.22.35-624x351.jpeg 624w, https:\/\/portal.pi.gov.br\/seres\/wp-content\/uploads\/sites\/87\/2024\/05\/WhatsApp-Image-2024-05-10-at-13.22.35.jpeg 1600w\" sizes=\"(max-width: 444px) 100vw, 444px\" \/><\/figure><\/div>\n\n\n<p>Al\u00e9m do Governo do Estado, o evento conta com uma extensa lista de colaboradores, incluindo o Programa das Na\u00e7\u00f5es Unidas para o Desenvolvimento (PNUD\/ONU), o Instituto de Coopera\u00e7\u00e3o Internacional para o Meio Ambiente (ICIMA), a Ag\u00eancia de Atra\u00e7\u00e3o de Investimentos Estrat\u00e9gicos do Piau\u00ed (Investe Piau\u00ed), a UFPI, a UESPI, o IFPI, o Instituto do Patrim\u00f4nio Hist\u00f3rico e Art\u00edstico Nacional\/ Piau\u00ed (IPHAN-PI), a Empresa de Tecnologia da Informa\u00e7\u00e3o do Piau\u00ed (ETIPI), Funda\u00e7\u00e3o de Amparo \u00e0 Pesquisa do Estado do Piau\u00ed (FAPEPI), o Servi\u00e7o Brasileiro de Apoio \u00e0s Micro e Pequenas Empresas do Piau\u00ed (SEBRAE-PI) e o Servi\u00e7o Nacional de Aprendizagem Industrial do Piau\u00ed (SENAI-PI).<\/p>\n","protected":false},"excerpt":{"rendered":"<p>Nesta sexta-feira (10), a Secretaria de Estado das Rela\u00e7\u00f5es Sociais (Seres) e o Instituto de Coopera\u00e7\u00e3o Internacional para o Meio Ambiente (ICIMA) realizaram encontro com organiza\u00e7\u00f5es da sociedade civil organizada [&hellip;]<\/p>\n","protected":false},"author":1748,"featured_media":2302,"comment_status":"closed","ping_status":"closed","sticky":false,"template":"","format":"standard","meta":[],"categories":[34],"tags":[47,41],"featured_image_urls":{"full":["https:\/\/portal.pi.gov.br\/seres\/wp-content\/uploads\/sites\/87\/2024\/05\/WhatsApp-Image-2024-05-10-at-11.48.16-scaled.jpeg",2560,1920,false],"thumbnail":["https:\/\/portal.pi.gov.br\/seres\/wp-content\/uploads\/sites\/87\/2024\/05\/WhatsApp-Image-2024-05-10-at-11.48.16-150x150.jpeg",150,150,true],"medium":["https:\/\/portal.pi.gov.br\/seres\/wp-content\/uploads\/sites\/87\/2024\/05\/WhatsApp-Image-2024-05-10-at-11.48.16-300x225.jpeg",300,225,true],"medium_large":["https:\/\/portal.pi.gov.br\/seres\/wp-content\/uploads\/sites\/87\/2024\/05\/WhatsApp-Image-2024-05-10-at-11.48.16-768x576.jpeg",768,576,true],"large":["https:\/\/portal.pi.gov.br\/seres\/wp-content\/uploads\/sites\/87\/2024\/05\/WhatsApp-Image-2024-05-10-at-11.48.16-1024x768.jpeg",887,665,true],"sgg-420":["https:\/\/portal.pi.gov.br\/seres\/wp-content\/uploads\/sites\/87\/2024\/05\/WhatsApp-Image-2024-05-10-at-11.48.16-420x315.jpeg",420,315,true],"sgg-540":["https:\/\/portal.pi.gov.br\/seres\/wp-content\/uploads\/sites\/87\/2024\/05\/WhatsApp-Image-2024-05-10-at-11.48.16-540x405.jpeg",540,405,true],"sgg-780":["https:\/\/portal.pi.gov.br\/seres\/wp-content\/uploads\/sites\/87\/2024\/05\/WhatsApp-Image-2024-05-10-at-11.48.16-780x585.jpeg",780,585,true],"1536x1536":["https:\/\/portal.pi.gov.br\/seres\/wp-content\/uploads\/sites\/87\/2024\/05\/WhatsApp-Image-2024-05-10-at-11.48.16-1536x1152.jpeg",1536,1152,true],"2048x2048":["https:\/\/portal.pi.gov.br\/seres\/wp-content\/uploads\/sites\/87\/2024\/05\/WhatsApp-Image-2024-05-10-at-11.48.16-2048x1536.jpeg",2048,1536,true],"homepage-slider":["https:\/\/portal.pi.gov.br\/seres\/wp-content\/uploads\/sites\/87\/2024\/05\/WhatsApp-Image-2024-05-10-at-11.48.16-1270x500.jpeg",1270,500,true],"homepage-slider-small":["https:\/\/portal.pi.gov.br\/seres\/wp-content\/uploads\/sites\/87\/2024\/05\/WhatsApp-Image-2024-05-10-at-11.48.16-947x500.jpeg",947,500,true],"page-top":["https:\/\/portal.pi.gov.br\/seres\/wp-content\/uploads\/sites\/87\/2024\/05\/WhatsApp-Image-2024-05-10-at-11.48.16-947x710.jpeg",947,710,true],"page-small":["https:\/\/portal.pi.gov.br\/seres\/wp-content\/uploads\/sites\/87\/2024\/05\/WhatsApp-Image-2024-05-10-at-11.48.16-624x468.jpeg",624,468,true],"loop-main":["https:\/\/portal.pi.gov.br\/seres\/wp-content\/uploads\/sites\/87\/2024\/05\/WhatsApp-Image-2024-05-10-at-11.48.16-365x240.jpeg",365,240,true],"thumb-gallery-widget":["https:\/\/portal.pi.gov.br\/seres\/wp-content\/uploads\/sites\/87\/2024\/05\/WhatsApp-Image-2024-05-10-at-11.48.16-84x56.jpeg",84,56,true]},"post_excerpt_stackable":"<p>Nesta sexta-feira (10), a Secretaria de Estado das Rela\u00e7\u00f5es Sociais (Seres) e o Instituto de Coopera\u00e7\u00e3o Internacional para o Meio Ambiente (ICIMA) realizaram encontro com organiza\u00e7\u00f5es da sociedade civil organizada que ir\u00e3o contribuir para Confer\u00eancia Internacional de Tecnologias das Energias Renov\u00e1veis (CITER), programada para ocorrer no Centro de Conven\u00e7\u00f5es de Teresina, entre os dias 03 e 05 de junho deste ano. A reuni\u00e3o, no audit\u00f3rio da Etipi, teve o objetivo de alinhar a participa\u00e7\u00e3o dos Movimentos durante a Citer. Severino Gomes, diretor de rela\u00e7\u00f5es institucionais do ICIMA, que est\u00e1 organizando a Confer\u00eancia, disse que a estimativa de p\u00fablico \u00e9 de&hellip;<\/p>\n","category_list":"<a href=\"https:\/\/portal.pi.gov.br\/seres\/category\/noticias\/\" rel=\"category tag\">Not\u00edcias<\/a>","author_info":{"name":"natalina","url":"https:\/\/portal.pi.gov.br\/seres\/author\/natalina\/"},"comments_num":"0 coment\u00e1rio","featured_image_urls_v2":{"full":["https:\/\/portal.pi.gov.br\/seres\/wp-content\/uploads\/sites\/87\/2024\/05\/WhatsApp-Image-2024-05-10-at-11.48.16-scaled.jpeg",2560,1920,false],"thumbnail":["https:\/\/portal.pi.gov.br\/seres\/wp-content\/uploads\/sites\/87\/2024\/05\/WhatsApp-Image-2024-05-10-at-11.48.16-150x150.jpeg",150,150,true],"medium":["https:\/\/portal.pi.gov.br\/seres\/wp-content\/uploads\/sites\/87\/2024\/05\/WhatsApp-Image-2024-05-10-at-11.48.16-300x225.jpeg",300,225,true],"medium_large":["https:\/\/portal.pi.gov.br\/seres\/wp-content\/uploads\/sites\/87\/2024\/05\/WhatsApp-Image-2024-05-10-at-11.48.16-768x576.jpeg",768,576,true],"large":["https:\/\/portal.pi.gov.br\/seres\/wp-content\/uploads\/sites\/87\/2024\/05\/WhatsApp-Image-2024-05-10-at-11.48.16-1024x768.jpeg",887,665,true],"sgg-420":["https:\/\/portal.pi.gov.br\/seres\/wp-content\/uploads\/sites\/87\/2024\/05\/WhatsApp-Image-2024-05-10-at-11.48.16-420x315.jpeg",420,315,true],"sgg-540":["https:\/\/portal.pi.gov.br\/seres\/wp-content\/uploads\/sites\/87\/2024\/05\/WhatsApp-Image-2024-05-10-at-11.48.16-540x405.jpeg",540,405,true],"sgg-780":["https:\/\/portal.pi.gov.br\/seres\/wp-content\/uploads\/sites\/87\/2024\/05\/WhatsApp-Image-2024-05-10-at-11.48.16-780x585.jpeg",780,585,true],"1536x1536":["https:\/\/portal.pi.gov.br\/seres\/wp-content\/uploads\/sites\/87\/2024\/05\/WhatsApp-Image-2024-05-10-at-11.48.16-1536x1152.jpeg",1536,1152,true],"2048x2048":["https:\/\/portal.pi.gov.br\/seres\/wp-content\/uploads\/sites\/87\/2024\/05\/WhatsApp-Image-2024-05-10-at-11.48.16-2048x1536.jpeg",2048,1536,true],"homepage-slider":["https:\/\/portal.pi.gov.br\/seres\/wp-content\/uploads\/sites\/87\/2024\/05\/WhatsApp-Image-2024-05-10-at-11.48.16-1270x500.jpeg",1270,500,true],"homepage-slider-small":["https:\/\/portal.pi.gov.br\/seres\/wp-content\/uploads\/sites\/87\/2024\/05\/WhatsApp-Image-2024-05-10-at-11.48.16-947x500.jpeg",947,500,true],"page-top":["https:\/\/portal.pi.gov.br\/seres\/wp-content\/uploads\/sites\/87\/2024\/05\/WhatsApp-Image-2024-05-10-at-11.48.16-947x710.jpeg",947,710,true],"page-small":["https:\/\/portal.pi.gov.br\/seres\/wp-content\/uploads\/sites\/87\/2024\/05\/WhatsApp-Image-2024-05-10-at-11.48.16-624x468.jpeg",624,468,true],"loop-main":["https:\/\/portal.pi.gov.br\/seres\/wp-content\/uploads\/sites\/87\/2024\/05\/WhatsApp-Image-2024-05-10-at-11.48.16-365x240.jpeg",365,240,true],"thumb-gallery-widget":["https:\/\/portal.pi.gov.br\/seres\/wp-content\/uploads\/sites\/87\/2024\/05\/WhatsApp-Image-2024-05-10-at-11.48.16-84x56.jpeg",84,56,true]},"post_excerpt_stackable_v2":"<p>Nesta sexta-feira (10), a Secretaria de Estado das Rela\u00e7\u00f5es Sociais (Seres) e o Instituto de Coopera\u00e7\u00e3o Internacional para o Meio Ambiente (ICIMA) realizaram encontro com organiza\u00e7\u00f5es da sociedade civil organizada que ir\u00e3o contribuir para Confer\u00eancia Internacional de Tecnologias das Energias Renov\u00e1veis (CITER), programada para ocorrer no Centro de Conven\u00e7\u00f5es de Teresina, entre os dias 03 e 05 de junho deste ano. A reuni\u00e3o, no audit\u00f3rio da Etipi, teve o objetivo de alinhar a participa\u00e7\u00e3o dos Movimentos durante a Citer. Severino Gomes, diretor de rela\u00e7\u00f5es institucionais do ICIMA, que est\u00e1 organizando a Confer\u00eancia, disse que a estimativa de p\u00fablico \u00e9 de&hellip;<\/p>\n","category_list_v2":"<a href=\"https:\/\/portal.pi.gov.br\/seres\/category\/noticias\/\" rel=\"category tag\">Not\u00edcias<\/a>","author_info_v2":{"name":"natalina","url":"https:\/\/portal.pi.gov.br\/seres\/author\/natalina\/"},"comments_num_v2":"0 coment\u00e1rio","jetpack_featured_media_url":"https:\/\/portal.pi.gov.br\/seres\/wp-content\/uploads\/sites\/87\/2024\/05\/WhatsApp-Image-2024-05-10-at-11.48.16-scaled.jpeg","_links":{"self":[{"href":"https:\/\/portal.pi.gov.br\/seres\/wp-json\/wp\/v2\/posts\/2298"}],"collection":[{"href":"https:\/\/portal.pi.gov.br\/seres\/wp-json\/wp\/v2\/posts"}],"about":[{"href":"https:\/\/portal.pi.gov.br\/seres\/wp-json\/wp\/v2\/types\/post"}],"author":[{"embeddable":true,"href":"https:\/\/portal.pi.gov.br\/seres\/wp-json\/wp\/v2\/users\/1748"}],"replies":[{"embeddable":true,"href":"https:\/\/portal.pi.gov.br\/seres\/wp-json\/wp\/v2\/comments?post=2298"}],"version-history":[{"count":1,"href":"https:\/\/portal.pi.gov.br\/seres\/wp-json\/wp\/v2\/posts\/2298\/revisions"}],"predecessor-version":[{"id":2303,"href":"https:\/\/portal.pi.gov.br\/seres\/wp-json\/wp\/v2\/posts\/2298\/revisions\/2303"}],"wp:featuredmedia":[{"embeddable":true,"href":"https:\/\/portal.pi.gov.br\/seres\/wp-json\/wp\/v2\/media\/2302"}],"wp:attachment":[{"href":"https:\/\/portal.pi.gov.br\/seres\/wp-json\/wp\/v2\/media?parent=2298"}],"wp:term":[{"taxonomy":"category","embeddable":true,"href":"https:\/\/portal.pi.gov.br\/seres\/wp-json\/wp\/v2\/categories?post=2298"},{"taxonomy":"post_tag","embeddable":true,"href":"https:\/\/portal.pi.gov.br\/seres\/wp-json\/wp\/v2\/tags?post=2298"}],"curies":[{"name":"wp","href":"https:\/\/api.w.org\/{rel}","templated":true}]}}