{"id":2305,"date":"2024-05-18T19:12:37","date_gmt":"2024-05-18T22:12:37","guid":{"rendered":"https:\/\/portal.pi.gov.br\/seres\/?p=2305"},"modified":"2024-05-18T19:13:01","modified_gmt":"2024-05-18T22:13:01","slug":"seres-e-mds-realizam-encontro-com-povos-indigenas-do-piaui","status":"publish","type":"post","link":"https:\/\/portal.pi.gov.br\/seres\/2024\/05\/18\/seres-e-mds-realizam-encontro-com-povos-indigenas-do-piaui\/","title":{"rendered":"Seres e MDS realizam Encontro com Povos Ind\u00edgenas do Piau\u00ed"},"content":{"rendered":"\n<p>A secretaria das Rela\u00e7\u00f5es Sociais (Seres), em parceria com o Minist\u00e9rio do Desenvolvimento e Assist\u00eancia Social, Fam\u00edlia e Combate \u00e0 Fome (MDS) e com a secretaria da Assist\u00eancia Social, Trabalho e Direitos Humanos (Sasc), realizou neste s\u00e1bado (18.05), no audit\u00f3rio da secretaria da Cultura (Secult), o Encontro com Povos Ind\u00edgenas do Piau\u00ed. A reuni\u00e3o, marcada pelo di\u00e1logo sobre Prote\u00e7\u00e3o Social no Territ\u00f3rio, contou com representantes do Governo Federal, do Governo Estadual e de dez munic\u00edpios em que h\u00e1 comunidades ind\u00edgenas.<\/p>\n\n\n\n<figure class=\"wp-block-gallery has-nested-images columns-default is-cropped wp-block-gallery-1 is-layout-flex\"><\/figure>\n\n\n\n<p>O ministro do MDS, Wellington Dias, ressaltou que o governo do presidente Lula est\u00e1 comprometido em trabalhar em conjunto com a popula\u00e7\u00e3o, por meio de uma escuta atenta. \u201cOs povos ind\u00edgenas t\u00eam tradi\u00e7\u00f5es que precisam ser respeitadas e n\u00f3s n\u00e3o podemos fazer nada para eles sem dialogar diretamente com eles. \u00c9 isso o que estamos fazendo aqui&#8221;, afirmou.<\/p>\n\n\n<div class=\"wp-block-image\">\n<figure class=\"aligncenter size-large is-resized\"><img decoding=\"async\" loading=\"lazy\" src=\"https:\/\/portal.pi.gov.br\/seres\/wp-content\/uploads\/sites\/87\/2024\/05\/WhatsApp-Image-2024-05-18-at-18.54.13-1024x576.jpeg\" alt=\"\" class=\"wp-image-2306\" width=\"529\" height=\"297\" srcset=\"https:\/\/portal.pi.gov.br\/seres\/wp-content\/uploads\/sites\/87\/2024\/05\/WhatsApp-Image-2024-05-18-at-18.54.13-1024x576.jpeg 1024w, https:\/\/portal.pi.gov.br\/seres\/wp-content\/uploads\/sites\/87\/2024\/05\/WhatsApp-Image-2024-05-18-at-18.54.13-300x169.jpeg 300w, https:\/\/portal.pi.gov.br\/seres\/wp-content\/uploads\/sites\/87\/2024\/05\/WhatsApp-Image-2024-05-18-at-18.54.13-768x432.jpeg 768w, https:\/\/portal.pi.gov.br\/seres\/wp-content\/uploads\/sites\/87\/2024\/05\/WhatsApp-Image-2024-05-18-at-18.54.13-420x236.jpeg 420w, https:\/\/portal.pi.gov.br\/seres\/wp-content\/uploads\/sites\/87\/2024\/05\/WhatsApp-Image-2024-05-18-at-18.54.13-540x304.jpeg 540w, https:\/\/portal.pi.gov.br\/seres\/wp-content\/uploads\/sites\/87\/2024\/05\/WhatsApp-Image-2024-05-18-at-18.54.13-780x439.jpeg 780w, https:\/\/portal.pi.gov.br\/seres\/wp-content\/uploads\/sites\/87\/2024\/05\/WhatsApp-Image-2024-05-18-at-18.54.13-1536x864.jpeg 1536w, https:\/\/portal.pi.gov.br\/seres\/wp-content\/uploads\/sites\/87\/2024\/05\/WhatsApp-Image-2024-05-18-at-18.54.13-947x533.jpeg 947w, https:\/\/portal.pi.gov.br\/seres\/wp-content\/uploads\/sites\/87\/2024\/05\/WhatsApp-Image-2024-05-18-at-18.54.13-624x351.jpeg 624w, https:\/\/portal.pi.gov.br\/seres\/wp-content\/uploads\/sites\/87\/2024\/05\/WhatsApp-Image-2024-05-18-at-18.54.13.jpeg 1600w\" sizes=\"(max-width: 529px) 100vw, 529px\" \/><\/figure><\/div>\n\n\n<p>&#8220;Em nosso planejamento estamos olhando para realidade de cada comunidade aqui no Piau\u00ed, integrando munic\u00edpios, estado e Governo Federal. Juntos, minist\u00e9rio dos Povos Ind\u00edgenas, Sa\u00fade, Funai e o nosso MDS, que coordena a C\u00e2mara Interministerial de Seguran\u00e7a Alimentar e Nutricional, est\u00e3o dando um passo a mais&#8221;, acrescentou o ministro. &#8220;A gente vai fazer um plano para curto, m\u00e9dio e longo prazo, levando em conta a necessidade de evoluir na educa\u00e7\u00e3o para os povos ind\u00edgenas, na expectativa e qualidade de vida, na renda. Ou seja, alcan\u00e7ar o que todo brasileiro tem direito&#8221;, concluiu.<\/p>\n\n\n\n<p>\u201cN\u00f3s somos os povos que sempre tiveram vozes e nunca foram ouvidos&#8221;, disse Ali\u00e3 Wamiri, do povo Guajajara, agradecendo a presen\u00e7a e escuta dos representantes p\u00fablicos. &#8220;Na nossa aldeia, reivindicamos demarca\u00e7\u00e3o. N\u00f3s somos povos urbanos, fomos expulsos dos nossos territ\u00f3rios. As condi\u00e7\u00f5es de moradia nas cidades s\u00e3o muito dif\u00edceis e passamos por situa\u00e7\u00f5es de vulnerabilidade alimentar&#8221;, explicou. Segundo a arte educadora, h\u00e1 ainda outras reivindica\u00e7\u00f5es. &#8220;A gente quer falar tamb\u00e9m sobre educa\u00e7\u00e3o. A educa\u00e7\u00e3o \u00e9 que traz a sa\u00fade, a cultura, a infraestrutura. E n\u00e3o existe educa\u00e7\u00e3o sem territ\u00f3rio&#8221;, destacou.<\/p>\n\n\n<div class=\"wp-block-image\">\n<figure class=\"aligncenter size-full is-resized\"><img decoding=\"async\" loading=\"lazy\" src=\"https:\/\/portal.pi.gov.br\/seres\/wp-content\/uploads\/sites\/87\/2024\/05\/nubia.png\" alt=\"\" class=\"wp-image-2307\" width=\"527\" height=\"413\" srcset=\"https:\/\/portal.pi.gov.br\/seres\/wp-content\/uploads\/sites\/87\/2024\/05\/nubia.png 894w, https:\/\/portal.pi.gov.br\/seres\/wp-content\/uploads\/sites\/87\/2024\/05\/nubia-300x236.png 300w, https:\/\/portal.pi.gov.br\/seres\/wp-content\/uploads\/sites\/87\/2024\/05\/nubia-768x603.png 768w, https:\/\/portal.pi.gov.br\/seres\/wp-content\/uploads\/sites\/87\/2024\/05\/nubia-420x330.png 420w, https:\/\/portal.pi.gov.br\/seres\/wp-content\/uploads\/sites\/87\/2024\/05\/nubia-540x424.png 540w, https:\/\/portal.pi.gov.br\/seres\/wp-content\/uploads\/sites\/87\/2024\/05\/nubia-780x612.png 780w, https:\/\/portal.pi.gov.br\/seres\/wp-content\/uploads\/sites\/87\/2024\/05\/nubia-624x490.png 624w\" sizes=\"(max-width: 527px) 100vw, 527px\" \/><\/figure><\/div>\n\n\n<p>N\u00fabia Lopes, secret\u00e1ria das Rela\u00e7\u00f5es Sociais, enfatizou o trabalho integrado. \u201cViemos atender ao chamado do MDS e, em nome do governador Rafael Fonteles, dizer que estamos juntos nesse grupo de trabalho intersetorial, que une Governo Federal, Estadual e os munic\u00edpios onde temos a presen\u00e7a dos povos origin\u00e1rios. A tarefa est\u00e1 dada e estamos aqui para cumprir esta parceria\u201d, finalizou.<\/p>\n\n\n\n<p>Ao final do evento, o Ministro Wellington Dias recebeu o documento com as reivindica\u00e7\u00f5es de todas as comunidades ind\u00edgenas do estado. Participaram do encontro lideran\u00e7as dos povos ind\u00edgenas do Piau\u00ed, al\u00e9m de representantes dos minist\u00e9rios da Sa\u00fade e dos Povos Ind\u00edgenas, al\u00e9m de gestores do estado e de munic\u00edpios. <\/p>\n","protected":false},"excerpt":{"rendered":"<p>A secretaria das Rela\u00e7\u00f5es Sociais (Seres), em parceria com o Minist\u00e9rio do Desenvolvimento e Assist\u00eancia Social, Fam\u00edlia e Combate \u00e0 Fome (MDS) e com a secretaria da Assist\u00eancia Social, Trabalho [&hellip;]<\/p>\n","protected":false},"author":1748,"featured_media":2306,"comment_status":"closed","ping_status":"closed","sticky":false,"template":"","format":"standard","meta":[],"categories":[34],"tags":[47,41],"featured_image_urls":{"full":["https:\/\/portal.pi.gov.br\/seres\/wp-content\/uploads\/sites\/87\/2024\/05\/WhatsApp-Image-2024-05-18-at-18.54.13.jpeg",1600,900,false],"thumbnail":["https:\/\/portal.pi.gov.br\/seres\/wp-content\/uploads\/sites\/87\/2024\/05\/WhatsApp-Image-2024-05-18-at-18.54.13-150x150.jpeg",150,150,true],"medium":["https:\/\/portal.pi.gov.br\/seres\/wp-content\/uploads\/sites\/87\/2024\/05\/WhatsApp-Image-2024-05-18-at-18.54.13-300x169.jpeg",300,169,true],"medium_large":["https:\/\/portal.pi.gov.br\/seres\/wp-content\/uploads\/sites\/87\/2024\/05\/WhatsApp-Image-2024-05-18-at-18.54.13-768x432.jpeg",768,432,true],"large":["https:\/\/portal.pi.gov.br\/seres\/wp-content\/uploads\/sites\/87\/2024\/05\/WhatsApp-Image-2024-05-18-at-18.54.13-1024x576.jpeg",887,499,true],"sgg-420":["https:\/\/portal.pi.gov.br\/seres\/wp-content\/uploads\/sites\/87\/2024\/05\/WhatsApp-Image-2024-05-18-at-18.54.13-420x236.jpeg",420,236,true],"sgg-540":["https:\/\/portal.pi.gov.br\/seres\/wp-content\/uploads\/sites\/87\/2024\/05\/WhatsApp-Image-2024-05-18-at-18.54.13-540x304.jpeg",540,304,true],"sgg-780":["https:\/\/portal.pi.gov.br\/seres\/wp-content\/uploads\/sites\/87\/2024\/05\/WhatsApp-Image-2024-05-18-at-18.54.13-780x439.jpeg",780,439,true],"1536x1536":["https:\/\/portal.pi.gov.br\/seres\/wp-content\/uploads\/sites\/87\/2024\/05\/WhatsApp-Image-2024-05-18-at-18.54.13-1536x864.jpeg",1536,864,true],"2048x2048":["https:\/\/portal.pi.gov.br\/seres\/wp-content\/uploads\/sites\/87\/2024\/05\/WhatsApp-Image-2024-05-18-at-18.54.13.jpeg",1600,900,false],"homepage-slider":["https:\/\/portal.pi.gov.br\/seres\/wp-content\/uploads\/sites\/87\/2024\/05\/WhatsApp-Image-2024-05-18-at-18.54.13-1270x500.jpeg",1270,500,true],"homepage-slider-small":["https:\/\/portal.pi.gov.br\/seres\/wp-content\/uploads\/sites\/87\/2024\/05\/WhatsApp-Image-2024-05-18-at-18.54.13-947x500.jpeg",947,500,true],"page-top":["https:\/\/portal.pi.gov.br\/seres\/wp-content\/uploads\/sites\/87\/2024\/05\/WhatsApp-Image-2024-05-18-at-18.54.13-947x533.jpeg",947,533,true],"page-small":["https:\/\/portal.pi.gov.br\/seres\/wp-content\/uploads\/sites\/87\/2024\/05\/WhatsApp-Image-2024-05-18-at-18.54.13-624x351.jpeg",624,351,true],"loop-main":["https:\/\/portal.pi.gov.br\/seres\/wp-content\/uploads\/sites\/87\/2024\/05\/WhatsApp-Image-2024-05-18-at-18.54.13-365x240.jpeg",365,240,true],"thumb-gallery-widget":["https:\/\/portal.pi.gov.br\/seres\/wp-content\/uploads\/sites\/87\/2024\/05\/WhatsApp-Image-2024-05-18-at-18.54.13-84x56.jpeg",84,56,true]},"post_excerpt_stackable":"<p>A secretaria das Rela\u00e7\u00f5es Sociais (Seres), em parceria com o Minist\u00e9rio do Desenvolvimento e Assist\u00eancia Social, Fam\u00edlia e Combate \u00e0 Fome (MDS) e com a secretaria da Assist\u00eancia Social, Trabalho e Direitos Humanos (Sasc), realizou neste s\u00e1bado (18.05), no audit\u00f3rio da secretaria da Cultura (Secult), o Encontro com Povos Ind\u00edgenas do Piau\u00ed. A reuni\u00e3o, marcada pelo di\u00e1logo sobre Prote\u00e7\u00e3o Social no Territ\u00f3rio, contou com representantes do Governo Federal, do Governo Estadual e de dez munic\u00edpios em que h\u00e1 comunidades ind\u00edgenas. O ministro do MDS, Wellington Dias, ressaltou que o governo do presidente Lula est\u00e1 comprometido em trabalhar em conjunto com&hellip;<\/p>\n","category_list":"<a href=\"https:\/\/portal.pi.gov.br\/seres\/category\/noticias\/\" rel=\"category tag\">Not\u00edcias<\/a>","author_info":{"name":"natalina","url":"https:\/\/portal.pi.gov.br\/seres\/author\/natalina\/"},"comments_num":"0 coment\u00e1rio","featured_image_urls_v2":{"full":["https:\/\/portal.pi.gov.br\/seres\/wp-content\/uploads\/sites\/87\/2024\/05\/WhatsApp-Image-2024-05-18-at-18.54.13.jpeg",1600,900,false],"thumbnail":["https:\/\/portal.pi.gov.br\/seres\/wp-content\/uploads\/sites\/87\/2024\/05\/WhatsApp-Image-2024-05-18-at-18.54.13-150x150.jpeg",150,150,true],"medium":["https:\/\/portal.pi.gov.br\/seres\/wp-content\/uploads\/sites\/87\/2024\/05\/WhatsApp-Image-2024-05-18-at-18.54.13-300x169.jpeg",300,169,true],"medium_large":["https:\/\/portal.pi.gov.br\/seres\/wp-content\/uploads\/sites\/87\/2024\/05\/WhatsApp-Image-2024-05-18-at-18.54.13-768x432.jpeg",768,432,true],"large":["https:\/\/portal.pi.gov.br\/seres\/wp-content\/uploads\/sites\/87\/2024\/05\/WhatsApp-Image-2024-05-18-at-18.54.13-1024x576.jpeg",887,499,true],"sgg-420":["https:\/\/portal.pi.gov.br\/seres\/wp-content\/uploads\/sites\/87\/2024\/05\/WhatsApp-Image-2024-05-18-at-18.54.13-420x236.jpeg",420,236,true],"sgg-540":["https:\/\/portal.pi.gov.br\/seres\/wp-content\/uploads\/sites\/87\/2024\/05\/WhatsApp-Image-2024-05-18-at-18.54.13-540x304.jpeg",540,304,true],"sgg-780":["https:\/\/portal.pi.gov.br\/seres\/wp-content\/uploads\/sites\/87\/2024\/05\/WhatsApp-Image-2024-05-18-at-18.54.13-780x439.jpeg",780,439,true],"1536x1536":["https:\/\/portal.pi.gov.br\/seres\/wp-content\/uploads\/sites\/87\/2024\/05\/WhatsApp-Image-2024-05-18-at-18.54.13-1536x864.jpeg",1536,864,true],"2048x2048":["https:\/\/portal.pi.gov.br\/seres\/wp-content\/uploads\/sites\/87\/2024\/05\/WhatsApp-Image-2024-05-18-at-18.54.13.jpeg",1600,900,false],"homepage-slider":["https:\/\/portal.pi.gov.br\/seres\/wp-content\/uploads\/sites\/87\/2024\/05\/WhatsApp-Image-2024-05-18-at-18.54.13-1270x500.jpeg",1270,500,true],"homepage-slider-small":["https:\/\/portal.pi.gov.br\/seres\/wp-content\/uploads\/sites\/87\/2024\/05\/WhatsApp-Image-2024-05-18-at-18.54.13-947x500.jpeg",947,500,true],"page-top":["https:\/\/portal.pi.gov.br\/seres\/wp-content\/uploads\/sites\/87\/2024\/05\/WhatsApp-Image-2024-05-18-at-18.54.13-947x533.jpeg",947,533,true],"page-small":["https:\/\/portal.pi.gov.br\/seres\/wp-content\/uploads\/sites\/87\/2024\/05\/WhatsApp-Image-2024-05-18-at-18.54.13-624x351.jpeg",624,351,true],"loop-main":["https:\/\/portal.pi.gov.br\/seres\/wp-content\/uploads\/sites\/87\/2024\/05\/WhatsApp-Image-2024-05-18-at-18.54.13-365x240.jpeg",365,240,true],"thumb-gallery-widget":["https:\/\/portal.pi.gov.br\/seres\/wp-content\/uploads\/sites\/87\/2024\/05\/WhatsApp-Image-2024-05-18-at-18.54.13-84x56.jpeg",84,56,true]},"post_excerpt_stackable_v2":"<p>A secretaria das Rela\u00e7\u00f5es Sociais (Seres), em parceria com o Minist\u00e9rio do Desenvolvimento e Assist\u00eancia Social, Fam\u00edlia e Combate \u00e0 Fome (MDS) e com a secretaria da Assist\u00eancia Social, Trabalho e Direitos Humanos (Sasc), realizou neste s\u00e1bado (18.05), no audit\u00f3rio da secretaria da Cultura (Secult), o Encontro com Povos Ind\u00edgenas do Piau\u00ed. A reuni\u00e3o, marcada pelo di\u00e1logo sobre Prote\u00e7\u00e3o Social no Territ\u00f3rio, contou com representantes do Governo Federal, do Governo Estadual e de dez munic\u00edpios em que h\u00e1 comunidades ind\u00edgenas. O ministro do MDS, Wellington Dias, ressaltou que o governo do presidente Lula est\u00e1 comprometido em trabalhar em conjunto com&hellip;<\/p>\n","category_list_v2":"<a href=\"https:\/\/portal.pi.gov.br\/seres\/category\/noticias\/\" rel=\"category tag\">Not\u00edcias<\/a>","author_info_v2":{"name":"natalina","url":"https:\/\/portal.pi.gov.br\/seres\/author\/natalina\/"},"comments_num_v2":"0 coment\u00e1rio","jetpack_featured_media_url":"https:\/\/portal.pi.gov.br\/seres\/wp-content\/uploads\/sites\/87\/2024\/05\/WhatsApp-Image-2024-05-18-at-18.54.13.jpeg","_links":{"self":[{"href":"https:\/\/portal.pi.gov.br\/seres\/wp-json\/wp\/v2\/posts\/2305"}],"collection":[{"href":"https:\/\/portal.pi.gov.br\/seres\/wp-json\/wp\/v2\/posts"}],"about":[{"href":"https:\/\/portal.pi.gov.br\/seres\/wp-json\/wp\/v2\/types\/post"}],"author":[{"embeddable":true,"href":"https:\/\/portal.pi.gov.br\/seres\/wp-json\/wp\/v2\/users\/1748"}],"replies":[{"embeddable":true,"href":"https:\/\/portal.pi.gov.br\/seres\/wp-json\/wp\/v2\/comments?post=2305"}],"version-history":[{"count":1,"href":"https:\/\/portal.pi.gov.br\/seres\/wp-json\/wp\/v2\/posts\/2305\/revisions"}],"predecessor-version":[{"id":2308,"href":"https:\/\/portal.pi.gov.br\/seres\/wp-json\/wp\/v2\/posts\/2305\/revisions\/2308"}],"wp:featuredmedia":[{"embeddable":true,"href":"https:\/\/portal.pi.gov.br\/seres\/wp-json\/wp\/v2\/media\/2306"}],"wp:attachment":[{"href":"https:\/\/portal.pi.gov.br\/seres\/wp-json\/wp\/v2\/media?parent=2305"}],"wp:term":[{"taxonomy":"category","embeddable":true,"href":"https:\/\/portal.pi.gov.br\/seres\/wp-json\/wp\/v2\/categories?post=2305"},{"taxonomy":"post_tag","embeddable":true,"href":"https:\/\/portal.pi.gov.br\/seres\/wp-json\/wp\/v2\/tags?post=2305"}],"curies":[{"name":"wp","href":"https:\/\/api.w.org\/{rel}","templated":true}]}}