{"id":2309,"date":"2024-05-20T09:18:51","date_gmt":"2024-05-20T12:18:51","guid":{"rendered":"https:\/\/portal.pi.gov.br\/seres\/?p=2309"},"modified":"2024-05-21T09:46:20","modified_gmt":"2024-05-21T12:46:20","slug":"g-20-em-teresina-inova-e-recebe-propostas-da-sociedade-civil-organizada-para-alianca-global-contra-a-fome-e-a-pobreza","status":"publish","type":"post","link":"https:\/\/portal.pi.gov.br\/seres\/2024\/05\/20\/g-20-em-teresina-inova-e-recebe-propostas-da-sociedade-civil-organizada-para-alianca-global-contra-a-fome-e-a-pobreza\/","title":{"rendered":"G-20 em Teresina inova e recebe propostas da sociedade civil organizada para Alian\u00e7a Global contra a Fome e a Pobreza"},"content":{"rendered":"\n<p>Na tarde desta segunda-feira (20), o minist\u00e9rio do Desenvolvimento e Assist\u00eancia Social, Fam\u00edlia e Combate \u00e0 Fome (MDS), a secretaria das Rela\u00e7\u00f5es Sociais do Piau\u00ed (Seres-PI) e a sociedade civil organizada se reuniram, no audit\u00f3rio da Federa\u00e7\u00e3o das Ind\u00fastrias do Piau\u00ed (Fiepi), para ouvir as contribui\u00e7\u00f5es dos movimentos sociais e demais entidades para o combate \u00e1 fome e \u00e1 pobreza no mundo.<\/p>\n\n\n<div class=\"wp-block-image\">\n<figure class=\"aligncenter size-large is-resized\"><img decoding=\"async\" loading=\"lazy\" src=\"https:\/\/portal.pi.gov.br\/seres\/wp-content\/uploads\/sites\/87\/2024\/05\/WhatsApp-Image-2024-05-20-at-22.28.49-1024x678.jpeg\" alt=\"\" class=\"wp-image-2328\" width=\"428\" height=\"283\" srcset=\"https:\/\/portal.pi.gov.br\/seres\/wp-content\/uploads\/sites\/87\/2024\/05\/WhatsApp-Image-2024-05-20-at-22.28.49-1024x678.jpeg 1024w, https:\/\/portal.pi.gov.br\/seres\/wp-content\/uploads\/sites\/87\/2024\/05\/WhatsApp-Image-2024-05-20-at-22.28.49-300x199.jpeg 300w, https:\/\/portal.pi.gov.br\/seres\/wp-content\/uploads\/sites\/87\/2024\/05\/WhatsApp-Image-2024-05-20-at-22.28.49-768x508.jpeg 768w, https:\/\/portal.pi.gov.br\/seres\/wp-content\/uploads\/sites\/87\/2024\/05\/WhatsApp-Image-2024-05-20-at-22.28.49-420x278.jpeg 420w, https:\/\/portal.pi.gov.br\/seres\/wp-content\/uploads\/sites\/87\/2024\/05\/WhatsApp-Image-2024-05-20-at-22.28.49-540x357.jpeg 540w, https:\/\/portal.pi.gov.br\/seres\/wp-content\/uploads\/sites\/87\/2024\/05\/WhatsApp-Image-2024-05-20-at-22.28.49-780x516.jpeg 780w, https:\/\/portal.pi.gov.br\/seres\/wp-content\/uploads\/sites\/87\/2024\/05\/WhatsApp-Image-2024-05-20-at-22.28.49-1536x1017.jpeg 1536w, https:\/\/portal.pi.gov.br\/seres\/wp-content\/uploads\/sites\/87\/2024\/05\/WhatsApp-Image-2024-05-20-at-22.28.49-947x627.jpeg 947w, https:\/\/portal.pi.gov.br\/seres\/wp-content\/uploads\/sites\/87\/2024\/05\/WhatsApp-Image-2024-05-20-at-22.28.49-624x413.jpeg 624w, https:\/\/portal.pi.gov.br\/seres\/wp-content\/uploads\/sites\/87\/2024\/05\/WhatsApp-Image-2024-05-20-at-22.28.49-365x240.jpeg 365w, https:\/\/portal.pi.gov.br\/seres\/wp-content\/uploads\/sites\/87\/2024\/05\/WhatsApp-Image-2024-05-20-at-22.28.49-84x56.jpeg 84w, https:\/\/portal.pi.gov.br\/seres\/wp-content\/uploads\/sites\/87\/2024\/05\/WhatsApp-Image-2024-05-20-at-22.28.49.jpeg 1600w\" sizes=\"(max-width: 428px) 100vw, 428px\" \/><\/figure><\/div>\n\n\n<p>A secret\u00e1ria N\u00fabia Lopes (Seres-PI) iniciou a sua fala exaltando os movimentos sociais pelo trabalho, organiza\u00e7\u00e3o, compromisso e contribui\u00e7\u00e3o para o desenvolvimento do Piau\u00ed e do Brasil. \u201cEstamos recebendo as propostas relevantes para o enfrentamento e combate \u00e0 fome e \u00e0 pobreza. Queremos escutar as organiza\u00e7\u00f5es que v\u00e3o apresentar suas contribui\u00e7\u00f5es e vamos encaminhar cada uma delas, porque n\u00e3o podemos deixar ningu\u00e9m para tr\u00e1s, nenhuma proposta para tr\u00e1s. Talvez saia daqui uma grande ideia para o processo de erradica\u00e7\u00e3o da pobreza no Piau\u00ed, no Brasil e no mundo, que \u00e9 nosso grande sonho e que pode se tornar realidade com todos n\u00f3s juntos com esse prop\u00f3sito\u201d, destacou.<\/p>\n\n\n<div class=\"wp-block-image\">\n<figure class=\"aligncenter size-large is-resized\"><img decoding=\"async\" loading=\"lazy\" src=\"https:\/\/portal.pi.gov.br\/seres\/wp-content\/uploads\/sites\/87\/2024\/05\/WhatsApp-Image-2024-05-20-at-22.32.43-1024x678.jpeg\" alt=\"\" class=\"wp-image-2322\" width=\"436\" height=\"289\" srcset=\"https:\/\/portal.pi.gov.br\/seres\/wp-content\/uploads\/sites\/87\/2024\/05\/WhatsApp-Image-2024-05-20-at-22.32.43-1024x678.jpeg 1024w, https:\/\/portal.pi.gov.br\/seres\/wp-content\/uploads\/sites\/87\/2024\/05\/WhatsApp-Image-2024-05-20-at-22.32.43-300x199.jpeg 300w, https:\/\/portal.pi.gov.br\/seres\/wp-content\/uploads\/sites\/87\/2024\/05\/WhatsApp-Image-2024-05-20-at-22.32.43-768x508.jpeg 768w, https:\/\/portal.pi.gov.br\/seres\/wp-content\/uploads\/sites\/87\/2024\/05\/WhatsApp-Image-2024-05-20-at-22.32.43-420x278.jpeg 420w, https:\/\/portal.pi.gov.br\/seres\/wp-content\/uploads\/sites\/87\/2024\/05\/WhatsApp-Image-2024-05-20-at-22.32.43-540x357.jpeg 540w, https:\/\/portal.pi.gov.br\/seres\/wp-content\/uploads\/sites\/87\/2024\/05\/WhatsApp-Image-2024-05-20-at-22.32.43-780x516.jpeg 780w, https:\/\/portal.pi.gov.br\/seres\/wp-content\/uploads\/sites\/87\/2024\/05\/WhatsApp-Image-2024-05-20-at-22.32.43-1536x1017.jpeg 1536w, https:\/\/portal.pi.gov.br\/seres\/wp-content\/uploads\/sites\/87\/2024\/05\/WhatsApp-Image-2024-05-20-at-22.32.43-947x627.jpeg 947w, https:\/\/portal.pi.gov.br\/seres\/wp-content\/uploads\/sites\/87\/2024\/05\/WhatsApp-Image-2024-05-20-at-22.32.43-624x413.jpeg 624w, https:\/\/portal.pi.gov.br\/seres\/wp-content\/uploads\/sites\/87\/2024\/05\/WhatsApp-Image-2024-05-20-at-22.32.43-84x56.jpeg 84w, https:\/\/portal.pi.gov.br\/seres\/wp-content\/uploads\/sites\/87\/2024\/05\/WhatsApp-Image-2024-05-20-at-22.32.43.jpeg 1600w\" sizes=\"(max-width: 436px) 100vw, 436px\" \/><\/figure><\/div>\n\n\n<p>No momento anterior do evento, os representantes dos minist\u00e9rios presentes no evento expuseram a composi\u00e7\u00e3o da cesta de pol\u00edticas p\u00fablicas exitosas da Alian\u00e7a Global contra a Fome e a Pobreza, na reuni\u00e3o da C\u00e2mara Interministerial de Seguran\u00e7a Alimentar e Nutricional (Caisan). O encontro foi aberto \u00e0 sociedade como parte da programa\u00e7\u00e3o do G20 Social e antecedeu a 3\u00aa reuni\u00e3o t\u00e9cnica da For\u00e7a-Tarefa para constru\u00e7\u00e3o da Alian\u00e7a Global.<\/p>\n\n\n<div class=\"wp-block-image\">\n<figure class=\"aligncenter size-large is-resized\"><img decoding=\"async\" loading=\"lazy\" src=\"https:\/\/portal.pi.gov.br\/seres\/wp-content\/uploads\/sites\/87\/2024\/05\/WhatsApp-Image-2024-05-20-at-15.14.05-1024x678.jpeg\" alt=\"\" class=\"wp-image-2312\" width=\"442\" height=\"293\" srcset=\"https:\/\/portal.pi.gov.br\/seres\/wp-content\/uploads\/sites\/87\/2024\/05\/WhatsApp-Image-2024-05-20-at-15.14.05-1024x678.jpeg 1024w, https:\/\/portal.pi.gov.br\/seres\/wp-content\/uploads\/sites\/87\/2024\/05\/WhatsApp-Image-2024-05-20-at-15.14.05-300x199.jpeg 300w, https:\/\/portal.pi.gov.br\/seres\/wp-content\/uploads\/sites\/87\/2024\/05\/WhatsApp-Image-2024-05-20-at-15.14.05-768x509.jpeg 768w, https:\/\/portal.pi.gov.br\/seres\/wp-content\/uploads\/sites\/87\/2024\/05\/WhatsApp-Image-2024-05-20-at-15.14.05-420x278.jpeg 420w, https:\/\/portal.pi.gov.br\/seres\/wp-content\/uploads\/sites\/87\/2024\/05\/WhatsApp-Image-2024-05-20-at-15.14.05-540x358.jpeg 540w, https:\/\/portal.pi.gov.br\/seres\/wp-content\/uploads\/sites\/87\/2024\/05\/WhatsApp-Image-2024-05-20-at-15.14.05-780x517.jpeg 780w, https:\/\/portal.pi.gov.br\/seres\/wp-content\/uploads\/sites\/87\/2024\/05\/WhatsApp-Image-2024-05-20-at-15.14.05-1536x1017.jpeg 1536w, https:\/\/portal.pi.gov.br\/seres\/wp-content\/uploads\/sites\/87\/2024\/05\/WhatsApp-Image-2024-05-20-at-15.14.05-2048x1356.jpeg 2048w, https:\/\/portal.pi.gov.br\/seres\/wp-content\/uploads\/sites\/87\/2024\/05\/WhatsApp-Image-2024-05-20-at-15.14.05-947x627.jpeg 947w, https:\/\/portal.pi.gov.br\/seres\/wp-content\/uploads\/sites\/87\/2024\/05\/WhatsApp-Image-2024-05-20-at-15.14.05-624x413.jpeg 624w, https:\/\/portal.pi.gov.br\/seres\/wp-content\/uploads\/sites\/87\/2024\/05\/WhatsApp-Image-2024-05-20-at-15.14.05-84x56.jpeg 84w\" sizes=\"(max-width: 442px) 100vw, 442px\" \/><\/figure><\/div>\n\n\n<p>Ao abrir o evento, o ministro do Desenvolvimento e Assist\u00eancia Social, Fam\u00edlia e Combate \u00e0 Fome, Wellington Dias, trouxe dados recentes da pesquisa do Programa das Na\u00e7\u00f5es Unidas para o Desenvolvimento (PNUD), que mostram a redu\u00e7\u00e3o da mis\u00e9ria e da inseguran\u00e7a alimentar no Piau\u00ed nas \u00faltimas duas d\u00e9cadas e a import\u00e2ncia de pol\u00edticas p\u00fablicas, como o Bolsa Fam\u00edlia.<\/p>\n\n\n<div class=\"wp-block-image\">\n<figure class=\"aligncenter size-large is-resized\"><img decoding=\"async\" loading=\"lazy\" src=\"https:\/\/portal.pi.gov.br\/seres\/wp-content\/uploads\/sites\/87\/2024\/05\/WhatsApp-Image-2024-05-20-at-15.16.32-1024x683.jpeg\" alt=\"\" class=\"wp-image-2315\" width=\"446\" height=\"297\" srcset=\"https:\/\/portal.pi.gov.br\/seres\/wp-content\/uploads\/sites\/87\/2024\/05\/WhatsApp-Image-2024-05-20-at-15.16.32-1024x683.jpeg 1024w, https:\/\/portal.pi.gov.br\/seres\/wp-content\/uploads\/sites\/87\/2024\/05\/WhatsApp-Image-2024-05-20-at-15.16.32-300x200.jpeg 300w, https:\/\/portal.pi.gov.br\/seres\/wp-content\/uploads\/sites\/87\/2024\/05\/WhatsApp-Image-2024-05-20-at-15.16.32-768x512.jpeg 768w, https:\/\/portal.pi.gov.br\/seres\/wp-content\/uploads\/sites\/87\/2024\/05\/WhatsApp-Image-2024-05-20-at-15.16.32-420x280.jpeg 420w, https:\/\/portal.pi.gov.br\/seres\/wp-content\/uploads\/sites\/87\/2024\/05\/WhatsApp-Image-2024-05-20-at-15.16.32-540x360.jpeg 540w, https:\/\/portal.pi.gov.br\/seres\/wp-content\/uploads\/sites\/87\/2024\/05\/WhatsApp-Image-2024-05-20-at-15.16.32-780x520.jpeg 780w, https:\/\/portal.pi.gov.br\/seres\/wp-content\/uploads\/sites\/87\/2024\/05\/WhatsApp-Image-2024-05-20-at-15.16.32-1536x1024.jpeg 1536w, https:\/\/portal.pi.gov.br\/seres\/wp-content\/uploads\/sites\/87\/2024\/05\/WhatsApp-Image-2024-05-20-at-15.16.32-2048x1366.jpeg 2048w, https:\/\/portal.pi.gov.br\/seres\/wp-content\/uploads\/sites\/87\/2024\/05\/WhatsApp-Image-2024-05-20-at-15.16.32-947x631.jpeg 947w, https:\/\/portal.pi.gov.br\/seres\/wp-content\/uploads\/sites\/87\/2024\/05\/WhatsApp-Image-2024-05-20-at-15.16.32-624x416.jpeg 624w, https:\/\/portal.pi.gov.br\/seres\/wp-content\/uploads\/sites\/87\/2024\/05\/WhatsApp-Image-2024-05-20-at-15.16.32-84x56.jpeg 84w\" sizes=\"(max-width: 446px) 100vw, 446px\" \/><\/figure><\/div>\n\n\n<p>\u201cEm 20 anos, demos o maior salto desde o inicio do s\u00e9culo, sa\u00edmos de um IDH muito baixo, de 0.4 para 0.71, considerado muito alto\u201d, comemorou Wellington Dias. \u201cIsso significa que a qualidade de quem vive aqui hoje \u00e9 outra, que as condi\u00e7\u00f5es de nascer, crescer e viver bem est\u00e3o quase duas vezes melhores do que eram h\u00e1 20 anos\u201d, completou.<\/p>\n\n\n<div class=\"wp-block-image\">\n<figure class=\"aligncenter size-large is-resized\"><img decoding=\"async\" loading=\"lazy\" src=\"https:\/\/portal.pi.gov.br\/seres\/wp-content\/uploads\/sites\/87\/2024\/05\/WhatsApp-Image-2024-05-20-at-15.16.33-1024x683.jpeg\" alt=\"\" class=\"wp-image-2313\" width=\"444\" height=\"296\" srcset=\"https:\/\/portal.pi.gov.br\/seres\/wp-content\/uploads\/sites\/87\/2024\/05\/WhatsApp-Image-2024-05-20-at-15.16.33-1024x683.jpeg 1024w, https:\/\/portal.pi.gov.br\/seres\/wp-content\/uploads\/sites\/87\/2024\/05\/WhatsApp-Image-2024-05-20-at-15.16.33-300x200.jpeg 300w, https:\/\/portal.pi.gov.br\/seres\/wp-content\/uploads\/sites\/87\/2024\/05\/WhatsApp-Image-2024-05-20-at-15.16.33-768x512.jpeg 768w, https:\/\/portal.pi.gov.br\/seres\/wp-content\/uploads\/sites\/87\/2024\/05\/WhatsApp-Image-2024-05-20-at-15.16.33-420x280.jpeg 420w, https:\/\/portal.pi.gov.br\/seres\/wp-content\/uploads\/sites\/87\/2024\/05\/WhatsApp-Image-2024-05-20-at-15.16.33-540x360.jpeg 540w, https:\/\/portal.pi.gov.br\/seres\/wp-content\/uploads\/sites\/87\/2024\/05\/WhatsApp-Image-2024-05-20-at-15.16.33-780x520.jpeg 780w, https:\/\/portal.pi.gov.br\/seres\/wp-content\/uploads\/sites\/87\/2024\/05\/WhatsApp-Image-2024-05-20-at-15.16.33-1536x1024.jpeg 1536w, https:\/\/portal.pi.gov.br\/seres\/wp-content\/uploads\/sites\/87\/2024\/05\/WhatsApp-Image-2024-05-20-at-15.16.33-2048x1366.jpeg 2048w, https:\/\/portal.pi.gov.br\/seres\/wp-content\/uploads\/sites\/87\/2024\/05\/WhatsApp-Image-2024-05-20-at-15.16.33-947x631.jpeg 947w, https:\/\/portal.pi.gov.br\/seres\/wp-content\/uploads\/sites\/87\/2024\/05\/WhatsApp-Image-2024-05-20-at-15.16.33-624x416.jpeg 624w, https:\/\/portal.pi.gov.br\/seres\/wp-content\/uploads\/sites\/87\/2024\/05\/WhatsApp-Image-2024-05-20-at-15.16.33-84x56.jpeg 84w\" sizes=\"(max-width: 444px) 100vw, 444px\" \/><\/figure><\/div>\n\n\n<p>Em seguida, o ministro refor\u00e7ou a&nbsp; import\u00e2ncia de trabalhar em conjunto. \u201c\u00c9 por isso que estamos hoje recebendo delega\u00e7\u00f5es de mais de 50 pa\u00edses para falar de exemplos e resultados obtidos aqui no Piau\u00ed\u201d, enfatizou. \u201cPrecisamos avan\u00e7ar juntos, com o que aprendemos aqui e com o muito que temos a evoluir, junto com outras 50 delega\u00e7\u00f5es do mundo. N\u00e3o se trata de um contrato, se trata de uma Alian\u00e7a Global para enfrentar a fome e a pobreza. \u00c9 com essa motiva\u00e7\u00e3o que a gente sai daqui hoje\u201d, afirmou.<\/p>\n\n\n<div class=\"wp-block-image\">\n<figure class=\"aligncenter size-large is-resized\"><img decoding=\"async\" loading=\"lazy\" src=\"https:\/\/portal.pi.gov.br\/seres\/wp-content\/uploads\/sites\/87\/2024\/05\/WhatsApp-Image-2024-05-20-at-22.36.00-1024x678.jpeg\" alt=\"\" class=\"wp-image-2319\" width=\"457\" height=\"302\" srcset=\"https:\/\/portal.pi.gov.br\/seres\/wp-content\/uploads\/sites\/87\/2024\/05\/WhatsApp-Image-2024-05-20-at-22.36.00-1024x678.jpeg 1024w, https:\/\/portal.pi.gov.br\/seres\/wp-content\/uploads\/sites\/87\/2024\/05\/WhatsApp-Image-2024-05-20-at-22.36.00-300x199.jpeg 300w, https:\/\/portal.pi.gov.br\/seres\/wp-content\/uploads\/sites\/87\/2024\/05\/WhatsApp-Image-2024-05-20-at-22.36.00-768x508.jpeg 768w, https:\/\/portal.pi.gov.br\/seres\/wp-content\/uploads\/sites\/87\/2024\/05\/WhatsApp-Image-2024-05-20-at-22.36.00-420x278.jpeg 420w, https:\/\/portal.pi.gov.br\/seres\/wp-content\/uploads\/sites\/87\/2024\/05\/WhatsApp-Image-2024-05-20-at-22.36.00-540x357.jpeg 540w, https:\/\/portal.pi.gov.br\/seres\/wp-content\/uploads\/sites\/87\/2024\/05\/WhatsApp-Image-2024-05-20-at-22.36.00-780x516.jpeg 780w, https:\/\/portal.pi.gov.br\/seres\/wp-content\/uploads\/sites\/87\/2024\/05\/WhatsApp-Image-2024-05-20-at-22.36.00-1536x1017.jpeg 1536w, https:\/\/portal.pi.gov.br\/seres\/wp-content\/uploads\/sites\/87\/2024\/05\/WhatsApp-Image-2024-05-20-at-22.36.00-947x627.jpeg 947w, https:\/\/portal.pi.gov.br\/seres\/wp-content\/uploads\/sites\/87\/2024\/05\/WhatsApp-Image-2024-05-20-at-22.36.00-624x413.jpeg 624w, https:\/\/portal.pi.gov.br\/seres\/wp-content\/uploads\/sites\/87\/2024\/05\/WhatsApp-Image-2024-05-20-at-22.36.00-365x240.jpeg 365w, https:\/\/portal.pi.gov.br\/seres\/wp-content\/uploads\/sites\/87\/2024\/05\/WhatsApp-Image-2024-05-20-at-22.36.00-84x56.jpeg 84w, https:\/\/portal.pi.gov.br\/seres\/wp-content\/uploads\/sites\/87\/2024\/05\/WhatsApp-Image-2024-05-20-at-22.36.00.jpeg 1600w\" sizes=\"(max-width: 457px) 100vw, 457px\" \/><\/figure><\/div>\n\n\n<p>J\u00e1 o ministro da Secretaria-Geral da Presid\u00eancia, M\u00e1rcio Mac\u00eado, lembrou que, dentre as prioridades da presid\u00eancia do Brasil no G20, est\u00e3o o combate \u00e0 fome e \u00e0 desigualdade social. Al\u00e9m disso, falou sobre a import\u00e2ncia que o presidente Lula deu \u00e0 participa\u00e7\u00e3o social no f\u00f3rum das maiores economias globais.<\/p>\n\n\n<div class=\"wp-block-image\">\n<figure class=\"aligncenter size-large is-resized\"><img decoding=\"async\" loading=\"lazy\" src=\"https:\/\/portal.pi.gov.br\/seres\/wp-content\/uploads\/sites\/87\/2024\/05\/WhatsApp-Image-2024-05-20-at-15.14.05-1-1024x678.jpeg\" alt=\"\" class=\"wp-image-2311\" width=\"454\" height=\"301\" srcset=\"https:\/\/portal.pi.gov.br\/seres\/wp-content\/uploads\/sites\/87\/2024\/05\/WhatsApp-Image-2024-05-20-at-15.14.05-1-1024x678.jpeg 1024w, https:\/\/portal.pi.gov.br\/seres\/wp-content\/uploads\/sites\/87\/2024\/05\/WhatsApp-Image-2024-05-20-at-15.14.05-1-300x199.jpeg 300w, https:\/\/portal.pi.gov.br\/seres\/wp-content\/uploads\/sites\/87\/2024\/05\/WhatsApp-Image-2024-05-20-at-15.14.05-1-768x509.jpeg 768w, https:\/\/portal.pi.gov.br\/seres\/wp-content\/uploads\/sites\/87\/2024\/05\/WhatsApp-Image-2024-05-20-at-15.14.05-1-420x278.jpeg 420w, https:\/\/portal.pi.gov.br\/seres\/wp-content\/uploads\/sites\/87\/2024\/05\/WhatsApp-Image-2024-05-20-at-15.14.05-1-540x358.jpeg 540w, https:\/\/portal.pi.gov.br\/seres\/wp-content\/uploads\/sites\/87\/2024\/05\/WhatsApp-Image-2024-05-20-at-15.14.05-1-780x517.jpeg 780w, https:\/\/portal.pi.gov.br\/seres\/wp-content\/uploads\/sites\/87\/2024\/05\/WhatsApp-Image-2024-05-20-at-15.14.05-1-1536x1017.jpeg 1536w, https:\/\/portal.pi.gov.br\/seres\/wp-content\/uploads\/sites\/87\/2024\/05\/WhatsApp-Image-2024-05-20-at-15.14.05-1-2048x1356.jpeg 2048w, https:\/\/portal.pi.gov.br\/seres\/wp-content\/uploads\/sites\/87\/2024\/05\/WhatsApp-Image-2024-05-20-at-15.14.05-1-947x627.jpeg 947w, https:\/\/portal.pi.gov.br\/seres\/wp-content\/uploads\/sites\/87\/2024\/05\/WhatsApp-Image-2024-05-20-at-15.14.05-1-624x413.jpeg 624w, https:\/\/portal.pi.gov.br\/seres\/wp-content\/uploads\/sites\/87\/2024\/05\/WhatsApp-Image-2024-05-20-at-15.14.05-1-84x56.jpeg 84w\" sizes=\"(max-width: 454px) 100vw, 454px\" \/><\/figure><\/div>\n\n\n<p>\u201cNa pr\u00e1tica, criou-se uma terceira trilha (al\u00e9m da trilha de Sherpas e de Finan\u00e7as do G20) que \u00e9 a de participa\u00e7\u00e3o social, o G20 Social\u201d, comentou. \u201cEssa reuni\u00e3o recebe a Caisan, com debate, di\u00e1logo e escuta, porque n\u00e3o h\u00e1&nbsp; pol\u00edtica p\u00fablica bem-sucedida sem participa\u00e7\u00e3o da sociedade. O&nbsp;povo \u00e9 que sabe onde est\u00e3o as suas dores\u201d, afirmou.<\/p>\n\n\n<div class=\"wp-block-image\">\n<figure class=\"aligncenter size-large is-resized\"><img decoding=\"async\" loading=\"lazy\" src=\"https:\/\/portal.pi.gov.br\/seres\/wp-content\/uploads\/sites\/87\/2024\/05\/WhatsApp-Image-2024-05-20-at-22.36.02-1024x678.jpeg\" alt=\"\" class=\"wp-image-2317\" width=\"465\" height=\"308\" srcset=\"https:\/\/portal.pi.gov.br\/seres\/wp-content\/uploads\/sites\/87\/2024\/05\/WhatsApp-Image-2024-05-20-at-22.36.02-1024x678.jpeg 1024w, https:\/\/portal.pi.gov.br\/seres\/wp-content\/uploads\/sites\/87\/2024\/05\/WhatsApp-Image-2024-05-20-at-22.36.02-300x199.jpeg 300w, https:\/\/portal.pi.gov.br\/seres\/wp-content\/uploads\/sites\/87\/2024\/05\/WhatsApp-Image-2024-05-20-at-22.36.02-768x508.jpeg 768w, https:\/\/portal.pi.gov.br\/seres\/wp-content\/uploads\/sites\/87\/2024\/05\/WhatsApp-Image-2024-05-20-at-22.36.02-420x278.jpeg 420w, https:\/\/portal.pi.gov.br\/seres\/wp-content\/uploads\/sites\/87\/2024\/05\/WhatsApp-Image-2024-05-20-at-22.36.02-540x357.jpeg 540w, https:\/\/portal.pi.gov.br\/seres\/wp-content\/uploads\/sites\/87\/2024\/05\/WhatsApp-Image-2024-05-20-at-22.36.02-780x516.jpeg 780w, https:\/\/portal.pi.gov.br\/seres\/wp-content\/uploads\/sites\/87\/2024\/05\/WhatsApp-Image-2024-05-20-at-22.36.02-1536x1017.jpeg 1536w, https:\/\/portal.pi.gov.br\/seres\/wp-content\/uploads\/sites\/87\/2024\/05\/WhatsApp-Image-2024-05-20-at-22.36.02-947x627.jpeg 947w, https:\/\/portal.pi.gov.br\/seres\/wp-content\/uploads\/sites\/87\/2024\/05\/WhatsApp-Image-2024-05-20-at-22.36.02-624x413.jpeg 624w, https:\/\/portal.pi.gov.br\/seres\/wp-content\/uploads\/sites\/87\/2024\/05\/WhatsApp-Image-2024-05-20-at-22.36.02-84x56.jpeg 84w, https:\/\/portal.pi.gov.br\/seres\/wp-content\/uploads\/sites\/87\/2024\/05\/WhatsApp-Image-2024-05-20-at-22.36.02.jpeg 1600w\" sizes=\"(max-width: 465px) 100vw, 465px\" \/><\/figure><\/div>\n\n\n<p>Na mesma linha, o governador do Piau\u00ed, Rafael Fonteles, salientou a \u201cfirme decis\u00e3o do presidente Lula de pautar temas sociais no G20\u201d e em colocar a popula\u00e7\u00e3o como participante ativa do processo, inclusive com encontros fora de Bras\u00edlia. \u201cNo momento em que o Brasil ocupa a presid\u00eancia do G20, coloca como quest\u00e3o mais relevante o combate \u00e0 fome, a redu\u00e7\u00e3o da pobreza e das desigualdades. Isso j\u00e1 \u00e9 uma inova\u00e7\u00e3o\u201d, comentou. \u201cAl\u00e9m disso, faz com que o G20 n\u00e3o seja apenas uma reuni\u00e3o de c\u00fapula, mas que tenha participa\u00e7\u00e3o da sociedade\u201d, acrescentou.<\/p>\n\n\n<div class=\"wp-block-image\">\n<figure class=\"aligncenter size-large is-resized\"><img decoding=\"async\" loading=\"lazy\" src=\"https:\/\/portal.pi.gov.br\/seres\/wp-content\/uploads\/sites\/87\/2024\/05\/WhatsApp-Image-2024-05-20-at-15.16.32-1-1024x683.jpeg\" alt=\"\" class=\"wp-image-2314\" width=\"485\" height=\"324\" srcset=\"https:\/\/portal.pi.gov.br\/seres\/wp-content\/uploads\/sites\/87\/2024\/05\/WhatsApp-Image-2024-05-20-at-15.16.32-1-1024x683.jpeg 1024w, https:\/\/portal.pi.gov.br\/seres\/wp-content\/uploads\/sites\/87\/2024\/05\/WhatsApp-Image-2024-05-20-at-15.16.32-1-300x200.jpeg 300w, https:\/\/portal.pi.gov.br\/seres\/wp-content\/uploads\/sites\/87\/2024\/05\/WhatsApp-Image-2024-05-20-at-15.16.32-1-768x512.jpeg 768w, https:\/\/portal.pi.gov.br\/seres\/wp-content\/uploads\/sites\/87\/2024\/05\/WhatsApp-Image-2024-05-20-at-15.16.32-1-420x280.jpeg 420w, https:\/\/portal.pi.gov.br\/seres\/wp-content\/uploads\/sites\/87\/2024\/05\/WhatsApp-Image-2024-05-20-at-15.16.32-1-540x360.jpeg 540w, https:\/\/portal.pi.gov.br\/seres\/wp-content\/uploads\/sites\/87\/2024\/05\/WhatsApp-Image-2024-05-20-at-15.16.32-1-780x520.jpeg 780w, https:\/\/portal.pi.gov.br\/seres\/wp-content\/uploads\/sites\/87\/2024\/05\/WhatsApp-Image-2024-05-20-at-15.16.32-1-1536x1024.jpeg 1536w, https:\/\/portal.pi.gov.br\/seres\/wp-content\/uploads\/sites\/87\/2024\/05\/WhatsApp-Image-2024-05-20-at-15.16.32-1-2048x1366.jpeg 2048w, https:\/\/portal.pi.gov.br\/seres\/wp-content\/uploads\/sites\/87\/2024\/05\/WhatsApp-Image-2024-05-20-at-15.16.32-1-947x631.jpeg 947w, https:\/\/portal.pi.gov.br\/seres\/wp-content\/uploads\/sites\/87\/2024\/05\/WhatsApp-Image-2024-05-20-at-15.16.32-1-624x416.jpeg 624w, https:\/\/portal.pi.gov.br\/seres\/wp-content\/uploads\/sites\/87\/2024\/05\/WhatsApp-Image-2024-05-20-at-15.16.32-1-84x56.jpeg 84w\" sizes=\"(max-width: 485px) 100vw, 485px\" \/><\/figure><\/div>\n\n\n<p>Constru\u00e7\u00e3o conjunta<\/p>\n\n\n\n<p>Ao longo do evento, diversos representantes de minist\u00e9rios apresentaram contribui\u00e7\u00f5es de suas pastas para a Alian\u00e7a Global. No Minist\u00e9rio da Sa\u00fade, por exemplo, foi enfatizada a necessidade da realiza\u00e7\u00e3o do conjunto de direitos humanos para efetiva\u00e7\u00e3o da alimenta\u00e7\u00e3o plena. A pasta busca, nesse aspecto, foco em investimentos na expans\u00e3o e qualifica\u00e7\u00e3o de atendimento \u00e0 sa\u00fade prim\u00e1ria do SUS.<\/p>\n\n\n<div class=\"wp-block-image\">\n<figure class=\"aligncenter size-large is-resized\"><img decoding=\"async\" loading=\"lazy\" src=\"https:\/\/portal.pi.gov.br\/seres\/wp-content\/uploads\/sites\/87\/2024\/05\/WhatsApp-Image-2024-05-20-at-22.28.51-1024x678.jpeg\" alt=\"\" class=\"wp-image-2327\" width=\"495\" height=\"328\" srcset=\"https:\/\/portal.pi.gov.br\/seres\/wp-content\/uploads\/sites\/87\/2024\/05\/WhatsApp-Image-2024-05-20-at-22.28.51-1024x678.jpeg 1024w, https:\/\/portal.pi.gov.br\/seres\/wp-content\/uploads\/sites\/87\/2024\/05\/WhatsApp-Image-2024-05-20-at-22.28.51-300x199.jpeg 300w, https:\/\/portal.pi.gov.br\/seres\/wp-content\/uploads\/sites\/87\/2024\/05\/WhatsApp-Image-2024-05-20-at-22.28.51-768x508.jpeg 768w, https:\/\/portal.pi.gov.br\/seres\/wp-content\/uploads\/sites\/87\/2024\/05\/WhatsApp-Image-2024-05-20-at-22.28.51-420x278.jpeg 420w, https:\/\/portal.pi.gov.br\/seres\/wp-content\/uploads\/sites\/87\/2024\/05\/WhatsApp-Image-2024-05-20-at-22.28.51-540x357.jpeg 540w, https:\/\/portal.pi.gov.br\/seres\/wp-content\/uploads\/sites\/87\/2024\/05\/WhatsApp-Image-2024-05-20-at-22.28.51-780x516.jpeg 780w, https:\/\/portal.pi.gov.br\/seres\/wp-content\/uploads\/sites\/87\/2024\/05\/WhatsApp-Image-2024-05-20-at-22.28.51-1536x1017.jpeg 1536w, https:\/\/portal.pi.gov.br\/seres\/wp-content\/uploads\/sites\/87\/2024\/05\/WhatsApp-Image-2024-05-20-at-22.28.51-947x627.jpeg 947w, https:\/\/portal.pi.gov.br\/seres\/wp-content\/uploads\/sites\/87\/2024\/05\/WhatsApp-Image-2024-05-20-at-22.28.51-624x413.jpeg 624w, https:\/\/portal.pi.gov.br\/seres\/wp-content\/uploads\/sites\/87\/2024\/05\/WhatsApp-Image-2024-05-20-at-22.28.51-84x56.jpeg 84w, https:\/\/portal.pi.gov.br\/seres\/wp-content\/uploads\/sites\/87\/2024\/05\/WhatsApp-Image-2024-05-20-at-22.28.51.jpeg 1600w\" sizes=\"(max-width: 495px) 100vw, 495px\" \/><\/figure><\/div>\n\n\n<p>Al\u00e9m disso, o Minist\u00e9rio da Pesca e Aquicultura elencou contribui\u00e7\u00f5es para a cesta da Alian\u00e7a Global contra a Fome e a Pobreza: o programa Povos da Pesca Artesanal e a iniciativa Jovem Cientista da Pesca Artesanal. J\u00e1 o Minist\u00e9rio da Agricultura e Pecu\u00e1ria deu \u00eanfase no fortalecimento de cadeias produtivas, com recorte para pequenas cadeias e de agricultura familiar. Tamb\u00e9m foram citados os Planos Amaz\u00f4nia+Sustent\u00e1vel e Nordeste+Sustent\u00e1vel. Em um ano, governo Lula retirou 24,4 milh\u00f5es da situa\u00e7\u00e3o da fome. Programas sociais ser\u00e3o apresentados como experi\u00eancias exitosas ao G20.<\/p>\n\n\n<div class=\"wp-block-image\">\n<figure class=\"aligncenter size-large is-resized\"><img decoding=\"async\" loading=\"lazy\" src=\"https:\/\/portal.pi.gov.br\/seres\/wp-content\/uploads\/sites\/87\/2024\/05\/WhatsApp-Image-2024-05-20-at-22.28.51-1-1024x678.jpeg\" alt=\"\" class=\"wp-image-2326\" width=\"487\" height=\"323\" srcset=\"https:\/\/portal.pi.gov.br\/seres\/wp-content\/uploads\/sites\/87\/2024\/05\/WhatsApp-Image-2024-05-20-at-22.28.51-1-1024x678.jpeg 1024w, https:\/\/portal.pi.gov.br\/seres\/wp-content\/uploads\/sites\/87\/2024\/05\/WhatsApp-Image-2024-05-20-at-22.28.51-1-300x199.jpeg 300w, https:\/\/portal.pi.gov.br\/seres\/wp-content\/uploads\/sites\/87\/2024\/05\/WhatsApp-Image-2024-05-20-at-22.28.51-1-768x508.jpeg 768w, https:\/\/portal.pi.gov.br\/seres\/wp-content\/uploads\/sites\/87\/2024\/05\/WhatsApp-Image-2024-05-20-at-22.28.51-1-420x278.jpeg 420w, https:\/\/portal.pi.gov.br\/seres\/wp-content\/uploads\/sites\/87\/2024\/05\/WhatsApp-Image-2024-05-20-at-22.28.51-1-540x357.jpeg 540w, https:\/\/portal.pi.gov.br\/seres\/wp-content\/uploads\/sites\/87\/2024\/05\/WhatsApp-Image-2024-05-20-at-22.28.51-1-780x516.jpeg 780w, https:\/\/portal.pi.gov.br\/seres\/wp-content\/uploads\/sites\/87\/2024\/05\/WhatsApp-Image-2024-05-20-at-22.28.51-1-1536x1017.jpeg 1536w, https:\/\/portal.pi.gov.br\/seres\/wp-content\/uploads\/sites\/87\/2024\/05\/WhatsApp-Image-2024-05-20-at-22.28.51-1-947x627.jpeg 947w, https:\/\/portal.pi.gov.br\/seres\/wp-content\/uploads\/sites\/87\/2024\/05\/WhatsApp-Image-2024-05-20-at-22.28.51-1-624x413.jpeg 624w, https:\/\/portal.pi.gov.br\/seres\/wp-content\/uploads\/sites\/87\/2024\/05\/WhatsApp-Image-2024-05-20-at-22.28.51-1-84x56.jpeg 84w, https:\/\/portal.pi.gov.br\/seres\/wp-content\/uploads\/sites\/87\/2024\/05\/WhatsApp-Image-2024-05-20-at-22.28.51-1.jpeg 1600w\" sizes=\"(max-width: 487px) 100vw, 487px\" \/><\/figure><\/div>\n\n\n<p>O G20 Social, que aconteceu durante toda a segunda-feira (20), \u00e9 um marco hist\u00f3rico, pois, pela primeira vez, recebeu os anseios da sociedade civil organizada, em forma de propostas contra a fome, a pobreza e a desigualdade social. A proposta do G20 Social foi constru\u00edda a partir da Alian\u00e7a Global contra a Fome e a Pobreza, com a escuta de lideran\u00e7as sociais que trabalham nessa tem\u00e1tica. Ao final, um relat\u00f3rio que ser\u00e1 entregue \u00e0 delega\u00e7\u00e3o brasileira, a quem caber\u00e1 extrair as propostas que possam servir de base para aprova\u00e7\u00e3o e encaminhamento ao f\u00f3rum do G20.<\/p>\n\n\n<div class=\"wp-block-image\">\n<figure class=\"aligncenter size-large is-resized\"><img decoding=\"async\" loading=\"lazy\" src=\"https:\/\/portal.pi.gov.br\/seres\/wp-content\/uploads\/sites\/87\/2024\/05\/WhatsApp-Image-2024-05-20-at-22.36.01-1024x678.jpeg\" alt=\"\" class=\"wp-image-2318\" width=\"491\" height=\"325\" srcset=\"https:\/\/portal.pi.gov.br\/seres\/wp-content\/uploads\/sites\/87\/2024\/05\/WhatsApp-Image-2024-05-20-at-22.36.01-1024x678.jpeg 1024w, https:\/\/portal.pi.gov.br\/seres\/wp-content\/uploads\/sites\/87\/2024\/05\/WhatsApp-Image-2024-05-20-at-22.36.01-300x199.jpeg 300w, https:\/\/portal.pi.gov.br\/seres\/wp-content\/uploads\/sites\/87\/2024\/05\/WhatsApp-Image-2024-05-20-at-22.36.01-768x508.jpeg 768w, https:\/\/portal.pi.gov.br\/seres\/wp-content\/uploads\/sites\/87\/2024\/05\/WhatsApp-Image-2024-05-20-at-22.36.01-420x278.jpeg 420w, https:\/\/portal.pi.gov.br\/seres\/wp-content\/uploads\/sites\/87\/2024\/05\/WhatsApp-Image-2024-05-20-at-22.36.01-540x357.jpeg 540w, https:\/\/portal.pi.gov.br\/seres\/wp-content\/uploads\/sites\/87\/2024\/05\/WhatsApp-Image-2024-05-20-at-22.36.01-780x516.jpeg 780w, https:\/\/portal.pi.gov.br\/seres\/wp-content\/uploads\/sites\/87\/2024\/05\/WhatsApp-Image-2024-05-20-at-22.36.01-1536x1017.jpeg 1536w, https:\/\/portal.pi.gov.br\/seres\/wp-content\/uploads\/sites\/87\/2024\/05\/WhatsApp-Image-2024-05-20-at-22.36.01-947x627.jpeg 947w, https:\/\/portal.pi.gov.br\/seres\/wp-content\/uploads\/sites\/87\/2024\/05\/WhatsApp-Image-2024-05-20-at-22.36.01-624x413.jpeg 624w, https:\/\/portal.pi.gov.br\/seres\/wp-content\/uploads\/sites\/87\/2024\/05\/WhatsApp-Image-2024-05-20-at-22.36.01-84x56.jpeg 84w, https:\/\/portal.pi.gov.br\/seres\/wp-content\/uploads\/sites\/87\/2024\/05\/WhatsApp-Image-2024-05-20-at-22.36.01.jpeg 1600w\" sizes=\"(max-width: 491px) 100vw, 491px\" \/><\/figure><\/div>\n\n\n<p>O G20, que re\u00fane as maiores economias do mundo, tem como foco central o combate \u00e0 fome e \u00e0 pobreza, buscando solu\u00e7\u00f5es conjuntas para um problema global urgente. Durante toda a semana Teresina sedia decis\u00f5es importantes para o Piau\u00ed, para o Brasil e para o mundo. O objetivo foi tra\u00e7ado at\u00e9 2030. No mundo, 735 milh\u00f5es de pessoas n\u00e3o t\u00eam condi\u00e7\u00f5es de fazer as tr\u00eas refei\u00e7\u00f5es di\u00e1rias, num quadro de inseguran\u00e7a alimentar grave. O objetivo \u00e9 que cada pa\u00eds fa\u00e7a a sua parte. Essa pactua\u00e7\u00e3o vai nos dar um instrumento, indicando as experi\u00eancias do mundo consideradas eficientes, que v\u00e3o compor uma cesta de alternativas para que pa\u00edses mais desenvolvidos possam dar as m\u00e3os aos pa\u00edses mais pobres.<\/p>\n\n\n<div class=\"wp-block-image\">\n<figure class=\"aligncenter size-large is-resized\"><img decoding=\"async\" loading=\"lazy\" src=\"https:\/\/portal.pi.gov.br\/seres\/wp-content\/uploads\/sites\/87\/2024\/05\/WhatsApp-Image-2024-05-20-at-22.35.57-1024x678.jpeg\" alt=\"\" class=\"wp-image-2321\" width=\"488\" height=\"324\" srcset=\"https:\/\/portal.pi.gov.br\/seres\/wp-content\/uploads\/sites\/87\/2024\/05\/WhatsApp-Image-2024-05-20-at-22.35.57-1024x678.jpeg 1024w, https:\/\/portal.pi.gov.br\/seres\/wp-content\/uploads\/sites\/87\/2024\/05\/WhatsApp-Image-2024-05-20-at-22.35.57-300x199.jpeg 300w, https:\/\/portal.pi.gov.br\/seres\/wp-content\/uploads\/sites\/87\/2024\/05\/WhatsApp-Image-2024-05-20-at-22.35.57-768x508.jpeg 768w, https:\/\/portal.pi.gov.br\/seres\/wp-content\/uploads\/sites\/87\/2024\/05\/WhatsApp-Image-2024-05-20-at-22.35.57-420x278.jpeg 420w, https:\/\/portal.pi.gov.br\/seres\/wp-content\/uploads\/sites\/87\/2024\/05\/WhatsApp-Image-2024-05-20-at-22.35.57-540x357.jpeg 540w, https:\/\/portal.pi.gov.br\/seres\/wp-content\/uploads\/sites\/87\/2024\/05\/WhatsApp-Image-2024-05-20-at-22.35.57-780x516.jpeg 780w, https:\/\/portal.pi.gov.br\/seres\/wp-content\/uploads\/sites\/87\/2024\/05\/WhatsApp-Image-2024-05-20-at-22.35.57-1536x1017.jpeg 1536w, https:\/\/portal.pi.gov.br\/seres\/wp-content\/uploads\/sites\/87\/2024\/05\/WhatsApp-Image-2024-05-20-at-22.35.57-947x627.jpeg 947w, https:\/\/portal.pi.gov.br\/seres\/wp-content\/uploads\/sites\/87\/2024\/05\/WhatsApp-Image-2024-05-20-at-22.35.57-624x413.jpeg 624w, https:\/\/portal.pi.gov.br\/seres\/wp-content\/uploads\/sites\/87\/2024\/05\/WhatsApp-Image-2024-05-20-at-22.35.57-84x56.jpeg 84w, https:\/\/portal.pi.gov.br\/seres\/wp-content\/uploads\/sites\/87\/2024\/05\/WhatsApp-Image-2024-05-20-at-22.35.57.jpeg 1600w\" sizes=\"(max-width: 488px) 100vw, 488px\" \/><\/figure><\/div>\n\n\n<p>O governador Rafael Fonteles disse que o diferencial do evento \u00e9 aproximar as 20 maiores economias do mundo da sociedade civil organizada e do povo. &#8220;No momento em que o presidente Lula coloca o social em p\u00e9 de igualdade com as quest\u00f5es geopol\u00edticas e econ\u00f4micas, \u00e9 uma demonstra\u00e7\u00e3o inequ\u00edvoca do compromisso do presidente Lula e de sua equipe de ministros com a melhoria da qualidade de vida das pessoas. \u00c9 uma honra para n\u00f3s que esse debate seja feito no Piau\u00ed&#8221;, destacou Fonteles.<\/p>\n\n\n<div class=\"wp-block-image\">\n<figure class=\"aligncenter size-large is-resized\"><img decoding=\"async\" loading=\"lazy\" src=\"https:\/\/portal.pi.gov.br\/seres\/wp-content\/uploads\/sites\/87\/2024\/05\/WhatsApp-Image-2024-05-20-at-09.33.05-1024x768.jpeg\" alt=\"\" class=\"wp-image-2333\" width=\"490\" height=\"368\" srcset=\"https:\/\/portal.pi.gov.br\/seres\/wp-content\/uploads\/sites\/87\/2024\/05\/WhatsApp-Image-2024-05-20-at-09.33.05-1024x768.jpeg 1024w, https:\/\/portal.pi.gov.br\/seres\/wp-content\/uploads\/sites\/87\/2024\/05\/WhatsApp-Image-2024-05-20-at-09.33.05-300x225.jpeg 300w, https:\/\/portal.pi.gov.br\/seres\/wp-content\/uploads\/sites\/87\/2024\/05\/WhatsApp-Image-2024-05-20-at-09.33.05-768x576.jpeg 768w, https:\/\/portal.pi.gov.br\/seres\/wp-content\/uploads\/sites\/87\/2024\/05\/WhatsApp-Image-2024-05-20-at-09.33.05-420x315.jpeg 420w, https:\/\/portal.pi.gov.br\/seres\/wp-content\/uploads\/sites\/87\/2024\/05\/WhatsApp-Image-2024-05-20-at-09.33.05-540x405.jpeg 540w, https:\/\/portal.pi.gov.br\/seres\/wp-content\/uploads\/sites\/87\/2024\/05\/WhatsApp-Image-2024-05-20-at-09.33.05-780x585.jpeg 780w, https:\/\/portal.pi.gov.br\/seres\/wp-content\/uploads\/sites\/87\/2024\/05\/WhatsApp-Image-2024-05-20-at-09.33.05-1536x1152.jpeg 1536w, https:\/\/portal.pi.gov.br\/seres\/wp-content\/uploads\/sites\/87\/2024\/05\/WhatsApp-Image-2024-05-20-at-09.33.05-2048x1536.jpeg 2048w, https:\/\/portal.pi.gov.br\/seres\/wp-content\/uploads\/sites\/87\/2024\/05\/WhatsApp-Image-2024-05-20-at-09.33.05-947x710.jpeg 947w, https:\/\/portal.pi.gov.br\/seres\/wp-content\/uploads\/sites\/87\/2024\/05\/WhatsApp-Image-2024-05-20-at-09.33.05-624x468.jpeg 624w\" sizes=\"(max-width: 490px) 100vw, 490px\" \/><\/figure><\/div>","protected":false},"excerpt":{"rendered":"<p>Na tarde desta segunda-feira (20), o minist\u00e9rio do Desenvolvimento e Assist\u00eancia Social, Fam\u00edlia e Combate \u00e0 Fome (MDS), a secretaria das Rela\u00e7\u00f5es Sociais do Piau\u00ed (Seres-PI) e a sociedade civil [&hellip;]<\/p>\n","protected":false},"author":1748,"featured_media":2330,"comment_status":"closed","ping_status":"closed","sticky":false,"template":"","format":"standard","meta":[],"categories":[34],"tags":[71,47,41],"featured_image_urls":{"full":["https:\/\/portal.pi.gov.br\/seres\/wp-content\/uploads\/sites\/87\/2024\/05\/WhatsApp-Image-2024-05-20-at-15.16.32-1-1-scaled.jpeg",2560,1707,false],"thumbnail":["https:\/\/portal.pi.gov.br\/seres\/wp-content\/uploads\/sites\/87\/2024\/05\/WhatsApp-Image-2024-05-20-at-15.16.32-1-1-150x150.jpeg",150,150,true],"medium":["https:\/\/portal.pi.gov.br\/seres\/wp-content\/uploads\/sites\/87\/2024\/05\/WhatsApp-Image-2024-05-20-at-15.16.32-1-1-300x200.jpeg",300,200,true],"medium_large":["https:\/\/portal.pi.gov.br\/seres\/wp-content\/uploads\/sites\/87\/2024\/05\/WhatsApp-Image-2024-05-20-at-15.16.32-1-1-768x512.jpeg",768,512,true],"large":["https:\/\/portal.pi.gov.br\/seres\/wp-content\/uploads\/sites\/87\/2024\/05\/WhatsApp-Image-2024-05-20-at-15.16.32-1-1-1024x683.jpeg",887,592,true],"sgg-420":["https:\/\/portal.pi.gov.br\/seres\/wp-content\/uploads\/sites\/87\/2024\/05\/WhatsApp-Image-2024-05-20-at-15.16.32-1-1-420x280.jpeg",420,280,true],"sgg-540":["https:\/\/portal.pi.gov.br\/seres\/wp-content\/uploads\/sites\/87\/2024\/05\/WhatsApp-Image-2024-05-20-at-15.16.32-1-1-540x360.jpeg",540,360,true],"sgg-780":["https:\/\/portal.pi.gov.br\/seres\/wp-content\/uploads\/sites\/87\/2024\/05\/WhatsApp-Image-2024-05-20-at-15.16.32-1-1-780x520.jpeg",780,520,true],"1536x1536":["https:\/\/portal.pi.gov.br\/seres\/wp-content\/uploads\/sites\/87\/2024\/05\/WhatsApp-Image-2024-05-20-at-15.16.32-1-1-1536x1024.jpeg",1536,1024,true],"2048x2048":["https:\/\/portal.pi.gov.br\/seres\/wp-content\/uploads\/sites\/87\/2024\/05\/WhatsApp-Image-2024-05-20-at-15.16.32-1-1-2048x1366.jpeg",2048,1366,true],"homepage-slider":["https:\/\/portal.pi.gov.br\/seres\/wp-content\/uploads\/sites\/87\/2024\/05\/WhatsApp-Image-2024-05-20-at-15.16.32-1-1-1270x500.jpeg",1270,500,true],"homepage-slider-small":["https:\/\/portal.pi.gov.br\/seres\/wp-content\/uploads\/sites\/87\/2024\/05\/WhatsApp-Image-2024-05-20-at-15.16.32-1-1-947x500.jpeg",947,500,true],"page-top":["https:\/\/portal.pi.gov.br\/seres\/wp-content\/uploads\/sites\/87\/2024\/05\/WhatsApp-Image-2024-05-20-at-15.16.32-1-1-947x631.jpeg",947,631,true],"page-small":["https:\/\/portal.pi.gov.br\/seres\/wp-content\/uploads\/sites\/87\/2024\/05\/WhatsApp-Image-2024-05-20-at-15.16.32-1-1-624x416.jpeg",624,416,true],"loop-main":["https:\/\/portal.pi.gov.br\/seres\/wp-content\/uploads\/sites\/87\/2024\/05\/WhatsApp-Image-2024-05-20-at-15.16.32-1-1-365x240.jpeg",365,240,true],"thumb-gallery-widget":["https:\/\/portal.pi.gov.br\/seres\/wp-content\/uploads\/sites\/87\/2024\/05\/WhatsApp-Image-2024-05-20-at-15.16.32-1-1-84x56.jpeg",84,56,true]},"post_excerpt_stackable":"<p>Na tarde desta segunda-feira (20), o minist\u00e9rio do Desenvolvimento e Assist\u00eancia Social, Fam\u00edlia e Combate \u00e0 Fome (MDS), a secretaria das Rela\u00e7\u00f5es Sociais do Piau\u00ed (Seres-PI) e a sociedade civil organizada se reuniram, no audit\u00f3rio da Federa\u00e7\u00e3o das Ind\u00fastrias do Piau\u00ed (Fiepi), para ouvir as contribui\u00e7\u00f5es dos movimentos sociais e demais entidades para o combate \u00e1 fome e \u00e1 pobreza no mundo. A secret\u00e1ria N\u00fabia Lopes (Seres-PI) iniciou a sua fala exaltando os movimentos sociais pelo trabalho, organiza\u00e7\u00e3o, compromisso e contribui\u00e7\u00e3o para o desenvolvimento do Piau\u00ed e do Brasil. \u201cEstamos recebendo as propostas relevantes para o enfrentamento e combate \u00e0&hellip;<\/p>\n","category_list":"<a href=\"https:\/\/portal.pi.gov.br\/seres\/category\/noticias\/\" rel=\"category tag\">Not\u00edcias<\/a>","author_info":{"name":"natalina","url":"https:\/\/portal.pi.gov.br\/seres\/author\/natalina\/"},"comments_num":"0 coment\u00e1rio","featured_image_urls_v2":{"full":["https:\/\/portal.pi.gov.br\/seres\/wp-content\/uploads\/sites\/87\/2024\/05\/WhatsApp-Image-2024-05-20-at-15.16.32-1-1-scaled.jpeg",2560,1707,false],"thumbnail":["https:\/\/portal.pi.gov.br\/seres\/wp-content\/uploads\/sites\/87\/2024\/05\/WhatsApp-Image-2024-05-20-at-15.16.32-1-1-150x150.jpeg",150,150,true],"medium":["https:\/\/portal.pi.gov.br\/seres\/wp-content\/uploads\/sites\/87\/2024\/05\/WhatsApp-Image-2024-05-20-at-15.16.32-1-1-300x200.jpeg",300,200,true],"medium_large":["https:\/\/portal.pi.gov.br\/seres\/wp-content\/uploads\/sites\/87\/2024\/05\/WhatsApp-Image-2024-05-20-at-15.16.32-1-1-768x512.jpeg",768,512,true],"large":["https:\/\/portal.pi.gov.br\/seres\/wp-content\/uploads\/sites\/87\/2024\/05\/WhatsApp-Image-2024-05-20-at-15.16.32-1-1-1024x683.jpeg",887,592,true],"sgg-420":["https:\/\/portal.pi.gov.br\/seres\/wp-content\/uploads\/sites\/87\/2024\/05\/WhatsApp-Image-2024-05-20-at-15.16.32-1-1-420x280.jpeg",420,280,true],"sgg-540":["https:\/\/portal.pi.gov.br\/seres\/wp-content\/uploads\/sites\/87\/2024\/05\/WhatsApp-Image-2024-05-20-at-15.16.32-1-1-540x360.jpeg",540,360,true],"sgg-780":["https:\/\/portal.pi.gov.br\/seres\/wp-content\/uploads\/sites\/87\/2024\/05\/WhatsApp-Image-2024-05-20-at-15.16.32-1-1-780x520.jpeg",780,520,true],"1536x1536":["https:\/\/portal.pi.gov.br\/seres\/wp-content\/uploads\/sites\/87\/2024\/05\/WhatsApp-Image-2024-05-20-at-15.16.32-1-1-1536x1024.jpeg",1536,1024,true],"2048x2048":["https:\/\/portal.pi.gov.br\/seres\/wp-content\/uploads\/sites\/87\/2024\/05\/WhatsApp-Image-2024-05-20-at-15.16.32-1-1-2048x1366.jpeg",2048,1366,true],"homepage-slider":["https:\/\/portal.pi.gov.br\/seres\/wp-content\/uploads\/sites\/87\/2024\/05\/WhatsApp-Image-2024-05-20-at-15.16.32-1-1-1270x500.jpeg",1270,500,true],"homepage-slider-small":["https:\/\/portal.pi.gov.br\/seres\/wp-content\/uploads\/sites\/87\/2024\/05\/WhatsApp-Image-2024-05-20-at-15.16.32-1-1-947x500.jpeg",947,500,true],"page-top":["https:\/\/portal.pi.gov.br\/seres\/wp-content\/uploads\/sites\/87\/2024\/05\/WhatsApp-Image-2024-05-20-at-15.16.32-1-1-947x631.jpeg",947,631,true],"page-small":["https:\/\/portal.pi.gov.br\/seres\/wp-content\/uploads\/sites\/87\/2024\/05\/WhatsApp-Image-2024-05-20-at-15.16.32-1-1-624x416.jpeg",624,416,true],"loop-main":["https:\/\/portal.pi.gov.br\/seres\/wp-content\/uploads\/sites\/87\/2024\/05\/WhatsApp-Image-2024-05-20-at-15.16.32-1-1-365x240.jpeg",365,240,true],"thumb-gallery-widget":["https:\/\/portal.pi.gov.br\/seres\/wp-content\/uploads\/sites\/87\/2024\/05\/WhatsApp-Image-2024-05-20-at-15.16.32-1-1-84x56.jpeg",84,56,true]},"post_excerpt_stackable_v2":"<p>Na tarde desta segunda-feira (20), o minist\u00e9rio do Desenvolvimento e Assist\u00eancia Social, Fam\u00edlia e Combate \u00e0 Fome (MDS), a secretaria das Rela\u00e7\u00f5es Sociais do Piau\u00ed (Seres-PI) e a sociedade civil organizada se reuniram, no audit\u00f3rio da Federa\u00e7\u00e3o das Ind\u00fastrias do Piau\u00ed (Fiepi), para ouvir as contribui\u00e7\u00f5es dos movimentos sociais e demais entidades para o combate \u00e1 fome e \u00e1 pobreza no mundo. A secret\u00e1ria N\u00fabia Lopes (Seres-PI) iniciou a sua fala exaltando os movimentos sociais pelo trabalho, organiza\u00e7\u00e3o, compromisso e contribui\u00e7\u00e3o para o desenvolvimento do Piau\u00ed e do Brasil. \u201cEstamos recebendo as propostas relevantes para o enfrentamento e combate \u00e0&hellip;<\/p>\n","category_list_v2":"<a href=\"https:\/\/portal.pi.gov.br\/seres\/category\/noticias\/\" rel=\"category tag\">Not\u00edcias<\/a>","author_info_v2":{"name":"natalina","url":"https:\/\/portal.pi.gov.br\/seres\/author\/natalina\/"},"comments_num_v2":"0 coment\u00e1rio","jetpack_featured_media_url":"https:\/\/portal.pi.gov.br\/seres\/wp-content\/uploads\/sites\/87\/2024\/05\/WhatsApp-Image-2024-05-20-at-15.16.32-1-1-scaled.jpeg","_links":{"self":[{"href":"https:\/\/portal.pi.gov.br\/seres\/wp-json\/wp\/v2\/posts\/2309"}],"collection":[{"href":"https:\/\/portal.pi.gov.br\/seres\/wp-json\/wp\/v2\/posts"}],"about":[{"href":"https:\/\/portal.pi.gov.br\/seres\/wp-json\/wp\/v2\/types\/post"}],"author":[{"embeddable":true,"href":"https:\/\/portal.pi.gov.br\/seres\/wp-json\/wp\/v2\/users\/1748"}],"replies":[{"embeddable":true,"href":"https:\/\/portal.pi.gov.br\/seres\/wp-json\/wp\/v2\/comments?post=2309"}],"version-history":[{"count":3,"href":"https:\/\/portal.pi.gov.br\/seres\/wp-json\/wp\/v2\/posts\/2309\/revisions"}],"predecessor-version":[{"id":2337,"href":"https:\/\/portal.pi.gov.br\/seres\/wp-json\/wp\/v2\/posts\/2309\/revisions\/2337"}],"wp:featuredmedia":[{"embeddable":true,"href":"https:\/\/portal.pi.gov.br\/seres\/wp-json\/wp\/v2\/media\/2330"}],"wp:attachment":[{"href":"https:\/\/portal.pi.gov.br\/seres\/wp-json\/wp\/v2\/media?parent=2309"}],"wp:term":[{"taxonomy":"category","embeddable":true,"href":"https:\/\/portal.pi.gov.br\/seres\/wp-json\/wp\/v2\/categories?post=2309"},{"taxonomy":"post_tag","embeddable":true,"href":"https:\/\/portal.pi.gov.br\/seres\/wp-json\/wp\/v2\/tags?post=2309"}],"curies":[{"name":"wp","href":"https:\/\/api.w.org\/{rel}","templated":true}]}}