{"id":2338,"date":"2024-05-23T12:34:00","date_gmt":"2024-05-23T15:34:00","guid":{"rendered":"https:\/\/portal.pi.gov.br\/seres\/?p=2338"},"modified":"2024-05-24T09:49:37","modified_gmt":"2024-05-24T12:49:37","slug":"seres-realiza-plenaria-do-forum-estadual-interconselho","status":"publish","type":"post","link":"https:\/\/portal.pi.gov.br\/seres\/2024\/05\/23\/seres-realiza-plenaria-do-forum-estadual-interconselho\/","title":{"rendered":"Seres realiza Plen\u00e1ria do F\u00f3rum Estadual Interconselho"},"content":{"rendered":"\n<p>Na manh\u00e3 da quinta-feira (23), no audit\u00f3rio da Seid, a secretaria das Rela\u00e7\u00f5es Sociais (Seres), por meio da Diretoria de Participa\u00e7\u00e3o Social (Dipas), reuniu representantes dos Conselhos Estaduais de Pol\u00edticas P\u00fablicas, com o objetivo de fazer o acompanhamento das pol\u00edticas e dos programas governamentais.<\/p>\n\n\n<div class=\"wp-block-image\">\n<figure class=\"aligncenter size-large is-resized\"><img decoding=\"async\" loading=\"lazy\" src=\"https:\/\/portal.pi.gov.br\/seres\/wp-content\/uploads\/sites\/87\/2024\/05\/WhatsApp-Image-2024-05-23-at-15.50.57-1024x768.jpeg\" alt=\"\" class=\"wp-image-2339\" width=\"449\" height=\"337\" srcset=\"https:\/\/portal.pi.gov.br\/seres\/wp-content\/uploads\/sites\/87\/2024\/05\/WhatsApp-Image-2024-05-23-at-15.50.57-1024x768.jpeg 1024w, https:\/\/portal.pi.gov.br\/seres\/wp-content\/uploads\/sites\/87\/2024\/05\/WhatsApp-Image-2024-05-23-at-15.50.57-300x225.jpeg 300w, https:\/\/portal.pi.gov.br\/seres\/wp-content\/uploads\/sites\/87\/2024\/05\/WhatsApp-Image-2024-05-23-at-15.50.57-768x576.jpeg 768w, https:\/\/portal.pi.gov.br\/seres\/wp-content\/uploads\/sites\/87\/2024\/05\/WhatsApp-Image-2024-05-23-at-15.50.57-420x315.jpeg 420w, https:\/\/portal.pi.gov.br\/seres\/wp-content\/uploads\/sites\/87\/2024\/05\/WhatsApp-Image-2024-05-23-at-15.50.57-540x405.jpeg 540w, https:\/\/portal.pi.gov.br\/seres\/wp-content\/uploads\/sites\/87\/2024\/05\/WhatsApp-Image-2024-05-23-at-15.50.57-780x585.jpeg 780w, https:\/\/portal.pi.gov.br\/seres\/wp-content\/uploads\/sites\/87\/2024\/05\/WhatsApp-Image-2024-05-23-at-15.50.57-947x710.jpeg 947w, https:\/\/portal.pi.gov.br\/seres\/wp-content\/uploads\/sites\/87\/2024\/05\/WhatsApp-Image-2024-05-23-at-15.50.57-624x468.jpeg 624w, https:\/\/portal.pi.gov.br\/seres\/wp-content\/uploads\/sites\/87\/2024\/05\/WhatsApp-Image-2024-05-23-at-15.50.57.jpeg 1280w\" sizes=\"(max-width: 449px) 100vw, 449px\" \/><\/figure><\/div>\n\n\n<p>Segundo a diretora de Participa\u00e7\u00e3o Social, Juciara Linhares, \u00e9 importante reunir, dialogar e aprimorar o controle social . \u201cA reuni\u00e3o do f\u00f3rum realizada hoje foi muito importante porque retomamos discuss\u00f5es essenciais, fundamentais, dentro dessa pauta do controle social, que lidamos diretamente com os Conselhos. E nesse momento, pudemos socializar informa\u00e7\u00f5es sobre o Conselho Estadual de Participa\u00e7\u00e3o Social, que estamos buscando a partir do di\u00e1logo, para apresentar uma lista ao governador e, a partir da\u00ed, passarmos para uma etapa seguinte, que \u00e9 de nomea\u00e7\u00e3o dos seus membros e funcionamento efetivo do Conselho de Participa\u00e7\u00e3o Social\u201d, explicou.<\/p>\n\n\n\n<p>Al\u00e9m da pauta do Conselho Estadual de Participa\u00e7\u00e3o Social, que foi tratado nessa plen\u00e1ria do F\u00f3rum Estadual Interconselho, tamb\u00e9m foram discutidas outros pleitos relacionados ao funcionamento de Conselhos. \u201cA partir destas solicita\u00e7\u00f5es, vamos socializar um documento para ver as possibilidades de encaminhamento e de resolutividade dos problemas apresentados atrav\u00e9s da Seres, para chegar ao governador. Como encaminhamento, ser\u00e1 realizada uma reuni\u00e3o extraordin\u00e1ria para poder finalizar e consolidar o regimento interno do F\u00f3rum Estadual Interconselho.\u201d, completou a diretora.<\/p>\n\n\n<div class=\"wp-block-image\">\n<figure class=\"aligncenter size-large is-resized\"><img decoding=\"async\" loading=\"lazy\" src=\"https:\/\/portal.pi.gov.br\/seres\/wp-content\/uploads\/sites\/87\/2024\/05\/WhatsApp-Image-2024-05-23-at-15.52.43-1024x576.jpeg\" alt=\"\" class=\"wp-image-2340\" width=\"475\" height=\"266\" srcset=\"https:\/\/portal.pi.gov.br\/seres\/wp-content\/uploads\/sites\/87\/2024\/05\/WhatsApp-Image-2024-05-23-at-15.52.43-1024x576.jpeg 1024w, https:\/\/portal.pi.gov.br\/seres\/wp-content\/uploads\/sites\/87\/2024\/05\/WhatsApp-Image-2024-05-23-at-15.52.43-300x169.jpeg 300w, https:\/\/portal.pi.gov.br\/seres\/wp-content\/uploads\/sites\/87\/2024\/05\/WhatsApp-Image-2024-05-23-at-15.52.43-768x432.jpeg 768w, https:\/\/portal.pi.gov.br\/seres\/wp-content\/uploads\/sites\/87\/2024\/05\/WhatsApp-Image-2024-05-23-at-15.52.43-420x236.jpeg 420w, https:\/\/portal.pi.gov.br\/seres\/wp-content\/uploads\/sites\/87\/2024\/05\/WhatsApp-Image-2024-05-23-at-15.52.43-540x304.jpeg 540w, https:\/\/portal.pi.gov.br\/seres\/wp-content\/uploads\/sites\/87\/2024\/05\/WhatsApp-Image-2024-05-23-at-15.52.43-780x439.jpeg 780w, https:\/\/portal.pi.gov.br\/seres\/wp-content\/uploads\/sites\/87\/2024\/05\/WhatsApp-Image-2024-05-23-at-15.52.43-1536x864.jpeg 1536w, https:\/\/portal.pi.gov.br\/seres\/wp-content\/uploads\/sites\/87\/2024\/05\/WhatsApp-Image-2024-05-23-at-15.52.43-947x533.jpeg 947w, https:\/\/portal.pi.gov.br\/seres\/wp-content\/uploads\/sites\/87\/2024\/05\/WhatsApp-Image-2024-05-23-at-15.52.43-624x351.jpeg 624w, https:\/\/portal.pi.gov.br\/seres\/wp-content\/uploads\/sites\/87\/2024\/05\/WhatsApp-Image-2024-05-23-at-15.52.43.jpeg 1600w\" sizes=\"(max-width: 475px) 100vw, 475px\" \/><\/figure><\/div>\n\n\n<p>A secretaria das Rela\u00e7\u00f5es Sociais tem dois compromissos no Plano de Governo relacionados \u00e0 participa\u00e7\u00e3o social. \u201cO primeiro deles \u00e9 o fortalecimento da participa\u00e7\u00e3o popular e controle social a partir dos conselhos, f\u00f3runs, observat\u00f3rios e c\u00e2maras que est\u00e3o sendo viabilizados a partir da atua\u00e7\u00e3o da Seres. O segundo \u00e9 fortalecer essa participa\u00e7\u00e3o a partir dos canais digitais, principalmente atrav\u00e9s da coordena\u00e7\u00e3o do Or\u00e7amento Participativo \u2013 OPA e das associa\u00e7\u00f5es comunit\u00e1rias\u201d, destacou a secret\u00e1ria de Estado das Rela\u00e7\u00f5es Sociais, N\u00fabia Lopes.<\/p>\n","protected":false},"excerpt":{"rendered":"<p>Na manh\u00e3 da quinta-feira (23), no audit\u00f3rio da Seid, a secretaria das Rela\u00e7\u00f5es Sociais (Seres), por meio da Diretoria de Participa\u00e7\u00e3o Social (Dipas), reuniu representantes dos Conselhos Estaduais de Pol\u00edticas [&hellip;]<\/p>\n","protected":false},"author":1748,"featured_media":2339,"comment_status":"closed","ping_status":"closed","sticky":false,"template":"","format":"standard","meta":[],"categories":[34],"tags":[47,41],"featured_image_urls":{"full":["https:\/\/portal.pi.gov.br\/seres\/wp-content\/uploads\/sites\/87\/2024\/05\/WhatsApp-Image-2024-05-23-at-15.50.57.jpeg",1280,960,false],"thumbnail":["https:\/\/portal.pi.gov.br\/seres\/wp-content\/uploads\/sites\/87\/2024\/05\/WhatsApp-Image-2024-05-23-at-15.50.57-150x150.jpeg",150,150,true],"medium":["https:\/\/portal.pi.gov.br\/seres\/wp-content\/uploads\/sites\/87\/2024\/05\/WhatsApp-Image-2024-05-23-at-15.50.57-300x225.jpeg",300,225,true],"medium_large":["https:\/\/portal.pi.gov.br\/seres\/wp-content\/uploads\/sites\/87\/2024\/05\/WhatsApp-Image-2024-05-23-at-15.50.57-768x576.jpeg",768,576,true],"large":["https:\/\/portal.pi.gov.br\/seres\/wp-content\/uploads\/sites\/87\/2024\/05\/WhatsApp-Image-2024-05-23-at-15.50.57-1024x768.jpeg",887,665,true],"sgg-420":["https:\/\/portal.pi.gov.br\/seres\/wp-content\/uploads\/sites\/87\/2024\/05\/WhatsApp-Image-2024-05-23-at-15.50.57-420x315.jpeg",420,315,true],"sgg-540":["https:\/\/portal.pi.gov.br\/seres\/wp-content\/uploads\/sites\/87\/2024\/05\/WhatsApp-Image-2024-05-23-at-15.50.57-540x405.jpeg",540,405,true],"sgg-780":["https:\/\/portal.pi.gov.br\/seres\/wp-content\/uploads\/sites\/87\/2024\/05\/WhatsApp-Image-2024-05-23-at-15.50.57-780x585.jpeg",780,585,true],"1536x1536":["https:\/\/portal.pi.gov.br\/seres\/wp-content\/uploads\/sites\/87\/2024\/05\/WhatsApp-Image-2024-05-23-at-15.50.57.jpeg",1280,960,false],"2048x2048":["https:\/\/portal.pi.gov.br\/seres\/wp-content\/uploads\/sites\/87\/2024\/05\/WhatsApp-Image-2024-05-23-at-15.50.57.jpeg",1280,960,false],"homepage-slider":["https:\/\/portal.pi.gov.br\/seres\/wp-content\/uploads\/sites\/87\/2024\/05\/WhatsApp-Image-2024-05-23-at-15.50.57-1270x500.jpeg",1270,500,true],"homepage-slider-small":["https:\/\/portal.pi.gov.br\/seres\/wp-content\/uploads\/sites\/87\/2024\/05\/WhatsApp-Image-2024-05-23-at-15.50.57-947x500.jpeg",947,500,true],"page-top":["https:\/\/portal.pi.gov.br\/seres\/wp-content\/uploads\/sites\/87\/2024\/05\/WhatsApp-Image-2024-05-23-at-15.50.57-947x710.jpeg",947,710,true],"page-small":["https:\/\/portal.pi.gov.br\/seres\/wp-content\/uploads\/sites\/87\/2024\/05\/WhatsApp-Image-2024-05-23-at-15.50.57-624x468.jpeg",624,468,true],"loop-main":["https:\/\/portal.pi.gov.br\/seres\/wp-content\/uploads\/sites\/87\/2024\/05\/WhatsApp-Image-2024-05-23-at-15.50.57-365x240.jpeg",365,240,true],"thumb-gallery-widget":["https:\/\/portal.pi.gov.br\/seres\/wp-content\/uploads\/sites\/87\/2024\/05\/WhatsApp-Image-2024-05-23-at-15.50.57-84x56.jpeg",84,56,true]},"post_excerpt_stackable":"<p>Na manh\u00e3 da quinta-feira (23), no audit\u00f3rio da Seid, a secretaria das Rela\u00e7\u00f5es Sociais (Seres), por meio da Diretoria de Participa\u00e7\u00e3o Social (Dipas), reuniu representantes dos Conselhos Estaduais de Pol\u00edticas P\u00fablicas, com o objetivo de fazer o acompanhamento das pol\u00edticas e dos programas governamentais. Segundo a diretora de Participa\u00e7\u00e3o Social, Juciara Linhares, \u00e9 importante reunir, dialogar e aprimorar o controle social . \u201cA reuni\u00e3o do f\u00f3rum realizada hoje foi muito importante porque retomamos discuss\u00f5es essenciais, fundamentais, dentro dessa pauta do controle social, que lidamos diretamente com os Conselhos. E nesse momento, pudemos socializar informa\u00e7\u00f5es sobre o Conselho Estadual de Participa\u00e7\u00e3o&hellip;<\/p>\n","category_list":"<a href=\"https:\/\/portal.pi.gov.br\/seres\/category\/noticias\/\" rel=\"category tag\">Not\u00edcias<\/a>","author_info":{"name":"natalina","url":"https:\/\/portal.pi.gov.br\/seres\/author\/natalina\/"},"comments_num":"0 coment\u00e1rio","featured_image_urls_v2":{"full":["https:\/\/portal.pi.gov.br\/seres\/wp-content\/uploads\/sites\/87\/2024\/05\/WhatsApp-Image-2024-05-23-at-15.50.57.jpeg",1280,960,false],"thumbnail":["https:\/\/portal.pi.gov.br\/seres\/wp-content\/uploads\/sites\/87\/2024\/05\/WhatsApp-Image-2024-05-23-at-15.50.57-150x150.jpeg",150,150,true],"medium":["https:\/\/portal.pi.gov.br\/seres\/wp-content\/uploads\/sites\/87\/2024\/05\/WhatsApp-Image-2024-05-23-at-15.50.57-300x225.jpeg",300,225,true],"medium_large":["https:\/\/portal.pi.gov.br\/seres\/wp-content\/uploads\/sites\/87\/2024\/05\/WhatsApp-Image-2024-05-23-at-15.50.57-768x576.jpeg",768,576,true],"large":["https:\/\/portal.pi.gov.br\/seres\/wp-content\/uploads\/sites\/87\/2024\/05\/WhatsApp-Image-2024-05-23-at-15.50.57-1024x768.jpeg",887,665,true],"sgg-420":["https:\/\/portal.pi.gov.br\/seres\/wp-content\/uploads\/sites\/87\/2024\/05\/WhatsApp-Image-2024-05-23-at-15.50.57-420x315.jpeg",420,315,true],"sgg-540":["https:\/\/portal.pi.gov.br\/seres\/wp-content\/uploads\/sites\/87\/2024\/05\/WhatsApp-Image-2024-05-23-at-15.50.57-540x405.jpeg",540,405,true],"sgg-780":["https:\/\/portal.pi.gov.br\/seres\/wp-content\/uploads\/sites\/87\/2024\/05\/WhatsApp-Image-2024-05-23-at-15.50.57-780x585.jpeg",780,585,true],"1536x1536":["https:\/\/portal.pi.gov.br\/seres\/wp-content\/uploads\/sites\/87\/2024\/05\/WhatsApp-Image-2024-05-23-at-15.50.57.jpeg",1280,960,false],"2048x2048":["https:\/\/portal.pi.gov.br\/seres\/wp-content\/uploads\/sites\/87\/2024\/05\/WhatsApp-Image-2024-05-23-at-15.50.57.jpeg",1280,960,false],"homepage-slider":["https:\/\/portal.pi.gov.br\/seres\/wp-content\/uploads\/sites\/87\/2024\/05\/WhatsApp-Image-2024-05-23-at-15.50.57-1270x500.jpeg",1270,500,true],"homepage-slider-small":["https:\/\/portal.pi.gov.br\/seres\/wp-content\/uploads\/sites\/87\/2024\/05\/WhatsApp-Image-2024-05-23-at-15.50.57-947x500.jpeg",947,500,true],"page-top":["https:\/\/portal.pi.gov.br\/seres\/wp-content\/uploads\/sites\/87\/2024\/05\/WhatsApp-Image-2024-05-23-at-15.50.57-947x710.jpeg",947,710,true],"page-small":["https:\/\/portal.pi.gov.br\/seres\/wp-content\/uploads\/sites\/87\/2024\/05\/WhatsApp-Image-2024-05-23-at-15.50.57-624x468.jpeg",624,468,true],"loop-main":["https:\/\/portal.pi.gov.br\/seres\/wp-content\/uploads\/sites\/87\/2024\/05\/WhatsApp-Image-2024-05-23-at-15.50.57-365x240.jpeg",365,240,true],"thumb-gallery-widget":["https:\/\/portal.pi.gov.br\/seres\/wp-content\/uploads\/sites\/87\/2024\/05\/WhatsApp-Image-2024-05-23-at-15.50.57-84x56.jpeg",84,56,true]},"post_excerpt_stackable_v2":"<p>Na manh\u00e3 da quinta-feira (23), no audit\u00f3rio da Seid, a secretaria das Rela\u00e7\u00f5es Sociais (Seres), por meio da Diretoria de Participa\u00e7\u00e3o Social (Dipas), reuniu representantes dos Conselhos Estaduais de Pol\u00edticas P\u00fablicas, com o objetivo de fazer o acompanhamento das pol\u00edticas e dos programas governamentais. Segundo a diretora de Participa\u00e7\u00e3o Social, Juciara Linhares, \u00e9 importante reunir, dialogar e aprimorar o controle social . \u201cA reuni\u00e3o do f\u00f3rum realizada hoje foi muito importante porque retomamos discuss\u00f5es essenciais, fundamentais, dentro dessa pauta do controle social, que lidamos diretamente com os Conselhos. E nesse momento, pudemos socializar informa\u00e7\u00f5es sobre o Conselho Estadual de Participa\u00e7\u00e3o&hellip;<\/p>\n","category_list_v2":"<a href=\"https:\/\/portal.pi.gov.br\/seres\/category\/noticias\/\" rel=\"category tag\">Not\u00edcias<\/a>","author_info_v2":{"name":"natalina","url":"https:\/\/portal.pi.gov.br\/seres\/author\/natalina\/"},"comments_num_v2":"0 coment\u00e1rio","jetpack_featured_media_url":"https:\/\/portal.pi.gov.br\/seres\/wp-content\/uploads\/sites\/87\/2024\/05\/WhatsApp-Image-2024-05-23-at-15.50.57.jpeg","_links":{"self":[{"href":"https:\/\/portal.pi.gov.br\/seres\/wp-json\/wp\/v2\/posts\/2338"}],"collection":[{"href":"https:\/\/portal.pi.gov.br\/seres\/wp-json\/wp\/v2\/posts"}],"about":[{"href":"https:\/\/portal.pi.gov.br\/seres\/wp-json\/wp\/v2\/types\/post"}],"author":[{"embeddable":true,"href":"https:\/\/portal.pi.gov.br\/seres\/wp-json\/wp\/v2\/users\/1748"}],"replies":[{"embeddable":true,"href":"https:\/\/portal.pi.gov.br\/seres\/wp-json\/wp\/v2\/comments?post=2338"}],"version-history":[{"count":1,"href":"https:\/\/portal.pi.gov.br\/seres\/wp-json\/wp\/v2\/posts\/2338\/revisions"}],"predecessor-version":[{"id":2341,"href":"https:\/\/portal.pi.gov.br\/seres\/wp-json\/wp\/v2\/posts\/2338\/revisions\/2341"}],"wp:featuredmedia":[{"embeddable":true,"href":"https:\/\/portal.pi.gov.br\/seres\/wp-json\/wp\/v2\/media\/2339"}],"wp:attachment":[{"href":"https:\/\/portal.pi.gov.br\/seres\/wp-json\/wp\/v2\/media?parent=2338"}],"wp:term":[{"taxonomy":"category","embeddable":true,"href":"https:\/\/portal.pi.gov.br\/seres\/wp-json\/wp\/v2\/categories?post=2338"},{"taxonomy":"post_tag","embeddable":true,"href":"https:\/\/portal.pi.gov.br\/seres\/wp-json\/wp\/v2\/tags?post=2338"}],"curies":[{"name":"wp","href":"https:\/\/api.w.org\/{rel}","templated":true}]}}