{"id":2342,"date":"2024-05-27T19:25:00","date_gmt":"2024-05-27T22:25:00","guid":{"rendered":"https:\/\/portal.pi.gov.br\/seres\/?p=2342"},"modified":"2024-05-28T08:31:28","modified_gmt":"2024-05-28T11:31:28","slug":"governador-inaugura-obras-do-opa-em-parnaiba","status":"publish","type":"post","link":"https:\/\/portal.pi.gov.br\/seres\/2024\/05\/27\/governador-inaugura-obras-do-opa-em-parnaiba\/","title":{"rendered":"Governador inaugura obras do OPA em Parna\u00edba"},"content":{"rendered":"\n<p>A secret\u00e1ria N\u00fabia Lopes e equipe t\u00e9cnica da Secretaria das Rela\u00e7\u00f5es Sociais (Seres) acompanharam o governador Rafael Fonteles em inaugura\u00e7\u00e3o de obras do Or\u00e7amento Participativo &#8211; OPA, nesta segunda-feira (27), em Parna\u00edba.<\/p>\n\n\n\n<p>A primeira inaugura\u00e7\u00e3o foi no bairro Catanduvas. S\u00e3o 990 metros de pavimenta\u00e7\u00e3o das Ruas Francisco Fontenele e Isabel Elisa de Ara\u00fajo. Em seguida, a pavimenta\u00e7\u00e3o de 1,872 km de asfalto na Avenida Gilberto Pereira de Sousa, na localidade Portinho.\u00a0<\/p>\n\n\n<div class=\"wp-block-image\">\n<figure class=\"aligncenter size-large is-resized\"><img decoding=\"async\" loading=\"lazy\" src=\"https:\/\/portal.pi.gov.br\/seres\/wp-content\/uploads\/sites\/87\/2024\/05\/WhatsApp-Image-2024-05-27-at-18.30.45-1024x683.jpeg\" alt=\"\" class=\"wp-image-2343\" width=\"539\" height=\"359\" srcset=\"https:\/\/portal.pi.gov.br\/seres\/wp-content\/uploads\/sites\/87\/2024\/05\/WhatsApp-Image-2024-05-27-at-18.30.45-1024x683.jpeg 1024w, https:\/\/portal.pi.gov.br\/seres\/wp-content\/uploads\/sites\/87\/2024\/05\/WhatsApp-Image-2024-05-27-at-18.30.45-300x200.jpeg 300w, https:\/\/portal.pi.gov.br\/seres\/wp-content\/uploads\/sites\/87\/2024\/05\/WhatsApp-Image-2024-05-27-at-18.30.45-768x512.jpeg 768w, https:\/\/portal.pi.gov.br\/seres\/wp-content\/uploads\/sites\/87\/2024\/05\/WhatsApp-Image-2024-05-27-at-18.30.45-420x280.jpeg 420w, https:\/\/portal.pi.gov.br\/seres\/wp-content\/uploads\/sites\/87\/2024\/05\/WhatsApp-Image-2024-05-27-at-18.30.45-540x360.jpeg 540w, https:\/\/portal.pi.gov.br\/seres\/wp-content\/uploads\/sites\/87\/2024\/05\/WhatsApp-Image-2024-05-27-at-18.30.45-780x520.jpeg 780w, https:\/\/portal.pi.gov.br\/seres\/wp-content\/uploads\/sites\/87\/2024\/05\/WhatsApp-Image-2024-05-27-at-18.30.45-1536x1024.jpeg 1536w, https:\/\/portal.pi.gov.br\/seres\/wp-content\/uploads\/sites\/87\/2024\/05\/WhatsApp-Image-2024-05-27-at-18.30.45-2048x1366.jpeg 2048w, https:\/\/portal.pi.gov.br\/seres\/wp-content\/uploads\/sites\/87\/2024\/05\/WhatsApp-Image-2024-05-27-at-18.30.45-947x631.jpeg 947w, https:\/\/portal.pi.gov.br\/seres\/wp-content\/uploads\/sites\/87\/2024\/05\/WhatsApp-Image-2024-05-27-at-18.30.45-624x416.jpeg 624w, https:\/\/portal.pi.gov.br\/seres\/wp-content\/uploads\/sites\/87\/2024\/05\/WhatsApp-Image-2024-05-27-at-18.30.45-84x56.jpeg 84w\" sizes=\"(max-width: 539px) 100vw, 539px\" \/><\/figure><\/div>\n\n\n<p>A presidente da Associa\u00e7\u00e3o dos Amigos do Portinho, \u00c2ngela, agradeceu a entrega da obra para a sua comunidade. \u201cForam 20 anos de luta e, \u00e0s vezes, a gente pensa que ainda est\u00e1 sonhando, quando olha e v\u00ea o sonho realizado. Agrade\u00e7o imensamente ao OPA e pe\u00e7o tamb\u00e9m a voc\u00eas que acreditem, porque se a gente sonha, tem f\u00e9, a gente consegue\u201d, destacou.<\/p>\n\n\n\n<p>A Rua Osvaldo Cruz tamb\u00e9m foi inaugurada dentro deste pacote de obras do OPA, que recebeu investimentos de R$ 2.297.004,86, com interven\u00e7\u00f5es que inclu\u00edram reparo da pavimenta\u00e7\u00e3o em paralelep\u00edpedo, pavimenta\u00e7\u00e3o asf\u00e1ltica, constru\u00e7\u00e3o de meio-fio e sinaliza\u00e7\u00e3o de ruas.<\/p>\n\n\n\n<p>A secret\u00e1ria de Estado das Rela\u00e7\u00f5es Sociais, N\u00fabia Lopes, ressaltou a import\u00e2ncia das obras \u00e0s comunidades. \u201cMais um dia de entrega do Or\u00e7amento Participativo Popular Digital do Governo do Estado. Hoje, n\u00f3s tivemos a oportunidade de entregar mais tr\u00eas grandes obras para a popula\u00e7\u00e3o. Estamos cumprindo todas as etapas, inclusive antecipando prazos. S\u00e3o 21 obras ao todo e quatro j\u00e1 foram entregues\u201d, disse.<\/p>\n\n\n\n<p>Para a secret\u00e1ria, o OPA empodera as comunidades. \u00a0\u201cEu sempre digo que quando o OPA entra no munic\u00edpio, numa cidade, o governador entra direto na casa das pessoas, ele vai perceber realmente qual a necessidade que essas pessoas, de forma coletiva, t\u00eam\u201d.<\/p>\n\n\n<div class=\"wp-block-image\">\n<figure class=\"aligncenter size-large is-resized\"><img decoding=\"async\" loading=\"lazy\" src=\"https:\/\/portal.pi.gov.br\/seres\/wp-content\/uploads\/sites\/87\/2024\/05\/WhatsApp-Image-2024-05-27-at-18.31.58-1024x683.jpeg\" alt=\"\" class=\"wp-image-2344\" width=\"546\" height=\"364\" srcset=\"https:\/\/portal.pi.gov.br\/seres\/wp-content\/uploads\/sites\/87\/2024\/05\/WhatsApp-Image-2024-05-27-at-18.31.58-1024x683.jpeg 1024w, https:\/\/portal.pi.gov.br\/seres\/wp-content\/uploads\/sites\/87\/2024\/05\/WhatsApp-Image-2024-05-27-at-18.31.58-300x200.jpeg 300w, https:\/\/portal.pi.gov.br\/seres\/wp-content\/uploads\/sites\/87\/2024\/05\/WhatsApp-Image-2024-05-27-at-18.31.58-768x512.jpeg 768w, https:\/\/portal.pi.gov.br\/seres\/wp-content\/uploads\/sites\/87\/2024\/05\/WhatsApp-Image-2024-05-27-at-18.31.58-420x280.jpeg 420w, https:\/\/portal.pi.gov.br\/seres\/wp-content\/uploads\/sites\/87\/2024\/05\/WhatsApp-Image-2024-05-27-at-18.31.58-540x360.jpeg 540w, https:\/\/portal.pi.gov.br\/seres\/wp-content\/uploads\/sites\/87\/2024\/05\/WhatsApp-Image-2024-05-27-at-18.31.58-780x520.jpeg 780w, https:\/\/portal.pi.gov.br\/seres\/wp-content\/uploads\/sites\/87\/2024\/05\/WhatsApp-Image-2024-05-27-at-18.31.58-1536x1024.jpeg 1536w, https:\/\/portal.pi.gov.br\/seres\/wp-content\/uploads\/sites\/87\/2024\/05\/WhatsApp-Image-2024-05-27-at-18.31.58-2048x1366.jpeg 2048w, https:\/\/portal.pi.gov.br\/seres\/wp-content\/uploads\/sites\/87\/2024\/05\/WhatsApp-Image-2024-05-27-at-18.31.58-947x631.jpeg 947w, https:\/\/portal.pi.gov.br\/seres\/wp-content\/uploads\/sites\/87\/2024\/05\/WhatsApp-Image-2024-05-27-at-18.31.58-624x416.jpeg 624w, https:\/\/portal.pi.gov.br\/seres\/wp-content\/uploads\/sites\/87\/2024\/05\/WhatsApp-Image-2024-05-27-at-18.31.58-84x56.jpeg 84w\" sizes=\"(max-width: 546px) 100vw, 546px\" \/><\/figure><\/div>\n\n\n<p>Ainda durante esta visita do governador, a comitiva do Governo do Piau\u00ed visitou as obras de revitaliza\u00e7\u00e3o e constru\u00e7\u00e3o do Parque Ambiental da Lagoa do Portinho, executadas pela Secretaria de Meio Ambiente e Recursos H\u00eddricos do Piau\u00ed (Semarh) com investimentos de R$ 6 milh\u00f5es. O projeto de revitaliza\u00e7\u00e3o contempla a constru\u00e7\u00e3o do Parque Ambiental e de um Centro de Apoio \u00e0 Educa\u00e7\u00e3o e Preserva\u00e7\u00e3o do Meio Ambiente.&nbsp;<\/p>\n\n\n\n<p>E, seguindo a agenda em Parna\u00edba, o governador inaugurou a sede do 27\u00ba Batalh\u00e3o da Pol\u00edcia Militar, obra que recebeu recursos de R$ 313.239,71. O BPM passou por reforma geral e recebeu alojamentos masculinos e femininos, equipados com banheiros, copa e \u00e1rea de conviv\u00eancia, al\u00e9m de um estacionamento para as viaturas. Ainda na pauta da seguran\u00e7a p\u00fablica, Rafael Fonteles fez uma visita t\u00e9cnica \u00e0s obras do Complexo de Delegacias Seccionais de Parna\u00edba.<\/p>\n\n\n\n<p>Para finalizar a viagem do governador \u00e0 Parna\u00edba, foi realizada a solenidade de entrega de mais de 100 registros de im\u00f3veis aos moradores do Conjunto Joaz de Souza pelo Programa de Regulariza\u00e7\u00e3o Urbana Espec\u00edfica (ProUrbe), da Secretaria da Administra\u00e7\u00e3o.&nbsp;<\/p>\n\n\n\n<p>O governador Rafael Fonteles, confirmou que a meta \u00e9 chegar com a regulariza\u00e7\u00e3o nos 224 munic\u00edpios do Piau\u00ed. S\u00f3 em Parna\u00edba, segundo ele, ser\u00e3o regularizados 10 mil im\u00f3veis. &#8220;Isso gera, al\u00e9m de dignidade para esse povo todo, desenvolvimento econ\u00f4mico, porque eles s\u00e3o exatamente os im\u00f3veis, que s\u00e3o as garantias para os financiamentos. Ent\u00e3o voc\u00ea gera mais cr\u00e9dito, voc\u00ea gera mais economia, mais emprego, mais renda\u201d, explicou.<\/p>\n\n\n\n<p>Al\u00e9m disso, foi feita a libera\u00e7\u00e3o de cr\u00e9dito para empreendedores urbanos e produtores rurais, atrav\u00e9s da Ag\u00eancia de Fomento e Desenvolvimento do Estado do Piau\u00ed (Badespi). Ao todo, s\u00e3o 20 pessoas beneficiadas com cr\u00e9dito no valor total de R$ 610.664,18.<\/p>\n","protected":false},"excerpt":{"rendered":"<p>A secret\u00e1ria N\u00fabia Lopes e equipe t\u00e9cnica da Secretaria das Rela\u00e7\u00f5es Sociais (Seres) acompanharam o governador Rafael Fonteles em inaugura\u00e7\u00e3o de obras do Or\u00e7amento Participativo &#8211; OPA, nesta segunda-feira (27), [&hellip;]<\/p>\n","protected":false},"author":1748,"featured_media":0,"comment_status":"closed","ping_status":"closed","sticky":false,"template":"","format":"standard","meta":[],"categories":[34],"tags":[],"featured_image_urls":{"full":"","thumbnail":"","medium":"","medium_large":"","large":"","sgg-420":"","sgg-540":"","sgg-780":"","1536x1536":"","2048x2048":"","homepage-slider":"","homepage-slider-small":"","page-top":"","page-small":"","loop-main":"","thumb-gallery-widget":""},"post_excerpt_stackable":"<p>A secret\u00e1ria N\u00fabia Lopes e equipe t\u00e9cnica da Secretaria das Rela\u00e7\u00f5es Sociais (Seres) acompanharam o governador Rafael Fonteles em inaugura\u00e7\u00e3o de obras do Or\u00e7amento Participativo &#8211; OPA, nesta segunda-feira (27), em Parna\u00edba. A primeira inaugura\u00e7\u00e3o foi no bairro Catanduvas. S\u00e3o 990 metros de pavimenta\u00e7\u00e3o das Ruas Francisco Fontenele e Isabel Elisa de Ara\u00fajo. Em seguida, a pavimenta\u00e7\u00e3o de 1,872 km de asfalto na Avenida Gilberto Pereira de Sousa, na localidade Portinho.\u00a0 A presidente da Associa\u00e7\u00e3o dos Amigos do Portinho, \u00c2ngela, agradeceu a entrega da obra para a sua comunidade. \u201cForam 20 anos de luta e, \u00e0s vezes, a gente pensa&hellip;<\/p>\n","category_list":"<a href=\"https:\/\/portal.pi.gov.br\/seres\/category\/noticias\/\" rel=\"category tag\">Not\u00edcias<\/a>","author_info":{"name":"natalina","url":"https:\/\/portal.pi.gov.br\/seres\/author\/natalina\/"},"comments_num":"0 coment\u00e1rio","featured_image_urls_v2":{"full":"","thumbnail":"","medium":"","medium_large":"","large":"","sgg-420":"","sgg-540":"","sgg-780":"","1536x1536":"","2048x2048":"","homepage-slider":"","homepage-slider-small":"","page-top":"","page-small":"","loop-main":"","thumb-gallery-widget":""},"post_excerpt_stackable_v2":"<p>A secret\u00e1ria N\u00fabia Lopes e equipe t\u00e9cnica da Secretaria das Rela\u00e7\u00f5es Sociais (Seres) acompanharam o governador Rafael Fonteles em inaugura\u00e7\u00e3o de obras do Or\u00e7amento Participativo &#8211; OPA, nesta segunda-feira (27), em Parna\u00edba. A primeira inaugura\u00e7\u00e3o foi no bairro Catanduvas. S\u00e3o 990 metros de pavimenta\u00e7\u00e3o das Ruas Francisco Fontenele e Isabel Elisa de Ara\u00fajo. Em seguida, a pavimenta\u00e7\u00e3o de 1,872 km de asfalto na Avenida Gilberto Pereira de Sousa, na localidade Portinho.\u00a0 A presidente da Associa\u00e7\u00e3o dos Amigos do Portinho, \u00c2ngela, agradeceu a entrega da obra para a sua comunidade. \u201cForam 20 anos de luta e, \u00e0s vezes, a gente pensa&hellip;<\/p>\n","category_list_v2":"<a href=\"https:\/\/portal.pi.gov.br\/seres\/category\/noticias\/\" rel=\"category tag\">Not\u00edcias<\/a>","author_info_v2":{"name":"natalina","url":"https:\/\/portal.pi.gov.br\/seres\/author\/natalina\/"},"comments_num_v2":"0 coment\u00e1rio","jetpack_featured_media_url":"","_links":{"self":[{"href":"https:\/\/portal.pi.gov.br\/seres\/wp-json\/wp\/v2\/posts\/2342"}],"collection":[{"href":"https:\/\/portal.pi.gov.br\/seres\/wp-json\/wp\/v2\/posts"}],"about":[{"href":"https:\/\/portal.pi.gov.br\/seres\/wp-json\/wp\/v2\/types\/post"}],"author":[{"embeddable":true,"href":"https:\/\/portal.pi.gov.br\/seres\/wp-json\/wp\/v2\/users\/1748"}],"replies":[{"embeddable":true,"href":"https:\/\/portal.pi.gov.br\/seres\/wp-json\/wp\/v2\/comments?post=2342"}],"version-history":[{"count":2,"href":"https:\/\/portal.pi.gov.br\/seres\/wp-json\/wp\/v2\/posts\/2342\/revisions"}],"predecessor-version":[{"id":2347,"href":"https:\/\/portal.pi.gov.br\/seres\/wp-json\/wp\/v2\/posts\/2342\/revisions\/2347"}],"wp:attachment":[{"href":"https:\/\/portal.pi.gov.br\/seres\/wp-json\/wp\/v2\/media?parent=2342"}],"wp:term":[{"taxonomy":"category","embeddable":true,"href":"https:\/\/portal.pi.gov.br\/seres\/wp-json\/wp\/v2\/categories?post=2342"},{"taxonomy":"post_tag","embeddable":true,"href":"https:\/\/portal.pi.gov.br\/seres\/wp-json\/wp\/v2\/tags?post=2342"}],"curies":[{"name":"wp","href":"https:\/\/api.w.org\/{rel}","templated":true}]}}