{"id":2353,"date":"2024-06-03T08:09:53","date_gmt":"2024-06-03T11:09:53","guid":{"rendered":"https:\/\/portal.pi.gov.br\/seres\/?p=2353"},"modified":"2024-06-07T12:07:12","modified_gmt":"2024-06-07T15:07:12","slug":"governo-do-piaui-comemora-um-ano-do-opa-e-divulga-propostas-para-votacao-nesta-terca-feira-4","status":"publish","type":"post","link":"https:\/\/portal.pi.gov.br\/seres\/2024\/06\/03\/governo-do-piaui-comemora-um-ano-do-opa-e-divulga-propostas-para-votacao-nesta-terca-feira-4\/","title":{"rendered":"Governo do Piau\u00ed comemora um ano do OPA e divulga propostas para vota\u00e7\u00e3o nesta ter\u00e7a-feira (4)"},"content":{"rendered":"\n<p>H\u00e1 um ano, o Governo do Piau\u00ed lan\u00e7ou o Programa de Or\u00e7amento Participativo (OPA), um marco na gest\u00e3o p\u00fablica que permite a participa\u00e7\u00e3o direta dos cidad\u00e3os na defini\u00e7\u00e3o das prioridades or\u00e7ament\u00e1rias de suas comunidades. Para celebrar um ano de conquistas e participa\u00e7\u00e3o cidad\u00e3, ser\u00e1 realizada, nesta ter\u00e7a-feira (4), \u00e0s 11h30, no Theatro 04 de Setembro, a cerim\u00f4nia de anivers\u00e1rio do programa.&nbsp;<\/p>\n\n\n\n<p>Durante o evento, as propostas cadastradas na primeira fase do OPA 2024-2025 aptas a voto ser\u00e3o divulgadas e disponibilizadas para vota\u00e7\u00e3o popular a partir do dia 7 de junho \u2013 tudo por meio do WhatsApp, app social Colab e vans do OPA. Nesta etapa, qualquer pessoa, com mais de 16 anos e com Cadastro de Pessoa F\u00edsica (CPF), pode participar, elegendo a proposta preferida. As ideias eleitas ser\u00e3o encaminhadas para inclus\u00e3o no Or\u00e7amento Anual do Estado de 2025.<\/p>\n\n\n\n<p>Sob a coordena\u00e7\u00e3o das secretarias estaduais das Rela\u00e7\u00f5es Sociais (Seres) e do Planejamento (Seplan), o programa foi inicialmente implantado em Teresina e Parna\u00edba, destinando R$ 40 milh\u00f5es e R$ 10 milh\u00f5es, respectivamente, para essas cidades.<\/p>\n\n\n\n<p>Desde o in\u00edcio, o governador Rafael Fonteles enfatizava a import\u00e2ncia da participa\u00e7\u00e3o popular para o desenvolvimento do Piau\u00ed. \u201cN\u00f3s somos um governo que conta diretamente com a participa\u00e7\u00e3o social. Os movimentos comunit\u00e1rios populares t\u00eam voz na montagem do Or\u00e7amento do Estado e na defini\u00e7\u00e3o de obras e a\u00e7\u00f5es priorit\u00e1rias de cada regi\u00e3o. Com isso, teremos uma gest\u00e3o integrada com os anseios do nosso povo, afinal, trabalhamos em prol da vontade e interesse social\u201d, disse o gestor.<\/p>\n\n\n\n<p>No primeiro m\u00eas de funcionamento, o OPA j\u00e1 mostrava sinais promissores. Em junho de 2023, o programa recebeu quase 600 propostas de 223 entidades cadastradas em Teresina e Parna\u00edba. Esse volume de participa\u00e7\u00e3o superou as expectativas, demonstrando o engajamento da popula\u00e7\u00e3o. Washington Bonfim, secret\u00e1rio do Planejamento, destacou que os n\u00fameros revelaram um forte alcance do programa e o entusiasmo das comunidades.<\/p>\n\n\n\n<p>No m\u00eas seguinte, o Governo do Estado divulgou a lista das entidades que tiveram as propostas aprovadas para a fase de vota\u00e7\u00e3o. No total, 448 propostas foram lan\u00e7adas, das quais 358 foram consideradas aptas para execu\u00e7\u00e3o. A vota\u00e7\u00e3o foi realizada online, por meio do aplicativo Colab, site e WhatsApp, facilitando o acesso da popula\u00e7\u00e3o ao processo de decis\u00e3o.<\/p>\n\n\n\n<p>Agosto trouxe mais avan\u00e7os com a divulga\u00e7\u00e3o das propostas eleitas pela popula\u00e7\u00e3o. No total, 88 propostas foram escolhidas, sendo 67 para Teresina e 21 para Parna\u00edba. O or\u00e7amento do programa foi ampliado, permitindo a inclus\u00e3o de mais iniciativas. O processo de vota\u00e7\u00e3o registrou 52.532 votos, demonstrando o alto n\u00edvel de engajamento da popula\u00e7\u00e3o.<\/p>\n\n\n\n<p>O reconhecimento do sucesso do OPA veio em outubro, quando o Piau\u00ed recebeu um pr\u00eamio por ser a experi\u00eancia de maior participa\u00e7\u00e3o popular em consulta p\u00fablica entre os estados que utilizam a plataforma Colab. Com essa vit\u00f3ria, o Governo do Estado anunciou a expans\u00e3o do programa para mais tr\u00eas munic\u00edpios em 2024: Floriano, Piripiri e Picos.<\/p>\n\n\n\n<p><strong>OPA 2024\/2025<\/strong><\/p>\n\n\n\n<p>O in\u00edcio de 2024 foi marcado pela entrega das primeiras obras do Or\u00e7amento Participativo da edi\u00e7\u00e3o 2023\/2024. O governador Rafael Fonteles autorizou a execu\u00e7\u00e3o das sete primeiras obras do OPA, consideradas priorit\u00e1rias pela popula\u00e7\u00e3o em 2023, com um investimento de R$ 9,5 milh\u00f5es. Em janeiro, Parna\u00edba viu a implementa\u00e7\u00e3o da Pol\u00edcia Comunit\u00e1ria na zona rural, beneficiando cerca de 3.500 pessoas. J\u00e1 em Teresina, os bairros Torquato Neto, Santa Maria da Codipi e Santa Cruz receberam pavimenta\u00e7\u00e3o asf\u00e1ltica.<\/p>\n\n\n<div class=\"wp-block-image\">\n<figure class=\"aligncenter is-resized\"><img decoding=\"async\" loading=\"lazy\" src=\"https:\/\/admin.pi.gov.br\/uploads\/asfalto_torquato_45b37e5442.jpg\" alt=\"asfalto torquato.jpg\" width=\"526\" height=\"351\" \/><\/figure><\/div>\n\n\n<p>Em fevereiro, o Governo do Estado lan\u00e7ou a segunda edi\u00e7\u00e3o do OPA 2024-2025, ampliando a participa\u00e7\u00e3o popular para cinco munic\u00edpios e destinando um total de R$ 65 milh\u00f5es para investimentos.<\/p>\n\n\n\n<p>O programa, j\u00e1 premiado projeto de democracia participativa, continuou trazendo melhorias significativas. Ruas e avenida da cidade litor\u00e2nea foram inauguradas dentro do pacote de obras do OPA, que recebeu investimentos de mais de R$ 2 milh\u00f5es, com interven\u00e7\u00f5es que incluem reparo da pavimenta\u00e7\u00e3o em paralelep\u00edpedo, pavimenta\u00e7\u00e3o asf\u00e1ltica, constru\u00e7\u00e3o de meio-fio e sinaliza\u00e7\u00e3o de ruas.<\/p>\n\n\n\n<p>Na zona rural de Teresina, o Assentamento 28 de Agosto recebeu servi\u00e7os de pavimenta\u00e7\u00e3o em paralelep\u00edpedo previstos na edi\u00e7\u00e3o 2023-2024 do Or\u00e7amento Participativo, com investimento de R$ 876 mil, em uma \u00e1rea total de 9.478 m\u00b2. J\u00e1 no Assentamento El Shaday, os investimentos somam mais de R$ 400 mil, com o objetivo de melhorar a mobilidade para os moradores e contribuir para o desenvolvimento da comunidade, totalizando 4.620 m\u00b2.<\/p>\n\n\n<div class=\"wp-block-image\">\n<figure class=\"aligncenter is-resized\"><img decoding=\"async\" loading=\"lazy\" src=\"https:\/\/admin.pi.gov.br\/uploads\/Whats_App_Image_2024_05_28_at_11_34_57_c1ff697f40.jpeg\" alt=\"WhatsApp Image 2024-05-28 at 11.34.57.jpeg\" width=\"524\" height=\"393\" \/><\/figure><\/div>\n\n\n<p>O Conjunto Parque Xix\u00e1, comunidade no bairro Pedra Mole, recebeu pavimenta\u00e7\u00e3o em paralelep\u00edpedo em seis ruas do bairro, com uma \u00e1rea total de 3.600 m\u00b2.&nbsp;<\/p>\n\n\n<div class=\"wp-block-image\">\n<figure class=\"aligncenter is-resized\"><img decoding=\"async\" loading=\"lazy\" src=\"https:\/\/admin.pi.gov.br\/uploads\/IMG_9614_479f3eb4f7.JPG\" alt=\"IMG_9614.JPG\" width=\"524\" height=\"393\" \/><\/figure><\/div>\n\n\n<p>Teodoro Filho, presidente da Associa\u00e7\u00e3o de Moradores do Parque Xix\u00e1, conta da batalha para garantir dignidade para os moradores.&nbsp;\u201cSomos uma comunidade relativamente pequena, mas desde o come\u00e7o empenhados em correr atr\u00e1s dos nossos direitos e mais qualidade de vida. Sabemos que um dos pilares para isso \u00e9 a mobilidade urbana, que d\u00e1 mais seguran\u00e7a e facilita o acesso ao nosso bairro\u201d, diz o representante.<\/p>\n\n\n<div class=\"wp-block-image\">\n<figure class=\"aligncenter is-resized\"><img decoding=\"async\" loading=\"lazy\" src=\"https:\/\/admin.pi.gov.br\/uploads\/IMG_9652_b6b224bad8.PNG\" alt=\"IMG_9652.PNG\" width=\"532\" height=\"399\" \/><\/figure><\/div>\n\n\n<p>Nos \u00faltimos meses, o governador Rafael Fonteles assinou cerca de quinze ordens de servi\u00e7o para obras do OPA 2023-2024, com um investimento de mais de R$ 4 milh\u00f5es. As obras incluem a reforma de centros esportivos, constru\u00e7\u00e3o de pra\u00e7as, urbaniza\u00e7\u00e3o de \u00e1reas verdes, pavimenta\u00e7\u00e3o em paralelep\u00edpedo, constru\u00e7\u00e3o de canteiros centrais, quadras esportivas e reforma de pra\u00e7as. At\u00e9 o momento, 57 das 88 obras aprovadas est\u00e3o em execu\u00e7\u00e3o ou j\u00e1 foram conclu\u00eddas, representando 64,77% do total.<\/p>\n","protected":false},"excerpt":{"rendered":"<p>H\u00e1 um ano, o Governo do Piau\u00ed lan\u00e7ou o Programa de Or\u00e7amento Participativo (OPA), um marco na gest\u00e3o p\u00fablica que permite a participa\u00e7\u00e3o direta dos cidad\u00e3os na defini\u00e7\u00e3o das prioridades [&hellip;]<\/p>\n","protected":false},"author":1748,"featured_media":0,"comment_status":"closed","ping_status":"closed","sticky":false,"template":"","format":"standard","meta":[],"categories":[34],"tags":[],"featured_image_urls":{"full":"","thumbnail":"","medium":"","medium_large":"","large":"","sgg-420":"","sgg-540":"","sgg-780":"","1536x1536":"","2048x2048":"","homepage-slider":"","homepage-slider-small":"","page-top":"","page-small":"","loop-main":"","thumb-gallery-widget":""},"post_excerpt_stackable":"<p>H\u00e1 um ano, o Governo do Piau\u00ed lan\u00e7ou o Programa de Or\u00e7amento Participativo (OPA), um marco na gest\u00e3o p\u00fablica que permite a participa\u00e7\u00e3o direta dos cidad\u00e3os na defini\u00e7\u00e3o das prioridades or\u00e7ament\u00e1rias de suas comunidades. Para celebrar um ano de conquistas e participa\u00e7\u00e3o cidad\u00e3, ser\u00e1 realizada, nesta ter\u00e7a-feira (4), \u00e0s 11h30, no Theatro 04 de Setembro, a cerim\u00f4nia de anivers\u00e1rio do programa.&nbsp; Durante o evento, as propostas cadastradas na primeira fase do OPA 2024-2025 aptas a voto ser\u00e3o divulgadas e disponibilizadas para vota\u00e7\u00e3o popular a partir do dia 7 de junho \u2013 tudo por meio do WhatsApp, app social Colab e&hellip;<\/p>\n","category_list":"<a href=\"https:\/\/portal.pi.gov.br\/seres\/category\/noticias\/\" rel=\"category tag\">Not\u00edcias<\/a>","author_info":{"name":"natalina","url":"https:\/\/portal.pi.gov.br\/seres\/author\/natalina\/"},"comments_num":"0 coment\u00e1rio","featured_image_urls_v2":{"full":"","thumbnail":"","medium":"","medium_large":"","large":"","sgg-420":"","sgg-540":"","sgg-780":"","1536x1536":"","2048x2048":"","homepage-slider":"","homepage-slider-small":"","page-top":"","page-small":"","loop-main":"","thumb-gallery-widget":""},"post_excerpt_stackable_v2":"<p>H\u00e1 um ano, o Governo do Piau\u00ed lan\u00e7ou o Programa de Or\u00e7amento Participativo (OPA), um marco na gest\u00e3o p\u00fablica que permite a participa\u00e7\u00e3o direta dos cidad\u00e3os na defini\u00e7\u00e3o das prioridades or\u00e7ament\u00e1rias de suas comunidades. Para celebrar um ano de conquistas e participa\u00e7\u00e3o cidad\u00e3, ser\u00e1 realizada, nesta ter\u00e7a-feira (4), \u00e0s 11h30, no Theatro 04 de Setembro, a cerim\u00f4nia de anivers\u00e1rio do programa.&nbsp; Durante o evento, as propostas cadastradas na primeira fase do OPA 2024-2025 aptas a voto ser\u00e3o divulgadas e disponibilizadas para vota\u00e7\u00e3o popular a partir do dia 7 de junho \u2013 tudo por meio do WhatsApp, app social Colab e&hellip;<\/p>\n","category_list_v2":"<a href=\"https:\/\/portal.pi.gov.br\/seres\/category\/noticias\/\" rel=\"category tag\">Not\u00edcias<\/a>","author_info_v2":{"name":"natalina","url":"https:\/\/portal.pi.gov.br\/seres\/author\/natalina\/"},"comments_num_v2":"0 coment\u00e1rio","jetpack_featured_media_url":"","_links":{"self":[{"href":"https:\/\/portal.pi.gov.br\/seres\/wp-json\/wp\/v2\/posts\/2353"}],"collection":[{"href":"https:\/\/portal.pi.gov.br\/seres\/wp-json\/wp\/v2\/posts"}],"about":[{"href":"https:\/\/portal.pi.gov.br\/seres\/wp-json\/wp\/v2\/types\/post"}],"author":[{"embeddable":true,"href":"https:\/\/portal.pi.gov.br\/seres\/wp-json\/wp\/v2\/users\/1748"}],"replies":[{"embeddable":true,"href":"https:\/\/portal.pi.gov.br\/seres\/wp-json\/wp\/v2\/comments?post=2353"}],"version-history":[{"count":2,"href":"https:\/\/portal.pi.gov.br\/seres\/wp-json\/wp\/v2\/posts\/2353\/revisions"}],"predecessor-version":[{"id":2362,"href":"https:\/\/portal.pi.gov.br\/seres\/wp-json\/wp\/v2\/posts\/2353\/revisions\/2362"}],"wp:attachment":[{"href":"https:\/\/portal.pi.gov.br\/seres\/wp-json\/wp\/v2\/media?parent=2353"}],"wp:term":[{"taxonomy":"category","embeddable":true,"href":"https:\/\/portal.pi.gov.br\/seres\/wp-json\/wp\/v2\/categories?post=2353"},{"taxonomy":"post_tag","embeddable":true,"href":"https:\/\/portal.pi.gov.br\/seres\/wp-json\/wp\/v2\/tags?post=2353"}],"curies":[{"name":"wp","href":"https:\/\/api.w.org\/{rel}","templated":true}]}}