{"id":2387,"date":"2024-06-11T12:27:15","date_gmt":"2024-06-11T15:27:15","guid":{"rendered":"https:\/\/portal.pi.gov.br\/seres\/?p=2387"},"modified":"2024-06-11T12:27:15","modified_gmt":"2024-06-11T15:27:15","slug":"associacoes-se-mobilizam-e-opa-fecha-terceiro-dia-de-votacao-com-mais-de-50-mil-votos","status":"publish","type":"post","link":"https:\/\/portal.pi.gov.br\/seres\/2024\/06\/11\/associacoes-se-mobilizam-e-opa-fecha-terceiro-dia-de-votacao-com-mais-de-50-mil-votos\/","title":{"rendered":"Associa\u00e7\u00f5es se mobilizam e OPA fecha terceiro dia de vota\u00e7\u00e3o com mais de 50 mil votos"},"content":{"rendered":"\n<p>A etapa de vota\u00e7\u00e3o popular do Programa de Or\u00e7amento Participativo (OPA) est\u00e1 envolvendo toda a popula\u00e7\u00e3o. Empenhadas em eleger as propostas de melhorias para seus bairros, entidades de moradores e comunidades inteiras mobilizam-se na divulga\u00e7\u00e3o e no agendamento de vans para conseguirem votos e elegerem as propostas de suas comunidades. Durante os tr\u00eas primeiros dias de vota\u00e7\u00e3o, as vans do OPA estiveram de norte a sul de Teresina e nos munic\u00edpios de Picos, Piripiri, Parna\u00edba e Floriano, funcionando como uma cabine de vota\u00e7\u00e3o. At\u00e9 o dia 17 de junho, \u00e9 poss\u00edvel votar pelo site, app ou WhatsApp.<\/p>\n\n\n<div class=\"wp-block-image\">\n<figure class=\"aligncenter size-large is-resized\"><img decoding=\"async\" loading=\"lazy\" src=\"https:\/\/portal.pi.gov.br\/seres\/wp-content\/uploads\/sites\/87\/2024\/06\/WhatsApp-Image-2024-06-11-at-09.55.37-1024x582.jpeg\" alt=\"\" class=\"wp-image-2390\" width=\"515\" height=\"292\" srcset=\"https:\/\/portal.pi.gov.br\/seres\/wp-content\/uploads\/sites\/87\/2024\/06\/WhatsApp-Image-2024-06-11-at-09.55.37-1024x582.jpeg 1024w, https:\/\/portal.pi.gov.br\/seres\/wp-content\/uploads\/sites\/87\/2024\/06\/WhatsApp-Image-2024-06-11-at-09.55.37-300x170.jpeg 300w, https:\/\/portal.pi.gov.br\/seres\/wp-content\/uploads\/sites\/87\/2024\/06\/WhatsApp-Image-2024-06-11-at-09.55.37-768x436.jpeg 768w, https:\/\/portal.pi.gov.br\/seres\/wp-content\/uploads\/sites\/87\/2024\/06\/WhatsApp-Image-2024-06-11-at-09.55.37-420x239.jpeg 420w, https:\/\/portal.pi.gov.br\/seres\/wp-content\/uploads\/sites\/87\/2024\/06\/WhatsApp-Image-2024-06-11-at-09.55.37-540x307.jpeg 540w, https:\/\/portal.pi.gov.br\/seres\/wp-content\/uploads\/sites\/87\/2024\/06\/WhatsApp-Image-2024-06-11-at-09.55.37-780x443.jpeg 780w, https:\/\/portal.pi.gov.br\/seres\/wp-content\/uploads\/sites\/87\/2024\/06\/WhatsApp-Image-2024-06-11-at-09.55.37-1536x873.jpeg 1536w, https:\/\/portal.pi.gov.br\/seres\/wp-content\/uploads\/sites\/87\/2024\/06\/WhatsApp-Image-2024-06-11-at-09.55.37-2048x1163.jpeg 2048w, https:\/\/portal.pi.gov.br\/seres\/wp-content\/uploads\/sites\/87\/2024\/06\/WhatsApp-Image-2024-06-11-at-09.55.37-947x538.jpeg 947w, https:\/\/portal.pi.gov.br\/seres\/wp-content\/uploads\/sites\/87\/2024\/06\/WhatsApp-Image-2024-06-11-at-09.55.37-624x354.jpeg 624w\" sizes=\"(max-width: 515px) 100vw, 515px\" \/><\/figure><\/div>\n\n\n<p>\u201cNesta fase, todo voto faz a diferen\u00e7a\u201d, disse Washington Bonfim, secret\u00e1rio do Planejamento. \u201cEm tr\u00eas dias j\u00e1 passamos de 50 mil votos, isso significa que a disputa ser\u00e1 acirrada e que as entidades precisam mobilizar at\u00e9 o \u00faltimo dia de vota\u00e7\u00e3o para lograr \u00eaxito\u201d, explicou o gestor.<\/p>\n\n\n<div class=\"wp-block-image\">\n<figure class=\"aligncenter size-large is-resized\"><img decoding=\"async\" loading=\"lazy\" src=\"https:\/\/portal.pi.gov.br\/seres\/wp-content\/uploads\/sites\/87\/2024\/06\/WhatsApp-Image-2024-06-11-at-10.04.49-1024x768.jpeg\" alt=\"\" class=\"wp-image-2391\" width=\"517\" height=\"388\" srcset=\"https:\/\/portal.pi.gov.br\/seres\/wp-content\/uploads\/sites\/87\/2024\/06\/WhatsApp-Image-2024-06-11-at-10.04.49-1024x768.jpeg 1024w, https:\/\/portal.pi.gov.br\/seres\/wp-content\/uploads\/sites\/87\/2024\/06\/WhatsApp-Image-2024-06-11-at-10.04.49-300x225.jpeg 300w, https:\/\/portal.pi.gov.br\/seres\/wp-content\/uploads\/sites\/87\/2024\/06\/WhatsApp-Image-2024-06-11-at-10.04.49-768x576.jpeg 768w, https:\/\/portal.pi.gov.br\/seres\/wp-content\/uploads\/sites\/87\/2024\/06\/WhatsApp-Image-2024-06-11-at-10.04.49-420x315.jpeg 420w, https:\/\/portal.pi.gov.br\/seres\/wp-content\/uploads\/sites\/87\/2024\/06\/WhatsApp-Image-2024-06-11-at-10.04.49-540x405.jpeg 540w, https:\/\/portal.pi.gov.br\/seres\/wp-content\/uploads\/sites\/87\/2024\/06\/WhatsApp-Image-2024-06-11-at-10.04.49-780x585.jpeg 780w, https:\/\/portal.pi.gov.br\/seres\/wp-content\/uploads\/sites\/87\/2024\/06\/WhatsApp-Image-2024-06-11-at-10.04.49-1536x1152.jpeg 1536w, https:\/\/portal.pi.gov.br\/seres\/wp-content\/uploads\/sites\/87\/2024\/06\/WhatsApp-Image-2024-06-11-at-10.04.49-2048x1536.jpeg 2048w, https:\/\/portal.pi.gov.br\/seres\/wp-content\/uploads\/sites\/87\/2024\/06\/WhatsApp-Image-2024-06-11-at-10.04.49-947x710.jpeg 947w, https:\/\/portal.pi.gov.br\/seres\/wp-content\/uploads\/sites\/87\/2024\/06\/WhatsApp-Image-2024-06-11-at-10.04.49-624x468.jpeg 624w\" sizes=\"(max-width: 517px) 100vw, 517px\" \/><\/figure><\/div>\n\n\n<p><strong>OPA no Salipi<\/strong><\/p>\n\n\n\n<p>O OPA esteve presente na abertura do 22\u00b0 Sal\u00e3o do Livro do Piau\u00ed, o Salipi, com um stand e permanecer\u00e1 at\u00e9 o pen\u00faltimo dia de vota\u00e7\u00e3o. O evento \u00e9 aberto ao p\u00fablico, no Espa\u00e7o Rosa dos Ventos, na Universidade Federal (UFPI).<\/p>\n\n\n\n<p>O espa\u00e7o funciona das 9h \u00e0s 21h, com totens para vota\u00e7\u00e3o, tablets, celulares e internet Wi-Fi dispon\u00edvel. Para auxiliar na identifica\u00e7\u00e3o das propostas e registrar os votos, agentes OPA estar\u00e3o no local, atendendo a popula\u00e7\u00e3o.<\/p>\n\n\n\n<p><strong>Como votar<\/strong><\/p>\n\n\n<div class=\"wp-block-image\">\n<figure class=\"aligncenter size-large is-resized\"><img decoding=\"async\" loading=\"lazy\" src=\"https:\/\/portal.pi.gov.br\/seres\/wp-content\/uploads\/sites\/87\/2024\/06\/WhatsApp-Image-2024-06-10-at-11.39.01-1024x472.jpeg\" alt=\"\" class=\"wp-image-2388\" width=\"521\" height=\"240\" srcset=\"https:\/\/portal.pi.gov.br\/seres\/wp-content\/uploads\/sites\/87\/2024\/06\/WhatsApp-Image-2024-06-10-at-11.39.01-1024x472.jpeg 1024w, https:\/\/portal.pi.gov.br\/seres\/wp-content\/uploads\/sites\/87\/2024\/06\/WhatsApp-Image-2024-06-10-at-11.39.01-300x138.jpeg 300w, https:\/\/portal.pi.gov.br\/seres\/wp-content\/uploads\/sites\/87\/2024\/06\/WhatsApp-Image-2024-06-10-at-11.39.01-768x354.jpeg 768w, https:\/\/portal.pi.gov.br\/seres\/wp-content\/uploads\/sites\/87\/2024\/06\/WhatsApp-Image-2024-06-10-at-11.39.01-420x193.jpeg 420w, https:\/\/portal.pi.gov.br\/seres\/wp-content\/uploads\/sites\/87\/2024\/06\/WhatsApp-Image-2024-06-10-at-11.39.01-540x249.jpeg 540w, https:\/\/portal.pi.gov.br\/seres\/wp-content\/uploads\/sites\/87\/2024\/06\/WhatsApp-Image-2024-06-10-at-11.39.01-780x359.jpeg 780w, https:\/\/portal.pi.gov.br\/seres\/wp-content\/uploads\/sites\/87\/2024\/06\/WhatsApp-Image-2024-06-10-at-11.39.01-1536x708.jpeg 1536w, https:\/\/portal.pi.gov.br\/seres\/wp-content\/uploads\/sites\/87\/2024\/06\/WhatsApp-Image-2024-06-10-at-11.39.01-947x436.jpeg 947w, https:\/\/portal.pi.gov.br\/seres\/wp-content\/uploads\/sites\/87\/2024\/06\/WhatsApp-Image-2024-06-10-at-11.39.01-624x287.jpeg 624w, https:\/\/portal.pi.gov.br\/seres\/wp-content\/uploads\/sites\/87\/2024\/06\/WhatsApp-Image-2024-06-10-at-11.39.01.jpeg 1600w\" sizes=\"(max-width: 521px) 100vw, 521px\" \/><\/figure><\/div>\n\n\n<p>Voc\u00ea pode votar na proposta que julgar melhor para seu bairro ou regi\u00e3o. Por meio de um celular ou computador com acesso \u00e0 internet, \u00e9 s\u00f3 escolher um dos canais abaixo. Para facilitar, tenha em m\u00e3os o n\u00famero da proposta para a qual pretende registrar seu voto.<\/p>\n\n\n\n<ul>\n<li><a target=\"_blank\" rel=\"noreferrer noopener\" href=\"https:\/\/onelink.to\/colabapp\">Vote pelo aplicativo<\/a><br>&nbsp;<\/li>\n\n\n\n<li><a target=\"_blank\" rel=\"noreferrer noopener\" href=\"https:\/\/wa.me\/558681302765\">Vote pelo WhatsApp<\/a><\/li>\n<\/ul>\n\n\n\n<p>Ou, procure uma das vans do OPA no bairro mais pr\u00f3ximo de voc\u00ea!<\/p>\n\n\n<div class=\"wp-block-image\">\n<figure class=\"aligncenter size-full is-resized\"><img decoding=\"async\" loading=\"lazy\" src=\"https:\/\/portal.pi.gov.br\/seres\/wp-content\/uploads\/sites\/87\/2024\/06\/opa.png\" alt=\"\" class=\"wp-image-2389\" width=\"520\" height=\"287\" srcset=\"https:\/\/portal.pi.gov.br\/seres\/wp-content\/uploads\/sites\/87\/2024\/06\/opa.png 831w, https:\/\/portal.pi.gov.br\/seres\/wp-content\/uploads\/sites\/87\/2024\/06\/opa-300x165.png 300w, https:\/\/portal.pi.gov.br\/seres\/wp-content\/uploads\/sites\/87\/2024\/06\/opa-768x423.png 768w, https:\/\/portal.pi.gov.br\/seres\/wp-content\/uploads\/sites\/87\/2024\/06\/opa-420x231.png 420w, https:\/\/portal.pi.gov.br\/seres\/wp-content\/uploads\/sites\/87\/2024\/06\/opa-540x298.png 540w, https:\/\/portal.pi.gov.br\/seres\/wp-content\/uploads\/sites\/87\/2024\/06\/opa-780x430.png 780w, https:\/\/portal.pi.gov.br\/seres\/wp-content\/uploads\/sites\/87\/2024\/06\/opa-624x344.png 624w\" sizes=\"(max-width: 520px) 100vw, 520px\" \/><\/figure><\/div>\n\n\n<p><a target=\"_blank\" rel=\"noreferrer noopener\" href=\"https:\/\/drive.google.com\/file\/d\/1oyAtBEbYTxW5DTxdby90hjTEWzh9DJ3-\/view?pli=1\"><strong>Confira o n\u00famero das propostas<\/strong><\/a><\/p>\n","protected":false},"excerpt":{"rendered":"<p>A etapa de vota\u00e7\u00e3o popular do Programa de Or\u00e7amento Participativo (OPA) est\u00e1 envolvendo toda a popula\u00e7\u00e3o. Empenhadas em eleger as propostas de melhorias para seus bairros, entidades de moradores e [&hellip;]<\/p>\n","protected":false},"author":1748,"featured_media":2390,"comment_status":"closed","ping_status":"closed","sticky":false,"template":"","format":"standard","meta":[],"categories":[34],"tags":[62,47,41],"featured_image_urls":{"full":["https:\/\/portal.pi.gov.br\/seres\/wp-content\/uploads\/sites\/87\/2024\/06\/WhatsApp-Image-2024-06-11-at-09.55.37-scaled.jpeg",2560,1454,false],"thumbnail":["https:\/\/portal.pi.gov.br\/seres\/wp-content\/uploads\/sites\/87\/2024\/06\/WhatsApp-Image-2024-06-11-at-09.55.37-150x150.jpeg",150,150,true],"medium":["https:\/\/portal.pi.gov.br\/seres\/wp-content\/uploads\/sites\/87\/2024\/06\/WhatsApp-Image-2024-06-11-at-09.55.37-300x170.jpeg",300,170,true],"medium_large":["https:\/\/portal.pi.gov.br\/seres\/wp-content\/uploads\/sites\/87\/2024\/06\/WhatsApp-Image-2024-06-11-at-09.55.37-768x436.jpeg",768,436,true],"large":["https:\/\/portal.pi.gov.br\/seres\/wp-content\/uploads\/sites\/87\/2024\/06\/WhatsApp-Image-2024-06-11-at-09.55.37-1024x582.jpeg",887,504,true],"sgg-420":["https:\/\/portal.pi.gov.br\/seres\/wp-content\/uploads\/sites\/87\/2024\/06\/WhatsApp-Image-2024-06-11-at-09.55.37-420x239.jpeg",420,239,true],"sgg-540":["https:\/\/portal.pi.gov.br\/seres\/wp-content\/uploads\/sites\/87\/2024\/06\/WhatsApp-Image-2024-06-11-at-09.55.37-540x307.jpeg",540,307,true],"sgg-780":["https:\/\/portal.pi.gov.br\/seres\/wp-content\/uploads\/sites\/87\/2024\/06\/WhatsApp-Image-2024-06-11-at-09.55.37-780x443.jpeg",780,443,true],"1536x1536":["https:\/\/portal.pi.gov.br\/seres\/wp-content\/uploads\/sites\/87\/2024\/06\/WhatsApp-Image-2024-06-11-at-09.55.37-1536x873.jpeg",1536,873,true],"2048x2048":["https:\/\/portal.pi.gov.br\/seres\/wp-content\/uploads\/sites\/87\/2024\/06\/WhatsApp-Image-2024-06-11-at-09.55.37-2048x1163.jpeg",2048,1163,true],"homepage-slider":["https:\/\/portal.pi.gov.br\/seres\/wp-content\/uploads\/sites\/87\/2024\/06\/WhatsApp-Image-2024-06-11-at-09.55.37-1270x500.jpeg",1270,500,true],"homepage-slider-small":["https:\/\/portal.pi.gov.br\/seres\/wp-content\/uploads\/sites\/87\/2024\/06\/WhatsApp-Image-2024-06-11-at-09.55.37-947x500.jpeg",947,500,true],"page-top":["https:\/\/portal.pi.gov.br\/seres\/wp-content\/uploads\/sites\/87\/2024\/06\/WhatsApp-Image-2024-06-11-at-09.55.37-947x538.jpeg",947,538,true],"page-small":["https:\/\/portal.pi.gov.br\/seres\/wp-content\/uploads\/sites\/87\/2024\/06\/WhatsApp-Image-2024-06-11-at-09.55.37-624x354.jpeg",624,354,true],"loop-main":["https:\/\/portal.pi.gov.br\/seres\/wp-content\/uploads\/sites\/87\/2024\/06\/WhatsApp-Image-2024-06-11-at-09.55.37-365x240.jpeg",365,240,true],"thumb-gallery-widget":["https:\/\/portal.pi.gov.br\/seres\/wp-content\/uploads\/sites\/87\/2024\/06\/WhatsApp-Image-2024-06-11-at-09.55.37-84x56.jpeg",84,56,true]},"post_excerpt_stackable":"<p>A etapa de vota\u00e7\u00e3o popular do Programa de Or\u00e7amento Participativo (OPA) est\u00e1 envolvendo toda a popula\u00e7\u00e3o. Empenhadas em eleger as propostas de melhorias para seus bairros, entidades de moradores e comunidades inteiras mobilizam-se na divulga\u00e7\u00e3o e no agendamento de vans para conseguirem votos e elegerem as propostas de suas comunidades. Durante os tr\u00eas primeiros dias de vota\u00e7\u00e3o, as vans do OPA estiveram de norte a sul de Teresina e nos munic\u00edpios de Picos, Piripiri, Parna\u00edba e Floriano, funcionando como uma cabine de vota\u00e7\u00e3o. At\u00e9 o dia 17 de junho, \u00e9 poss\u00edvel votar pelo site, app ou WhatsApp. \u201cNesta fase, todo&hellip;<\/p>\n","category_list":"<a href=\"https:\/\/portal.pi.gov.br\/seres\/category\/noticias\/\" rel=\"category tag\">Not\u00edcias<\/a>","author_info":{"name":"natalina","url":"https:\/\/portal.pi.gov.br\/seres\/author\/natalina\/"},"comments_num":"0 coment\u00e1rio","featured_image_urls_v2":{"full":["https:\/\/portal.pi.gov.br\/seres\/wp-content\/uploads\/sites\/87\/2024\/06\/WhatsApp-Image-2024-06-11-at-09.55.37-scaled.jpeg",2560,1454,false],"thumbnail":["https:\/\/portal.pi.gov.br\/seres\/wp-content\/uploads\/sites\/87\/2024\/06\/WhatsApp-Image-2024-06-11-at-09.55.37-150x150.jpeg",150,150,true],"medium":["https:\/\/portal.pi.gov.br\/seres\/wp-content\/uploads\/sites\/87\/2024\/06\/WhatsApp-Image-2024-06-11-at-09.55.37-300x170.jpeg",300,170,true],"medium_large":["https:\/\/portal.pi.gov.br\/seres\/wp-content\/uploads\/sites\/87\/2024\/06\/WhatsApp-Image-2024-06-11-at-09.55.37-768x436.jpeg",768,436,true],"large":["https:\/\/portal.pi.gov.br\/seres\/wp-content\/uploads\/sites\/87\/2024\/06\/WhatsApp-Image-2024-06-11-at-09.55.37-1024x582.jpeg",887,504,true],"sgg-420":["https:\/\/portal.pi.gov.br\/seres\/wp-content\/uploads\/sites\/87\/2024\/06\/WhatsApp-Image-2024-06-11-at-09.55.37-420x239.jpeg",420,239,true],"sgg-540":["https:\/\/portal.pi.gov.br\/seres\/wp-content\/uploads\/sites\/87\/2024\/06\/WhatsApp-Image-2024-06-11-at-09.55.37-540x307.jpeg",540,307,true],"sgg-780":["https:\/\/portal.pi.gov.br\/seres\/wp-content\/uploads\/sites\/87\/2024\/06\/WhatsApp-Image-2024-06-11-at-09.55.37-780x443.jpeg",780,443,true],"1536x1536":["https:\/\/portal.pi.gov.br\/seres\/wp-content\/uploads\/sites\/87\/2024\/06\/WhatsApp-Image-2024-06-11-at-09.55.37-1536x873.jpeg",1536,873,true],"2048x2048":["https:\/\/portal.pi.gov.br\/seres\/wp-content\/uploads\/sites\/87\/2024\/06\/WhatsApp-Image-2024-06-11-at-09.55.37-2048x1163.jpeg",2048,1163,true],"homepage-slider":["https:\/\/portal.pi.gov.br\/seres\/wp-content\/uploads\/sites\/87\/2024\/06\/WhatsApp-Image-2024-06-11-at-09.55.37-1270x500.jpeg",1270,500,true],"homepage-slider-small":["https:\/\/portal.pi.gov.br\/seres\/wp-content\/uploads\/sites\/87\/2024\/06\/WhatsApp-Image-2024-06-11-at-09.55.37-947x500.jpeg",947,500,true],"page-top":["https:\/\/portal.pi.gov.br\/seres\/wp-content\/uploads\/sites\/87\/2024\/06\/WhatsApp-Image-2024-06-11-at-09.55.37-947x538.jpeg",947,538,true],"page-small":["https:\/\/portal.pi.gov.br\/seres\/wp-content\/uploads\/sites\/87\/2024\/06\/WhatsApp-Image-2024-06-11-at-09.55.37-624x354.jpeg",624,354,true],"loop-main":["https:\/\/portal.pi.gov.br\/seres\/wp-content\/uploads\/sites\/87\/2024\/06\/WhatsApp-Image-2024-06-11-at-09.55.37-365x240.jpeg",365,240,true],"thumb-gallery-widget":["https:\/\/portal.pi.gov.br\/seres\/wp-content\/uploads\/sites\/87\/2024\/06\/WhatsApp-Image-2024-06-11-at-09.55.37-84x56.jpeg",84,56,true]},"post_excerpt_stackable_v2":"<p>A etapa de vota\u00e7\u00e3o popular do Programa de Or\u00e7amento Participativo (OPA) est\u00e1 envolvendo toda a popula\u00e7\u00e3o. Empenhadas em eleger as propostas de melhorias para seus bairros, entidades de moradores e comunidades inteiras mobilizam-se na divulga\u00e7\u00e3o e no agendamento de vans para conseguirem votos e elegerem as propostas de suas comunidades. Durante os tr\u00eas primeiros dias de vota\u00e7\u00e3o, as vans do OPA estiveram de norte a sul de Teresina e nos munic\u00edpios de Picos, Piripiri, Parna\u00edba e Floriano, funcionando como uma cabine de vota\u00e7\u00e3o. At\u00e9 o dia 17 de junho, \u00e9 poss\u00edvel votar pelo site, app ou WhatsApp. \u201cNesta fase, todo&hellip;<\/p>\n","category_list_v2":"<a href=\"https:\/\/portal.pi.gov.br\/seres\/category\/noticias\/\" rel=\"category tag\">Not\u00edcias<\/a>","author_info_v2":{"name":"natalina","url":"https:\/\/portal.pi.gov.br\/seres\/author\/natalina\/"},"comments_num_v2":"0 coment\u00e1rio","jetpack_featured_media_url":"https:\/\/portal.pi.gov.br\/seres\/wp-content\/uploads\/sites\/87\/2024\/06\/WhatsApp-Image-2024-06-11-at-09.55.37-scaled.jpeg","_links":{"self":[{"href":"https:\/\/portal.pi.gov.br\/seres\/wp-json\/wp\/v2\/posts\/2387"}],"collection":[{"href":"https:\/\/portal.pi.gov.br\/seres\/wp-json\/wp\/v2\/posts"}],"about":[{"href":"https:\/\/portal.pi.gov.br\/seres\/wp-json\/wp\/v2\/types\/post"}],"author":[{"embeddable":true,"href":"https:\/\/portal.pi.gov.br\/seres\/wp-json\/wp\/v2\/users\/1748"}],"replies":[{"embeddable":true,"href":"https:\/\/portal.pi.gov.br\/seres\/wp-json\/wp\/v2\/comments?post=2387"}],"version-history":[{"count":1,"href":"https:\/\/portal.pi.gov.br\/seres\/wp-json\/wp\/v2\/posts\/2387\/revisions"}],"predecessor-version":[{"id":2392,"href":"https:\/\/portal.pi.gov.br\/seres\/wp-json\/wp\/v2\/posts\/2387\/revisions\/2392"}],"wp:featuredmedia":[{"embeddable":true,"href":"https:\/\/portal.pi.gov.br\/seres\/wp-json\/wp\/v2\/media\/2390"}],"wp:attachment":[{"href":"https:\/\/portal.pi.gov.br\/seres\/wp-json\/wp\/v2\/media?parent=2387"}],"wp:term":[{"taxonomy":"category","embeddable":true,"href":"https:\/\/portal.pi.gov.br\/seres\/wp-json\/wp\/v2\/categories?post=2387"},{"taxonomy":"post_tag","embeddable":true,"href":"https:\/\/portal.pi.gov.br\/seres\/wp-json\/wp\/v2\/tags?post=2387"}],"curies":[{"name":"wp","href":"https:\/\/api.w.org\/{rel}","templated":true}]}}