{"id":2393,"date":"2024-06-14T07:54:57","date_gmt":"2024-06-14T10:54:57","guid":{"rendered":"https:\/\/portal.pi.gov.br\/seres\/?p=2393"},"modified":"2024-06-18T07:55:09","modified_gmt":"2024-06-18T10:55:09","slug":"secretaria-nubia-lopes-acompanha-as-obras-executadas-pelo-opa-em-parnaiba","status":"publish","type":"post","link":"https:\/\/portal.pi.gov.br\/seres\/2024\/06\/14\/secretaria-nubia-lopes-acompanha-as-obras-executadas-pelo-opa-em-parnaiba\/","title":{"rendered":"Secret\u00e1ria N\u00fabia Lopes acompanha as obras executadas pelo OPA em Parna\u00edba"},"content":{"rendered":"\n<p>Os secret\u00e1rios de Governo, Marcelo Nolleto; do Planejamento, Washington Bonfim; e das Rela\u00e7\u00f5es Sociais, N\u00fabia Lopes, acompanharam, nessa sexta-feira (14), em Parna\u00edba, obras executadas por meio do Or\u00e7amento Participativo Anual (OPA). Os gestores visitaram ainda pontos de atendimento do programa.<\/p>\n\n\n<div class=\"wp-block-image\">\n<figure class=\"aligncenter size-large is-resized\"><img decoding=\"async\" loading=\"lazy\" src=\"https:\/\/portal.pi.gov.br\/seres\/wp-content\/uploads\/sites\/87\/2024\/06\/WhatsApp-Image-2024-06-14-at-20.23.24-1024x768.jpeg\" alt=\"\" class=\"wp-image-2395\" width=\"541\" height=\"406\" srcset=\"https:\/\/portal.pi.gov.br\/seres\/wp-content\/uploads\/sites\/87\/2024\/06\/WhatsApp-Image-2024-06-14-at-20.23.24-1024x768.jpeg 1024w, https:\/\/portal.pi.gov.br\/seres\/wp-content\/uploads\/sites\/87\/2024\/06\/WhatsApp-Image-2024-06-14-at-20.23.24-300x225.jpeg 300w, https:\/\/portal.pi.gov.br\/seres\/wp-content\/uploads\/sites\/87\/2024\/06\/WhatsApp-Image-2024-06-14-at-20.23.24-768x576.jpeg 768w, https:\/\/portal.pi.gov.br\/seres\/wp-content\/uploads\/sites\/87\/2024\/06\/WhatsApp-Image-2024-06-14-at-20.23.24-420x315.jpeg 420w, https:\/\/portal.pi.gov.br\/seres\/wp-content\/uploads\/sites\/87\/2024\/06\/WhatsApp-Image-2024-06-14-at-20.23.24-540x405.jpeg 540w, https:\/\/portal.pi.gov.br\/seres\/wp-content\/uploads\/sites\/87\/2024\/06\/WhatsApp-Image-2024-06-14-at-20.23.24-780x585.jpeg 780w, https:\/\/portal.pi.gov.br\/seres\/wp-content\/uploads\/sites\/87\/2024\/06\/WhatsApp-Image-2024-06-14-at-20.23.24-1536x1152.jpeg 1536w, https:\/\/portal.pi.gov.br\/seres\/wp-content\/uploads\/sites\/87\/2024\/06\/WhatsApp-Image-2024-06-14-at-20.23.24-947x710.jpeg 947w, https:\/\/portal.pi.gov.br\/seres\/wp-content\/uploads\/sites\/87\/2024\/06\/WhatsApp-Image-2024-06-14-at-20.23.24-624x468.jpeg 624w, https:\/\/portal.pi.gov.br\/seres\/wp-content\/uploads\/sites\/87\/2024\/06\/WhatsApp-Image-2024-06-14-at-20.23.24.jpeg 1600w\" sizes=\"(max-width: 541px) 100vw, 541px\" \/><\/figure><\/div>\n\n\n<p>Os secret\u00e1rios visitaram o ponto de atendimento do OPA no Mercado da Caramuru. \u201cNeste programa, quem diz onde o or\u00e7amento ser\u00e1 investido diretamente \u00e9 o povo\u201d, declarou o secret\u00e1rio de Governo, Marcelo Nolleto, observando que, neste ano, o Governo do Estado destina mais R$ 10 milh\u00f5es para Parna\u00edba via Or\u00e7amento Participativo.<\/p>\n\n\n\n<p>Pelo segundo ano consecutivo, Parna\u00edba foi contemplada com o programa de participa\u00e7\u00e3o popular, em que a popula\u00e7\u00e3o decide que obras ser\u00e3o executadas. No ano passado, de 85 propostas cadastradas pelas entidades em Parna\u00edba, 21 foram escolhidas, algumas j\u00e1 entregues e outras em fase de finaliza\u00e7\u00e3o.<\/p>\n\n\n<div class=\"wp-block-image\">\n<figure class=\"aligncenter size-full is-resized\"><img decoding=\"async\" loading=\"lazy\" src=\"https:\/\/portal.pi.gov.br\/seres\/wp-content\/uploads\/sites\/87\/2024\/06\/WhatsApp-Image-2024-06-14-at-20.23.23.jpeg\" alt=\"\" class=\"wp-image-2396\" width=\"542\" height=\"616\" srcset=\"https:\/\/portal.pi.gov.br\/seres\/wp-content\/uploads\/sites\/87\/2024\/06\/WhatsApp-Image-2024-06-14-at-20.23.23.jpeg 901w, https:\/\/portal.pi.gov.br\/seres\/wp-content\/uploads\/sites\/87\/2024\/06\/WhatsApp-Image-2024-06-14-at-20.23.23-264x300.jpeg 264w, https:\/\/portal.pi.gov.br\/seres\/wp-content\/uploads\/sites\/87\/2024\/06\/WhatsApp-Image-2024-06-14-at-20.23.23-768x874.jpeg 768w, https:\/\/portal.pi.gov.br\/seres\/wp-content\/uploads\/sites\/87\/2024\/06\/WhatsApp-Image-2024-06-14-at-20.23.23-369x420.jpeg 369w, https:\/\/portal.pi.gov.br\/seres\/wp-content\/uploads\/sites\/87\/2024\/06\/WhatsApp-Image-2024-06-14-at-20.23.23-475x540.jpeg 475w, https:\/\/portal.pi.gov.br\/seres\/wp-content\/uploads\/sites\/87\/2024\/06\/WhatsApp-Image-2024-06-14-at-20.23.23-686x780.jpeg 686w, https:\/\/portal.pi.gov.br\/seres\/wp-content\/uploads\/sites\/87\/2024\/06\/WhatsApp-Image-2024-06-14-at-20.23.23-624x710.jpeg 624w\" sizes=\"(max-width: 542px) 100vw, 542px\" \/><\/figure><\/div>\n\n\n<p>\u00c9 o caso da obra de pavimenta\u00e7\u00e3o do bairro Sabiazal, que tamb\u00e9m foi visitada pela equipe do governo. Um investimento de cerca de R$ 350 mil em fase final de execu\u00e7\u00e3o. Em janeiro, a zona rural de Parna\u00edba recebeu \u00a0a implementa\u00e7\u00e3o da Pol\u00edcia Comunit\u00e1ria, beneficiando cerca de 3.500 pessoas. Ruas e avenidas da cidade tamb\u00e9m foram inauguradas dentro do pacote de obras do OPA, que investiu mais de R$ 2 milh\u00f5es em interven\u00e7\u00f5es que incluem reparo da pavimenta\u00e7\u00e3o em paralelep\u00edpedo, pavimenta\u00e7\u00e3o asf\u00e1ltica, constru\u00e7\u00e3o de meio-fio e sinaliza\u00e7\u00e3o de ruas.<\/p>\n\n\n<div class=\"wp-block-image\">\n<figure class=\"aligncenter size-large is-resized\"><img decoding=\"async\" loading=\"lazy\" src=\"https:\/\/portal.pi.gov.br\/seres\/wp-content\/uploads\/sites\/87\/2024\/06\/WhatsApp-Image-2024-06-15-at-16.29.33-1024x768.jpeg\" alt=\"\" class=\"wp-image-2394\" width=\"545\" height=\"409\" srcset=\"https:\/\/portal.pi.gov.br\/seres\/wp-content\/uploads\/sites\/87\/2024\/06\/WhatsApp-Image-2024-06-15-at-16.29.33-1024x768.jpeg 1024w, https:\/\/portal.pi.gov.br\/seres\/wp-content\/uploads\/sites\/87\/2024\/06\/WhatsApp-Image-2024-06-15-at-16.29.33-300x225.jpeg 300w, https:\/\/portal.pi.gov.br\/seres\/wp-content\/uploads\/sites\/87\/2024\/06\/WhatsApp-Image-2024-06-15-at-16.29.33-768x576.jpeg 768w, https:\/\/portal.pi.gov.br\/seres\/wp-content\/uploads\/sites\/87\/2024\/06\/WhatsApp-Image-2024-06-15-at-16.29.33-420x315.jpeg 420w, https:\/\/portal.pi.gov.br\/seres\/wp-content\/uploads\/sites\/87\/2024\/06\/WhatsApp-Image-2024-06-15-at-16.29.33-540x405.jpeg 540w, https:\/\/portal.pi.gov.br\/seres\/wp-content\/uploads\/sites\/87\/2024\/06\/WhatsApp-Image-2024-06-15-at-16.29.33-780x585.jpeg 780w, https:\/\/portal.pi.gov.br\/seres\/wp-content\/uploads\/sites\/87\/2024\/06\/WhatsApp-Image-2024-06-15-at-16.29.33-947x710.jpeg 947w, https:\/\/portal.pi.gov.br\/seres\/wp-content\/uploads\/sites\/87\/2024\/06\/WhatsApp-Image-2024-06-15-at-16.29.33-624x468.jpeg 624w, https:\/\/portal.pi.gov.br\/seres\/wp-content\/uploads\/sites\/87\/2024\/06\/WhatsApp-Image-2024-06-15-at-16.29.33.jpeg 1280w\" sizes=\"(max-width: 545px) 100vw, 545px\" \/><\/figure><\/div>\n\n\n<p><strong>Vota\u00e7\u00e3o<\/strong><\/p>\n\n\n\n<p>A popula\u00e7\u00e3o piauiense poder\u00e1 votar, at\u00e9 a meia noite de segunda-feira ( 17), para eleger a proposta que quer ver executada nas cidades de Teresina, Parna\u00edba, Picos, Piripiri e Floriano. Todo o processo de vota\u00e7\u00e3o ocorre de forma online, por meio do aplicativo Colab, site (<a target=\"_blank\" rel=\"noreferrer noopener\" href=\"https:\/\/www.seplan.pi.gov.br\/\">www.seplan.pi.gov.br<\/a>) &nbsp;ou WhatsApp (86 8130-2765)<\/p>\n\n\n\n<p>Qualquer pessoa com mais de 16 anos e CPF pode escolher uma proposta que deseja ver executada a partir de 2025. Para ajudar nessa fase de mobiliza\u00e7\u00e3o, a equipe t\u00e9cnica da Secretaria do Planejamento (Seplan) disponibilizou &nbsp;vans como \u201ccabines m\u00f3veis\u201d para vota\u00e7\u00e3o, equipadas com rede Wi-Fi, tablets e celulares, al\u00e9m de agentes preparados para tirar d\u00favidas e auxiliar as pessoas na hora de votar<\/p>\n","protected":false},"excerpt":{"rendered":"<p>Os secret\u00e1rios de Governo, Marcelo Nolleto; do Planejamento, Washington Bonfim; e das Rela\u00e7\u00f5es Sociais, N\u00fabia Lopes, acompanharam, nessa sexta-feira (14), em Parna\u00edba, obras executadas por meio do Or\u00e7amento Participativo Anual [&hellip;]<\/p>\n","protected":false},"author":1748,"featured_media":2395,"comment_status":"closed","ping_status":"closed","sticky":false,"template":"","format":"standard","meta":[],"categories":[34],"tags":[62,55,47,41],"featured_image_urls":{"full":["https:\/\/portal.pi.gov.br\/seres\/wp-content\/uploads\/sites\/87\/2024\/06\/WhatsApp-Image-2024-06-14-at-20.23.24.jpeg",1600,1200,false],"thumbnail":["https:\/\/portal.pi.gov.br\/seres\/wp-content\/uploads\/sites\/87\/2024\/06\/WhatsApp-Image-2024-06-14-at-20.23.24-150x150.jpeg",150,150,true],"medium":["https:\/\/portal.pi.gov.br\/seres\/wp-content\/uploads\/sites\/87\/2024\/06\/WhatsApp-Image-2024-06-14-at-20.23.24-300x225.jpeg",300,225,true],"medium_large":["https:\/\/portal.pi.gov.br\/seres\/wp-content\/uploads\/sites\/87\/2024\/06\/WhatsApp-Image-2024-06-14-at-20.23.24-768x576.jpeg",768,576,true],"large":["https:\/\/portal.pi.gov.br\/seres\/wp-content\/uploads\/sites\/87\/2024\/06\/WhatsApp-Image-2024-06-14-at-20.23.24-1024x768.jpeg",887,665,true],"sgg-420":["https:\/\/portal.pi.gov.br\/seres\/wp-content\/uploads\/sites\/87\/2024\/06\/WhatsApp-Image-2024-06-14-at-20.23.24-420x315.jpeg",420,315,true],"sgg-540":["https:\/\/portal.pi.gov.br\/seres\/wp-content\/uploads\/sites\/87\/2024\/06\/WhatsApp-Image-2024-06-14-at-20.23.24-540x405.jpeg",540,405,true],"sgg-780":["https:\/\/portal.pi.gov.br\/seres\/wp-content\/uploads\/sites\/87\/2024\/06\/WhatsApp-Image-2024-06-14-at-20.23.24-780x585.jpeg",780,585,true],"1536x1536":["https:\/\/portal.pi.gov.br\/seres\/wp-content\/uploads\/sites\/87\/2024\/06\/WhatsApp-Image-2024-06-14-at-20.23.24-1536x1152.jpeg",1536,1152,true],"2048x2048":["https:\/\/portal.pi.gov.br\/seres\/wp-content\/uploads\/sites\/87\/2024\/06\/WhatsApp-Image-2024-06-14-at-20.23.24.jpeg",1600,1200,false],"homepage-slider":["https:\/\/portal.pi.gov.br\/seres\/wp-content\/uploads\/sites\/87\/2024\/06\/WhatsApp-Image-2024-06-14-at-20.23.24-1270x500.jpeg",1270,500,true],"homepage-slider-small":["https:\/\/portal.pi.gov.br\/seres\/wp-content\/uploads\/sites\/87\/2024\/06\/WhatsApp-Image-2024-06-14-at-20.23.24-947x500.jpeg",947,500,true],"page-top":["https:\/\/portal.pi.gov.br\/seres\/wp-content\/uploads\/sites\/87\/2024\/06\/WhatsApp-Image-2024-06-14-at-20.23.24-947x710.jpeg",947,710,true],"page-small":["https:\/\/portal.pi.gov.br\/seres\/wp-content\/uploads\/sites\/87\/2024\/06\/WhatsApp-Image-2024-06-14-at-20.23.24-624x468.jpeg",624,468,true],"loop-main":["https:\/\/portal.pi.gov.br\/seres\/wp-content\/uploads\/sites\/87\/2024\/06\/WhatsApp-Image-2024-06-14-at-20.23.24-365x240.jpeg",365,240,true],"thumb-gallery-widget":["https:\/\/portal.pi.gov.br\/seres\/wp-content\/uploads\/sites\/87\/2024\/06\/WhatsApp-Image-2024-06-14-at-20.23.24-84x56.jpeg",84,56,true]},"post_excerpt_stackable":"<p>Os secret\u00e1rios de Governo, Marcelo Nolleto; do Planejamento, Washington Bonfim; e das Rela\u00e7\u00f5es Sociais, N\u00fabia Lopes, acompanharam, nessa sexta-feira (14), em Parna\u00edba, obras executadas por meio do Or\u00e7amento Participativo Anual (OPA). Os gestores visitaram ainda pontos de atendimento do programa. Os secret\u00e1rios visitaram o ponto de atendimento do OPA no Mercado da Caramuru. \u201cNeste programa, quem diz onde o or\u00e7amento ser\u00e1 investido diretamente \u00e9 o povo\u201d, declarou o secret\u00e1rio de Governo, Marcelo Nolleto, observando que, neste ano, o Governo do Estado destina mais R$ 10 milh\u00f5es para Parna\u00edba via Or\u00e7amento Participativo. Pelo segundo ano consecutivo, Parna\u00edba foi contemplada com o&hellip;<\/p>\n","category_list":"<a href=\"https:\/\/portal.pi.gov.br\/seres\/category\/noticias\/\" rel=\"category tag\">Not\u00edcias<\/a>","author_info":{"name":"natalina","url":"https:\/\/portal.pi.gov.br\/seres\/author\/natalina\/"},"comments_num":"0 coment\u00e1rio","featured_image_urls_v2":{"full":["https:\/\/portal.pi.gov.br\/seres\/wp-content\/uploads\/sites\/87\/2024\/06\/WhatsApp-Image-2024-06-14-at-20.23.24.jpeg",1600,1200,false],"thumbnail":["https:\/\/portal.pi.gov.br\/seres\/wp-content\/uploads\/sites\/87\/2024\/06\/WhatsApp-Image-2024-06-14-at-20.23.24-150x150.jpeg",150,150,true],"medium":["https:\/\/portal.pi.gov.br\/seres\/wp-content\/uploads\/sites\/87\/2024\/06\/WhatsApp-Image-2024-06-14-at-20.23.24-300x225.jpeg",300,225,true],"medium_large":["https:\/\/portal.pi.gov.br\/seres\/wp-content\/uploads\/sites\/87\/2024\/06\/WhatsApp-Image-2024-06-14-at-20.23.24-768x576.jpeg",768,576,true],"large":["https:\/\/portal.pi.gov.br\/seres\/wp-content\/uploads\/sites\/87\/2024\/06\/WhatsApp-Image-2024-06-14-at-20.23.24-1024x768.jpeg",887,665,true],"sgg-420":["https:\/\/portal.pi.gov.br\/seres\/wp-content\/uploads\/sites\/87\/2024\/06\/WhatsApp-Image-2024-06-14-at-20.23.24-420x315.jpeg",420,315,true],"sgg-540":["https:\/\/portal.pi.gov.br\/seres\/wp-content\/uploads\/sites\/87\/2024\/06\/WhatsApp-Image-2024-06-14-at-20.23.24-540x405.jpeg",540,405,true],"sgg-780":["https:\/\/portal.pi.gov.br\/seres\/wp-content\/uploads\/sites\/87\/2024\/06\/WhatsApp-Image-2024-06-14-at-20.23.24-780x585.jpeg",780,585,true],"1536x1536":["https:\/\/portal.pi.gov.br\/seres\/wp-content\/uploads\/sites\/87\/2024\/06\/WhatsApp-Image-2024-06-14-at-20.23.24-1536x1152.jpeg",1536,1152,true],"2048x2048":["https:\/\/portal.pi.gov.br\/seres\/wp-content\/uploads\/sites\/87\/2024\/06\/WhatsApp-Image-2024-06-14-at-20.23.24.jpeg",1600,1200,false],"homepage-slider":["https:\/\/portal.pi.gov.br\/seres\/wp-content\/uploads\/sites\/87\/2024\/06\/WhatsApp-Image-2024-06-14-at-20.23.24-1270x500.jpeg",1270,500,true],"homepage-slider-small":["https:\/\/portal.pi.gov.br\/seres\/wp-content\/uploads\/sites\/87\/2024\/06\/WhatsApp-Image-2024-06-14-at-20.23.24-947x500.jpeg",947,500,true],"page-top":["https:\/\/portal.pi.gov.br\/seres\/wp-content\/uploads\/sites\/87\/2024\/06\/WhatsApp-Image-2024-06-14-at-20.23.24-947x710.jpeg",947,710,true],"page-small":["https:\/\/portal.pi.gov.br\/seres\/wp-content\/uploads\/sites\/87\/2024\/06\/WhatsApp-Image-2024-06-14-at-20.23.24-624x468.jpeg",624,468,true],"loop-main":["https:\/\/portal.pi.gov.br\/seres\/wp-content\/uploads\/sites\/87\/2024\/06\/WhatsApp-Image-2024-06-14-at-20.23.24-365x240.jpeg",365,240,true],"thumb-gallery-widget":["https:\/\/portal.pi.gov.br\/seres\/wp-content\/uploads\/sites\/87\/2024\/06\/WhatsApp-Image-2024-06-14-at-20.23.24-84x56.jpeg",84,56,true]},"post_excerpt_stackable_v2":"<p>Os secret\u00e1rios de Governo, Marcelo Nolleto; do Planejamento, Washington Bonfim; e das Rela\u00e7\u00f5es Sociais, N\u00fabia Lopes, acompanharam, nessa sexta-feira (14), em Parna\u00edba, obras executadas por meio do Or\u00e7amento Participativo Anual (OPA). Os gestores visitaram ainda pontos de atendimento do programa. Os secret\u00e1rios visitaram o ponto de atendimento do OPA no Mercado da Caramuru. \u201cNeste programa, quem diz onde o or\u00e7amento ser\u00e1 investido diretamente \u00e9 o povo\u201d, declarou o secret\u00e1rio de Governo, Marcelo Nolleto, observando que, neste ano, o Governo do Estado destina mais R$ 10 milh\u00f5es para Parna\u00edba via Or\u00e7amento Participativo. Pelo segundo ano consecutivo, Parna\u00edba foi contemplada com o&hellip;<\/p>\n","category_list_v2":"<a href=\"https:\/\/portal.pi.gov.br\/seres\/category\/noticias\/\" rel=\"category tag\">Not\u00edcias<\/a>","author_info_v2":{"name":"natalina","url":"https:\/\/portal.pi.gov.br\/seres\/author\/natalina\/"},"comments_num_v2":"0 coment\u00e1rio","jetpack_featured_media_url":"https:\/\/portal.pi.gov.br\/seres\/wp-content\/uploads\/sites\/87\/2024\/06\/WhatsApp-Image-2024-06-14-at-20.23.24.jpeg","_links":{"self":[{"href":"https:\/\/portal.pi.gov.br\/seres\/wp-json\/wp\/v2\/posts\/2393"}],"collection":[{"href":"https:\/\/portal.pi.gov.br\/seres\/wp-json\/wp\/v2\/posts"}],"about":[{"href":"https:\/\/portal.pi.gov.br\/seres\/wp-json\/wp\/v2\/types\/post"}],"author":[{"embeddable":true,"href":"https:\/\/portal.pi.gov.br\/seres\/wp-json\/wp\/v2\/users\/1748"}],"replies":[{"embeddable":true,"href":"https:\/\/portal.pi.gov.br\/seres\/wp-json\/wp\/v2\/comments?post=2393"}],"version-history":[{"count":1,"href":"https:\/\/portal.pi.gov.br\/seres\/wp-json\/wp\/v2\/posts\/2393\/revisions"}],"predecessor-version":[{"id":2397,"href":"https:\/\/portal.pi.gov.br\/seres\/wp-json\/wp\/v2\/posts\/2393\/revisions\/2397"}],"wp:featuredmedia":[{"embeddable":true,"href":"https:\/\/portal.pi.gov.br\/seres\/wp-json\/wp\/v2\/media\/2395"}],"wp:attachment":[{"href":"https:\/\/portal.pi.gov.br\/seres\/wp-json\/wp\/v2\/media?parent=2393"}],"wp:term":[{"taxonomy":"category","embeddable":true,"href":"https:\/\/portal.pi.gov.br\/seres\/wp-json\/wp\/v2\/categories?post=2393"},{"taxonomy":"post_tag","embeddable":true,"href":"https:\/\/portal.pi.gov.br\/seres\/wp-json\/wp\/v2\/tags?post=2393"}],"curies":[{"name":"wp","href":"https:\/\/api.w.org\/{rel}","templated":true}]}}