{"id":2403,"date":"2024-06-20T15:02:12","date_gmt":"2024-06-20T18:02:12","guid":{"rendered":"https:\/\/portal.pi.gov.br\/seres\/?p=2403"},"modified":"2024-06-25T08:43:01","modified_gmt":"2024-06-25T11:43:01","slug":"caravana-federativa-inicia-hoje-em-teresina","status":"publish","type":"post","link":"https:\/\/portal.pi.gov.br\/seres\/2024\/06\/20\/caravana-federativa-inicia-hoje-em-teresina\/","title":{"rendered":"Caravana Federativa no Piau\u00ed"},"content":{"rendered":"\n<p>A secret\u00e1ria de Estado das Rela\u00e7\u00f5es Sociais, N\u00fabia Lopes, fez parte da composi\u00e7\u00e3o do dispositivo de honra na cerim\u00f4nia de abertura da Caravana Federativa. O evento, que percorre todo o Brasil com a presen\u00e7a de gestores e servi\u00e7os de mais de 40 \u00f3rg\u00e3os federais, vai facilitar a libera\u00e7\u00e3o de recursos federais \u00e0 estados e munic\u00edpios, permitindo a resolu\u00e7\u00e3o de pend\u00eancias burocr\u00e1ticas entre o governo federal e gestores p\u00fablicos locais. A Caravana iniciou na manh\u00e3 desta quinta-feira (20), no Centro de Conven\u00e7\u00f5es, com o governador Rafael Fonteles e o Ministro do Desenvolvimento e Assist\u00eancia Social, Fam\u00edlia e Combate \u00e0 Fome &#8211; MDS, Wellington Dias e segue at\u00e9 esta sexta-feira (21), com a presen\u00e7a do presidente Lula.<\/p>\n\n\n<div class=\"wp-block-image\">\n<figure class=\"aligncenter size-large is-resized\"><img decoding=\"async\" loading=\"lazy\" src=\"https:\/\/portal.pi.gov.br\/seres\/wp-content\/uploads\/sites\/87\/2024\/06\/WhatsApp-Image-2024-06-20-at-11.10.37-1024x768.jpeg\" alt=\"\" class=\"wp-image-2404\" width=\"552\" height=\"414\" srcset=\"https:\/\/portal.pi.gov.br\/seres\/wp-content\/uploads\/sites\/87\/2024\/06\/WhatsApp-Image-2024-06-20-at-11.10.37-1024x768.jpeg 1024w, https:\/\/portal.pi.gov.br\/seres\/wp-content\/uploads\/sites\/87\/2024\/06\/WhatsApp-Image-2024-06-20-at-11.10.37-300x225.jpeg 300w, https:\/\/portal.pi.gov.br\/seres\/wp-content\/uploads\/sites\/87\/2024\/06\/WhatsApp-Image-2024-06-20-at-11.10.37-768x576.jpeg 768w, https:\/\/portal.pi.gov.br\/seres\/wp-content\/uploads\/sites\/87\/2024\/06\/WhatsApp-Image-2024-06-20-at-11.10.37-420x315.jpeg 420w, https:\/\/portal.pi.gov.br\/seres\/wp-content\/uploads\/sites\/87\/2024\/06\/WhatsApp-Image-2024-06-20-at-11.10.37-540x405.jpeg 540w, https:\/\/portal.pi.gov.br\/seres\/wp-content\/uploads\/sites\/87\/2024\/06\/WhatsApp-Image-2024-06-20-at-11.10.37-780x585.jpeg 780w, https:\/\/portal.pi.gov.br\/seres\/wp-content\/uploads\/sites\/87\/2024\/06\/WhatsApp-Image-2024-06-20-at-11.10.37-1536x1152.jpeg 1536w, https:\/\/portal.pi.gov.br\/seres\/wp-content\/uploads\/sites\/87\/2024\/06\/WhatsApp-Image-2024-06-20-at-11.10.37-2048x1536.jpeg 2048w, https:\/\/portal.pi.gov.br\/seres\/wp-content\/uploads\/sites\/87\/2024\/06\/WhatsApp-Image-2024-06-20-at-11.10.37-947x710.jpeg 947w, https:\/\/portal.pi.gov.br\/seres\/wp-content\/uploads\/sites\/87\/2024\/06\/WhatsApp-Image-2024-06-20-at-11.10.37-624x468.jpeg 624w\" sizes=\"(max-width: 552px) 100vw, 552px\" \/><\/figure><\/div>\n\n\n<p>\u201cA ideia \u00e9 possibilitar que pend\u00eancias, que ainda existem na celebra\u00e7\u00e3o de alguns conv\u00eanios, sejam resolvidas mais rapidamente\u201d, afirmou o governador Rafael Fonteles durante a coletiva de imprensa na abertura do evento. O governador frisou tamb\u00e9m que a Caravana simboliza a retomada da aproxima\u00e7\u00e3o entre o governo federal e os entes federativos. \u201cAl\u00e9m de ser efetiva na resolu\u00e7\u00e3o de v\u00e1rias quest\u00f5es, a Caravana Federativa simboliza muito esse perfil do governo do presidente Lula de dar as m\u00e3os aos entes subnacionais, estados e munic\u00edpios, para que os recursos cheguem na ponta e melhorem a vida das pessoas nas mais diversas \u00e1reas\u201d, destacou o gestor.<\/p>\n\n\n<div class=\"wp-block-image\">\n<figure class=\"aligncenter size-large is-resized\"><img decoding=\"async\" loading=\"lazy\" src=\"https:\/\/portal.pi.gov.br\/seres\/wp-content\/uploads\/sites\/87\/2024\/06\/WhatsApp-Image-2024-06-20-at-14.28.24-1024x744.jpeg\" alt=\"\" class=\"wp-image-2407\" width=\"558\" height=\"405\" srcset=\"https:\/\/portal.pi.gov.br\/seres\/wp-content\/uploads\/sites\/87\/2024\/06\/WhatsApp-Image-2024-06-20-at-14.28.24-1024x744.jpeg 1024w, https:\/\/portal.pi.gov.br\/seres\/wp-content\/uploads\/sites\/87\/2024\/06\/WhatsApp-Image-2024-06-20-at-14.28.24-300x218.jpeg 300w, https:\/\/portal.pi.gov.br\/seres\/wp-content\/uploads\/sites\/87\/2024\/06\/WhatsApp-Image-2024-06-20-at-14.28.24-768x558.jpeg 768w, https:\/\/portal.pi.gov.br\/seres\/wp-content\/uploads\/sites\/87\/2024\/06\/WhatsApp-Image-2024-06-20-at-14.28.24-420x305.jpeg 420w, https:\/\/portal.pi.gov.br\/seres\/wp-content\/uploads\/sites\/87\/2024\/06\/WhatsApp-Image-2024-06-20-at-14.28.24-540x392.jpeg 540w, https:\/\/portal.pi.gov.br\/seres\/wp-content\/uploads\/sites\/87\/2024\/06\/WhatsApp-Image-2024-06-20-at-14.28.24-780x566.jpeg 780w, https:\/\/portal.pi.gov.br\/seres\/wp-content\/uploads\/sites\/87\/2024\/06\/WhatsApp-Image-2024-06-20-at-14.28.24-1536x1116.jpeg 1536w, https:\/\/portal.pi.gov.br\/seres\/wp-content\/uploads\/sites\/87\/2024\/06\/WhatsApp-Image-2024-06-20-at-14.28.24-947x688.jpeg 947w, https:\/\/portal.pi.gov.br\/seres\/wp-content\/uploads\/sites\/87\/2024\/06\/WhatsApp-Image-2024-06-20-at-14.28.24-624x453.jpeg 624w, https:\/\/portal.pi.gov.br\/seres\/wp-content\/uploads\/sites\/87\/2024\/06\/WhatsApp-Image-2024-06-20-at-14.28.24.jpeg 1600w\" sizes=\"(max-width: 558px) 100vw, 558px\" \/><\/figure><\/div>\n\n\n<p>O ministro Wellington Dias explicou que a caravana vai ajudar a reduzir problemas burocr\u00e1ticos entre a gest\u00e3o federal e estados e munic\u00edpios. \u201cTem conv\u00eanio dos munic\u00edpios que precisam de solu\u00e7\u00e3o. Ao inv\u00e9s do prefeito sair do seu munic\u00edpio no Piau\u00ed e ir para Bras\u00edlia, Bras\u00edlia vem aqui, por meio do governo federal, ao estado do Piau\u00ed e, aqui mesmo, as equipes apresentam condi\u00e7\u00f5es de dar solu\u00e7\u00e3o\u201d, explicou.<\/p>\n\n\n<div class=\"wp-block-image\">\n<figure class=\"aligncenter size-large is-resized\"><img decoding=\"async\" loading=\"lazy\" src=\"https:\/\/portal.pi.gov.br\/seres\/wp-content\/uploads\/sites\/87\/2024\/06\/WhatsApp-Image-2024-06-20-at-14.28.24-1-1024x683.jpeg\" alt=\"\" class=\"wp-image-2405\" width=\"559\" height=\"373\" srcset=\"https:\/\/portal.pi.gov.br\/seres\/wp-content\/uploads\/sites\/87\/2024\/06\/WhatsApp-Image-2024-06-20-at-14.28.24-1-1024x683.jpeg 1024w, https:\/\/portal.pi.gov.br\/seres\/wp-content\/uploads\/sites\/87\/2024\/06\/WhatsApp-Image-2024-06-20-at-14.28.24-1-300x200.jpeg 300w, https:\/\/portal.pi.gov.br\/seres\/wp-content\/uploads\/sites\/87\/2024\/06\/WhatsApp-Image-2024-06-20-at-14.28.24-1-768x512.jpeg 768w, https:\/\/portal.pi.gov.br\/seres\/wp-content\/uploads\/sites\/87\/2024\/06\/WhatsApp-Image-2024-06-20-at-14.28.24-1-420x280.jpeg 420w, https:\/\/portal.pi.gov.br\/seres\/wp-content\/uploads\/sites\/87\/2024\/06\/WhatsApp-Image-2024-06-20-at-14.28.24-1-540x360.jpeg 540w, https:\/\/portal.pi.gov.br\/seres\/wp-content\/uploads\/sites\/87\/2024\/06\/WhatsApp-Image-2024-06-20-at-14.28.24-1-780x520.jpeg 780w, https:\/\/portal.pi.gov.br\/seres\/wp-content\/uploads\/sites\/87\/2024\/06\/WhatsApp-Image-2024-06-20-at-14.28.24-1-947x631.jpeg 947w, https:\/\/portal.pi.gov.br\/seres\/wp-content\/uploads\/sites\/87\/2024\/06\/WhatsApp-Image-2024-06-20-at-14.28.24-1-624x416.jpeg 624w, https:\/\/portal.pi.gov.br\/seres\/wp-content\/uploads\/sites\/87\/2024\/06\/WhatsApp-Image-2024-06-20-at-14.28.24-1-84x56.jpeg 84w, https:\/\/portal.pi.gov.br\/seres\/wp-content\/uploads\/sites\/87\/2024\/06\/WhatsApp-Image-2024-06-20-at-14.28.24-1.jpeg 1440w\" sizes=\"(max-width: 559px) 100vw, 559px\" \/><\/figure><\/div>\n\n\n<p>O presidente da Associa\u00e7\u00e3o Piauiense de Munic\u00edpios (APPM), Toninho da Caridade, estima que 200 gestores municipais participam do evento. Ele celebrou a caravana ter vindo ao Piau\u00ed porque vai destravar burocracias que dificultam a libera\u00e7\u00e3o de recursos. \u201c\u00c9 importante para os prefeitos e permitir\u00e1 a gente buscar recursos de forma mais r\u00e1pida e f\u00e1cil. Tamb\u00e9m \u00e9 \u00fatil para tratar de algumas burocracias e simplificar algumas plataformas do governo federal\u201d, comentou o gestor.<\/p>\n\n\n<div class=\"wp-block-image\">\n<figure class=\"aligncenter size-large is-resized\"><img decoding=\"async\" loading=\"lazy\" src=\"https:\/\/portal.pi.gov.br\/seres\/wp-content\/uploads\/sites\/87\/2024\/06\/WhatsApp-Image-2024-06-20-at-14.28.23-1024x770.jpeg\" alt=\"\" class=\"wp-image-2406\" width=\"559\" height=\"420\" srcset=\"https:\/\/portal.pi.gov.br\/seres\/wp-content\/uploads\/sites\/87\/2024\/06\/WhatsApp-Image-2024-06-20-at-14.28.23-1024x770.jpeg 1024w, https:\/\/portal.pi.gov.br\/seres\/wp-content\/uploads\/sites\/87\/2024\/06\/WhatsApp-Image-2024-06-20-at-14.28.23-300x226.jpeg 300w, https:\/\/portal.pi.gov.br\/seres\/wp-content\/uploads\/sites\/87\/2024\/06\/WhatsApp-Image-2024-06-20-at-14.28.23-768x577.jpeg 768w, https:\/\/portal.pi.gov.br\/seres\/wp-content\/uploads\/sites\/87\/2024\/06\/WhatsApp-Image-2024-06-20-at-14.28.23-420x316.jpeg 420w, https:\/\/portal.pi.gov.br\/seres\/wp-content\/uploads\/sites\/87\/2024\/06\/WhatsApp-Image-2024-06-20-at-14.28.23-540x406.jpeg 540w, https:\/\/portal.pi.gov.br\/seres\/wp-content\/uploads\/sites\/87\/2024\/06\/WhatsApp-Image-2024-06-20-at-14.28.23-780x586.jpeg 780w, https:\/\/portal.pi.gov.br\/seres\/wp-content\/uploads\/sites\/87\/2024\/06\/WhatsApp-Image-2024-06-20-at-14.28.23-1536x1155.jpeg 1536w, https:\/\/portal.pi.gov.br\/seres\/wp-content\/uploads\/sites\/87\/2024\/06\/WhatsApp-Image-2024-06-20-at-14.28.23-947x712.jpeg 947w, https:\/\/portal.pi.gov.br\/seres\/wp-content\/uploads\/sites\/87\/2024\/06\/WhatsApp-Image-2024-06-20-at-14.28.23-624x469.jpeg 624w, https:\/\/portal.pi.gov.br\/seres\/wp-content\/uploads\/sites\/87\/2024\/06\/WhatsApp-Image-2024-06-20-at-14.28.23.jpeg 1600w\" sizes=\"(max-width: 559px) 100vw, 559px\" \/><\/figure><\/div>\n\n\n<p>Caravana Federativa j\u00e1 percorreu nove estados<\/p>\n\n\n\n<p>A Caravana Federativa \u00e9 uma a\u00e7\u00e3o itinerante voltada para gestores estaduais e municipais e conta com a participa\u00e7\u00e3o de minist\u00e9rios, autarquias, bancos e diversas empresas p\u00fablicas. Ela j\u00e1 passou por nove estados brasileiros: Bahia, Rio de Janeiro, Rio Grande do Sul, Tocantins, Maranh\u00e3o, Cear\u00e1, Para\u00edba, Pernambuco e Amap\u00e1. No total, participaram 1.510 munic\u00edpios ao longo das nove edi\u00e7\u00f5es, com um total de 24.603 atendimentos realizados pelo governo federal.<\/p>\n\n\n\n<p>O evento visa promover a articula\u00e7\u00e3o entre as esferas de governo, com o objetivo de discutir programas, pol\u00edticas e servi\u00e7os p\u00fablicos. O p\u00fablico-alvo s\u00e3o prefeitos e seus vices; secret\u00e1rios estaduais e municipais; gerentes municipais de conv\u00eanios; vereadores; presidentes de C\u00e2maras Municipais; presidentes de cons\u00f3rcios e federa\u00e7\u00f5es municipais e estaduais; e gestores de contratos.<\/p>\n\n\n\n<p>Durante a a\u00e7\u00e3o, os participantes da Caravana Federativa ter\u00e3o atendimento personalizado para esclarecer d\u00favidas, solucionar pend\u00eancias, buscar apoio e identificar maneiras de melhorar os servi\u00e7os oferecidos nos munic\u00edpios. O evento ainda permite a troca de experi\u00eancias e melhores pr\u00e1ticas entre os entes federativos.<\/p>\n\n\n\n<p>Com a presen\u00e7a confirmada de 34 minist\u00e9rios, os atendimentos ao longo dos dois dias ir\u00e3o englobar todas as \u00e1reas, incluindo discuss\u00f5es sobre o Sistema \u00danico de Sa\u00fade (SUS), conv\u00eanios, programas federais do Fundo Nacional de Desenvolvimento da Educa\u00e7\u00e3o (FNDE) e do Minist\u00e9rio do Desenvolvimento e Assist\u00eancia Social, Fam\u00edlia e Combate \u00e0 Fome (MDS), dentre outros servi\u00e7os.<\/p>\n\n\n\n<p>A Caravana Federativa \u00e9 uma realiza\u00e7\u00e3o do governo federal, em parceria com o Governo do Piau\u00ed e a Associa\u00e7\u00e3o Piauiense de Munic\u00edpios (APPM), com o patroc\u00ednio do Banco do Nordeste, Caixa Econ\u00f4mica Federal e Banco do Brasil. Conta ainda com o apoio do Sebrae-PI e da Assembleia Legislativa do Piau\u00ed (Alepi).<\/p>\n","protected":false},"excerpt":{"rendered":"<p>A secret\u00e1ria de Estado das Rela\u00e7\u00f5es Sociais, N\u00fabia Lopes, fez parte da composi\u00e7\u00e3o do dispositivo de honra na cerim\u00f4nia de abertura da Caravana Federativa. O evento, que percorre todo o [&hellip;]<\/p>\n","protected":false},"author":1748,"featured_media":2407,"comment_status":"closed","ping_status":"closed","sticky":false,"template":"","format":"standard","meta":[],"categories":[34],"tags":[47,41],"featured_image_urls":{"full":["https:\/\/portal.pi.gov.br\/seres\/wp-content\/uploads\/sites\/87\/2024\/06\/WhatsApp-Image-2024-06-20-at-14.28.24.jpeg",1600,1162,false],"thumbnail":["https:\/\/portal.pi.gov.br\/seres\/wp-content\/uploads\/sites\/87\/2024\/06\/WhatsApp-Image-2024-06-20-at-14.28.24-150x150.jpeg",150,150,true],"medium":["https:\/\/portal.pi.gov.br\/seres\/wp-content\/uploads\/sites\/87\/2024\/06\/WhatsApp-Image-2024-06-20-at-14.28.24-300x218.jpeg",300,218,true],"medium_large":["https:\/\/portal.pi.gov.br\/seres\/wp-content\/uploads\/sites\/87\/2024\/06\/WhatsApp-Image-2024-06-20-at-14.28.24-768x558.jpeg",768,558,true],"large":["https:\/\/portal.pi.gov.br\/seres\/wp-content\/uploads\/sites\/87\/2024\/06\/WhatsApp-Image-2024-06-20-at-14.28.24-1024x744.jpeg",887,644,true],"sgg-420":["https:\/\/portal.pi.gov.br\/seres\/wp-content\/uploads\/sites\/87\/2024\/06\/WhatsApp-Image-2024-06-20-at-14.28.24-420x305.jpeg",420,305,true],"sgg-540":["https:\/\/portal.pi.gov.br\/seres\/wp-content\/uploads\/sites\/87\/2024\/06\/WhatsApp-Image-2024-06-20-at-14.28.24-540x392.jpeg",540,392,true],"sgg-780":["https:\/\/portal.pi.gov.br\/seres\/wp-content\/uploads\/sites\/87\/2024\/06\/WhatsApp-Image-2024-06-20-at-14.28.24-780x566.jpeg",780,566,true],"1536x1536":["https:\/\/portal.pi.gov.br\/seres\/wp-content\/uploads\/sites\/87\/2024\/06\/WhatsApp-Image-2024-06-20-at-14.28.24-1536x1116.jpeg",1536,1116,true],"2048x2048":["https:\/\/portal.pi.gov.br\/seres\/wp-content\/uploads\/sites\/87\/2024\/06\/WhatsApp-Image-2024-06-20-at-14.28.24.jpeg",1600,1162,false],"homepage-slider":["https:\/\/portal.pi.gov.br\/seres\/wp-content\/uploads\/sites\/87\/2024\/06\/WhatsApp-Image-2024-06-20-at-14.28.24-1270x500.jpeg",1270,500,true],"homepage-slider-small":["https:\/\/portal.pi.gov.br\/seres\/wp-content\/uploads\/sites\/87\/2024\/06\/WhatsApp-Image-2024-06-20-at-14.28.24-947x500.jpeg",947,500,true],"page-top":["https:\/\/portal.pi.gov.br\/seres\/wp-content\/uploads\/sites\/87\/2024\/06\/WhatsApp-Image-2024-06-20-at-14.28.24-947x688.jpeg",947,688,true],"page-small":["https:\/\/portal.pi.gov.br\/seres\/wp-content\/uploads\/sites\/87\/2024\/06\/WhatsApp-Image-2024-06-20-at-14.28.24-624x453.jpeg",624,453,true],"loop-main":["https:\/\/portal.pi.gov.br\/seres\/wp-content\/uploads\/sites\/87\/2024\/06\/WhatsApp-Image-2024-06-20-at-14.28.24-365x240.jpeg",365,240,true],"thumb-gallery-widget":["https:\/\/portal.pi.gov.br\/seres\/wp-content\/uploads\/sites\/87\/2024\/06\/WhatsApp-Image-2024-06-20-at-14.28.24-84x56.jpeg",84,56,true]},"post_excerpt_stackable":"<p>A secret\u00e1ria de Estado das Rela\u00e7\u00f5es Sociais, N\u00fabia Lopes, fez parte da composi\u00e7\u00e3o do dispositivo de honra na cerim\u00f4nia de abertura da Caravana Federativa. O evento, que percorre todo o Brasil com a presen\u00e7a de gestores e servi\u00e7os de mais de 40 \u00f3rg\u00e3os federais, vai facilitar a libera\u00e7\u00e3o de recursos federais \u00e0 estados e munic\u00edpios, permitindo a resolu\u00e7\u00e3o de pend\u00eancias burocr\u00e1ticas entre o governo federal e gestores p\u00fablicos locais. A Caravana iniciou na manh\u00e3 desta quinta-feira (20), no Centro de Conven\u00e7\u00f5es, com o governador Rafael Fonteles e o Ministro do Desenvolvimento e Assist\u00eancia Social, Fam\u00edlia e Combate \u00e0 Fome &#8211;&hellip;<\/p>\n","category_list":"<a href=\"https:\/\/portal.pi.gov.br\/seres\/category\/noticias\/\" rel=\"category tag\">Not\u00edcias<\/a>","author_info":{"name":"natalina","url":"https:\/\/portal.pi.gov.br\/seres\/author\/natalina\/"},"comments_num":"0 coment\u00e1rio","featured_image_urls_v2":{"full":["https:\/\/portal.pi.gov.br\/seres\/wp-content\/uploads\/sites\/87\/2024\/06\/WhatsApp-Image-2024-06-20-at-14.28.24.jpeg",1600,1162,false],"thumbnail":["https:\/\/portal.pi.gov.br\/seres\/wp-content\/uploads\/sites\/87\/2024\/06\/WhatsApp-Image-2024-06-20-at-14.28.24-150x150.jpeg",150,150,true],"medium":["https:\/\/portal.pi.gov.br\/seres\/wp-content\/uploads\/sites\/87\/2024\/06\/WhatsApp-Image-2024-06-20-at-14.28.24-300x218.jpeg",300,218,true],"medium_large":["https:\/\/portal.pi.gov.br\/seres\/wp-content\/uploads\/sites\/87\/2024\/06\/WhatsApp-Image-2024-06-20-at-14.28.24-768x558.jpeg",768,558,true],"large":["https:\/\/portal.pi.gov.br\/seres\/wp-content\/uploads\/sites\/87\/2024\/06\/WhatsApp-Image-2024-06-20-at-14.28.24-1024x744.jpeg",887,644,true],"sgg-420":["https:\/\/portal.pi.gov.br\/seres\/wp-content\/uploads\/sites\/87\/2024\/06\/WhatsApp-Image-2024-06-20-at-14.28.24-420x305.jpeg",420,305,true],"sgg-540":["https:\/\/portal.pi.gov.br\/seres\/wp-content\/uploads\/sites\/87\/2024\/06\/WhatsApp-Image-2024-06-20-at-14.28.24-540x392.jpeg",540,392,true],"sgg-780":["https:\/\/portal.pi.gov.br\/seres\/wp-content\/uploads\/sites\/87\/2024\/06\/WhatsApp-Image-2024-06-20-at-14.28.24-780x566.jpeg",780,566,true],"1536x1536":["https:\/\/portal.pi.gov.br\/seres\/wp-content\/uploads\/sites\/87\/2024\/06\/WhatsApp-Image-2024-06-20-at-14.28.24-1536x1116.jpeg",1536,1116,true],"2048x2048":["https:\/\/portal.pi.gov.br\/seres\/wp-content\/uploads\/sites\/87\/2024\/06\/WhatsApp-Image-2024-06-20-at-14.28.24.jpeg",1600,1162,false],"homepage-slider":["https:\/\/portal.pi.gov.br\/seres\/wp-content\/uploads\/sites\/87\/2024\/06\/WhatsApp-Image-2024-06-20-at-14.28.24-1270x500.jpeg",1270,500,true],"homepage-slider-small":["https:\/\/portal.pi.gov.br\/seres\/wp-content\/uploads\/sites\/87\/2024\/06\/WhatsApp-Image-2024-06-20-at-14.28.24-947x500.jpeg",947,500,true],"page-top":["https:\/\/portal.pi.gov.br\/seres\/wp-content\/uploads\/sites\/87\/2024\/06\/WhatsApp-Image-2024-06-20-at-14.28.24-947x688.jpeg",947,688,true],"page-small":["https:\/\/portal.pi.gov.br\/seres\/wp-content\/uploads\/sites\/87\/2024\/06\/WhatsApp-Image-2024-06-20-at-14.28.24-624x453.jpeg",624,453,true],"loop-main":["https:\/\/portal.pi.gov.br\/seres\/wp-content\/uploads\/sites\/87\/2024\/06\/WhatsApp-Image-2024-06-20-at-14.28.24-365x240.jpeg",365,240,true],"thumb-gallery-widget":["https:\/\/portal.pi.gov.br\/seres\/wp-content\/uploads\/sites\/87\/2024\/06\/WhatsApp-Image-2024-06-20-at-14.28.24-84x56.jpeg",84,56,true]},"post_excerpt_stackable_v2":"<p>A secret\u00e1ria de Estado das Rela\u00e7\u00f5es Sociais, N\u00fabia Lopes, fez parte da composi\u00e7\u00e3o do dispositivo de honra na cerim\u00f4nia de abertura da Caravana Federativa. O evento, que percorre todo o Brasil com a presen\u00e7a de gestores e servi\u00e7os de mais de 40 \u00f3rg\u00e3os federais, vai facilitar a libera\u00e7\u00e3o de recursos federais \u00e0 estados e munic\u00edpios, permitindo a resolu\u00e7\u00e3o de pend\u00eancias burocr\u00e1ticas entre o governo federal e gestores p\u00fablicos locais. A Caravana iniciou na manh\u00e3 desta quinta-feira (20), no Centro de Conven\u00e7\u00f5es, com o governador Rafael Fonteles e o Ministro do Desenvolvimento e Assist\u00eancia Social, Fam\u00edlia e Combate \u00e0 Fome &#8211;&hellip;<\/p>\n","category_list_v2":"<a href=\"https:\/\/portal.pi.gov.br\/seres\/category\/noticias\/\" rel=\"category tag\">Not\u00edcias<\/a>","author_info_v2":{"name":"natalina","url":"https:\/\/portal.pi.gov.br\/seres\/author\/natalina\/"},"comments_num_v2":"0 coment\u00e1rio","jetpack_featured_media_url":"https:\/\/portal.pi.gov.br\/seres\/wp-content\/uploads\/sites\/87\/2024\/06\/WhatsApp-Image-2024-06-20-at-14.28.24.jpeg","_links":{"self":[{"href":"https:\/\/portal.pi.gov.br\/seres\/wp-json\/wp\/v2\/posts\/2403"}],"collection":[{"href":"https:\/\/portal.pi.gov.br\/seres\/wp-json\/wp\/v2\/posts"}],"about":[{"href":"https:\/\/portal.pi.gov.br\/seres\/wp-json\/wp\/v2\/types\/post"}],"author":[{"embeddable":true,"href":"https:\/\/portal.pi.gov.br\/seres\/wp-json\/wp\/v2\/users\/1748"}],"replies":[{"embeddable":true,"href":"https:\/\/portal.pi.gov.br\/seres\/wp-json\/wp\/v2\/comments?post=2403"}],"version-history":[{"count":2,"href":"https:\/\/portal.pi.gov.br\/seres\/wp-json\/wp\/v2\/posts\/2403\/revisions"}],"predecessor-version":[{"id":2409,"href":"https:\/\/portal.pi.gov.br\/seres\/wp-json\/wp\/v2\/posts\/2403\/revisions\/2409"}],"wp:featuredmedia":[{"embeddable":true,"href":"https:\/\/portal.pi.gov.br\/seres\/wp-json\/wp\/v2\/media\/2407"}],"wp:attachment":[{"href":"https:\/\/portal.pi.gov.br\/seres\/wp-json\/wp\/v2\/media?parent=2403"}],"wp:term":[{"taxonomy":"category","embeddable":true,"href":"https:\/\/portal.pi.gov.br\/seres\/wp-json\/wp\/v2\/categories?post=2403"},{"taxonomy":"post_tag","embeddable":true,"href":"https:\/\/portal.pi.gov.br\/seres\/wp-json\/wp\/v2\/tags?post=2403"}],"curies":[{"name":"wp","href":"https:\/\/api.w.org\/{rel}","templated":true}]}}