{"id":2413,"date":"2024-06-27T07:34:13","date_gmt":"2024-06-27T10:34:13","guid":{"rendered":"https:\/\/portal.pi.gov.br\/seres\/?p=2413"},"modified":"2024-06-28T07:34:30","modified_gmt":"2024-06-28T10:34:30","slug":"com-r-67-milhoes-em-investimentos-governador-divulga-propostas-eleitas-no-orcamento-participativo-2024-2025","status":"publish","type":"post","link":"https:\/\/portal.pi.gov.br\/seres\/2024\/06\/27\/com-r-67-milhoes-em-investimentos-governador-divulga-propostas-eleitas-no-orcamento-participativo-2024-2025\/","title":{"rendered":"Com R$ 67 milh\u00f5es em investimentos, governador divulga propostas eleitas no Or\u00e7amento Participativo 2024-2025"},"content":{"rendered":"\n<p>O governador Rafael Fonteles anunciou, nesta quinta-feira (27), no Pal\u00e1cio de Karnak, as propostas eleitas no Programa de Or\u00e7amento Participativo (OPA 2024-2025). Ao todo, a popula\u00e7\u00e3o elegeu 148 propostas que ser\u00e3o executadas pelo programa no pr\u00f3ximo ano. O or\u00e7amento previsto foi ampliado, possibilitando contemplar mais propostas com recursos p\u00fablicos.<\/p>\n\n\n\n<p>A segunda edi\u00e7\u00e3o do programa, que teve in\u00edcio em fevereiro deste ano, prev\u00ea destinar um or\u00e7amento de R$ 42 milh\u00f5es para Teresina e R$ 10 milh\u00f5es para Parna\u00edba. J\u00e1 Picos, Piripiri e Floriano foram contempladas com R$ 5 milh\u00f5es cada cidade, totalizando R$ 67 milh\u00f5es em investimentos.<\/p>\n\n\n\n<p>Para Rafael, o OPA se consolidou na sociedade piauiense, pois \u00e9 um programa de grande credibilidade. &#8220;Ent\u00e3o, chegamos a 163 mil votos para mais de 800 propostas que tinham sido validadas, das quais 148 foram eleitas e v\u00e3o virar realidade. N\u00f3s estamos aprofundando a democracia no momento em que o povo escolhe a obra que quer fazer na sua comunidade, no seu bairro. Ent\u00e3o, fico muito feliz de poder estar celebrando, aqui no Piau\u00ed, o maior e melhor programa de participa\u00e7\u00e3o social do Brasil&#8221;, considera Fonteles.<\/p>\n\n\n<div class=\"wp-block-image\">\n<figure class=\"aligncenter is-resized\"><img decoding=\"async\" loading=\"lazy\" src=\"https:\/\/admin.pi.gov.br\/uploads\/Whats_App_Image_2024_06_27_at_10_06_07_000f4f8463.jpeg\" alt=\"WhatsApp Image 2024-06-27 at 10.06.07.jpeg\" width=\"552\" height=\"368\" \/><\/figure><\/div>\n\n\n<p>O secret\u00e1rio do Planejamento, Washington Bonfim, explica sobre os pr\u00f3ximos passos do programa. &#8220;Vamos colocar no ar, no site, o resultado das vota\u00e7\u00f5es. Al\u00e9m do recurso, tivemos um aporte de R$ 2 milh\u00f5es do deputado federal Merlong Solano. A etapa de 2025 vai ser cumprida no in\u00edcio do ano que vem, ap\u00f3s o per\u00edodo eleitoral. Vamos enviar as propostas para a Assembleia Legislativa no m\u00eas de julho&#8221;, aponta o gestor.<\/p>\n\n\n\n<p>O deputado federal Merlong Solano explica que programa \u00e9 de extrema import\u00e2ncia porque valoriza a participa\u00e7\u00e3o da popula\u00e7\u00e3o na defini\u00e7\u00e3o das prioridades do governo para investimentos. &#8220;S\u00e3o aproximadamente R$ 70 milh\u00f5es que o governo est\u00e1 investindo nesta iniciativa, que \u00e9 pioneira. A ideia \u00e9 contemplar os munic\u00edpios, aumentando os recursos para a decis\u00e3o da pr\u00f3pria popula\u00e7\u00e3o. E eu, por considerar isso vital, que estimula a popula\u00e7\u00e3o a participar, de forma mais ativa, das defini\u00e7\u00f5es do governo, coloquei tamb\u00e9m uma emenda do valor de R$ 2 milh\u00f5es, que se soma aos recursos definidos pelo governador Rafael Fontes&#8221;, revela o parlamentar.<\/p>\n\n\n<div class=\"wp-block-image\">\n<figure class=\"aligncenter is-resized\"><img decoding=\"async\" loading=\"lazy\" src=\"https:\/\/admin.pi.gov.br\/uploads\/Whats_App_Image_2024_06_27_at_10_06_07_2_3de9ae3d29.jpeg\" alt=\"WhatsApp Image 2024-06-27 at 10.06.07 (2).jpeg\" width=\"552\" height=\"368\" \/><\/figure><\/div>\n\n\n<p>Para N\u00fabia Lopes, secret\u00e1ria das Rela\u00e7\u00f5es Sociais, o maior impacto do OPA \u00e9 o que cada obra representa para as comunidades. &#8220;Hoje o povo consegue identificar e eleger prioridades relevantes para cada momento. O que foi votado agora nessa edi\u00e7\u00e3o, que hoje o governador est\u00e1 aqui anunciando o resultado, j\u00e1 vai ser implementado no primeiro semestre de 2025. Ent\u00e3o, de fato, s\u00e3o obras importantes, com um impacto social muito grande para as comunidades&#8221;, acrescenta a gestora.<\/p>\n\n\n\n<p><strong>Propostas aprovadas<\/strong><\/p>\n\n\n\n<p>No total, as entidades de bairro lan\u00e7aram 838 propostas exequ\u00edveis, que avan\u00e7aram para a fase de vota\u00e7\u00e3o popular. Nessa etapa, o OPA registrou 163.700 votos pelos canais dispon\u00edveis para vota\u00e7\u00e3o online (site, app, WhatsApp e as vans), dos quais 159.628 foram considerados v\u00e1lidos. Ao final, 148 propostas foram eleitas pela popula\u00e7\u00e3o, sendo 83 para serem executadas em Teresina, 21 em Parna\u00edba, 15 em Picos, 12 em Piripiri e 17 em Floriano.<\/p>\n\n\n\n<p>Este ano, a \u00e1rea tem\u00e1tica mais votada pela popula\u00e7\u00e3o foi mobilidade urbana e urbaniza\u00e7\u00e3o, com 60,17% das propostas eleitas. Em seguida, vieram esporte e lazer, com 17,91%; cultura, com 9,88%; seguran\u00e7a e justi\u00e7a, com 9,56%; e produtividade e agricultura, com 2,48%.<\/p>\n\n\n\n<p>Confira&nbsp;<a target=\"_blank\" rel=\"noreferrer noopener\" href=\"https:\/\/admin.pi.gov.br\/uploads\/Propostas_Eleitas_OPA_2024_2025_74eb5a9bd0.pdf\"><strong>aqui<\/strong><\/a><strong>&nbsp;<\/strong>o resultado das propostas eleitas.<\/p>\n","protected":false},"excerpt":{"rendered":"<p>O governador Rafael Fonteles anunciou, nesta quinta-feira (27), no Pal\u00e1cio de Karnak, as propostas eleitas no Programa de Or\u00e7amento Participativo (OPA 2024-2025). Ao todo, a popula\u00e7\u00e3o elegeu 148 propostas que [&hellip;]<\/p>\n","protected":false},"author":1748,"featured_media":2414,"comment_status":"closed","ping_status":"closed","sticky":false,"template":"","format":"standard","meta":[],"categories":[34],"tags":[62,47,41],"featured_image_urls":{"full":["https:\/\/portal.pi.gov.br\/seres\/wp-content\/uploads\/sites\/87\/2024\/06\/1opa.jpeg",1000,667,false],"thumbnail":["https:\/\/portal.pi.gov.br\/seres\/wp-content\/uploads\/sites\/87\/2024\/06\/1opa-150x150.jpeg",150,150,true],"medium":["https:\/\/portal.pi.gov.br\/seres\/wp-content\/uploads\/sites\/87\/2024\/06\/1opa-300x200.jpeg",300,200,true],"medium_large":["https:\/\/portal.pi.gov.br\/seres\/wp-content\/uploads\/sites\/87\/2024\/06\/1opa-768x512.jpeg",768,512,true],"large":["https:\/\/portal.pi.gov.br\/seres\/wp-content\/uploads\/sites\/87\/2024\/06\/1opa.jpeg",887,592,false],"sgg-420":["https:\/\/portal.pi.gov.br\/seres\/wp-content\/uploads\/sites\/87\/2024\/06\/1opa-420x280.jpeg",420,280,true],"sgg-540":["https:\/\/portal.pi.gov.br\/seres\/wp-content\/uploads\/sites\/87\/2024\/06\/1opa-540x360.jpeg",540,360,true],"sgg-780":["https:\/\/portal.pi.gov.br\/seres\/wp-content\/uploads\/sites\/87\/2024\/06\/1opa-780x520.jpeg",780,520,true],"1536x1536":["https:\/\/portal.pi.gov.br\/seres\/wp-content\/uploads\/sites\/87\/2024\/06\/1opa.jpeg",1000,667,false],"2048x2048":["https:\/\/portal.pi.gov.br\/seres\/wp-content\/uploads\/sites\/87\/2024\/06\/1opa.jpeg",1000,667,false],"homepage-slider":["https:\/\/portal.pi.gov.br\/seres\/wp-content\/uploads\/sites\/87\/2024\/06\/1opa-1000x500.jpeg",1000,500,true],"homepage-slider-small":["https:\/\/portal.pi.gov.br\/seres\/wp-content\/uploads\/sites\/87\/2024\/06\/1opa-947x500.jpeg",947,500,true],"page-top":["https:\/\/portal.pi.gov.br\/seres\/wp-content\/uploads\/sites\/87\/2024\/06\/1opa-947x632.jpeg",947,632,true],"page-small":["https:\/\/portal.pi.gov.br\/seres\/wp-content\/uploads\/sites\/87\/2024\/06\/1opa-624x416.jpeg",624,416,true],"loop-main":["https:\/\/portal.pi.gov.br\/seres\/wp-content\/uploads\/sites\/87\/2024\/06\/1opa-365x240.jpeg",365,240,true],"thumb-gallery-widget":["https:\/\/portal.pi.gov.br\/seres\/wp-content\/uploads\/sites\/87\/2024\/06\/1opa-84x56.jpeg",84,56,true]},"post_excerpt_stackable":"<p>O governador Rafael Fonteles anunciou, nesta quinta-feira (27), no Pal\u00e1cio de Karnak, as propostas eleitas no Programa de Or\u00e7amento Participativo (OPA 2024-2025). Ao todo, a popula\u00e7\u00e3o elegeu 148 propostas que ser\u00e3o executadas pelo programa no pr\u00f3ximo ano. O or\u00e7amento previsto foi ampliado, possibilitando contemplar mais propostas com recursos p\u00fablicos. A segunda edi\u00e7\u00e3o do programa, que teve in\u00edcio em fevereiro deste ano, prev\u00ea destinar um or\u00e7amento de R$ 42 milh\u00f5es para Teresina e R$ 10 milh\u00f5es para Parna\u00edba. J\u00e1 Picos, Piripiri e Floriano foram contempladas com R$ 5 milh\u00f5es cada cidade, totalizando R$ 67 milh\u00f5es em investimentos. Para Rafael, o OPA&hellip;<\/p>\n","category_list":"<a href=\"https:\/\/portal.pi.gov.br\/seres\/category\/noticias\/\" rel=\"category tag\">Not\u00edcias<\/a>","author_info":{"name":"natalina","url":"https:\/\/portal.pi.gov.br\/seres\/author\/natalina\/"},"comments_num":"0 coment\u00e1rio","featured_image_urls_v2":{"full":["https:\/\/portal.pi.gov.br\/seres\/wp-content\/uploads\/sites\/87\/2024\/06\/1opa.jpeg",1000,667,false],"thumbnail":["https:\/\/portal.pi.gov.br\/seres\/wp-content\/uploads\/sites\/87\/2024\/06\/1opa-150x150.jpeg",150,150,true],"medium":["https:\/\/portal.pi.gov.br\/seres\/wp-content\/uploads\/sites\/87\/2024\/06\/1opa-300x200.jpeg",300,200,true],"medium_large":["https:\/\/portal.pi.gov.br\/seres\/wp-content\/uploads\/sites\/87\/2024\/06\/1opa-768x512.jpeg",768,512,true],"large":["https:\/\/portal.pi.gov.br\/seres\/wp-content\/uploads\/sites\/87\/2024\/06\/1opa.jpeg",887,592,false],"sgg-420":["https:\/\/portal.pi.gov.br\/seres\/wp-content\/uploads\/sites\/87\/2024\/06\/1opa-420x280.jpeg",420,280,true],"sgg-540":["https:\/\/portal.pi.gov.br\/seres\/wp-content\/uploads\/sites\/87\/2024\/06\/1opa-540x360.jpeg",540,360,true],"sgg-780":["https:\/\/portal.pi.gov.br\/seres\/wp-content\/uploads\/sites\/87\/2024\/06\/1opa-780x520.jpeg",780,520,true],"1536x1536":["https:\/\/portal.pi.gov.br\/seres\/wp-content\/uploads\/sites\/87\/2024\/06\/1opa.jpeg",1000,667,false],"2048x2048":["https:\/\/portal.pi.gov.br\/seres\/wp-content\/uploads\/sites\/87\/2024\/06\/1opa.jpeg",1000,667,false],"homepage-slider":["https:\/\/portal.pi.gov.br\/seres\/wp-content\/uploads\/sites\/87\/2024\/06\/1opa-1000x500.jpeg",1000,500,true],"homepage-slider-small":["https:\/\/portal.pi.gov.br\/seres\/wp-content\/uploads\/sites\/87\/2024\/06\/1opa-947x500.jpeg",947,500,true],"page-top":["https:\/\/portal.pi.gov.br\/seres\/wp-content\/uploads\/sites\/87\/2024\/06\/1opa-947x632.jpeg",947,632,true],"page-small":["https:\/\/portal.pi.gov.br\/seres\/wp-content\/uploads\/sites\/87\/2024\/06\/1opa-624x416.jpeg",624,416,true],"loop-main":["https:\/\/portal.pi.gov.br\/seres\/wp-content\/uploads\/sites\/87\/2024\/06\/1opa-365x240.jpeg",365,240,true],"thumb-gallery-widget":["https:\/\/portal.pi.gov.br\/seres\/wp-content\/uploads\/sites\/87\/2024\/06\/1opa-84x56.jpeg",84,56,true]},"post_excerpt_stackable_v2":"<p>O governador Rafael Fonteles anunciou, nesta quinta-feira (27), no Pal\u00e1cio de Karnak, as propostas eleitas no Programa de Or\u00e7amento Participativo (OPA 2024-2025). Ao todo, a popula\u00e7\u00e3o elegeu 148 propostas que ser\u00e3o executadas pelo programa no pr\u00f3ximo ano. O or\u00e7amento previsto foi ampliado, possibilitando contemplar mais propostas com recursos p\u00fablicos. A segunda edi\u00e7\u00e3o do programa, que teve in\u00edcio em fevereiro deste ano, prev\u00ea destinar um or\u00e7amento de R$ 42 milh\u00f5es para Teresina e R$ 10 milh\u00f5es para Parna\u00edba. J\u00e1 Picos, Piripiri e Floriano foram contempladas com R$ 5 milh\u00f5es cada cidade, totalizando R$ 67 milh\u00f5es em investimentos. Para Rafael, o OPA&hellip;<\/p>\n","category_list_v2":"<a href=\"https:\/\/portal.pi.gov.br\/seres\/category\/noticias\/\" rel=\"category tag\">Not\u00edcias<\/a>","author_info_v2":{"name":"natalina","url":"https:\/\/portal.pi.gov.br\/seres\/author\/natalina\/"},"comments_num_v2":"0 coment\u00e1rio","jetpack_featured_media_url":"https:\/\/portal.pi.gov.br\/seres\/wp-content\/uploads\/sites\/87\/2024\/06\/1opa.jpeg","_links":{"self":[{"href":"https:\/\/portal.pi.gov.br\/seres\/wp-json\/wp\/v2\/posts\/2413"}],"collection":[{"href":"https:\/\/portal.pi.gov.br\/seres\/wp-json\/wp\/v2\/posts"}],"about":[{"href":"https:\/\/portal.pi.gov.br\/seres\/wp-json\/wp\/v2\/types\/post"}],"author":[{"embeddable":true,"href":"https:\/\/portal.pi.gov.br\/seres\/wp-json\/wp\/v2\/users\/1748"}],"replies":[{"embeddable":true,"href":"https:\/\/portal.pi.gov.br\/seres\/wp-json\/wp\/v2\/comments?post=2413"}],"version-history":[{"count":1,"href":"https:\/\/portal.pi.gov.br\/seres\/wp-json\/wp\/v2\/posts\/2413\/revisions"}],"predecessor-version":[{"id":2415,"href":"https:\/\/portal.pi.gov.br\/seres\/wp-json\/wp\/v2\/posts\/2413\/revisions\/2415"}],"wp:featuredmedia":[{"embeddable":true,"href":"https:\/\/portal.pi.gov.br\/seres\/wp-json\/wp\/v2\/media\/2414"}],"wp:attachment":[{"href":"https:\/\/portal.pi.gov.br\/seres\/wp-json\/wp\/v2\/media?parent=2413"}],"wp:term":[{"taxonomy":"category","embeddable":true,"href":"https:\/\/portal.pi.gov.br\/seres\/wp-json\/wp\/v2\/categories?post=2413"},{"taxonomy":"post_tag","embeddable":true,"href":"https:\/\/portal.pi.gov.br\/seres\/wp-json\/wp\/v2\/tags?post=2413"}],"curies":[{"name":"wp","href":"https:\/\/api.w.org\/{rel}","templated":true}]}}