{"id":2435,"date":"2024-07-17T08:30:39","date_gmt":"2024-07-17T11:30:39","guid":{"rendered":"https:\/\/portal.pi.gov.br\/seres\/?p=2435"},"modified":"2024-07-19T08:31:51","modified_gmt":"2024-07-19T11:31:51","slug":"seres-reune-comunidades-para-a-apresentacao-da-segunda-edicao-do-programa-ater-nos-quilombos","status":"publish","type":"post","link":"https:\/\/portal.pi.gov.br\/seres\/2024\/07\/17\/seres-reune-comunidades-para-a-apresentacao-da-segunda-edicao-do-programa-ater-nos-quilombos\/","title":{"rendered":"Seres re\u00fane comunidades para a apresenta\u00e7\u00e3o da segunda edi\u00e7\u00e3o do programa Ater nos Quilombos"},"content":{"rendered":"\n<p>Nesta quarta-feira (17), a secretaria das Rela\u00e7\u00f5es Sociais (Seres) mobilizou 65 comunidades de todo o Piau\u00ed para reuni\u00e3o virtual de apresenta\u00e7\u00e3o do \u201cAter nos Quilombos\u201d. As Secretarias da Assist\u00eancia T\u00e9cnica e Defesa Agropecu\u00e1ria (Sada), da Assist\u00eancia Social, Trabalho e Direitos Humanos (Sasc) e da Agricultura Familiar (Saf), s\u00e3o parceiras na execu\u00e7\u00e3o do projeto.<\/p>\n\n\n<div class=\"wp-block-image\">\n<figure class=\"aligncenter size-large is-resized\"><img decoding=\"async\" loading=\"lazy\" src=\"https:\/\/portal.pi.gov.br\/seres\/wp-content\/uploads\/sites\/87\/2024\/07\/WhatsApp-Image-2024-07-17-at-20.45.57-1024x576.jpeg\" alt=\"\" class=\"wp-image-2436\" width=\"498\" height=\"279\" srcset=\"https:\/\/portal.pi.gov.br\/seres\/wp-content\/uploads\/sites\/87\/2024\/07\/WhatsApp-Image-2024-07-17-at-20.45.57-1024x576.jpeg 1024w, https:\/\/portal.pi.gov.br\/seres\/wp-content\/uploads\/sites\/87\/2024\/07\/WhatsApp-Image-2024-07-17-at-20.45.57-300x169.jpeg 300w, https:\/\/portal.pi.gov.br\/seres\/wp-content\/uploads\/sites\/87\/2024\/07\/WhatsApp-Image-2024-07-17-at-20.45.57-768x432.jpeg 768w, https:\/\/portal.pi.gov.br\/seres\/wp-content\/uploads\/sites\/87\/2024\/07\/WhatsApp-Image-2024-07-17-at-20.45.57-420x236.jpeg 420w, https:\/\/portal.pi.gov.br\/seres\/wp-content\/uploads\/sites\/87\/2024\/07\/WhatsApp-Image-2024-07-17-at-20.45.57-540x304.jpeg 540w, https:\/\/portal.pi.gov.br\/seres\/wp-content\/uploads\/sites\/87\/2024\/07\/WhatsApp-Image-2024-07-17-at-20.45.57-780x439.jpeg 780w, https:\/\/portal.pi.gov.br\/seres\/wp-content\/uploads\/sites\/87\/2024\/07\/WhatsApp-Image-2024-07-17-at-20.45.57-1536x864.jpeg 1536w, https:\/\/portal.pi.gov.br\/seres\/wp-content\/uploads\/sites\/87\/2024\/07\/WhatsApp-Image-2024-07-17-at-20.45.57-947x533.jpeg 947w, https:\/\/portal.pi.gov.br\/seres\/wp-content\/uploads\/sites\/87\/2024\/07\/WhatsApp-Image-2024-07-17-at-20.45.57-624x351.jpeg 624w, https:\/\/portal.pi.gov.br\/seres\/wp-content\/uploads\/sites\/87\/2024\/07\/WhatsApp-Image-2024-07-17-at-20.45.57.jpeg 1600w\" sizes=\"(max-width: 498px) 100vw, 498px\" \/><\/figure><\/div>\n\n\n<p>O Ater nos Quilombos \u00e9 um programa de assist\u00eancia t\u00e9cnica, que tem o objetivo de apresentar a\u00e7\u00f5es produtivas para melhoria das condi\u00e7\u00f5es socioecon\u00f4micas das comunidades quilombolas que est\u00e3o na \u00e1rea de atua\u00e7\u00e3o do projeto. Ele abrange 65 comunidades, em 27 munic\u00edpios piauienses.<\/p>\n\n\n\n<p>Dentre as a\u00e7\u00f5es planejadas destacam-se a realiza\u00e7\u00e3o de cursos em diversas \u00e1reas e implanta\u00e7\u00e3o de unidades demonstrativas de produ\u00e7\u00e3o sementes crioulas com forma\u00e7\u00e3o de bancos de sementes, bem como unidades demonstrativas de farm\u00e1cia viva com plantas medicinais.<\/p>\n\n\n<div class=\"wp-block-image\">\n<figure class=\"aligncenter size-large is-resized\"><img decoding=\"async\" loading=\"lazy\" src=\"https:\/\/portal.pi.gov.br\/seres\/wp-content\/uploads\/sites\/87\/2024\/07\/WhatsApp-Image-2024-07-17-at-20.50.37-1024x576.jpeg\" alt=\"\" class=\"wp-image-2437\" width=\"501\" height=\"281\" srcset=\"https:\/\/portal.pi.gov.br\/seres\/wp-content\/uploads\/sites\/87\/2024\/07\/WhatsApp-Image-2024-07-17-at-20.50.37-1024x576.jpeg 1024w, https:\/\/portal.pi.gov.br\/seres\/wp-content\/uploads\/sites\/87\/2024\/07\/WhatsApp-Image-2024-07-17-at-20.50.37-300x169.jpeg 300w, https:\/\/portal.pi.gov.br\/seres\/wp-content\/uploads\/sites\/87\/2024\/07\/WhatsApp-Image-2024-07-17-at-20.50.37-768x432.jpeg 768w, https:\/\/portal.pi.gov.br\/seres\/wp-content\/uploads\/sites\/87\/2024\/07\/WhatsApp-Image-2024-07-17-at-20.50.37-420x236.jpeg 420w, https:\/\/portal.pi.gov.br\/seres\/wp-content\/uploads\/sites\/87\/2024\/07\/WhatsApp-Image-2024-07-17-at-20.50.37-540x304.jpeg 540w, https:\/\/portal.pi.gov.br\/seres\/wp-content\/uploads\/sites\/87\/2024\/07\/WhatsApp-Image-2024-07-17-at-20.50.37-780x439.jpeg 780w, https:\/\/portal.pi.gov.br\/seres\/wp-content\/uploads\/sites\/87\/2024\/07\/WhatsApp-Image-2024-07-17-at-20.50.37-1536x864.jpeg 1536w, https:\/\/portal.pi.gov.br\/seres\/wp-content\/uploads\/sites\/87\/2024\/07\/WhatsApp-Image-2024-07-17-at-20.50.37-947x533.jpeg 947w, https:\/\/portal.pi.gov.br\/seres\/wp-content\/uploads\/sites\/87\/2024\/07\/WhatsApp-Image-2024-07-17-at-20.50.37-624x351.jpeg 624w, https:\/\/portal.pi.gov.br\/seres\/wp-content\/uploads\/sites\/87\/2024\/07\/WhatsApp-Image-2024-07-17-at-20.50.37.jpeg 1600w\" sizes=\"(max-width: 501px) 100vw, 501px\" \/><\/figure><\/div>\n\n\n<p>Tamb\u00e9m est\u00e1 programada a assist\u00eancia t\u00e9cnica e implanta\u00e7\u00e3o de unidades de produ\u00e7\u00e3o de caju\u00edna e doces; de produ\u00e7\u00e3o de mel (apicultura); de cria\u00e7\u00e3o de galinha caipira; cursos de cooperativismo, associativismo, comercializa\u00e7\u00e3o para mulheres e juventude quilombolas; implanta\u00e7\u00e3o de quintais de produ\u00e7\u00e3o coletiva por comunidade com foco na produ\u00e7\u00e3o da horticultura e agricultura dos povos de comunidade quilombola.<\/p>\n\n\n\n<p>Al\u00e9m disso, est\u00e3o previstos a realiza\u00e7\u00e3o do mapeamento socioecon\u00f4mico e sociocultural (diagn\u00f3stico) das 25 novas comunidades quilombolas inclu\u00eddas no projeto e a atualiza\u00e7\u00e3o das 40 comunidades j\u00e1 existentes no projeto Ater dos Quilombos. O custo total do projeto \u00e9 de aproximadamente R$5,6 milh\u00f5es.<\/p>\n","protected":false},"excerpt":{"rendered":"<p>Nesta quarta-feira (17), a secretaria das Rela\u00e7\u00f5es Sociais (Seres) mobilizou 65 comunidades de todo o Piau\u00ed para reuni\u00e3o virtual de apresenta\u00e7\u00e3o do \u201cAter nos Quilombos\u201d. As Secretarias da Assist\u00eancia T\u00e9cnica [&hellip;]<\/p>\n","protected":false},"author":1,"featured_media":2436,"comment_status":"closed","ping_status":"closed","sticky":false,"template":"","format":"standard","meta":[],"categories":[34],"tags":[47,41],"featured_image_urls":{"full":["https:\/\/portal.pi.gov.br\/seres\/wp-content\/uploads\/sites\/87\/2024\/07\/WhatsApp-Image-2024-07-17-at-20.45.57.jpeg",1600,900,false],"thumbnail":["https:\/\/portal.pi.gov.br\/seres\/wp-content\/uploads\/sites\/87\/2024\/07\/WhatsApp-Image-2024-07-17-at-20.45.57-150x150.jpeg",150,150,true],"medium":["https:\/\/portal.pi.gov.br\/seres\/wp-content\/uploads\/sites\/87\/2024\/07\/WhatsApp-Image-2024-07-17-at-20.45.57-300x169.jpeg",300,169,true],"medium_large":["https:\/\/portal.pi.gov.br\/seres\/wp-content\/uploads\/sites\/87\/2024\/07\/WhatsApp-Image-2024-07-17-at-20.45.57-768x432.jpeg",768,432,true],"large":["https:\/\/portal.pi.gov.br\/seres\/wp-content\/uploads\/sites\/87\/2024\/07\/WhatsApp-Image-2024-07-17-at-20.45.57-1024x576.jpeg",887,499,true],"sgg-420":["https:\/\/portal.pi.gov.br\/seres\/wp-content\/uploads\/sites\/87\/2024\/07\/WhatsApp-Image-2024-07-17-at-20.45.57-420x236.jpeg",420,236,true],"sgg-540":["https:\/\/portal.pi.gov.br\/seres\/wp-content\/uploads\/sites\/87\/2024\/07\/WhatsApp-Image-2024-07-17-at-20.45.57-540x304.jpeg",540,304,true],"sgg-780":["https:\/\/portal.pi.gov.br\/seres\/wp-content\/uploads\/sites\/87\/2024\/07\/WhatsApp-Image-2024-07-17-at-20.45.57-780x439.jpeg",780,439,true],"1536x1536":["https:\/\/portal.pi.gov.br\/seres\/wp-content\/uploads\/sites\/87\/2024\/07\/WhatsApp-Image-2024-07-17-at-20.45.57-1536x864.jpeg",1536,864,true],"2048x2048":["https:\/\/portal.pi.gov.br\/seres\/wp-content\/uploads\/sites\/87\/2024\/07\/WhatsApp-Image-2024-07-17-at-20.45.57.jpeg",1600,900,false],"homepage-slider":["https:\/\/portal.pi.gov.br\/seres\/wp-content\/uploads\/sites\/87\/2024\/07\/WhatsApp-Image-2024-07-17-at-20.45.57-1270x500.jpeg",1270,500,true],"homepage-slider-small":["https:\/\/portal.pi.gov.br\/seres\/wp-content\/uploads\/sites\/87\/2024\/07\/WhatsApp-Image-2024-07-17-at-20.45.57-947x500.jpeg",947,500,true],"page-top":["https:\/\/portal.pi.gov.br\/seres\/wp-content\/uploads\/sites\/87\/2024\/07\/WhatsApp-Image-2024-07-17-at-20.45.57-947x533.jpeg",947,533,true],"page-small":["https:\/\/portal.pi.gov.br\/seres\/wp-content\/uploads\/sites\/87\/2024\/07\/WhatsApp-Image-2024-07-17-at-20.45.57-624x351.jpeg",624,351,true],"loop-main":["https:\/\/portal.pi.gov.br\/seres\/wp-content\/uploads\/sites\/87\/2024\/07\/WhatsApp-Image-2024-07-17-at-20.45.57-365x240.jpeg",365,240,true],"thumb-gallery-widget":["https:\/\/portal.pi.gov.br\/seres\/wp-content\/uploads\/sites\/87\/2024\/07\/WhatsApp-Image-2024-07-17-at-20.45.57-84x56.jpeg",84,56,true]},"post_excerpt_stackable":"<p>Nesta quarta-feira (17), a secretaria das Rela\u00e7\u00f5es Sociais (Seres) mobilizou 65 comunidades de todo o Piau\u00ed para reuni\u00e3o virtual de apresenta\u00e7\u00e3o do \u201cAter nos Quilombos\u201d. As Secretarias da Assist\u00eancia T\u00e9cnica e Defesa Agropecu\u00e1ria (Sada), da Assist\u00eancia Social, Trabalho e Direitos Humanos (Sasc) e da Agricultura Familiar (Saf), s\u00e3o parceiras na execu\u00e7\u00e3o do projeto. O Ater nos Quilombos \u00e9 um programa de assist\u00eancia t\u00e9cnica, que tem o objetivo de apresentar a\u00e7\u00f5es produtivas para melhoria das condi\u00e7\u00f5es socioecon\u00f4micas das comunidades quilombolas que est\u00e3o na \u00e1rea de atua\u00e7\u00e3o do projeto. Ele abrange 65 comunidades, em 27 munic\u00edpios piauienses. Dentre as a\u00e7\u00f5es planejadas destacam-se&hellip;<\/p>\n","category_list":"<a href=\"https:\/\/portal.pi.gov.br\/seres\/category\/noticias\/\" rel=\"category tag\">Not\u00edcias<\/a>","author_info":{"name":"admin","url":"https:\/\/portal.pi.gov.br\/seres\/author\/admin\/"},"comments_num":"0 coment\u00e1rio","featured_image_urls_v2":{"full":["https:\/\/portal.pi.gov.br\/seres\/wp-content\/uploads\/sites\/87\/2024\/07\/WhatsApp-Image-2024-07-17-at-20.45.57.jpeg",1600,900,false],"thumbnail":["https:\/\/portal.pi.gov.br\/seres\/wp-content\/uploads\/sites\/87\/2024\/07\/WhatsApp-Image-2024-07-17-at-20.45.57-150x150.jpeg",150,150,true],"medium":["https:\/\/portal.pi.gov.br\/seres\/wp-content\/uploads\/sites\/87\/2024\/07\/WhatsApp-Image-2024-07-17-at-20.45.57-300x169.jpeg",300,169,true],"medium_large":["https:\/\/portal.pi.gov.br\/seres\/wp-content\/uploads\/sites\/87\/2024\/07\/WhatsApp-Image-2024-07-17-at-20.45.57-768x432.jpeg",768,432,true],"large":["https:\/\/portal.pi.gov.br\/seres\/wp-content\/uploads\/sites\/87\/2024\/07\/WhatsApp-Image-2024-07-17-at-20.45.57-1024x576.jpeg",887,499,true],"sgg-420":["https:\/\/portal.pi.gov.br\/seres\/wp-content\/uploads\/sites\/87\/2024\/07\/WhatsApp-Image-2024-07-17-at-20.45.57-420x236.jpeg",420,236,true],"sgg-540":["https:\/\/portal.pi.gov.br\/seres\/wp-content\/uploads\/sites\/87\/2024\/07\/WhatsApp-Image-2024-07-17-at-20.45.57-540x304.jpeg",540,304,true],"sgg-780":["https:\/\/portal.pi.gov.br\/seres\/wp-content\/uploads\/sites\/87\/2024\/07\/WhatsApp-Image-2024-07-17-at-20.45.57-780x439.jpeg",780,439,true],"1536x1536":["https:\/\/portal.pi.gov.br\/seres\/wp-content\/uploads\/sites\/87\/2024\/07\/WhatsApp-Image-2024-07-17-at-20.45.57-1536x864.jpeg",1536,864,true],"2048x2048":["https:\/\/portal.pi.gov.br\/seres\/wp-content\/uploads\/sites\/87\/2024\/07\/WhatsApp-Image-2024-07-17-at-20.45.57.jpeg",1600,900,false],"homepage-slider":["https:\/\/portal.pi.gov.br\/seres\/wp-content\/uploads\/sites\/87\/2024\/07\/WhatsApp-Image-2024-07-17-at-20.45.57-1270x500.jpeg",1270,500,true],"homepage-slider-small":["https:\/\/portal.pi.gov.br\/seres\/wp-content\/uploads\/sites\/87\/2024\/07\/WhatsApp-Image-2024-07-17-at-20.45.57-947x500.jpeg",947,500,true],"page-top":["https:\/\/portal.pi.gov.br\/seres\/wp-content\/uploads\/sites\/87\/2024\/07\/WhatsApp-Image-2024-07-17-at-20.45.57-947x533.jpeg",947,533,true],"page-small":["https:\/\/portal.pi.gov.br\/seres\/wp-content\/uploads\/sites\/87\/2024\/07\/WhatsApp-Image-2024-07-17-at-20.45.57-624x351.jpeg",624,351,true],"loop-main":["https:\/\/portal.pi.gov.br\/seres\/wp-content\/uploads\/sites\/87\/2024\/07\/WhatsApp-Image-2024-07-17-at-20.45.57-365x240.jpeg",365,240,true],"thumb-gallery-widget":["https:\/\/portal.pi.gov.br\/seres\/wp-content\/uploads\/sites\/87\/2024\/07\/WhatsApp-Image-2024-07-17-at-20.45.57-84x56.jpeg",84,56,true]},"post_excerpt_stackable_v2":"<p>Nesta quarta-feira (17), a secretaria das Rela\u00e7\u00f5es Sociais (Seres) mobilizou 65 comunidades de todo o Piau\u00ed para reuni\u00e3o virtual de apresenta\u00e7\u00e3o do \u201cAter nos Quilombos\u201d. As Secretarias da Assist\u00eancia T\u00e9cnica e Defesa Agropecu\u00e1ria (Sada), da Assist\u00eancia Social, Trabalho e Direitos Humanos (Sasc) e da Agricultura Familiar (Saf), s\u00e3o parceiras na execu\u00e7\u00e3o do projeto. O Ater nos Quilombos \u00e9 um programa de assist\u00eancia t\u00e9cnica, que tem o objetivo de apresentar a\u00e7\u00f5es produtivas para melhoria das condi\u00e7\u00f5es socioecon\u00f4micas das comunidades quilombolas que est\u00e3o na \u00e1rea de atua\u00e7\u00e3o do projeto. Ele abrange 65 comunidades, em 27 munic\u00edpios piauienses. Dentre as a\u00e7\u00f5es planejadas destacam-se&hellip;<\/p>\n","category_list_v2":"<a href=\"https:\/\/portal.pi.gov.br\/seres\/category\/noticias\/\" rel=\"category tag\">Not\u00edcias<\/a>","author_info_v2":{"name":"admin","url":"https:\/\/portal.pi.gov.br\/seres\/author\/admin\/"},"comments_num_v2":"0 coment\u00e1rio","jetpack_featured_media_url":"https:\/\/portal.pi.gov.br\/seres\/wp-content\/uploads\/sites\/87\/2024\/07\/WhatsApp-Image-2024-07-17-at-20.45.57.jpeg","_links":{"self":[{"href":"https:\/\/portal.pi.gov.br\/seres\/wp-json\/wp\/v2\/posts\/2435"}],"collection":[{"href":"https:\/\/portal.pi.gov.br\/seres\/wp-json\/wp\/v2\/posts"}],"about":[{"href":"https:\/\/portal.pi.gov.br\/seres\/wp-json\/wp\/v2\/types\/post"}],"author":[{"embeddable":true,"href":"https:\/\/portal.pi.gov.br\/seres\/wp-json\/wp\/v2\/users\/1"}],"replies":[{"embeddable":true,"href":"https:\/\/portal.pi.gov.br\/seres\/wp-json\/wp\/v2\/comments?post=2435"}],"version-history":[{"count":1,"href":"https:\/\/portal.pi.gov.br\/seres\/wp-json\/wp\/v2\/posts\/2435\/revisions"}],"predecessor-version":[{"id":2438,"href":"https:\/\/portal.pi.gov.br\/seres\/wp-json\/wp\/v2\/posts\/2435\/revisions\/2438"}],"wp:featuredmedia":[{"embeddable":true,"href":"https:\/\/portal.pi.gov.br\/seres\/wp-json\/wp\/v2\/media\/2436"}],"wp:attachment":[{"href":"https:\/\/portal.pi.gov.br\/seres\/wp-json\/wp\/v2\/media?parent=2435"}],"wp:term":[{"taxonomy":"category","embeddable":true,"href":"https:\/\/portal.pi.gov.br\/seres\/wp-json\/wp\/v2\/categories?post=2435"},{"taxonomy":"post_tag","embeddable":true,"href":"https:\/\/portal.pi.gov.br\/seres\/wp-json\/wp\/v2\/tags?post=2435"}],"curies":[{"name":"wp","href":"https:\/\/api.w.org\/{rel}","templated":true}]}}