{"id":2439,"date":"2024-08-01T08:23:35","date_gmt":"2024-08-01T11:23:35","guid":{"rendered":"https:\/\/portal.pi.gov.br\/seres\/?p=2439"},"modified":"2024-08-01T08:23:36","modified_gmt":"2024-08-01T11:23:36","slug":"piaui-recebe-plenaria-para-discussao-do-plano-clima-nesta-sexta-feira-02","status":"publish","type":"post","link":"https:\/\/portal.pi.gov.br\/seres\/2024\/08\/01\/piaui-recebe-plenaria-para-discussao-do-plano-clima-nesta-sexta-feira-02\/","title":{"rendered":"Piau\u00ed recebe Plen\u00e1ria para discuss\u00e3o do Plano Clima nesta sexta-feira (02)"},"content":{"rendered":"\n<p>O\u00a0governo federal est\u00e1 elaborando o Plano Clima que ser\u00e1 o guia da pol\u00edtica clim\u00e1tica brasileira at\u00e9 2035. Uma comitiva de ministros far\u00e1 debates na Caatinga, no Marinho Costeiro, na Amaz\u00f4nia, no Cerrado, no Pantanal, na Mata Atl\u00e2ntica e no Pampa. Das plen\u00e1rias sair\u00e3o propostas da sociedade civil que poder\u00e3o ser inclu\u00eddas no documento. A secretaria das Rela\u00e7\u00f5es Sociais do Piau\u00ed (Seres) faz a mobiliza\u00e7\u00e3o da sociedade civil para o evento em Teresina, a Plen\u00e1ria do Bioma Caatinga, que ser\u00e1 realizada no Centro de Conven\u00e7\u00f5es, na sexta-feira (02), das 14 \u00e0s 17h, com coletiva de imprensa prevista para \u00e0s 13h30.<\/p>\n\n\n\n<figure class=\"wp-block-image size-large\"><img decoding=\"async\" loading=\"lazy\" width=\"1024\" height=\"1024\" src=\"https:\/\/portal.pi.gov.br\/seres\/wp-content\/uploads\/sites\/87\/2024\/08\/clima-1024x1024.jpg\" alt=\"\" class=\"wp-image-2440\" srcset=\"https:\/\/portal.pi.gov.br\/seres\/wp-content\/uploads\/sites\/87\/2024\/08\/clima-1024x1024.jpg 1024w, https:\/\/portal.pi.gov.br\/seres\/wp-content\/uploads\/sites\/87\/2024\/08\/clima-300x300.jpg 300w, https:\/\/portal.pi.gov.br\/seres\/wp-content\/uploads\/sites\/87\/2024\/08\/clima-150x150.jpg 150w, https:\/\/portal.pi.gov.br\/seres\/wp-content\/uploads\/sites\/87\/2024\/08\/clima-768x768.jpg 768w, https:\/\/portal.pi.gov.br\/seres\/wp-content\/uploads\/sites\/87\/2024\/08\/clima-420x420.jpg 420w, https:\/\/portal.pi.gov.br\/seres\/wp-content\/uploads\/sites\/87\/2024\/08\/clima-540x540.jpg 540w, https:\/\/portal.pi.gov.br\/seres\/wp-content\/uploads\/sites\/87\/2024\/08\/clima-780x780.jpg 780w, https:\/\/portal.pi.gov.br\/seres\/wp-content\/uploads\/sites\/87\/2024\/08\/clima-947x947.jpg 947w, https:\/\/portal.pi.gov.br\/seres\/wp-content\/uploads\/sites\/87\/2024\/08\/clima-624x624.jpg 624w, https:\/\/portal.pi.gov.br\/seres\/wp-content\/uploads\/sites\/87\/2024\/08\/clima.jpg 1081w\" sizes=\"(max-width: 1024px) 100vw, 1024px\" \/><\/figure>\n\n\n\n<p>Esta \u00e9 mais uma etapa do processo de participa\u00e7\u00e3o social no Plano Clima que foi lan\u00e7ado em junho. O governo est\u00e1 fazendo consultas diretas \u00e0 popula\u00e7\u00e3o e debates com especialistas em meio ambiente, organiza\u00e7\u00f5es da sociedade civil, conselhos de pol\u00edticas p\u00fablicas, movimentos sociais e sindicais, em todas as etapas de elabora\u00e7\u00e3o do texto. O presidente Luiz In\u00e1cio Lula da Silva apresentar\u00e1 a primeira vers\u00e3o do texto na COP 29, no Azerbaij\u00e3o, em novembro.<\/p>\n\n\n\n<p>A plataforma digital do governo federal Brasil Participativo est\u00e1 recebendo as propostas da popula\u00e7\u00e3o at\u00e9 o dia 26 de agosto. Qualquer pessoa com CPF pode apresentar tr\u00eas propostas e votar em at\u00e9 10 propostas de outros participantes. Tamb\u00e9m h\u00e1 espa\u00e7o para coment\u00e1rios. As 10 propostas mais votadas de cada um dos 17 eixos definidos pelo Minist\u00e9rio do Meio Ambiente e Mudan\u00e7a do Clima poder\u00e3o ou n\u00e3o ser incorporadas ao texto ap\u00f3s an\u00e1lise do governo federal. As propostas debatidas nas plen\u00e1rias ser\u00e3o inseridas na plataforma digital.<\/p>\n\n\n\n<p>O modelo usado para o Plano Clima \u00e9 o mesmo do PPA Participativo (Plano Plurianual 2024-2027) realizado no ano passado. Com metodologia de participa\u00e7\u00e3o presencial e digital, o processo resultou na maior participa\u00e7\u00e3o social da hist\u00f3ria do governo federal. A visita das autoridades aos biomas come\u00e7a por Recife (PE) em 01 de agosto. Depois, ser\u00e3o as plen\u00e1rias aqui em Teresina (PI), Macap\u00e1 (PA), Imperatriz (MA), Campo Grande (MS), S\u00e3o Paulo (SP), terminando em Porto Alegre (RS) no dia 15 de agosto. <\/p>\n\n\n\n<p>A \u00faltima fase de elabora\u00e7\u00e3o do Plano Clima ser\u00e1 em 2025, com a formula\u00e7\u00e3o de planos setoriais e a realiza\u00e7\u00e3o da 5\u00aa Confer\u00eancia Nacional de Meio Ambiente e Mudan\u00e7a do Clima, em maio do pr\u00f3ximo ano. A partir do texto, o governo federal deve propor outras mudan\u00e7as na legisla\u00e7\u00e3o ambiental do pa\u00eds.<\/p>\n\n\n\n<p>Todo o processo de formula\u00e7\u00e3o de um dos instrumentos da Pol\u00edtica Nacional sobre Mudan\u00e7a do Clima, com participa\u00e7\u00e3o direta da popula\u00e7\u00e3o, ser\u00e1 apresentado na 30\u00aa Confer\u00eancia da ONU sobre Mudan\u00e7as Clim\u00e1ticas (COP30), em Bel\u00e9m (PA), em novembro do ano que vem.<\/p>\n\n\n\n<p>As inscri\u00e7\u00f5es para o evento em Teresina devem ser feitas no link:<a href=\"http:\/\/gov.br\/planoclima\" data-type=\"URL\" data-id=\"gov.br\/planoclima\"> gov.br\/planoclima<\/a><\/p>\n\n\n\n<p><strong>Brasil Participativo<\/strong><\/p>\n\n\n\n<p>A plataforma Brasil Participativo foi lan\u00e7ada pelo governo federal no ano passado para a elabora\u00e7\u00e3o do Plano Plurianual 2024-2027, reconhecido como PPA Participativo. Aliando participa\u00e7\u00e3o presencial e digital, o processo somou 34 mil pessoas em plen\u00e1rias nas capitais brasileiras, 1,4 milh\u00e3o de participantes, mais de 1,5 milh\u00e3o de votos, com 4 milh\u00f5es de acessos na plataforma. Foi a maior experi\u00eancia de participa\u00e7\u00e3o social da hist\u00f3ria do governo federal.<\/p>\n\n\n\n<p>O Brasil Participativo tamb\u00e9m est\u00e1 sendo utilizado para o apoio do governo federal ao Rio Grande do Sul, uma iniciativa de transpar\u00eancia no repasse de recursos e informa\u00e7\u00f5es precisas para a popula\u00e7\u00e3o ga\u00facha. Tamb\u00e9m abrigou a etapa digital da 4\u00aa Confer\u00eancia Nacional da Juventude o que permitiu a jovens do pa\u00eds inteiro serem eleitos delegados para participar do evento em Bras\u00edlia.<\/p>\n","protected":false},"excerpt":{"rendered":"<p>O\u00a0governo federal est\u00e1 elaborando o Plano Clima que ser\u00e1 o guia da pol\u00edtica clim\u00e1tica brasileira at\u00e9 2035. Uma comitiva de ministros far\u00e1 debates na Caatinga, no Marinho Costeiro, na Amaz\u00f4nia, [&hellip;]<\/p>\n","protected":false},"author":1,"featured_media":2440,"comment_status":"closed","ping_status":"closed","sticky":false,"template":"","format":"standard","meta":[],"categories":[34],"tags":[47,41],"featured_image_urls":{"full":["https:\/\/portal.pi.gov.br\/seres\/wp-content\/uploads\/sites\/87\/2024\/08\/clima.jpg",1081,1081,false],"thumbnail":["https:\/\/portal.pi.gov.br\/seres\/wp-content\/uploads\/sites\/87\/2024\/08\/clima-150x150.jpg",150,150,true],"medium":["https:\/\/portal.pi.gov.br\/seres\/wp-content\/uploads\/sites\/87\/2024\/08\/clima-300x300.jpg",300,300,true],"medium_large":["https:\/\/portal.pi.gov.br\/seres\/wp-content\/uploads\/sites\/87\/2024\/08\/clima-768x768.jpg",768,768,true],"large":["https:\/\/portal.pi.gov.br\/seres\/wp-content\/uploads\/sites\/87\/2024\/08\/clima-1024x1024.jpg",887,887,true],"sgg-420":["https:\/\/portal.pi.gov.br\/seres\/wp-content\/uploads\/sites\/87\/2024\/08\/clima-420x420.jpg",420,420,true],"sgg-540":["https:\/\/portal.pi.gov.br\/seres\/wp-content\/uploads\/sites\/87\/2024\/08\/clima-540x540.jpg",540,540,true],"sgg-780":["https:\/\/portal.pi.gov.br\/seres\/wp-content\/uploads\/sites\/87\/2024\/08\/clima-780x780.jpg",780,780,true],"1536x1536":["https:\/\/portal.pi.gov.br\/seres\/wp-content\/uploads\/sites\/87\/2024\/08\/clima.jpg",1081,1081,false],"2048x2048":["https:\/\/portal.pi.gov.br\/seres\/wp-content\/uploads\/sites\/87\/2024\/08\/clima.jpg",1081,1081,false],"homepage-slider":["https:\/\/portal.pi.gov.br\/seres\/wp-content\/uploads\/sites\/87\/2024\/08\/clima-1081x500.jpg",1081,500,true],"homepage-slider-small":["https:\/\/portal.pi.gov.br\/seres\/wp-content\/uploads\/sites\/87\/2024\/08\/clima-947x500.jpg",947,500,true],"page-top":["https:\/\/portal.pi.gov.br\/seres\/wp-content\/uploads\/sites\/87\/2024\/08\/clima-947x947.jpg",947,947,true],"page-small":["https:\/\/portal.pi.gov.br\/seres\/wp-content\/uploads\/sites\/87\/2024\/08\/clima-624x624.jpg",624,624,true],"loop-main":["https:\/\/portal.pi.gov.br\/seres\/wp-content\/uploads\/sites\/87\/2024\/08\/clima-365x240.jpg",365,240,true],"thumb-gallery-widget":["https:\/\/portal.pi.gov.br\/seres\/wp-content\/uploads\/sites\/87\/2024\/08\/clima-84x56.jpg",84,56,true]},"post_excerpt_stackable":"<p>O\u00a0governo federal est\u00e1 elaborando o Plano Clima que ser\u00e1 o guia da pol\u00edtica clim\u00e1tica brasileira at\u00e9 2035. Uma comitiva de ministros far\u00e1 debates na Caatinga, no Marinho Costeiro, na Amaz\u00f4nia, no Cerrado, no Pantanal, na Mata Atl\u00e2ntica e no Pampa. Das plen\u00e1rias sair\u00e3o propostas da sociedade civil que poder\u00e3o ser inclu\u00eddas no documento. A secretaria das Rela\u00e7\u00f5es Sociais do Piau\u00ed (Seres) faz a mobiliza\u00e7\u00e3o da sociedade civil para o evento em Teresina, a Plen\u00e1ria do Bioma Caatinga, que ser\u00e1 realizada no Centro de Conven\u00e7\u00f5es, na sexta-feira (02), das 14 \u00e0s 17h, com coletiva de imprensa prevista para \u00e0s 13h30. Esta&hellip;<\/p>\n","category_list":"<a href=\"https:\/\/portal.pi.gov.br\/seres\/category\/noticias\/\" rel=\"category tag\">Not\u00edcias<\/a>","author_info":{"name":"admin","url":"https:\/\/portal.pi.gov.br\/seres\/author\/admin\/"},"comments_num":"0 coment\u00e1rio","featured_image_urls_v2":{"full":["https:\/\/portal.pi.gov.br\/seres\/wp-content\/uploads\/sites\/87\/2024\/08\/clima.jpg",1081,1081,false],"thumbnail":["https:\/\/portal.pi.gov.br\/seres\/wp-content\/uploads\/sites\/87\/2024\/08\/clima-150x150.jpg",150,150,true],"medium":["https:\/\/portal.pi.gov.br\/seres\/wp-content\/uploads\/sites\/87\/2024\/08\/clima-300x300.jpg",300,300,true],"medium_large":["https:\/\/portal.pi.gov.br\/seres\/wp-content\/uploads\/sites\/87\/2024\/08\/clima-768x768.jpg",768,768,true],"large":["https:\/\/portal.pi.gov.br\/seres\/wp-content\/uploads\/sites\/87\/2024\/08\/clima-1024x1024.jpg",887,887,true],"sgg-420":["https:\/\/portal.pi.gov.br\/seres\/wp-content\/uploads\/sites\/87\/2024\/08\/clima-420x420.jpg",420,420,true],"sgg-540":["https:\/\/portal.pi.gov.br\/seres\/wp-content\/uploads\/sites\/87\/2024\/08\/clima-540x540.jpg",540,540,true],"sgg-780":["https:\/\/portal.pi.gov.br\/seres\/wp-content\/uploads\/sites\/87\/2024\/08\/clima-780x780.jpg",780,780,true],"1536x1536":["https:\/\/portal.pi.gov.br\/seres\/wp-content\/uploads\/sites\/87\/2024\/08\/clima.jpg",1081,1081,false],"2048x2048":["https:\/\/portal.pi.gov.br\/seres\/wp-content\/uploads\/sites\/87\/2024\/08\/clima.jpg",1081,1081,false],"homepage-slider":["https:\/\/portal.pi.gov.br\/seres\/wp-content\/uploads\/sites\/87\/2024\/08\/clima-1081x500.jpg",1081,500,true],"homepage-slider-small":["https:\/\/portal.pi.gov.br\/seres\/wp-content\/uploads\/sites\/87\/2024\/08\/clima-947x500.jpg",947,500,true],"page-top":["https:\/\/portal.pi.gov.br\/seres\/wp-content\/uploads\/sites\/87\/2024\/08\/clima-947x947.jpg",947,947,true],"page-small":["https:\/\/portal.pi.gov.br\/seres\/wp-content\/uploads\/sites\/87\/2024\/08\/clima-624x624.jpg",624,624,true],"loop-main":["https:\/\/portal.pi.gov.br\/seres\/wp-content\/uploads\/sites\/87\/2024\/08\/clima-365x240.jpg",365,240,true],"thumb-gallery-widget":["https:\/\/portal.pi.gov.br\/seres\/wp-content\/uploads\/sites\/87\/2024\/08\/clima-84x56.jpg",84,56,true]},"post_excerpt_stackable_v2":"<p>O\u00a0governo federal est\u00e1 elaborando o Plano Clima que ser\u00e1 o guia da pol\u00edtica clim\u00e1tica brasileira at\u00e9 2035. Uma comitiva de ministros far\u00e1 debates na Caatinga, no Marinho Costeiro, na Amaz\u00f4nia, no Cerrado, no Pantanal, na Mata Atl\u00e2ntica e no Pampa. Das plen\u00e1rias sair\u00e3o propostas da sociedade civil que poder\u00e3o ser inclu\u00eddas no documento. A secretaria das Rela\u00e7\u00f5es Sociais do Piau\u00ed (Seres) faz a mobiliza\u00e7\u00e3o da sociedade civil para o evento em Teresina, a Plen\u00e1ria do Bioma Caatinga, que ser\u00e1 realizada no Centro de Conven\u00e7\u00f5es, na sexta-feira (02), das 14 \u00e0s 17h, com coletiva de imprensa prevista para \u00e0s 13h30. Esta&hellip;<\/p>\n","category_list_v2":"<a href=\"https:\/\/portal.pi.gov.br\/seres\/category\/noticias\/\" rel=\"category tag\">Not\u00edcias<\/a>","author_info_v2":{"name":"admin","url":"https:\/\/portal.pi.gov.br\/seres\/author\/admin\/"},"comments_num_v2":"0 coment\u00e1rio","jetpack_featured_media_url":"https:\/\/portal.pi.gov.br\/seres\/wp-content\/uploads\/sites\/87\/2024\/08\/clima.jpg","_links":{"self":[{"href":"https:\/\/portal.pi.gov.br\/seres\/wp-json\/wp\/v2\/posts\/2439"}],"collection":[{"href":"https:\/\/portal.pi.gov.br\/seres\/wp-json\/wp\/v2\/posts"}],"about":[{"href":"https:\/\/portal.pi.gov.br\/seres\/wp-json\/wp\/v2\/types\/post"}],"author":[{"embeddable":true,"href":"https:\/\/portal.pi.gov.br\/seres\/wp-json\/wp\/v2\/users\/1"}],"replies":[{"embeddable":true,"href":"https:\/\/portal.pi.gov.br\/seres\/wp-json\/wp\/v2\/comments?post=2439"}],"version-history":[{"count":1,"href":"https:\/\/portal.pi.gov.br\/seres\/wp-json\/wp\/v2\/posts\/2439\/revisions"}],"predecessor-version":[{"id":2441,"href":"https:\/\/portal.pi.gov.br\/seres\/wp-json\/wp\/v2\/posts\/2439\/revisions\/2441"}],"wp:featuredmedia":[{"embeddable":true,"href":"https:\/\/portal.pi.gov.br\/seres\/wp-json\/wp\/v2\/media\/2440"}],"wp:attachment":[{"href":"https:\/\/portal.pi.gov.br\/seres\/wp-json\/wp\/v2\/media?parent=2439"}],"wp:term":[{"taxonomy":"category","embeddable":true,"href":"https:\/\/portal.pi.gov.br\/seres\/wp-json\/wp\/v2\/categories?post=2439"},{"taxonomy":"post_tag","embeddable":true,"href":"https:\/\/portal.pi.gov.br\/seres\/wp-json\/wp\/v2\/tags?post=2439"}],"curies":[{"name":"wp","href":"https:\/\/api.w.org\/{rel}","templated":true}]}}