{"id":2442,"date":"2024-08-02T11:40:27","date_gmt":"2024-08-02T14:40:27","guid":{"rendered":"https:\/\/portal.pi.gov.br\/seres\/?p=2442"},"modified":"2024-08-02T11:44:41","modified_gmt":"2024-08-02T14:44:41","slug":"seres-participa-do-i-seminario-piauiense-de-fortalecimento-do-terceiro-setor","status":"publish","type":"post","link":"https:\/\/portal.pi.gov.br\/seres\/2024\/08\/02\/seres-participa-do-i-seminario-piauiense-de-fortalecimento-do-terceiro-setor\/","title":{"rendered":"Seres participa do I Semin\u00e1rio Piauiense de Fortalecimento do Terceiro Setor"},"content":{"rendered":"\n<p>A secret\u00e1ria das Rela\u00e7\u00f5es Sociais (Seres), N\u00fabia Lopes, participou da abertura do I Semin\u00e1rio Piauiense de Fortalecimento do Terceiro Setor, na manh\u00e3 desta sexta-feira (02), no audit\u00f3rio da OAB-PI. O evento \u00e9 promovido pela Funda\u00e7\u00e3o Di\u00f3genes Quaresma e tem o objetivo de capacitar as organiza\u00e7\u00f5es da sociedade civil do Piau\u00ed e habilit\u00e1-las a formalizar, captar, fiscalizar e promover a sustentabilidade.&nbsp;<\/p>\n\n\n<div class=\"wp-block-image\">\n<figure class=\"aligncenter is-resized\"><img decoding=\"async\" loading=\"lazy\" src=\"https:\/\/admin.pi.gov.br\/uploads\/Whats_App_Image_2024_08_02_at_09_29_59_ab7edfd0dd.jpeg\" alt=\"WhatsApp Image 2024-08-02 at 09.29.59.jpeg\" width=\"612\" height=\"459\" \/><\/figure><\/div>\n\n\n<p>A Seres apoiou o evento com a mobiliza\u00e7\u00e3o das associa\u00e7\u00f5es, sindicatos e movimentos sociais do estado. O p\u00fablico-alvo foram os profissionais cont\u00e1beis, advogados e captadores de recursos das organiza\u00e7\u00f5es da sociedade civil.&nbsp;<\/p>\n\n\n\n<p>O Semin\u00e1rio tamb\u00e9m vai capacitar os participantes para o fortalecimento da transpar\u00eancia e da presta\u00e7\u00e3o de contas, aprimoramento dos mecanismos de fiscaliza\u00e7\u00e3o e do controle, al\u00e9m de apoio \u00e0 sustentabilidade das organiza\u00e7\u00f5es. As palestras seguem durante toda a tarde de hoje.<\/p>\n\n\n<div class=\"wp-block-image\">\n<figure class=\"aligncenter is-resized\"><img decoding=\"async\" loading=\"lazy\" src=\"https:\/\/admin.pi.gov.br\/uploads\/Whats_App_Image_2024_08_02_at_10_01_20_0ed1e5df53.jpeg\" alt=\"WhatsApp Image 2024-08-02 at 10.01.20.jpeg\" width=\"613\" height=\"460\" \/><\/figure><\/div>\n\n\n<p>A secret\u00e1ria N\u00fabia Lopes destacou que o evento \u00e9 uma janela de oportunidade para as organiza\u00e7\u00f5es da sociedade civil. \u201cO Governo do Estado apoia este evento pela sua import\u00e2ncia para a capacita\u00e7\u00e3o e qualifica\u00e7\u00e3o daqueles que fazem a participa\u00e7\u00e3o social no estado do Piau\u00ed, para que acessem, executem projetos e conquistem a autonomia das suas institui\u00e7\u00f5es e, assim, melhorem as condi\u00e7\u00f5es de vida das comunidades\u201d, afirmou.<\/p>\n\n\n\n<p>O secret\u00e1rio Nacional de Participa\u00e7\u00e3o Social, da Secretaria Geral da Presid\u00eancia da Rep\u00fablica, Renato Sim\u00f5es, ressaltou que a participa\u00e7\u00e3o social \u00e9 essencial para a democracia e que o controle social \u00e9 uma obriga\u00e7\u00e3o de qualquer Estado democr\u00e1tico. \u201cExercer esse processo de transpar\u00eancia, de monitoramento, de controle social \u00e9 uma das prioridades do atual governo. O fortalecimento da democracia implica em um fortalecimento aut\u00f4nomo da sociedade civil para exercer as suas fun\u00e7\u00f5es\u201d, finalizou.<\/p>\n\n\n<div class=\"wp-block-image\">\n<figure class=\"aligncenter is-resized\"><img decoding=\"async\" loading=\"lazy\" src=\"https:\/\/admin.pi.gov.br\/uploads\/Whats_App_Image_2024_08_02_at_09_29_58_480c2517b9.jpeg\" alt=\"WhatsApp Image 2024-08-02 at 09.29.58.jpeg\" width=\"617\" height=\"462\" \/><\/figure><\/div>\n\n\n<p>O evento tamb\u00e9m conta com a participa\u00e7\u00e3o da secret\u00e1ria estadual de Assist\u00eancia Social, Trabalho e Direitos Humanos, Regina Sousa, de Jorge Ivan (auditor e representante da Funda\u00e7\u00e3o Diogenes Quaresma), \u00c1lvaro Mota (advogado e Procurador do Estado), Aderson&nbsp;Luz (Superintendente da Associa\u00e7\u00e3o Reabilitar), Riedel Reinaldo (especialista em projetos), Halifas Quaresma (especialista em capta\u00e7\u00e3o de recursos), Luciana Tsukada (especialista em startup- Investe Piau\u00ed), Raimundo Nonato (captador de recursos internacionais), Lia Passos (advogada especialista em licita\u00e7\u00f5es), V\u00edtor Rodrigues (Coordenador na Contraladoria Geral do Estado- Sefaz\/CGE), Hamon Stelitano (auditor governamental), Ric Dias (contador e analista do Tesouro Estadual), Em\u00edlio Passos (auditor TCU) e Ramon Patrese (auditor TCE-PI).<\/p>\n","protected":false},"excerpt":{"rendered":"<p>A secret\u00e1ria das Rela\u00e7\u00f5es Sociais (Seres), N\u00fabia Lopes, participou da abertura do I Semin\u00e1rio Piauiense de Fortalecimento do Terceiro Setor, na manh\u00e3 desta sexta-feira (02), no audit\u00f3rio da OAB-PI. O [&hellip;]<\/p>\n","protected":false},"author":1,"featured_media":2443,"comment_status":"closed","ping_status":"closed","sticky":false,"template":"","format":"standard","meta":[],"categories":[34],"tags":[47,41],"featured_image_urls":{"full":["https:\/\/portal.pi.gov.br\/seres\/wp-content\/uploads\/sites\/87\/2024\/08\/WhatsApp-Image-2024-08-02-at-10.01.20-scaled.jpeg",2560,1920,false],"thumbnail":["https:\/\/portal.pi.gov.br\/seres\/wp-content\/uploads\/sites\/87\/2024\/08\/WhatsApp-Image-2024-08-02-at-10.01.20-150x150.jpeg",150,150,true],"medium":["https:\/\/portal.pi.gov.br\/seres\/wp-content\/uploads\/sites\/87\/2024\/08\/WhatsApp-Image-2024-08-02-at-10.01.20-300x225.jpeg",300,225,true],"medium_large":["https:\/\/portal.pi.gov.br\/seres\/wp-content\/uploads\/sites\/87\/2024\/08\/WhatsApp-Image-2024-08-02-at-10.01.20-768x576.jpeg",768,576,true],"large":["https:\/\/portal.pi.gov.br\/seres\/wp-content\/uploads\/sites\/87\/2024\/08\/WhatsApp-Image-2024-08-02-at-10.01.20-1024x768.jpeg",887,665,true],"sgg-420":["https:\/\/portal.pi.gov.br\/seres\/wp-content\/uploads\/sites\/87\/2024\/08\/WhatsApp-Image-2024-08-02-at-10.01.20-420x315.jpeg",420,315,true],"sgg-540":["https:\/\/portal.pi.gov.br\/seres\/wp-content\/uploads\/sites\/87\/2024\/08\/WhatsApp-Image-2024-08-02-at-10.01.20-540x405.jpeg",540,405,true],"sgg-780":["https:\/\/portal.pi.gov.br\/seres\/wp-content\/uploads\/sites\/87\/2024\/08\/WhatsApp-Image-2024-08-02-at-10.01.20-780x585.jpeg",780,585,true],"1536x1536":["https:\/\/portal.pi.gov.br\/seres\/wp-content\/uploads\/sites\/87\/2024\/08\/WhatsApp-Image-2024-08-02-at-10.01.20-1536x1152.jpeg",1536,1152,true],"2048x2048":["https:\/\/portal.pi.gov.br\/seres\/wp-content\/uploads\/sites\/87\/2024\/08\/WhatsApp-Image-2024-08-02-at-10.01.20-2048x1536.jpeg",2048,1536,true],"homepage-slider":["https:\/\/portal.pi.gov.br\/seres\/wp-content\/uploads\/sites\/87\/2024\/08\/WhatsApp-Image-2024-08-02-at-10.01.20-1270x500.jpeg",1270,500,true],"homepage-slider-small":["https:\/\/portal.pi.gov.br\/seres\/wp-content\/uploads\/sites\/87\/2024\/08\/WhatsApp-Image-2024-08-02-at-10.01.20-947x500.jpeg",947,500,true],"page-top":["https:\/\/portal.pi.gov.br\/seres\/wp-content\/uploads\/sites\/87\/2024\/08\/WhatsApp-Image-2024-08-02-at-10.01.20-947x710.jpeg",947,710,true],"page-small":["https:\/\/portal.pi.gov.br\/seres\/wp-content\/uploads\/sites\/87\/2024\/08\/WhatsApp-Image-2024-08-02-at-10.01.20-624x468.jpeg",624,468,true],"loop-main":["https:\/\/portal.pi.gov.br\/seres\/wp-content\/uploads\/sites\/87\/2024\/08\/WhatsApp-Image-2024-08-02-at-10.01.20-365x240.jpeg",365,240,true],"thumb-gallery-widget":["https:\/\/portal.pi.gov.br\/seres\/wp-content\/uploads\/sites\/87\/2024\/08\/WhatsApp-Image-2024-08-02-at-10.01.20-84x56.jpeg",84,56,true]},"post_excerpt_stackable":"<p>A secret\u00e1ria das Rela\u00e7\u00f5es Sociais (Seres), N\u00fabia Lopes, participou da abertura do I Semin\u00e1rio Piauiense de Fortalecimento do Terceiro Setor, na manh\u00e3 desta sexta-feira (02), no audit\u00f3rio da OAB-PI. O evento \u00e9 promovido pela Funda\u00e7\u00e3o Di\u00f3genes Quaresma e tem o objetivo de capacitar as organiza\u00e7\u00f5es da sociedade civil do Piau\u00ed e habilit\u00e1-las a formalizar, captar, fiscalizar e promover a sustentabilidade.&nbsp; A Seres apoiou o evento com a mobiliza\u00e7\u00e3o das associa\u00e7\u00f5es, sindicatos e movimentos sociais do estado. O p\u00fablico-alvo foram os profissionais cont\u00e1beis, advogados e captadores de recursos das organiza\u00e7\u00f5es da sociedade civil.&nbsp; O Semin\u00e1rio tamb\u00e9m vai capacitar os participantes para&hellip;<\/p>\n","category_list":"<a href=\"https:\/\/portal.pi.gov.br\/seres\/category\/noticias\/\" rel=\"category tag\">Not\u00edcias<\/a>","author_info":{"name":"admin","url":"https:\/\/portal.pi.gov.br\/seres\/author\/admin\/"},"comments_num":"0 coment\u00e1rio","featured_image_urls_v2":{"full":["https:\/\/portal.pi.gov.br\/seres\/wp-content\/uploads\/sites\/87\/2024\/08\/WhatsApp-Image-2024-08-02-at-10.01.20-scaled.jpeg",2560,1920,false],"thumbnail":["https:\/\/portal.pi.gov.br\/seres\/wp-content\/uploads\/sites\/87\/2024\/08\/WhatsApp-Image-2024-08-02-at-10.01.20-150x150.jpeg",150,150,true],"medium":["https:\/\/portal.pi.gov.br\/seres\/wp-content\/uploads\/sites\/87\/2024\/08\/WhatsApp-Image-2024-08-02-at-10.01.20-300x225.jpeg",300,225,true],"medium_large":["https:\/\/portal.pi.gov.br\/seres\/wp-content\/uploads\/sites\/87\/2024\/08\/WhatsApp-Image-2024-08-02-at-10.01.20-768x576.jpeg",768,576,true],"large":["https:\/\/portal.pi.gov.br\/seres\/wp-content\/uploads\/sites\/87\/2024\/08\/WhatsApp-Image-2024-08-02-at-10.01.20-1024x768.jpeg",887,665,true],"sgg-420":["https:\/\/portal.pi.gov.br\/seres\/wp-content\/uploads\/sites\/87\/2024\/08\/WhatsApp-Image-2024-08-02-at-10.01.20-420x315.jpeg",420,315,true],"sgg-540":["https:\/\/portal.pi.gov.br\/seres\/wp-content\/uploads\/sites\/87\/2024\/08\/WhatsApp-Image-2024-08-02-at-10.01.20-540x405.jpeg",540,405,true],"sgg-780":["https:\/\/portal.pi.gov.br\/seres\/wp-content\/uploads\/sites\/87\/2024\/08\/WhatsApp-Image-2024-08-02-at-10.01.20-780x585.jpeg",780,585,true],"1536x1536":["https:\/\/portal.pi.gov.br\/seres\/wp-content\/uploads\/sites\/87\/2024\/08\/WhatsApp-Image-2024-08-02-at-10.01.20-1536x1152.jpeg",1536,1152,true],"2048x2048":["https:\/\/portal.pi.gov.br\/seres\/wp-content\/uploads\/sites\/87\/2024\/08\/WhatsApp-Image-2024-08-02-at-10.01.20-2048x1536.jpeg",2048,1536,true],"homepage-slider":["https:\/\/portal.pi.gov.br\/seres\/wp-content\/uploads\/sites\/87\/2024\/08\/WhatsApp-Image-2024-08-02-at-10.01.20-1270x500.jpeg",1270,500,true],"homepage-slider-small":["https:\/\/portal.pi.gov.br\/seres\/wp-content\/uploads\/sites\/87\/2024\/08\/WhatsApp-Image-2024-08-02-at-10.01.20-947x500.jpeg",947,500,true],"page-top":["https:\/\/portal.pi.gov.br\/seres\/wp-content\/uploads\/sites\/87\/2024\/08\/WhatsApp-Image-2024-08-02-at-10.01.20-947x710.jpeg",947,710,true],"page-small":["https:\/\/portal.pi.gov.br\/seres\/wp-content\/uploads\/sites\/87\/2024\/08\/WhatsApp-Image-2024-08-02-at-10.01.20-624x468.jpeg",624,468,true],"loop-main":["https:\/\/portal.pi.gov.br\/seres\/wp-content\/uploads\/sites\/87\/2024\/08\/WhatsApp-Image-2024-08-02-at-10.01.20-365x240.jpeg",365,240,true],"thumb-gallery-widget":["https:\/\/portal.pi.gov.br\/seres\/wp-content\/uploads\/sites\/87\/2024\/08\/WhatsApp-Image-2024-08-02-at-10.01.20-84x56.jpeg",84,56,true]},"post_excerpt_stackable_v2":"<p>A secret\u00e1ria das Rela\u00e7\u00f5es Sociais (Seres), N\u00fabia Lopes, participou da abertura do I Semin\u00e1rio Piauiense de Fortalecimento do Terceiro Setor, na manh\u00e3 desta sexta-feira (02), no audit\u00f3rio da OAB-PI. O evento \u00e9 promovido pela Funda\u00e7\u00e3o Di\u00f3genes Quaresma e tem o objetivo de capacitar as organiza\u00e7\u00f5es da sociedade civil do Piau\u00ed e habilit\u00e1-las a formalizar, captar, fiscalizar e promover a sustentabilidade.&nbsp; A Seres apoiou o evento com a mobiliza\u00e7\u00e3o das associa\u00e7\u00f5es, sindicatos e movimentos sociais do estado. O p\u00fablico-alvo foram os profissionais cont\u00e1beis, advogados e captadores de recursos das organiza\u00e7\u00f5es da sociedade civil.&nbsp; O Semin\u00e1rio tamb\u00e9m vai capacitar os participantes para&hellip;<\/p>\n","category_list_v2":"<a href=\"https:\/\/portal.pi.gov.br\/seres\/category\/noticias\/\" rel=\"category tag\">Not\u00edcias<\/a>","author_info_v2":{"name":"admin","url":"https:\/\/portal.pi.gov.br\/seres\/author\/admin\/"},"comments_num_v2":"0 coment\u00e1rio","jetpack_featured_media_url":"https:\/\/portal.pi.gov.br\/seres\/wp-content\/uploads\/sites\/87\/2024\/08\/WhatsApp-Image-2024-08-02-at-10.01.20-scaled.jpeg","_links":{"self":[{"href":"https:\/\/portal.pi.gov.br\/seres\/wp-json\/wp\/v2\/posts\/2442"}],"collection":[{"href":"https:\/\/portal.pi.gov.br\/seres\/wp-json\/wp\/v2\/posts"}],"about":[{"href":"https:\/\/portal.pi.gov.br\/seres\/wp-json\/wp\/v2\/types\/post"}],"author":[{"embeddable":true,"href":"https:\/\/portal.pi.gov.br\/seres\/wp-json\/wp\/v2\/users\/1"}],"replies":[{"embeddable":true,"href":"https:\/\/portal.pi.gov.br\/seres\/wp-json\/wp\/v2\/comments?post=2442"}],"version-history":[{"count":2,"href":"https:\/\/portal.pi.gov.br\/seres\/wp-json\/wp\/v2\/posts\/2442\/revisions"}],"predecessor-version":[{"id":2446,"href":"https:\/\/portal.pi.gov.br\/seres\/wp-json\/wp\/v2\/posts\/2442\/revisions\/2446"}],"wp:featuredmedia":[{"embeddable":true,"href":"https:\/\/portal.pi.gov.br\/seres\/wp-json\/wp\/v2\/media\/2443"}],"wp:attachment":[{"href":"https:\/\/portal.pi.gov.br\/seres\/wp-json\/wp\/v2\/media?parent=2442"}],"wp:term":[{"taxonomy":"category","embeddable":true,"href":"https:\/\/portal.pi.gov.br\/seres\/wp-json\/wp\/v2\/categories?post=2442"},{"taxonomy":"post_tag","embeddable":true,"href":"https:\/\/portal.pi.gov.br\/seres\/wp-json\/wp\/v2\/tags?post=2442"}],"curies":[{"name":"wp","href":"https:\/\/api.w.org\/{rel}","templated":true}]}}