{"id":2447,"date":"2024-08-02T12:04:43","date_gmt":"2024-08-02T15:04:43","guid":{"rendered":"https:\/\/portal.pi.gov.br\/seres\/?p=2447"},"modified":"2024-08-02T12:51:56","modified_gmt":"2024-08-02T15:51:56","slug":"governo-federal-promove-debate-sobre-a-caatinga-em-teresina","status":"publish","type":"post","link":"https:\/\/portal.pi.gov.br\/seres\/2024\/08\/02\/governo-federal-promove-debate-sobre-a-caatinga-em-teresina\/","title":{"rendered":"Governo federal promove debate sobre a Caatinga em Teresina"},"content":{"rendered":"\n<p>Um debate sobre a pol\u00edtica clim\u00e1tica brasileira ser\u00e1 realizado em Teresina, nesta sexta-feira, dia 02, com a presen\u00e7a dos ministros do Meio Ambiente e Mudan\u00e7a do Clima, Marina Silva, da Secretaria Geral da Presid\u00eancia da Rep\u00fablica, M\u00e1rcio Mac\u00eado, do Desenvolvimento e Assist\u00eancia Social, Fam\u00edlia e Combate \u00e0 Fome, Wellington Dias, a partir das 14 horas, no Centro de Conven\u00e7\u00f5es de Teresina. O governo federal escolheu os biomas brasileiros para promover as discuss\u00f5es sobre emerg\u00eancia clim\u00e1tica.<\/p>\n\n\n\n<p>As autoridades federais foram recebidas pelo governador Rafael Fonteles, pela secret\u00e1ria das Rela\u00e7\u00f5es Sociais, N\u00fabia Lopes, entre outros gestores, que participar\u00e3o das discuss\u00f5es sobre a Caatinga, contribuindo com a exposi\u00e7\u00e3o das riquezas e dos desafios do Piau\u00ed nesse bioma. S\u00e3o esperados representantes de movimentos sociais e de organiza\u00e7\u00f5es da sociedade civil, lideran\u00e7as locais, ativistas e moradores de v\u00e1rias regi\u00f5es do estado durante a plen\u00e1ria.<\/p>\n\n\n<div class=\"wp-block-image\">\n<figure class=\"aligncenter size-large is-resized\"><img decoding=\"async\" loading=\"lazy\" src=\"https:\/\/portal.pi.gov.br\/seres\/wp-content\/uploads\/sites\/87\/2024\/08\/WhatsApp-Image-2024-08-02-at-12.30.46-710x1024.jpeg\" alt=\"\" class=\"wp-image-2449\" width=\"411\" height=\"593\" srcset=\"https:\/\/portal.pi.gov.br\/seres\/wp-content\/uploads\/sites\/87\/2024\/08\/WhatsApp-Image-2024-08-02-at-12.30.46-710x1024.jpeg 710w, https:\/\/portal.pi.gov.br\/seres\/wp-content\/uploads\/sites\/87\/2024\/08\/WhatsApp-Image-2024-08-02-at-12.30.46-208x300.jpeg 208w, https:\/\/portal.pi.gov.br\/seres\/wp-content\/uploads\/sites\/87\/2024\/08\/WhatsApp-Image-2024-08-02-at-12.30.46-768x1108.jpeg 768w, https:\/\/portal.pi.gov.br\/seres\/wp-content\/uploads\/sites\/87\/2024\/08\/WhatsApp-Image-2024-08-02-at-12.30.46-291x420.jpeg 291w, https:\/\/portal.pi.gov.br\/seres\/wp-content\/uploads\/sites\/87\/2024\/08\/WhatsApp-Image-2024-08-02-at-12.30.46-374x540.jpeg 374w, https:\/\/portal.pi.gov.br\/seres\/wp-content\/uploads\/sites\/87\/2024\/08\/WhatsApp-Image-2024-08-02-at-12.30.46-540x780.jpeg 540w, https:\/\/portal.pi.gov.br\/seres\/wp-content\/uploads\/sites\/87\/2024\/08\/WhatsApp-Image-2024-08-02-at-12.30.46-1064x1536.jpeg 1064w, https:\/\/portal.pi.gov.br\/seres\/wp-content\/uploads\/sites\/87\/2024\/08\/WhatsApp-Image-2024-08-02-at-12.30.46-1419x2048.jpeg 1419w, https:\/\/portal.pi.gov.br\/seres\/wp-content\/uploads\/sites\/87\/2024\/08\/WhatsApp-Image-2024-08-02-at-12.30.46-947x1367.jpeg 947w, https:\/\/portal.pi.gov.br\/seres\/wp-content\/uploads\/sites\/87\/2024\/08\/WhatsApp-Image-2024-08-02-at-12.30.46-624x901.jpeg 624w, https:\/\/portal.pi.gov.br\/seres\/wp-content\/uploads\/sites\/87\/2024\/08\/WhatsApp-Image-2024-08-02-at-12.30.46-scaled.jpeg 1774w\" sizes=\"(max-width: 411px) 100vw, 411px\" \/><figcaption class=\"wp-element-caption\"><br>Secret\u00e1rio Nacional de Participa\u00e7\u00e3o Social da secretarial geral da Presid\u00eancia da Rep\u00fablica, Renato Sim\u00f5es e secret\u00e1ria das Rela\u00e7\u00f5es Sociais, N\u00fabia Lopes<\/figcaption><\/figure><\/div>\n\n\n<p>Foram programados debates no Sistema Costeiro-Marinho (que re\u00fane v\u00e1rios biomas), na Amaz\u00f4nia, no Cerrado, no Pantanal, na Mata Atl\u00e2ntica e no Pampa. As visitas come\u00e7am pelo Sistema Costeiro-Marinho nesta quinta-feira. Ap\u00f3s Teresina (PI), ser\u00e3o realizados encontros em Macap\u00e1 (PA), Imperatriz (MA), Campo Grande (MS), S\u00e3o Paulo (SP), terminando em Porto Alegre (RS) no dia 15 de agosto.<\/p>\n\n\n\n<p>Esta \u00e9 mais uma etapa do processo de participa\u00e7\u00e3o social no Plano Clima que foi lan\u00e7ado em junho pelo presidente Luiz In\u00e1cio Lula da Silva. O governo est\u00e1 fazendo consultas diretas \u00e0 popula\u00e7\u00e3o e debates com especialistas em meio ambiente, organiza\u00e7\u00f5es da sociedade civil, conselhos de pol\u00edticas p\u00fablicas, movimentos sociais e sindicais, em todas as etapas de elabora\u00e7\u00e3o do texto.<\/p>\n\n\n\n<p>O Plano Clima Participativo ser\u00e1 o guia da pol\u00edtica clim\u00e1tica brasileira at\u00e9 2035. O desenho das pol\u00edticas p\u00fablicas para o enfrentamento \u00e0s mudan\u00e7as clim\u00e1ticas segue uma marca do governo federal, a transversalidade. S\u00e3o 22 minist\u00e9rios envolvidos.<\/p>\n","protected":false},"excerpt":{"rendered":"<p>Um debate sobre a pol\u00edtica clim\u00e1tica brasileira ser\u00e1 realizado em Teresina, nesta sexta-feira, dia 02, com a presen\u00e7a dos ministros do Meio Ambiente e Mudan\u00e7a do Clima, Marina Silva, da [&hellip;]<\/p>\n","protected":false},"author":1,"featured_media":2440,"comment_status":"closed","ping_status":"closed","sticky":false,"template":"","format":"standard","meta":[],"categories":[34],"tags":[47,41],"featured_image_urls":{"full":["https:\/\/portal.pi.gov.br\/seres\/wp-content\/uploads\/sites\/87\/2024\/08\/clima.jpg",1081,1081,false],"thumbnail":["https:\/\/portal.pi.gov.br\/seres\/wp-content\/uploads\/sites\/87\/2024\/08\/clima-150x150.jpg",150,150,true],"medium":["https:\/\/portal.pi.gov.br\/seres\/wp-content\/uploads\/sites\/87\/2024\/08\/clima-300x300.jpg",300,300,true],"medium_large":["https:\/\/portal.pi.gov.br\/seres\/wp-content\/uploads\/sites\/87\/2024\/08\/clima-768x768.jpg",768,768,true],"large":["https:\/\/portal.pi.gov.br\/seres\/wp-content\/uploads\/sites\/87\/2024\/08\/clima-1024x1024.jpg",887,887,true],"sgg-420":["https:\/\/portal.pi.gov.br\/seres\/wp-content\/uploads\/sites\/87\/2024\/08\/clima-420x420.jpg",420,420,true],"sgg-540":["https:\/\/portal.pi.gov.br\/seres\/wp-content\/uploads\/sites\/87\/2024\/08\/clima-540x540.jpg",540,540,true],"sgg-780":["https:\/\/portal.pi.gov.br\/seres\/wp-content\/uploads\/sites\/87\/2024\/08\/clima-780x780.jpg",780,780,true],"1536x1536":["https:\/\/portal.pi.gov.br\/seres\/wp-content\/uploads\/sites\/87\/2024\/08\/clima.jpg",1081,1081,false],"2048x2048":["https:\/\/portal.pi.gov.br\/seres\/wp-content\/uploads\/sites\/87\/2024\/08\/clima.jpg",1081,1081,false],"homepage-slider":["https:\/\/portal.pi.gov.br\/seres\/wp-content\/uploads\/sites\/87\/2024\/08\/clima-1081x500.jpg",1081,500,true],"homepage-slider-small":["https:\/\/portal.pi.gov.br\/seres\/wp-content\/uploads\/sites\/87\/2024\/08\/clima-947x500.jpg",947,500,true],"page-top":["https:\/\/portal.pi.gov.br\/seres\/wp-content\/uploads\/sites\/87\/2024\/08\/clima-947x947.jpg",947,947,true],"page-small":["https:\/\/portal.pi.gov.br\/seres\/wp-content\/uploads\/sites\/87\/2024\/08\/clima-624x624.jpg",624,624,true],"loop-main":["https:\/\/portal.pi.gov.br\/seres\/wp-content\/uploads\/sites\/87\/2024\/08\/clima-365x240.jpg",365,240,true],"thumb-gallery-widget":["https:\/\/portal.pi.gov.br\/seres\/wp-content\/uploads\/sites\/87\/2024\/08\/clima-84x56.jpg",84,56,true]},"post_excerpt_stackable":"<p>Um debate sobre a pol\u00edtica clim\u00e1tica brasileira ser\u00e1 realizado em Teresina, nesta sexta-feira, dia 02, com a presen\u00e7a dos ministros do Meio Ambiente e Mudan\u00e7a do Clima, Marina Silva, da Secretaria Geral da Presid\u00eancia da Rep\u00fablica, M\u00e1rcio Mac\u00eado, do Desenvolvimento e Assist\u00eancia Social, Fam\u00edlia e Combate \u00e0 Fome, Wellington Dias, a partir das 14 horas, no Centro de Conven\u00e7\u00f5es de Teresina. O governo federal escolheu os biomas brasileiros para promover as discuss\u00f5es sobre emerg\u00eancia clim\u00e1tica. As autoridades federais foram recebidas pelo governador Rafael Fonteles, pela secret\u00e1ria das Rela\u00e7\u00f5es Sociais, N\u00fabia Lopes, entre outros gestores, que participar\u00e3o das discuss\u00f5es sobre a&hellip;<\/p>\n","category_list":"<a href=\"https:\/\/portal.pi.gov.br\/seres\/category\/noticias\/\" rel=\"category tag\">Not\u00edcias<\/a>","author_info":{"name":"admin","url":"https:\/\/portal.pi.gov.br\/seres\/author\/admin\/"},"comments_num":"0 coment\u00e1rio","featured_image_urls_v2":{"full":["https:\/\/portal.pi.gov.br\/seres\/wp-content\/uploads\/sites\/87\/2024\/08\/clima.jpg",1081,1081,false],"thumbnail":["https:\/\/portal.pi.gov.br\/seres\/wp-content\/uploads\/sites\/87\/2024\/08\/clima-150x150.jpg",150,150,true],"medium":["https:\/\/portal.pi.gov.br\/seres\/wp-content\/uploads\/sites\/87\/2024\/08\/clima-300x300.jpg",300,300,true],"medium_large":["https:\/\/portal.pi.gov.br\/seres\/wp-content\/uploads\/sites\/87\/2024\/08\/clima-768x768.jpg",768,768,true],"large":["https:\/\/portal.pi.gov.br\/seres\/wp-content\/uploads\/sites\/87\/2024\/08\/clima-1024x1024.jpg",887,887,true],"sgg-420":["https:\/\/portal.pi.gov.br\/seres\/wp-content\/uploads\/sites\/87\/2024\/08\/clima-420x420.jpg",420,420,true],"sgg-540":["https:\/\/portal.pi.gov.br\/seres\/wp-content\/uploads\/sites\/87\/2024\/08\/clima-540x540.jpg",540,540,true],"sgg-780":["https:\/\/portal.pi.gov.br\/seres\/wp-content\/uploads\/sites\/87\/2024\/08\/clima-780x780.jpg",780,780,true],"1536x1536":["https:\/\/portal.pi.gov.br\/seres\/wp-content\/uploads\/sites\/87\/2024\/08\/clima.jpg",1081,1081,false],"2048x2048":["https:\/\/portal.pi.gov.br\/seres\/wp-content\/uploads\/sites\/87\/2024\/08\/clima.jpg",1081,1081,false],"homepage-slider":["https:\/\/portal.pi.gov.br\/seres\/wp-content\/uploads\/sites\/87\/2024\/08\/clima-1081x500.jpg",1081,500,true],"homepage-slider-small":["https:\/\/portal.pi.gov.br\/seres\/wp-content\/uploads\/sites\/87\/2024\/08\/clima-947x500.jpg",947,500,true],"page-top":["https:\/\/portal.pi.gov.br\/seres\/wp-content\/uploads\/sites\/87\/2024\/08\/clima-947x947.jpg",947,947,true],"page-small":["https:\/\/portal.pi.gov.br\/seres\/wp-content\/uploads\/sites\/87\/2024\/08\/clima-624x624.jpg",624,624,true],"loop-main":["https:\/\/portal.pi.gov.br\/seres\/wp-content\/uploads\/sites\/87\/2024\/08\/clima-365x240.jpg",365,240,true],"thumb-gallery-widget":["https:\/\/portal.pi.gov.br\/seres\/wp-content\/uploads\/sites\/87\/2024\/08\/clima-84x56.jpg",84,56,true]},"post_excerpt_stackable_v2":"<p>Um debate sobre a pol\u00edtica clim\u00e1tica brasileira ser\u00e1 realizado em Teresina, nesta sexta-feira, dia 02, com a presen\u00e7a dos ministros do Meio Ambiente e Mudan\u00e7a do Clima, Marina Silva, da Secretaria Geral da Presid\u00eancia da Rep\u00fablica, M\u00e1rcio Mac\u00eado, do Desenvolvimento e Assist\u00eancia Social, Fam\u00edlia e Combate \u00e0 Fome, Wellington Dias, a partir das 14 horas, no Centro de Conven\u00e7\u00f5es de Teresina. O governo federal escolheu os biomas brasileiros para promover as discuss\u00f5es sobre emerg\u00eancia clim\u00e1tica. As autoridades federais foram recebidas pelo governador Rafael Fonteles, pela secret\u00e1ria das Rela\u00e7\u00f5es Sociais, N\u00fabia Lopes, entre outros gestores, que participar\u00e3o das discuss\u00f5es sobre a&hellip;<\/p>\n","category_list_v2":"<a href=\"https:\/\/portal.pi.gov.br\/seres\/category\/noticias\/\" rel=\"category tag\">Not\u00edcias<\/a>","author_info_v2":{"name":"admin","url":"https:\/\/portal.pi.gov.br\/seres\/author\/admin\/"},"comments_num_v2":"0 coment\u00e1rio","jetpack_featured_media_url":"https:\/\/portal.pi.gov.br\/seres\/wp-content\/uploads\/sites\/87\/2024\/08\/clima.jpg","_links":{"self":[{"href":"https:\/\/portal.pi.gov.br\/seres\/wp-json\/wp\/v2\/posts\/2447"}],"collection":[{"href":"https:\/\/portal.pi.gov.br\/seres\/wp-json\/wp\/v2\/posts"}],"about":[{"href":"https:\/\/portal.pi.gov.br\/seres\/wp-json\/wp\/v2\/types\/post"}],"author":[{"embeddable":true,"href":"https:\/\/portal.pi.gov.br\/seres\/wp-json\/wp\/v2\/users\/1"}],"replies":[{"embeddable":true,"href":"https:\/\/portal.pi.gov.br\/seres\/wp-json\/wp\/v2\/comments?post=2447"}],"version-history":[{"count":4,"href":"https:\/\/portal.pi.gov.br\/seres\/wp-json\/wp\/v2\/posts\/2447\/revisions"}],"predecessor-version":[{"id":2453,"href":"https:\/\/portal.pi.gov.br\/seres\/wp-json\/wp\/v2\/posts\/2447\/revisions\/2453"}],"wp:featuredmedia":[{"embeddable":true,"href":"https:\/\/portal.pi.gov.br\/seres\/wp-json\/wp\/v2\/media\/2440"}],"wp:attachment":[{"href":"https:\/\/portal.pi.gov.br\/seres\/wp-json\/wp\/v2\/media?parent=2447"}],"wp:term":[{"taxonomy":"category","embeddable":true,"href":"https:\/\/portal.pi.gov.br\/seres\/wp-json\/wp\/v2\/categories?post=2447"},{"taxonomy":"post_tag","embeddable":true,"href":"https:\/\/portal.pi.gov.br\/seres\/wp-json\/wp\/v2\/tags?post=2447"}],"curies":[{"name":"wp","href":"https:\/\/api.w.org\/{rel}","templated":true}]}}