{"id":2454,"date":"2024-08-05T09:46:10","date_gmt":"2024-08-05T12:46:10","guid":{"rendered":"https:\/\/portal.pi.gov.br\/seres\/?p=2454"},"modified":"2024-08-05T09:46:10","modified_gmt":"2024-08-05T12:46:10","slug":"orcamento-participativo-opa-e-tema-de-debate-na-expo-favela-2024","status":"publish","type":"post","link":"https:\/\/portal.pi.gov.br\/seres\/2024\/08\/05\/orcamento-participativo-opa-e-tema-de-debate-na-expo-favela-2024\/","title":{"rendered":"Or\u00e7amento Participativo (OPA) \u00e9 tema de debate na Expo Favela 2024"},"content":{"rendered":"\n<p>A secret\u00e1ria das Rela\u00e7\u00f5es Sociais, N\u00fabia Lopes, esteve presente na edi\u00e7\u00e3o piauiense da Expo Favela, realizada nessa sexta (2), para dialogar sobre o Or\u00e7amento Participativo do Estado do Piau\u00ed (OPA). Com o tema &#8220;OPA: Sintonia e Conex\u00e3o com as Favelas&#8221;, o debate teve como objetivo oferecer um espa\u00e7o para o cidad\u00e3o apresentar as suas d\u00favidas sobre o projeto e entender os impactos do OPA na transforma\u00e7\u00e3o e desenvolvimento das comunidades.\u00a0<\/p>\n\n\n<div class=\"wp-block-image\">\n<figure class=\"aligncenter size-large is-resized\"><img decoding=\"async\" loading=\"lazy\" src=\"https:\/\/portal.pi.gov.br\/seres\/wp-content\/uploads\/sites\/87\/2024\/08\/WhatsApp-Image-2024-08-02-at-14.51.57-1024x683.jpeg\" alt=\"\" class=\"wp-image-2457\" width=\"539\" height=\"359\" srcset=\"https:\/\/portal.pi.gov.br\/seres\/wp-content\/uploads\/sites\/87\/2024\/08\/WhatsApp-Image-2024-08-02-at-14.51.57-1024x683.jpeg 1024w, https:\/\/portal.pi.gov.br\/seres\/wp-content\/uploads\/sites\/87\/2024\/08\/WhatsApp-Image-2024-08-02-at-14.51.57-300x200.jpeg 300w, https:\/\/portal.pi.gov.br\/seres\/wp-content\/uploads\/sites\/87\/2024\/08\/WhatsApp-Image-2024-08-02-at-14.51.57-768x512.jpeg 768w, https:\/\/portal.pi.gov.br\/seres\/wp-content\/uploads\/sites\/87\/2024\/08\/WhatsApp-Image-2024-08-02-at-14.51.57-420x280.jpeg 420w, https:\/\/portal.pi.gov.br\/seres\/wp-content\/uploads\/sites\/87\/2024\/08\/WhatsApp-Image-2024-08-02-at-14.51.57-540x360.jpeg 540w, https:\/\/portal.pi.gov.br\/seres\/wp-content\/uploads\/sites\/87\/2024\/08\/WhatsApp-Image-2024-08-02-at-14.51.57-780x521.jpeg 780w, https:\/\/portal.pi.gov.br\/seres\/wp-content\/uploads\/sites\/87\/2024\/08\/WhatsApp-Image-2024-08-02-at-14.51.57-1536x1025.jpeg 1536w, https:\/\/portal.pi.gov.br\/seres\/wp-content\/uploads\/sites\/87\/2024\/08\/WhatsApp-Image-2024-08-02-at-14.51.57-2048x1367.jpeg 2048w, https:\/\/portal.pi.gov.br\/seres\/wp-content\/uploads\/sites\/87\/2024\/08\/WhatsApp-Image-2024-08-02-at-14.51.57-947x632.jpeg 947w, https:\/\/portal.pi.gov.br\/seres\/wp-content\/uploads\/sites\/87\/2024\/08\/WhatsApp-Image-2024-08-02-at-14.51.57-624x416.jpeg 624w, https:\/\/portal.pi.gov.br\/seres\/wp-content\/uploads\/sites\/87\/2024\/08\/WhatsApp-Image-2024-08-02-at-14.51.57-84x56.jpeg 84w\" sizes=\"(max-width: 539px) 100vw, 539px\" \/><\/figure><\/div>\n\n\n<p>A conversa, que contou com a participa\u00e7\u00e3o do secret\u00e1rio do Planejamento Washington Bonfim, tratou sobre a participa\u00e7\u00e3o ativa das associa\u00e7\u00f5es de moradores e coletivos locais, como representantes das escolhas do povo na organiza\u00e7\u00e3o de projetos e pol\u00edticas que atendam as demandas da sociedade, al\u00e9m de aproximar o cidad\u00e3o do poder p\u00fablico.\u00a0<\/p>\n\n\n<div class=\"wp-block-image\">\n<figure class=\"aligncenter is-resized\"><img decoding=\"async\" loading=\"lazy\" src=\"https:\/\/admin.pi.gov.br\/uploads\/imagem_099debce51.jpeg\" alt=\"imagem.jpeg\" width=\"543\" height=\"453\" \/><\/figure><\/div>\n\n\n<p>O secret\u00e1rio Washington Bonfim destacou a import\u00e2ncia do OPA e sua rela\u00e7\u00e3o com a inova\u00e7\u00e3o e a democracia digital. \u201cNa realidade, \u00e9 sempre muito importante falar do or\u00e7amento participativo digital do Estado, especialmente aqui no Expo Favela, porque o OPA tem tudo a ver com inova\u00e7\u00e3o. Ele usa plataformas digitais para trazer democracia e para direcionar recursos p\u00fablicos \u00e0s comunidades mais carentes da zona urbana e rural dos cinco maiores munic\u00edpios do Estado\u201d, declarou.&nbsp;<\/p>\n\n\n\n<p><strong>Sobre o evento&nbsp;<\/strong><\/p>\n\n\n\n<p>A Expo Favela Innnovation \u00e9 uma iniciativa da Favela Holding e Central \u00danica das Favelas (Cufa Piau\u00ed). O evento de neg\u00f3cios e inova\u00e7\u00e3o busca dar visibilidade ao potencial econ\u00f4mico da periferia. Esse ano o evento acontece nos dias 3 e 4 de Agosto no Sesc Caju\u00edna.&nbsp;<\/p>\n\n\n\n<p>Al\u00e9m da feira, a programa\u00e7\u00e3o da Expo Favela Innovation Piau\u00ed 2024 conta com palestras, workshops, exposi\u00e7\u00f5es, rodadas de neg\u00f3cios, mentorias, debates, cursos, shows, filmes, desfiles e outras iniciativas criadas por empreendedores das comunidades da capital e do interior do estado.&nbsp;<\/p>\n\n\n\n<p>Toda programa\u00e7\u00e3o \u00e9 gratuita e aberta ao p\u00fablico. O evento conta com o patroc\u00ednio do Governo do Estado do Piau\u00ed, por meio da Secretaria de Estado da Cultura (Secult), e Equatorial Piau\u00ed por meio do Sistema de Incentivo Estadual \u00e0 Cultura (Siec).<\/p>\n","protected":false},"excerpt":{"rendered":"<p>A secret\u00e1ria das Rela\u00e7\u00f5es Sociais, N\u00fabia Lopes, esteve presente na edi\u00e7\u00e3o piauiense da Expo Favela, realizada nessa sexta (2), para dialogar sobre o Or\u00e7amento Participativo do Estado do Piau\u00ed (OPA). [&hellip;]<\/p>\n","protected":false},"author":1,"featured_media":2456,"comment_status":"closed","ping_status":"closed","sticky":false,"template":"","format":"standard","meta":[],"categories":[34],"tags":[62,47,41],"featured_image_urls":{"full":["https:\/\/portal.pi.gov.br\/seres\/wp-content\/uploads\/sites\/87\/2024\/08\/WhatsApp-Image-2024-08-02-at-14.51.57-1-scaled.jpeg",2560,1707,false],"thumbnail":["https:\/\/portal.pi.gov.br\/seres\/wp-content\/uploads\/sites\/87\/2024\/08\/WhatsApp-Image-2024-08-02-at-14.51.57-1-150x150.jpeg",150,150,true],"medium":["https:\/\/portal.pi.gov.br\/seres\/wp-content\/uploads\/sites\/87\/2024\/08\/WhatsApp-Image-2024-08-02-at-14.51.57-1-300x200.jpeg",300,200,true],"medium_large":["https:\/\/portal.pi.gov.br\/seres\/wp-content\/uploads\/sites\/87\/2024\/08\/WhatsApp-Image-2024-08-02-at-14.51.57-1-768x512.jpeg",768,512,true],"large":["https:\/\/portal.pi.gov.br\/seres\/wp-content\/uploads\/sites\/87\/2024\/08\/WhatsApp-Image-2024-08-02-at-14.51.57-1-1024x683.jpeg",887,592,true],"sgg-420":["https:\/\/portal.pi.gov.br\/seres\/wp-content\/uploads\/sites\/87\/2024\/08\/WhatsApp-Image-2024-08-02-at-14.51.57-1-420x280.jpeg",420,280,true],"sgg-540":["https:\/\/portal.pi.gov.br\/seres\/wp-content\/uploads\/sites\/87\/2024\/08\/WhatsApp-Image-2024-08-02-at-14.51.57-1-540x360.jpeg",540,360,true],"sgg-780":["https:\/\/portal.pi.gov.br\/seres\/wp-content\/uploads\/sites\/87\/2024\/08\/WhatsApp-Image-2024-08-02-at-14.51.57-1-780x520.jpeg",780,520,true],"1536x1536":["https:\/\/portal.pi.gov.br\/seres\/wp-content\/uploads\/sites\/87\/2024\/08\/WhatsApp-Image-2024-08-02-at-14.51.57-1-1536x1024.jpeg",1536,1024,true],"2048x2048":["https:\/\/portal.pi.gov.br\/seres\/wp-content\/uploads\/sites\/87\/2024\/08\/WhatsApp-Image-2024-08-02-at-14.51.57-1-2048x1366.jpeg",2048,1366,true],"homepage-slider":["https:\/\/portal.pi.gov.br\/seres\/wp-content\/uploads\/sites\/87\/2024\/08\/WhatsApp-Image-2024-08-02-at-14.51.57-1-1270x500.jpeg",1270,500,true],"homepage-slider-small":["https:\/\/portal.pi.gov.br\/seres\/wp-content\/uploads\/sites\/87\/2024\/08\/WhatsApp-Image-2024-08-02-at-14.51.57-1-947x500.jpeg",947,500,true],"page-top":["https:\/\/portal.pi.gov.br\/seres\/wp-content\/uploads\/sites\/87\/2024\/08\/WhatsApp-Image-2024-08-02-at-14.51.57-1-947x631.jpeg",947,631,true],"page-small":["https:\/\/portal.pi.gov.br\/seres\/wp-content\/uploads\/sites\/87\/2024\/08\/WhatsApp-Image-2024-08-02-at-14.51.57-1-624x416.jpeg",624,416,true],"loop-main":["https:\/\/portal.pi.gov.br\/seres\/wp-content\/uploads\/sites\/87\/2024\/08\/WhatsApp-Image-2024-08-02-at-14.51.57-1-365x240.jpeg",365,240,true],"thumb-gallery-widget":["https:\/\/portal.pi.gov.br\/seres\/wp-content\/uploads\/sites\/87\/2024\/08\/WhatsApp-Image-2024-08-02-at-14.51.57-1-84x56.jpeg",84,56,true]},"post_excerpt_stackable":"<p>A secret\u00e1ria das Rela\u00e7\u00f5es Sociais, N\u00fabia Lopes, esteve presente na edi\u00e7\u00e3o piauiense da Expo Favela, realizada nessa sexta (2), para dialogar sobre o Or\u00e7amento Participativo do Estado do Piau\u00ed (OPA). Com o tema &#8220;OPA: Sintonia e Conex\u00e3o com as Favelas&#8221;, o debate teve como objetivo oferecer um espa\u00e7o para o cidad\u00e3o apresentar as suas d\u00favidas sobre o projeto e entender os impactos do OPA na transforma\u00e7\u00e3o e desenvolvimento das comunidades.\u00a0 A conversa, que contou com a participa\u00e7\u00e3o do secret\u00e1rio do Planejamento Washington Bonfim, tratou sobre a participa\u00e7\u00e3o ativa das associa\u00e7\u00f5es de moradores e coletivos locais, como representantes das escolhas do&hellip;<\/p>\n","category_list":"<a href=\"https:\/\/portal.pi.gov.br\/seres\/category\/noticias\/\" rel=\"category tag\">Not\u00edcias<\/a>","author_info":{"name":"admin","url":"https:\/\/portal.pi.gov.br\/seres\/author\/admin\/"},"comments_num":"0 coment\u00e1rio","featured_image_urls_v2":{"full":["https:\/\/portal.pi.gov.br\/seres\/wp-content\/uploads\/sites\/87\/2024\/08\/WhatsApp-Image-2024-08-02-at-14.51.57-1-scaled.jpeg",2560,1707,false],"thumbnail":["https:\/\/portal.pi.gov.br\/seres\/wp-content\/uploads\/sites\/87\/2024\/08\/WhatsApp-Image-2024-08-02-at-14.51.57-1-150x150.jpeg",150,150,true],"medium":["https:\/\/portal.pi.gov.br\/seres\/wp-content\/uploads\/sites\/87\/2024\/08\/WhatsApp-Image-2024-08-02-at-14.51.57-1-300x200.jpeg",300,200,true],"medium_large":["https:\/\/portal.pi.gov.br\/seres\/wp-content\/uploads\/sites\/87\/2024\/08\/WhatsApp-Image-2024-08-02-at-14.51.57-1-768x512.jpeg",768,512,true],"large":["https:\/\/portal.pi.gov.br\/seres\/wp-content\/uploads\/sites\/87\/2024\/08\/WhatsApp-Image-2024-08-02-at-14.51.57-1-1024x683.jpeg",887,592,true],"sgg-420":["https:\/\/portal.pi.gov.br\/seres\/wp-content\/uploads\/sites\/87\/2024\/08\/WhatsApp-Image-2024-08-02-at-14.51.57-1-420x280.jpeg",420,280,true],"sgg-540":["https:\/\/portal.pi.gov.br\/seres\/wp-content\/uploads\/sites\/87\/2024\/08\/WhatsApp-Image-2024-08-02-at-14.51.57-1-540x360.jpeg",540,360,true],"sgg-780":["https:\/\/portal.pi.gov.br\/seres\/wp-content\/uploads\/sites\/87\/2024\/08\/WhatsApp-Image-2024-08-02-at-14.51.57-1-780x520.jpeg",780,520,true],"1536x1536":["https:\/\/portal.pi.gov.br\/seres\/wp-content\/uploads\/sites\/87\/2024\/08\/WhatsApp-Image-2024-08-02-at-14.51.57-1-1536x1024.jpeg",1536,1024,true],"2048x2048":["https:\/\/portal.pi.gov.br\/seres\/wp-content\/uploads\/sites\/87\/2024\/08\/WhatsApp-Image-2024-08-02-at-14.51.57-1-2048x1366.jpeg",2048,1366,true],"homepage-slider":["https:\/\/portal.pi.gov.br\/seres\/wp-content\/uploads\/sites\/87\/2024\/08\/WhatsApp-Image-2024-08-02-at-14.51.57-1-1270x500.jpeg",1270,500,true],"homepage-slider-small":["https:\/\/portal.pi.gov.br\/seres\/wp-content\/uploads\/sites\/87\/2024\/08\/WhatsApp-Image-2024-08-02-at-14.51.57-1-947x500.jpeg",947,500,true],"page-top":["https:\/\/portal.pi.gov.br\/seres\/wp-content\/uploads\/sites\/87\/2024\/08\/WhatsApp-Image-2024-08-02-at-14.51.57-1-947x631.jpeg",947,631,true],"page-small":["https:\/\/portal.pi.gov.br\/seres\/wp-content\/uploads\/sites\/87\/2024\/08\/WhatsApp-Image-2024-08-02-at-14.51.57-1-624x416.jpeg",624,416,true],"loop-main":["https:\/\/portal.pi.gov.br\/seres\/wp-content\/uploads\/sites\/87\/2024\/08\/WhatsApp-Image-2024-08-02-at-14.51.57-1-365x240.jpeg",365,240,true],"thumb-gallery-widget":["https:\/\/portal.pi.gov.br\/seres\/wp-content\/uploads\/sites\/87\/2024\/08\/WhatsApp-Image-2024-08-02-at-14.51.57-1-84x56.jpeg",84,56,true]},"post_excerpt_stackable_v2":"<p>A secret\u00e1ria das Rela\u00e7\u00f5es Sociais, N\u00fabia Lopes, esteve presente na edi\u00e7\u00e3o piauiense da Expo Favela, realizada nessa sexta (2), para dialogar sobre o Or\u00e7amento Participativo do Estado do Piau\u00ed (OPA). Com o tema &#8220;OPA: Sintonia e Conex\u00e3o com as Favelas&#8221;, o debate teve como objetivo oferecer um espa\u00e7o para o cidad\u00e3o apresentar as suas d\u00favidas sobre o projeto e entender os impactos do OPA na transforma\u00e7\u00e3o e desenvolvimento das comunidades.\u00a0 A conversa, que contou com a participa\u00e7\u00e3o do secret\u00e1rio do Planejamento Washington Bonfim, tratou sobre a participa\u00e7\u00e3o ativa das associa\u00e7\u00f5es de moradores e coletivos locais, como representantes das escolhas do&hellip;<\/p>\n","category_list_v2":"<a href=\"https:\/\/portal.pi.gov.br\/seres\/category\/noticias\/\" rel=\"category tag\">Not\u00edcias<\/a>","author_info_v2":{"name":"admin","url":"https:\/\/portal.pi.gov.br\/seres\/author\/admin\/"},"comments_num_v2":"0 coment\u00e1rio","jetpack_featured_media_url":"https:\/\/portal.pi.gov.br\/seres\/wp-content\/uploads\/sites\/87\/2024\/08\/WhatsApp-Image-2024-08-02-at-14.51.57-1-scaled.jpeg","_links":{"self":[{"href":"https:\/\/portal.pi.gov.br\/seres\/wp-json\/wp\/v2\/posts\/2454"}],"collection":[{"href":"https:\/\/portal.pi.gov.br\/seres\/wp-json\/wp\/v2\/posts"}],"about":[{"href":"https:\/\/portal.pi.gov.br\/seres\/wp-json\/wp\/v2\/types\/post"}],"author":[{"embeddable":true,"href":"https:\/\/portal.pi.gov.br\/seres\/wp-json\/wp\/v2\/users\/1"}],"replies":[{"embeddable":true,"href":"https:\/\/portal.pi.gov.br\/seres\/wp-json\/wp\/v2\/comments?post=2454"}],"version-history":[{"count":1,"href":"https:\/\/portal.pi.gov.br\/seres\/wp-json\/wp\/v2\/posts\/2454\/revisions"}],"predecessor-version":[{"id":2460,"href":"https:\/\/portal.pi.gov.br\/seres\/wp-json\/wp\/v2\/posts\/2454\/revisions\/2460"}],"wp:featuredmedia":[{"embeddable":true,"href":"https:\/\/portal.pi.gov.br\/seres\/wp-json\/wp\/v2\/media\/2456"}],"wp:attachment":[{"href":"https:\/\/portal.pi.gov.br\/seres\/wp-json\/wp\/v2\/media?parent=2454"}],"wp:term":[{"taxonomy":"category","embeddable":true,"href":"https:\/\/portal.pi.gov.br\/seres\/wp-json\/wp\/v2\/categories?post=2454"},{"taxonomy":"post_tag","embeddable":true,"href":"https:\/\/portal.pi.gov.br\/seres\/wp-json\/wp\/v2\/tags?post=2454"}],"curies":[{"name":"wp","href":"https:\/\/api.w.org\/{rel}","templated":true}]}}