{"id":2472,"date":"2024-08-16T09:12:25","date_gmt":"2024-08-16T12:12:25","guid":{"rendered":"https:\/\/portal.pi.gov.br\/seres\/?p=2472"},"modified":"2024-08-19T09:19:07","modified_gmt":"2024-08-19T12:19:07","slug":"em-inauguracao-de-obras-em-parnaiba-secretaria-nubia-lopes-comemora-sucesso-do-opa","status":"publish","type":"post","link":"https:\/\/portal.pi.gov.br\/seres\/2024\/08\/16\/em-inauguracao-de-obras-em-parnaiba-secretaria-nubia-lopes-comemora-sucesso-do-opa\/","title":{"rendered":"Em inaugura\u00e7\u00e3o de obras em Parna\u00edba, secret\u00e1ria N\u00fabia Lopes comemora sucesso do OPA"},"content":{"rendered":"\n<p>A secret\u00e1ria de Estado das Rela\u00e7\u00f5es Sociais, N\u00fabia Lopes, participou, na manh\u00e3 desta sexta-feira (16), da solenidade de entrega de duas obras do Or\u00e7amento Participativo (OPA) 2023\/2024 que foram executadas em Parna\u00edba. N\u00fabia comemorou a amplia\u00e7\u00e3o do OPA para outras cidades e destacou a ampla participa\u00e7\u00e3o popular, que \u00e9 a marca do sucesso do programa.<\/p>\n\n\n<div class=\"wp-block-image\">\n<figure class=\"aligncenter size-full is-resized\"><img decoding=\"async\" loading=\"lazy\" src=\"https:\/\/portal.pi.gov.br\/seres\/wp-content\/uploads\/sites\/87\/2024\/08\/opa11.png\" alt=\"\" class=\"wp-image-2473\" width=\"511\" height=\"404\" srcset=\"https:\/\/portal.pi.gov.br\/seres\/wp-content\/uploads\/sites\/87\/2024\/08\/opa11.png 958w, https:\/\/portal.pi.gov.br\/seres\/wp-content\/uploads\/sites\/87\/2024\/08\/opa11-300x238.png 300w, https:\/\/portal.pi.gov.br\/seres\/wp-content\/uploads\/sites\/87\/2024\/08\/opa11-768x608.png 768w, https:\/\/portal.pi.gov.br\/seres\/wp-content\/uploads\/sites\/87\/2024\/08\/opa11-420x333.png 420w, https:\/\/portal.pi.gov.br\/seres\/wp-content\/uploads\/sites\/87\/2024\/08\/opa11-540x428.png 540w, https:\/\/portal.pi.gov.br\/seres\/wp-content\/uploads\/sites\/87\/2024\/08\/opa11-780x618.png 780w, https:\/\/portal.pi.gov.br\/seres\/wp-content\/uploads\/sites\/87\/2024\/08\/opa11-947x750.png 947w, https:\/\/portal.pi.gov.br\/seres\/wp-content\/uploads\/sites\/87\/2024\/08\/opa11-624x494.png 624w\" sizes=\"(max-width: 511px) 100vw, 511px\" \/><\/figure><\/div>\n\n\n<p>Para N\u00fabia Lopes, as obras representam muito para as comunidades, que t\u00eam confirmado o sucesso do OPA. \u201c\u00c9 a demonstra\u00e7\u00e3o do compromisso do governador Rafael Fonteles com as comunidades. Essas s\u00e3o obras importantes, foram escolhidas diretamente pela popula\u00e7\u00e3o e eles j\u00e1 ganharam novas obras para o ano que vem. S\u00e3o obras de pouco recurso e muito impacto\u201d, avalia.<\/p>\n\n\n<div class=\"wp-block-image\">\n<figure class=\"aligncenter is-resized\"><img decoding=\"async\" loading=\"lazy\" src=\"https:\/\/admin.pi.gov.br\/uploads\/Inauguracao_calcamento_bairro_Sabiazal_Parnaiba_Gilasio_4_48c4c95e9b.jpeg\" alt=\"\" width=\"519\" height=\"345\" \/><\/figure><\/div>\n\n\n<p>Or\u00e7adas em R$337 mil, as duas obras, juntas, somam 3,3 mil metros quadrados de cal\u00e7amento que beneficiaram a Rua Maquinista Jos\u00e9 Pretinho, com 300 metros quadrados, e a Avenida Armando Cajub\u00e1, com 3 mil.<\/p>\n\n\n\n<p><strong>R$10 milh\u00f5es ser\u00e3o destinados a Parna\u00edba<\/strong><\/p>\n\n\n\n<p>Recentemente o governador Rafael Fonteles divulgou as novas obras eleitas pela popula\u00e7\u00e3o atrav\u00e9s do OPA para o per\u00edodo 2024-2025. Para Parna\u00edba, mais 21 obras ir\u00e3o beneficiar a popula\u00e7\u00e3o nas \u00e1reas de mobilidade urbana, urbaniza\u00e7\u00e3o, lazer e seguran\u00e7a h\u00eddrica. Ao todo, ser\u00e3o R$ 10 milh\u00f5es destinados ao munic\u00edpio.<\/p>\n\n\n\n<p><strong>Sobre o OPA<\/strong><\/p>\n\n\n\n<p>O OPA permite que a popula\u00e7\u00e3o participe da elabora\u00e7\u00e3o do or\u00e7amento anual do Governo do Estado do Piau\u00ed. Com o programa, os piauienses podem indicar obras para fazer parte do cronograma de execu\u00e7\u00e3o do or\u00e7amento. Entidades civis, a exemplo de associa\u00e7\u00f5es de moradores, atuam como representantes do povo para indicar obras, cuja viabilidade \u00e9 analisada para, em seguida, serem submetidas \u00e0 vota\u00e7\u00e3o popular pela internet. Em Parna\u00edba, mais obras est\u00e3o previstas para o OPA 2024-2025.&nbsp;<\/p>\n","protected":false},"excerpt":{"rendered":"<p>A secret\u00e1ria de Estado das Rela\u00e7\u00f5es Sociais, N\u00fabia Lopes, participou, na manh\u00e3 desta sexta-feira (16), da solenidade de entrega de duas obras do Or\u00e7amento Participativo (OPA) 2023\/2024 que foram executadas [&hellip;]<\/p>\n","protected":false},"author":1,"featured_media":2473,"comment_status":"closed","ping_status":"closed","sticky":false,"template":"","format":"standard","meta":[],"categories":[34],"tags":[62,55,47,41],"featured_image_urls":{"full":["https:\/\/portal.pi.gov.br\/seres\/wp-content\/uploads\/sites\/87\/2024\/08\/opa11.png",958,759,false],"thumbnail":["https:\/\/portal.pi.gov.br\/seres\/wp-content\/uploads\/sites\/87\/2024\/08\/opa11-150x150.png",150,150,true],"medium":["https:\/\/portal.pi.gov.br\/seres\/wp-content\/uploads\/sites\/87\/2024\/08\/opa11-300x238.png",300,238,true],"medium_large":["https:\/\/portal.pi.gov.br\/seres\/wp-content\/uploads\/sites\/87\/2024\/08\/opa11-768x608.png",768,608,true],"large":["https:\/\/portal.pi.gov.br\/seres\/wp-content\/uploads\/sites\/87\/2024\/08\/opa11.png",887,703,false],"sgg-420":["https:\/\/portal.pi.gov.br\/seres\/wp-content\/uploads\/sites\/87\/2024\/08\/opa11-420x333.png",420,333,true],"sgg-540":["https:\/\/portal.pi.gov.br\/seres\/wp-content\/uploads\/sites\/87\/2024\/08\/opa11-540x428.png",540,428,true],"sgg-780":["https:\/\/portal.pi.gov.br\/seres\/wp-content\/uploads\/sites\/87\/2024\/08\/opa11-780x618.png",780,618,true],"1536x1536":["https:\/\/portal.pi.gov.br\/seres\/wp-content\/uploads\/sites\/87\/2024\/08\/opa11.png",958,759,false],"2048x2048":["https:\/\/portal.pi.gov.br\/seres\/wp-content\/uploads\/sites\/87\/2024\/08\/opa11.png",958,759,false],"homepage-slider":["https:\/\/portal.pi.gov.br\/seres\/wp-content\/uploads\/sites\/87\/2024\/08\/opa11-958x500.png",958,500,true],"homepage-slider-small":["https:\/\/portal.pi.gov.br\/seres\/wp-content\/uploads\/sites\/87\/2024\/08\/opa11-947x500.png",947,500,true],"page-top":["https:\/\/portal.pi.gov.br\/seres\/wp-content\/uploads\/sites\/87\/2024\/08\/opa11-947x750.png",947,750,true],"page-small":["https:\/\/portal.pi.gov.br\/seres\/wp-content\/uploads\/sites\/87\/2024\/08\/opa11-624x494.png",624,494,true],"loop-main":["https:\/\/portal.pi.gov.br\/seres\/wp-content\/uploads\/sites\/87\/2024\/08\/opa11-365x240.png",365,240,true],"thumb-gallery-widget":["https:\/\/portal.pi.gov.br\/seres\/wp-content\/uploads\/sites\/87\/2024\/08\/opa11-84x56.png",84,56,true]},"post_excerpt_stackable":"<p>A secret\u00e1ria de Estado das Rela\u00e7\u00f5es Sociais, N\u00fabia Lopes, participou, na manh\u00e3 desta sexta-feira (16), da solenidade de entrega de duas obras do Or\u00e7amento Participativo (OPA) 2023\/2024 que foram executadas em Parna\u00edba. N\u00fabia comemorou a amplia\u00e7\u00e3o do OPA para outras cidades e destacou a ampla participa\u00e7\u00e3o popular, que \u00e9 a marca do sucesso do programa. Para N\u00fabia Lopes, as obras representam muito para as comunidades, que t\u00eam confirmado o sucesso do OPA. \u201c\u00c9 a demonstra\u00e7\u00e3o do compromisso do governador Rafael Fonteles com as comunidades. Essas s\u00e3o obras importantes, foram escolhidas diretamente pela popula\u00e7\u00e3o e eles j\u00e1 ganharam novas obras para&hellip;<\/p>\n","category_list":"<a href=\"https:\/\/portal.pi.gov.br\/seres\/category\/noticias\/\" rel=\"category tag\">Not\u00edcias<\/a>","author_info":{"name":"admin","url":"https:\/\/portal.pi.gov.br\/seres\/author\/admin\/"},"comments_num":"0 coment\u00e1rio","featured_image_urls_v2":{"full":["https:\/\/portal.pi.gov.br\/seres\/wp-content\/uploads\/sites\/87\/2024\/08\/opa11.png",958,759,false],"thumbnail":["https:\/\/portal.pi.gov.br\/seres\/wp-content\/uploads\/sites\/87\/2024\/08\/opa11-150x150.png",150,150,true],"medium":["https:\/\/portal.pi.gov.br\/seres\/wp-content\/uploads\/sites\/87\/2024\/08\/opa11-300x238.png",300,238,true],"medium_large":["https:\/\/portal.pi.gov.br\/seres\/wp-content\/uploads\/sites\/87\/2024\/08\/opa11-768x608.png",768,608,true],"large":["https:\/\/portal.pi.gov.br\/seres\/wp-content\/uploads\/sites\/87\/2024\/08\/opa11.png",887,703,false],"sgg-420":["https:\/\/portal.pi.gov.br\/seres\/wp-content\/uploads\/sites\/87\/2024\/08\/opa11-420x333.png",420,333,true],"sgg-540":["https:\/\/portal.pi.gov.br\/seres\/wp-content\/uploads\/sites\/87\/2024\/08\/opa11-540x428.png",540,428,true],"sgg-780":["https:\/\/portal.pi.gov.br\/seres\/wp-content\/uploads\/sites\/87\/2024\/08\/opa11-780x618.png",780,618,true],"1536x1536":["https:\/\/portal.pi.gov.br\/seres\/wp-content\/uploads\/sites\/87\/2024\/08\/opa11.png",958,759,false],"2048x2048":["https:\/\/portal.pi.gov.br\/seres\/wp-content\/uploads\/sites\/87\/2024\/08\/opa11.png",958,759,false],"homepage-slider":["https:\/\/portal.pi.gov.br\/seres\/wp-content\/uploads\/sites\/87\/2024\/08\/opa11-958x500.png",958,500,true],"homepage-slider-small":["https:\/\/portal.pi.gov.br\/seres\/wp-content\/uploads\/sites\/87\/2024\/08\/opa11-947x500.png",947,500,true],"page-top":["https:\/\/portal.pi.gov.br\/seres\/wp-content\/uploads\/sites\/87\/2024\/08\/opa11-947x750.png",947,750,true],"page-small":["https:\/\/portal.pi.gov.br\/seres\/wp-content\/uploads\/sites\/87\/2024\/08\/opa11-624x494.png",624,494,true],"loop-main":["https:\/\/portal.pi.gov.br\/seres\/wp-content\/uploads\/sites\/87\/2024\/08\/opa11-365x240.png",365,240,true],"thumb-gallery-widget":["https:\/\/portal.pi.gov.br\/seres\/wp-content\/uploads\/sites\/87\/2024\/08\/opa11-84x56.png",84,56,true]},"post_excerpt_stackable_v2":"<p>A secret\u00e1ria de Estado das Rela\u00e7\u00f5es Sociais, N\u00fabia Lopes, participou, na manh\u00e3 desta sexta-feira (16), da solenidade de entrega de duas obras do Or\u00e7amento Participativo (OPA) 2023\/2024 que foram executadas em Parna\u00edba. N\u00fabia comemorou a amplia\u00e7\u00e3o do OPA para outras cidades e destacou a ampla participa\u00e7\u00e3o popular, que \u00e9 a marca do sucesso do programa. Para N\u00fabia Lopes, as obras representam muito para as comunidades, que t\u00eam confirmado o sucesso do OPA. \u201c\u00c9 a demonstra\u00e7\u00e3o do compromisso do governador Rafael Fonteles com as comunidades. Essas s\u00e3o obras importantes, foram escolhidas diretamente pela popula\u00e7\u00e3o e eles j\u00e1 ganharam novas obras para&hellip;<\/p>\n","category_list_v2":"<a href=\"https:\/\/portal.pi.gov.br\/seres\/category\/noticias\/\" rel=\"category tag\">Not\u00edcias<\/a>","author_info_v2":{"name":"admin","url":"https:\/\/portal.pi.gov.br\/seres\/author\/admin\/"},"comments_num_v2":"0 coment\u00e1rio","jetpack_featured_media_url":"https:\/\/portal.pi.gov.br\/seres\/wp-content\/uploads\/sites\/87\/2024\/08\/opa11.png","_links":{"self":[{"href":"https:\/\/portal.pi.gov.br\/seres\/wp-json\/wp\/v2\/posts\/2472"}],"collection":[{"href":"https:\/\/portal.pi.gov.br\/seres\/wp-json\/wp\/v2\/posts"}],"about":[{"href":"https:\/\/portal.pi.gov.br\/seres\/wp-json\/wp\/v2\/types\/post"}],"author":[{"embeddable":true,"href":"https:\/\/portal.pi.gov.br\/seres\/wp-json\/wp\/v2\/users\/1"}],"replies":[{"embeddable":true,"href":"https:\/\/portal.pi.gov.br\/seres\/wp-json\/wp\/v2\/comments?post=2472"}],"version-history":[{"count":1,"href":"https:\/\/portal.pi.gov.br\/seres\/wp-json\/wp\/v2\/posts\/2472\/revisions"}],"predecessor-version":[{"id":2474,"href":"https:\/\/portal.pi.gov.br\/seres\/wp-json\/wp\/v2\/posts\/2472\/revisions\/2474"}],"wp:featuredmedia":[{"embeddable":true,"href":"https:\/\/portal.pi.gov.br\/seres\/wp-json\/wp\/v2\/media\/2473"}],"wp:attachment":[{"href":"https:\/\/portal.pi.gov.br\/seres\/wp-json\/wp\/v2\/media?parent=2472"}],"wp:term":[{"taxonomy":"category","embeddable":true,"href":"https:\/\/portal.pi.gov.br\/seres\/wp-json\/wp\/v2\/categories?post=2472"},{"taxonomy":"post_tag","embeddable":true,"href":"https:\/\/portal.pi.gov.br\/seres\/wp-json\/wp\/v2\/tags?post=2472"}],"curies":[{"name":"wp","href":"https:\/\/api.w.org\/{rel}","templated":true}]}}