{"id":2482,"date":"2024-08-29T10:48:40","date_gmt":"2024-08-29T13:48:40","guid":{"rendered":"https:\/\/portal.pi.gov.br\/seres\/?p=2482"},"modified":"2024-08-29T10:51:59","modified_gmt":"2024-08-29T13:51:59","slug":"seres-participa-do-1o-encontro-piauiense-de-habitacao-social","status":"publish","type":"post","link":"https:\/\/portal.pi.gov.br\/seres\/2024\/08\/29\/seres-participa-do-1o-encontro-piauiense-de-habitacao-social\/","title":{"rendered":"Seres participa do 1\u00ba Encontro Piauiense de Habita\u00e7\u00e3o Social"},"content":{"rendered":"\n<p>A secret\u00e1ria de Estado das Rela\u00e7\u00f5es Sociais, N\u00fabia Lopes, representou o governador Rafael Fonteles na abertura do 1\u00ba Encontro Piauiense de Habita\u00e7\u00e3o Social, que foi realizado na manh\u00e3 desta quinta-feira (29), no audit\u00f3rio do Sebrae-PI. O evento, da Federa\u00e7\u00e3o de Habita\u00e7\u00e3o do Piau\u00ed (FEHAB-PI), discutiu as pol\u00edticas habitacionais no estado.<\/p>\n\n\n<div class=\"wp-block-image\">\n<figure class=\"aligncenter is-resized\"><img decoding=\"async\" loading=\"lazy\" src=\"https:\/\/admin.pi.gov.br\/uploads\/Whats_App_Image_2024_08_29_at_10_08_30_680e89da4e.jpeg\" alt=\"WhatsApp Image 2024-08-29 at 10.08.30.jpeg\" width=\"512\" height=\"384\" \/><\/figure><\/div>\n\n\n<p>Na fala de abertura, a secret\u00e1ria N\u00fabia Lopes ressaltou a import\u00e2ncia do evento para esclarecimento, qualifica\u00e7\u00e3o e capacita\u00e7\u00e3o dos presentes. \u201cN\u00f3s estamos aqui para aprender como acessar e como contribuir para a pol\u00edtica habitacional no pa\u00eds, trazendo demandas de quem realmente precisa, de forma muito respons\u00e1vel, porque n\u00f3s sabemos que quem est\u00e1 na ponta s\u00e3o as associa\u00e7\u00f5es comunit\u00e1rias, os movimentos sociais e a sociedade civil organizada. S\u00e3o eles que trazem as demandas de quem realmente precisa\u201d, explicou.&nbsp;<\/p>\n\n\n<div class=\"wp-block-image\">\n<figure class=\"aligncenter is-resized\"><img decoding=\"async\" loading=\"lazy\" src=\"https:\/\/admin.pi.gov.br\/uploads\/Whats_App_Image_2024_08_29_at_10_11_32_646351c531.jpeg\" alt=\"WhatsApp Image 2024-08-29 at 10.11.32.jpeg\" width=\"519\" height=\"389\" \/><\/figure><\/div>\n\n\n<p>No evento foram apresentados programas que t\u00eam o objetivo de melhorar o d\u00e9ficit habitacional no pa\u00eds, como o Minha Casa Minha Vida (MCMV), que subsidia a compra da casa ou apartamento pr\u00f3prio para fam\u00edlias com renda de at\u00e9 R$ 8 mil e o MSMV Rural, que visa proporcionar moradias dignas para fam\u00edlias de baixa renda que vivem em \u00e1reas rurais, oferecendo condi\u00e7\u00f5es facilitadas para constru\u00e7\u00e3o ou reforma de casas, entre outras estrat\u00e9gias.<\/p>\n\n\n<div class=\"wp-block-image\">\n<figure class=\"aligncenter is-resized\"><img decoding=\"async\" loading=\"lazy\" src=\"https:\/\/admin.pi.gov.br\/uploads\/Whats_App_Image_2024_08_29_at_10_08_28_1_175e321ee0.jpeg\" alt=\"WhatsApp Image 2024-08-29 at 10.08.28 (1).jpeg\" width=\"521\" height=\"391\" \/><\/figure><\/div>\n\n\n<p>O encontro prop\u00f4s discuss\u00f5es com o objetivo da melhoria de qualidade de vida da popula\u00e7\u00e3o por meio do acesso \u00e0 moradia e contou com a presen\u00e7a de especialistas, gestores, autoridades e representantes da sociedade civil. Na programa\u00e7\u00e3o, diversas palestras sobre o tema, entre elas: do superintendente de habita\u00e7\u00e3o da Caixa Econ\u00f4mica Federal no Piau\u00ed, Hermenegildo Pestana; do secret\u00e1rio Nacional de Habita\u00e7\u00e3o, Hailton Madureira e da prof. Dra. Divam\u00e9lia de Oliveira, pr\u00f3-reitora de Extens\u00e3o do Instituto Federal de Educa\u00e7\u00e3o (IFPI), em um espa\u00e7o para a troca de experi\u00eancias e boas pr\u00e1ticas entre os diferentes atores envolvidos no setor habitacional para alinhar esfor\u00e7os na cria\u00e7\u00e3o de pol\u00edticas p\u00fablicas mais eficazes e solu\u00e7\u00f5es inovadoras para o setor.<\/p>\n","protected":false},"excerpt":{"rendered":"<p>A secret\u00e1ria de Estado das Rela\u00e7\u00f5es Sociais, N\u00fabia Lopes, representou o governador Rafael Fonteles na abertura do 1\u00ba Encontro Piauiense de Habita\u00e7\u00e3o Social, que foi realizado na manh\u00e3 desta quinta-feira [&hellip;]<\/p>\n","protected":false},"author":1,"featured_media":2483,"comment_status":"closed","ping_status":"closed","sticky":false,"template":"","format":"standard","meta":[],"categories":[34],"tags":[47,41],"featured_image_urls":{"full":["https:\/\/portal.pi.gov.br\/seres\/wp-content\/uploads\/sites\/87\/2024\/08\/WhatsApp-Image-2024-08-29-at-10.08.28-scaled.jpeg",2560,1920,false],"thumbnail":["https:\/\/portal.pi.gov.br\/seres\/wp-content\/uploads\/sites\/87\/2024\/08\/WhatsApp-Image-2024-08-29-at-10.08.28-150x150.jpeg",150,150,true],"medium":["https:\/\/portal.pi.gov.br\/seres\/wp-content\/uploads\/sites\/87\/2024\/08\/WhatsApp-Image-2024-08-29-at-10.08.28-300x225.jpeg",300,225,true],"medium_large":["https:\/\/portal.pi.gov.br\/seres\/wp-content\/uploads\/sites\/87\/2024\/08\/WhatsApp-Image-2024-08-29-at-10.08.28-768x576.jpeg",768,576,true],"large":["https:\/\/portal.pi.gov.br\/seres\/wp-content\/uploads\/sites\/87\/2024\/08\/WhatsApp-Image-2024-08-29-at-10.08.28-1024x768.jpeg",887,665,true],"sgg-420":["https:\/\/portal.pi.gov.br\/seres\/wp-content\/uploads\/sites\/87\/2024\/08\/WhatsApp-Image-2024-08-29-at-10.08.28-420x315.jpeg",420,315,true],"sgg-540":["https:\/\/portal.pi.gov.br\/seres\/wp-content\/uploads\/sites\/87\/2024\/08\/WhatsApp-Image-2024-08-29-at-10.08.28-540x405.jpeg",540,405,true],"sgg-780":["https:\/\/portal.pi.gov.br\/seres\/wp-content\/uploads\/sites\/87\/2024\/08\/WhatsApp-Image-2024-08-29-at-10.08.28-780x585.jpeg",780,585,true],"1536x1536":["https:\/\/portal.pi.gov.br\/seres\/wp-content\/uploads\/sites\/87\/2024\/08\/WhatsApp-Image-2024-08-29-at-10.08.28-1536x1152.jpeg",1536,1152,true],"2048x2048":["https:\/\/portal.pi.gov.br\/seres\/wp-content\/uploads\/sites\/87\/2024\/08\/WhatsApp-Image-2024-08-29-at-10.08.28-2048x1536.jpeg",2048,1536,true],"homepage-slider":["https:\/\/portal.pi.gov.br\/seres\/wp-content\/uploads\/sites\/87\/2024\/08\/WhatsApp-Image-2024-08-29-at-10.08.28-1270x500.jpeg",1270,500,true],"homepage-slider-small":["https:\/\/portal.pi.gov.br\/seres\/wp-content\/uploads\/sites\/87\/2024\/08\/WhatsApp-Image-2024-08-29-at-10.08.28-947x500.jpeg",947,500,true],"page-top":["https:\/\/portal.pi.gov.br\/seres\/wp-content\/uploads\/sites\/87\/2024\/08\/WhatsApp-Image-2024-08-29-at-10.08.28-947x710.jpeg",947,710,true],"page-small":["https:\/\/portal.pi.gov.br\/seres\/wp-content\/uploads\/sites\/87\/2024\/08\/WhatsApp-Image-2024-08-29-at-10.08.28-624x468.jpeg",624,468,true],"loop-main":["https:\/\/portal.pi.gov.br\/seres\/wp-content\/uploads\/sites\/87\/2024\/08\/WhatsApp-Image-2024-08-29-at-10.08.28-365x240.jpeg",365,240,true],"thumb-gallery-widget":["https:\/\/portal.pi.gov.br\/seres\/wp-content\/uploads\/sites\/87\/2024\/08\/WhatsApp-Image-2024-08-29-at-10.08.28-84x56.jpeg",84,56,true]},"post_excerpt_stackable":"<p>A secret\u00e1ria de Estado das Rela\u00e7\u00f5es Sociais, N\u00fabia Lopes, representou o governador Rafael Fonteles na abertura do 1\u00ba Encontro Piauiense de Habita\u00e7\u00e3o Social, que foi realizado na manh\u00e3 desta quinta-feira (29), no audit\u00f3rio do Sebrae-PI. O evento, da Federa\u00e7\u00e3o de Habita\u00e7\u00e3o do Piau\u00ed (FEHAB-PI), discutiu as pol\u00edticas habitacionais no estado. Na fala de abertura, a secret\u00e1ria N\u00fabia Lopes ressaltou a import\u00e2ncia do evento para esclarecimento, qualifica\u00e7\u00e3o e capacita\u00e7\u00e3o dos presentes. \u201cN\u00f3s estamos aqui para aprender como acessar e como contribuir para a pol\u00edtica habitacional no pa\u00eds, trazendo demandas de quem realmente precisa, de forma muito respons\u00e1vel, porque n\u00f3s sabemos que&hellip;<\/p>\n","category_list":"<a href=\"https:\/\/portal.pi.gov.br\/seres\/category\/noticias\/\" rel=\"category tag\">Not\u00edcias<\/a>","author_info":{"name":"admin","url":"https:\/\/portal.pi.gov.br\/seres\/author\/admin\/"},"comments_num":"0 coment\u00e1rio","featured_image_urls_v2":{"full":["https:\/\/portal.pi.gov.br\/seres\/wp-content\/uploads\/sites\/87\/2024\/08\/WhatsApp-Image-2024-08-29-at-10.08.28-scaled.jpeg",2560,1920,false],"thumbnail":["https:\/\/portal.pi.gov.br\/seres\/wp-content\/uploads\/sites\/87\/2024\/08\/WhatsApp-Image-2024-08-29-at-10.08.28-150x150.jpeg",150,150,true],"medium":["https:\/\/portal.pi.gov.br\/seres\/wp-content\/uploads\/sites\/87\/2024\/08\/WhatsApp-Image-2024-08-29-at-10.08.28-300x225.jpeg",300,225,true],"medium_large":["https:\/\/portal.pi.gov.br\/seres\/wp-content\/uploads\/sites\/87\/2024\/08\/WhatsApp-Image-2024-08-29-at-10.08.28-768x576.jpeg",768,576,true],"large":["https:\/\/portal.pi.gov.br\/seres\/wp-content\/uploads\/sites\/87\/2024\/08\/WhatsApp-Image-2024-08-29-at-10.08.28-1024x768.jpeg",887,665,true],"sgg-420":["https:\/\/portal.pi.gov.br\/seres\/wp-content\/uploads\/sites\/87\/2024\/08\/WhatsApp-Image-2024-08-29-at-10.08.28-420x315.jpeg",420,315,true],"sgg-540":["https:\/\/portal.pi.gov.br\/seres\/wp-content\/uploads\/sites\/87\/2024\/08\/WhatsApp-Image-2024-08-29-at-10.08.28-540x405.jpeg",540,405,true],"sgg-780":["https:\/\/portal.pi.gov.br\/seres\/wp-content\/uploads\/sites\/87\/2024\/08\/WhatsApp-Image-2024-08-29-at-10.08.28-780x585.jpeg",780,585,true],"1536x1536":["https:\/\/portal.pi.gov.br\/seres\/wp-content\/uploads\/sites\/87\/2024\/08\/WhatsApp-Image-2024-08-29-at-10.08.28-1536x1152.jpeg",1536,1152,true],"2048x2048":["https:\/\/portal.pi.gov.br\/seres\/wp-content\/uploads\/sites\/87\/2024\/08\/WhatsApp-Image-2024-08-29-at-10.08.28-2048x1536.jpeg",2048,1536,true],"homepage-slider":["https:\/\/portal.pi.gov.br\/seres\/wp-content\/uploads\/sites\/87\/2024\/08\/WhatsApp-Image-2024-08-29-at-10.08.28-1270x500.jpeg",1270,500,true],"homepage-slider-small":["https:\/\/portal.pi.gov.br\/seres\/wp-content\/uploads\/sites\/87\/2024\/08\/WhatsApp-Image-2024-08-29-at-10.08.28-947x500.jpeg",947,500,true],"page-top":["https:\/\/portal.pi.gov.br\/seres\/wp-content\/uploads\/sites\/87\/2024\/08\/WhatsApp-Image-2024-08-29-at-10.08.28-947x710.jpeg",947,710,true],"page-small":["https:\/\/portal.pi.gov.br\/seres\/wp-content\/uploads\/sites\/87\/2024\/08\/WhatsApp-Image-2024-08-29-at-10.08.28-624x468.jpeg",624,468,true],"loop-main":["https:\/\/portal.pi.gov.br\/seres\/wp-content\/uploads\/sites\/87\/2024\/08\/WhatsApp-Image-2024-08-29-at-10.08.28-365x240.jpeg",365,240,true],"thumb-gallery-widget":["https:\/\/portal.pi.gov.br\/seres\/wp-content\/uploads\/sites\/87\/2024\/08\/WhatsApp-Image-2024-08-29-at-10.08.28-84x56.jpeg",84,56,true]},"post_excerpt_stackable_v2":"<p>A secret\u00e1ria de Estado das Rela\u00e7\u00f5es Sociais, N\u00fabia Lopes, representou o governador Rafael Fonteles na abertura do 1\u00ba Encontro Piauiense de Habita\u00e7\u00e3o Social, que foi realizado na manh\u00e3 desta quinta-feira (29), no audit\u00f3rio do Sebrae-PI. O evento, da Federa\u00e7\u00e3o de Habita\u00e7\u00e3o do Piau\u00ed (FEHAB-PI), discutiu as pol\u00edticas habitacionais no estado. Na fala de abertura, a secret\u00e1ria N\u00fabia Lopes ressaltou a import\u00e2ncia do evento para esclarecimento, qualifica\u00e7\u00e3o e capacita\u00e7\u00e3o dos presentes. \u201cN\u00f3s estamos aqui para aprender como acessar e como contribuir para a pol\u00edtica habitacional no pa\u00eds, trazendo demandas de quem realmente precisa, de forma muito respons\u00e1vel, porque n\u00f3s sabemos que&hellip;<\/p>\n","category_list_v2":"<a href=\"https:\/\/portal.pi.gov.br\/seres\/category\/noticias\/\" rel=\"category tag\">Not\u00edcias<\/a>","author_info_v2":{"name":"admin","url":"https:\/\/portal.pi.gov.br\/seres\/author\/admin\/"},"comments_num_v2":"0 coment\u00e1rio","jetpack_featured_media_url":"https:\/\/portal.pi.gov.br\/seres\/wp-content\/uploads\/sites\/87\/2024\/08\/WhatsApp-Image-2024-08-29-at-10.08.28-scaled.jpeg","_links":{"self":[{"href":"https:\/\/portal.pi.gov.br\/seres\/wp-json\/wp\/v2\/posts\/2482"}],"collection":[{"href":"https:\/\/portal.pi.gov.br\/seres\/wp-json\/wp\/v2\/posts"}],"about":[{"href":"https:\/\/portal.pi.gov.br\/seres\/wp-json\/wp\/v2\/types\/post"}],"author":[{"embeddable":true,"href":"https:\/\/portal.pi.gov.br\/seres\/wp-json\/wp\/v2\/users\/1"}],"replies":[{"embeddable":true,"href":"https:\/\/portal.pi.gov.br\/seres\/wp-json\/wp\/v2\/comments?post=2482"}],"version-history":[{"count":3,"href":"https:\/\/portal.pi.gov.br\/seres\/wp-json\/wp\/v2\/posts\/2482\/revisions"}],"predecessor-version":[{"id":2486,"href":"https:\/\/portal.pi.gov.br\/seres\/wp-json\/wp\/v2\/posts\/2482\/revisions\/2486"}],"wp:featuredmedia":[{"embeddable":true,"href":"https:\/\/portal.pi.gov.br\/seres\/wp-json\/wp\/v2\/media\/2483"}],"wp:attachment":[{"href":"https:\/\/portal.pi.gov.br\/seres\/wp-json\/wp\/v2\/media?parent=2482"}],"wp:term":[{"taxonomy":"category","embeddable":true,"href":"https:\/\/portal.pi.gov.br\/seres\/wp-json\/wp\/v2\/categories?post=2482"},{"taxonomy":"post_tag","embeddable":true,"href":"https:\/\/portal.pi.gov.br\/seres\/wp-json\/wp\/v2\/tags?post=2482"}],"curies":[{"name":"wp","href":"https:\/\/api.w.org\/{rel}","templated":true}]}}