{"id":2487,"date":"2024-08-31T08:39:39","date_gmt":"2024-08-31T11:39:39","guid":{"rendered":"https:\/\/portal.pi.gov.br\/seres\/?p=2487"},"modified":"2024-09-02T08:39:59","modified_gmt":"2024-09-02T11:39:59","slug":"seres-participa-da-segunda-edicao-da-caravana-da-cidadania-em-parnaiba","status":"publish","type":"post","link":"https:\/\/portal.pi.gov.br\/seres\/2024\/08\/31\/seres-participa-da-segunda-edicao-da-caravana-da-cidadania-em-parnaiba\/","title":{"rendered":"Seres participa da segunda edi\u00e7\u00e3o da Caravana da Cidadania em Parna\u00edba"},"content":{"rendered":"\n<p>A Pra\u00e7a Vereador Arimateia Carvalho, localizada no Conjunto Joaz Souza, em Parna\u00edba, recebeu, neste s\u00e1bado (31), a segunda edi\u00e7\u00e3o da Caravana da Cidadania, que realizou mais de mil atendimentos ao cidad\u00e3o. A iniciativa foi organizada pelo Governo do Estado e teve como objetivo levar servi\u00e7os e a\u00e7\u00f5es diretamente \u00e0s comunidades nos munic\u00edpios.<\/p>\n\n\n\n<p>Diversos atendimentos foram disponibilizados \u00e0 popula\u00e7\u00e3o, incluindo orienta\u00e7\u00f5es em sa\u00fade, servi\u00e7os do Hemopi e Sine, atendimento odontol\u00f3gico, distribui\u00e7\u00e3o de mudas, cortes de cabelo, emiss\u00e3o da nova carteira de identidade nacional e atividades recreativas para crian\u00e7as, como brincadeiras e pintura de rosto. Tamb\u00e9m foram realizadas a\u00e7\u00f5es do Programa de Regulariza\u00e7\u00e3o Fundi\u00e1ria Urbana, o ProUrbe e a Seres levou informa\u00e7\u00f5es sobre o Or\u00e7amento Popular Participativo, OPA.<\/p>\n\n\n<div class=\"wp-block-image\">\n<figure class=\"aligncenter size-large is-resized\"><img decoding=\"async\" loading=\"lazy\" src=\"https:\/\/portal.pi.gov.br\/seres\/wp-content\/uploads\/sites\/87\/2024\/09\/caravanadacidadania19_796e150977-1024x682.jpg\" alt=\"\" class=\"wp-image-2488\" width=\"525\" height=\"349\" srcset=\"https:\/\/portal.pi.gov.br\/seres\/wp-content\/uploads\/sites\/87\/2024\/09\/caravanadacidadania19_796e150977-1024x682.jpg 1024w, https:\/\/portal.pi.gov.br\/seres\/wp-content\/uploads\/sites\/87\/2024\/09\/caravanadacidadania19_796e150977-300x200.jpg 300w, https:\/\/portal.pi.gov.br\/seres\/wp-content\/uploads\/sites\/87\/2024\/09\/caravanadacidadania19_796e150977-768x512.jpg 768w, https:\/\/portal.pi.gov.br\/seres\/wp-content\/uploads\/sites\/87\/2024\/09\/caravanadacidadania19_796e150977-420x280.jpg 420w, https:\/\/portal.pi.gov.br\/seres\/wp-content\/uploads\/sites\/87\/2024\/09\/caravanadacidadania19_796e150977-540x360.jpg 540w, https:\/\/portal.pi.gov.br\/seres\/wp-content\/uploads\/sites\/87\/2024\/09\/caravanadacidadania19_796e150977-780x520.jpg 780w, https:\/\/portal.pi.gov.br\/seres\/wp-content\/uploads\/sites\/87\/2024\/09\/caravanadacidadania19_796e150977-1536x1024.jpg 1536w, https:\/\/portal.pi.gov.br\/seres\/wp-content\/uploads\/sites\/87\/2024\/09\/caravanadacidadania19_796e150977-2048x1365.jpg 2048w, https:\/\/portal.pi.gov.br\/seres\/wp-content\/uploads\/sites\/87\/2024\/09\/caravanadacidadania19_796e150977-947x631.jpg 947w, https:\/\/portal.pi.gov.br\/seres\/wp-content\/uploads\/sites\/87\/2024\/09\/caravanadacidadania19_796e150977-624x416.jpg 624w, https:\/\/portal.pi.gov.br\/seres\/wp-content\/uploads\/sites\/87\/2024\/09\/caravanadacidadania19_796e150977-84x56.jpg 84w\" sizes=\"(max-width: 525px) 100vw, 525px\" \/><\/figure><\/div>\n\n\n<p>A professora Shirley Carneiro, moradora da regi\u00e3o, expressou sua satisfa\u00e7\u00e3o com os servi\u00e7os dispon\u00edveis. \u201cO evento foi excelente, oferecendo servi\u00e7os de forma pr\u00e1tica. Consegui resolver minhas necessidades e, ao mesmo tempo, conheci outras a\u00e7\u00f5es do Governo do Piau\u00ed foi gratificante\u201d, afirmou.<\/p>\n\n\n<div class=\"wp-block-image\">\n<figure class=\"aligncenter is-resized\"><img decoding=\"async\" loading=\"lazy\" src=\"https:\/\/admin.pi.gov.br\/uploads\/caravanadacidadania7_1fc8e83a62.jpg\" alt=\"caravanadacidadania7.jpg\" width=\"530\" height=\"352\" \/><\/figure><\/div>\n\n\n<p>Al\u00e9m da Secretaria das Rela\u00e7\u00f5es Sociais (Seres), esta edi\u00e7\u00e3o da Caravana da Cidadania contou com a colabora\u00e7\u00e3o de v\u00e1rias outras secretarias estaduais como: Assist\u00eancia Social, Trabalho e Direitos Humanos (Sasc), Seguran\u00e7a (SSP), Sa\u00fade (Sesapi), Educa\u00e7\u00e3o (Seduc), \u00a0Meio Ambiente e dos Recursos H\u00eddricos (Semarh), Instituto de Assist\u00eancia \u00e0 Sa\u00fade dos Servidores P\u00fablicos do Estado do Piau\u00ed (Iaspi), Empresa de Tecnologia da Informa\u00e7\u00e3o do Piau\u00ed (Etipi), Ag\u00eancia de Desenvolvimento Habitacional do Piau\u00ed (ADH-PI), Detran e Badespi, al\u00e9m do Crea e Fiepi.<\/p>\n\n\n<div class=\"wp-block-image\">\n<figure class=\"aligncenter is-resized\"><img decoding=\"async\" loading=\"lazy\" src=\"https:\/\/admin.pi.gov.br\/uploads\/caravanadacidadania14_8ff70b142a.jpg\" alt=\"caravanadacidadania14.jpg\" width=\"537\" height=\"357\" \/><\/figure><\/div>","protected":false},"excerpt":{"rendered":"<p>A Pra\u00e7a Vereador Arimateia Carvalho, localizada no Conjunto Joaz Souza, em Parna\u00edba, recebeu, neste s\u00e1bado (31), a segunda edi\u00e7\u00e3o da Caravana da Cidadania, que realizou mais de mil atendimentos ao [&hellip;]<\/p>\n","protected":false},"author":1,"featured_media":2489,"comment_status":"closed","ping_status":"closed","sticky":false,"template":"","format":"standard","meta":[],"categories":[34],"tags":[62,55,47,41],"featured_image_urls":{"full":["https:\/\/portal.pi.gov.br\/seres\/wp-content\/uploads\/sites\/87\/2024\/09\/WhatsApp-Image-2024-08-31-at-11.55.58.png",3023,2010,false],"thumbnail":["https:\/\/portal.pi.gov.br\/seres\/wp-content\/uploads\/sites\/87\/2024\/09\/WhatsApp-Image-2024-08-31-at-11.55.58-150x150.png",150,150,true],"medium":["https:\/\/portal.pi.gov.br\/seres\/wp-content\/uploads\/sites\/87\/2024\/09\/WhatsApp-Image-2024-08-31-at-11.55.58-300x199.png",300,199,true],"medium_large":["https:\/\/portal.pi.gov.br\/seres\/wp-content\/uploads\/sites\/87\/2024\/09\/WhatsApp-Image-2024-08-31-at-11.55.58-768x511.png",768,511,true],"large":["https:\/\/portal.pi.gov.br\/seres\/wp-content\/uploads\/sites\/87\/2024\/09\/WhatsApp-Image-2024-08-31-at-11.55.58-1024x681.png",887,590,true],"sgg-420":["https:\/\/portal.pi.gov.br\/seres\/wp-content\/uploads\/sites\/87\/2024\/09\/WhatsApp-Image-2024-08-31-at-11.55.58-420x279.png",420,279,true],"sgg-540":["https:\/\/portal.pi.gov.br\/seres\/wp-content\/uploads\/sites\/87\/2024\/09\/WhatsApp-Image-2024-08-31-at-11.55.58-540x359.png",540,359,true],"sgg-780":["https:\/\/portal.pi.gov.br\/seres\/wp-content\/uploads\/sites\/87\/2024\/09\/WhatsApp-Image-2024-08-31-at-11.55.58-780x519.png",780,519,true],"1536x1536":["https:\/\/portal.pi.gov.br\/seres\/wp-content\/uploads\/sites\/87\/2024\/09\/WhatsApp-Image-2024-08-31-at-11.55.58-1536x1021.png",1536,1021,true],"2048x2048":["https:\/\/portal.pi.gov.br\/seres\/wp-content\/uploads\/sites\/87\/2024\/09\/WhatsApp-Image-2024-08-31-at-11.55.58-2048x1362.png",2048,1362,true],"homepage-slider":["https:\/\/portal.pi.gov.br\/seres\/wp-content\/uploads\/sites\/87\/2024\/09\/WhatsApp-Image-2024-08-31-at-11.55.58-1270x500.png",1270,500,true],"homepage-slider-small":["https:\/\/portal.pi.gov.br\/seres\/wp-content\/uploads\/sites\/87\/2024\/09\/WhatsApp-Image-2024-08-31-at-11.55.58-947x500.png",947,500,true],"page-top":["https:\/\/portal.pi.gov.br\/seres\/wp-content\/uploads\/sites\/87\/2024\/09\/WhatsApp-Image-2024-08-31-at-11.55.58-947x630.png",947,630,true],"page-small":["https:\/\/portal.pi.gov.br\/seres\/wp-content\/uploads\/sites\/87\/2024\/09\/WhatsApp-Image-2024-08-31-at-11.55.58-624x415.png",624,415,true],"loop-main":["https:\/\/portal.pi.gov.br\/seres\/wp-content\/uploads\/sites\/87\/2024\/09\/WhatsApp-Image-2024-08-31-at-11.55.58-365x240.png",365,240,true],"thumb-gallery-widget":["https:\/\/portal.pi.gov.br\/seres\/wp-content\/uploads\/sites\/87\/2024\/09\/WhatsApp-Image-2024-08-31-at-11.55.58-84x56.png",84,56,true]},"post_excerpt_stackable":"<p>A Pra\u00e7a Vereador Arimateia Carvalho, localizada no Conjunto Joaz Souza, em Parna\u00edba, recebeu, neste s\u00e1bado (31), a segunda edi\u00e7\u00e3o da Caravana da Cidadania, que realizou mais de mil atendimentos ao cidad\u00e3o. A iniciativa foi organizada pelo Governo do Estado e teve como objetivo levar servi\u00e7os e a\u00e7\u00f5es diretamente \u00e0s comunidades nos munic\u00edpios. Diversos atendimentos foram disponibilizados \u00e0 popula\u00e7\u00e3o, incluindo orienta\u00e7\u00f5es em sa\u00fade, servi\u00e7os do Hemopi e Sine, atendimento odontol\u00f3gico, distribui\u00e7\u00e3o de mudas, cortes de cabelo, emiss\u00e3o da nova carteira de identidade nacional e atividades recreativas para crian\u00e7as, como brincadeiras e pintura de rosto. Tamb\u00e9m foram realizadas a\u00e7\u00f5es do Programa de&hellip;<\/p>\n","category_list":"<a href=\"https:\/\/portal.pi.gov.br\/seres\/category\/noticias\/\" rel=\"category tag\">Not\u00edcias<\/a>","author_info":{"name":"admin","url":"https:\/\/portal.pi.gov.br\/seres\/author\/admin\/"},"comments_num":"0 coment\u00e1rio","featured_image_urls_v2":{"full":["https:\/\/portal.pi.gov.br\/seres\/wp-content\/uploads\/sites\/87\/2024\/09\/WhatsApp-Image-2024-08-31-at-11.55.58.png",3023,2010,false],"thumbnail":["https:\/\/portal.pi.gov.br\/seres\/wp-content\/uploads\/sites\/87\/2024\/09\/WhatsApp-Image-2024-08-31-at-11.55.58-150x150.png",150,150,true],"medium":["https:\/\/portal.pi.gov.br\/seres\/wp-content\/uploads\/sites\/87\/2024\/09\/WhatsApp-Image-2024-08-31-at-11.55.58-300x199.png",300,199,true],"medium_large":["https:\/\/portal.pi.gov.br\/seres\/wp-content\/uploads\/sites\/87\/2024\/09\/WhatsApp-Image-2024-08-31-at-11.55.58-768x511.png",768,511,true],"large":["https:\/\/portal.pi.gov.br\/seres\/wp-content\/uploads\/sites\/87\/2024\/09\/WhatsApp-Image-2024-08-31-at-11.55.58-1024x681.png",887,590,true],"sgg-420":["https:\/\/portal.pi.gov.br\/seres\/wp-content\/uploads\/sites\/87\/2024\/09\/WhatsApp-Image-2024-08-31-at-11.55.58-420x279.png",420,279,true],"sgg-540":["https:\/\/portal.pi.gov.br\/seres\/wp-content\/uploads\/sites\/87\/2024\/09\/WhatsApp-Image-2024-08-31-at-11.55.58-540x359.png",540,359,true],"sgg-780":["https:\/\/portal.pi.gov.br\/seres\/wp-content\/uploads\/sites\/87\/2024\/09\/WhatsApp-Image-2024-08-31-at-11.55.58-780x519.png",780,519,true],"1536x1536":["https:\/\/portal.pi.gov.br\/seres\/wp-content\/uploads\/sites\/87\/2024\/09\/WhatsApp-Image-2024-08-31-at-11.55.58-1536x1021.png",1536,1021,true],"2048x2048":["https:\/\/portal.pi.gov.br\/seres\/wp-content\/uploads\/sites\/87\/2024\/09\/WhatsApp-Image-2024-08-31-at-11.55.58-2048x1362.png",2048,1362,true],"homepage-slider":["https:\/\/portal.pi.gov.br\/seres\/wp-content\/uploads\/sites\/87\/2024\/09\/WhatsApp-Image-2024-08-31-at-11.55.58-1270x500.png",1270,500,true],"homepage-slider-small":["https:\/\/portal.pi.gov.br\/seres\/wp-content\/uploads\/sites\/87\/2024\/09\/WhatsApp-Image-2024-08-31-at-11.55.58-947x500.png",947,500,true],"page-top":["https:\/\/portal.pi.gov.br\/seres\/wp-content\/uploads\/sites\/87\/2024\/09\/WhatsApp-Image-2024-08-31-at-11.55.58-947x630.png",947,630,true],"page-small":["https:\/\/portal.pi.gov.br\/seres\/wp-content\/uploads\/sites\/87\/2024\/09\/WhatsApp-Image-2024-08-31-at-11.55.58-624x415.png",624,415,true],"loop-main":["https:\/\/portal.pi.gov.br\/seres\/wp-content\/uploads\/sites\/87\/2024\/09\/WhatsApp-Image-2024-08-31-at-11.55.58-365x240.png",365,240,true],"thumb-gallery-widget":["https:\/\/portal.pi.gov.br\/seres\/wp-content\/uploads\/sites\/87\/2024\/09\/WhatsApp-Image-2024-08-31-at-11.55.58-84x56.png",84,56,true]},"post_excerpt_stackable_v2":"<p>A Pra\u00e7a Vereador Arimateia Carvalho, localizada no Conjunto Joaz Souza, em Parna\u00edba, recebeu, neste s\u00e1bado (31), a segunda edi\u00e7\u00e3o da Caravana da Cidadania, que realizou mais de mil atendimentos ao cidad\u00e3o. A iniciativa foi organizada pelo Governo do Estado e teve como objetivo levar servi\u00e7os e a\u00e7\u00f5es diretamente \u00e0s comunidades nos munic\u00edpios. Diversos atendimentos foram disponibilizados \u00e0 popula\u00e7\u00e3o, incluindo orienta\u00e7\u00f5es em sa\u00fade, servi\u00e7os do Hemopi e Sine, atendimento odontol\u00f3gico, distribui\u00e7\u00e3o de mudas, cortes de cabelo, emiss\u00e3o da nova carteira de identidade nacional e atividades recreativas para crian\u00e7as, como brincadeiras e pintura de rosto. Tamb\u00e9m foram realizadas a\u00e7\u00f5es do Programa de&hellip;<\/p>\n","category_list_v2":"<a href=\"https:\/\/portal.pi.gov.br\/seres\/category\/noticias\/\" rel=\"category tag\">Not\u00edcias<\/a>","author_info_v2":{"name":"admin","url":"https:\/\/portal.pi.gov.br\/seres\/author\/admin\/"},"comments_num_v2":"0 coment\u00e1rio","jetpack_featured_media_url":"https:\/\/portal.pi.gov.br\/seres\/wp-content\/uploads\/sites\/87\/2024\/09\/WhatsApp-Image-2024-08-31-at-11.55.58.png","_links":{"self":[{"href":"https:\/\/portal.pi.gov.br\/seres\/wp-json\/wp\/v2\/posts\/2487"}],"collection":[{"href":"https:\/\/portal.pi.gov.br\/seres\/wp-json\/wp\/v2\/posts"}],"about":[{"href":"https:\/\/portal.pi.gov.br\/seres\/wp-json\/wp\/v2\/types\/post"}],"author":[{"embeddable":true,"href":"https:\/\/portal.pi.gov.br\/seres\/wp-json\/wp\/v2\/users\/1"}],"replies":[{"embeddable":true,"href":"https:\/\/portal.pi.gov.br\/seres\/wp-json\/wp\/v2\/comments?post=2487"}],"version-history":[{"count":1,"href":"https:\/\/portal.pi.gov.br\/seres\/wp-json\/wp\/v2\/posts\/2487\/revisions"}],"predecessor-version":[{"id":2490,"href":"https:\/\/portal.pi.gov.br\/seres\/wp-json\/wp\/v2\/posts\/2487\/revisions\/2490"}],"wp:featuredmedia":[{"embeddable":true,"href":"https:\/\/portal.pi.gov.br\/seres\/wp-json\/wp\/v2\/media\/2489"}],"wp:attachment":[{"href":"https:\/\/portal.pi.gov.br\/seres\/wp-json\/wp\/v2\/media?parent=2487"}],"wp:term":[{"taxonomy":"category","embeddable":true,"href":"https:\/\/portal.pi.gov.br\/seres\/wp-json\/wp\/v2\/categories?post=2487"},{"taxonomy":"post_tag","embeddable":true,"href":"https:\/\/portal.pi.gov.br\/seres\/wp-json\/wp\/v2\/tags?post=2487"}],"curies":[{"name":"wp","href":"https:\/\/api.w.org\/{rel}","templated":true}]}}