{"id":2495,"date":"2024-09-05T09:55:17","date_gmt":"2024-09-05T12:55:17","guid":{"rendered":"https:\/\/portal.pi.gov.br\/seres\/?p=2495"},"modified":"2024-09-05T10:04:11","modified_gmt":"2024-09-05T13:04:11","slug":"seres-participa-da-caravana-da-cidadania-neste-sabado","status":"publish","type":"post","link":"https:\/\/portal.pi.gov.br\/seres\/2024\/09\/05\/seres-participa-da-caravana-da-cidadania-neste-sabado\/","title":{"rendered":"Seres participa da Caravana da Cidadania neste s\u00e1bado"},"content":{"rendered":"\n<p>Neste s\u00e1bado (07), a Caravana da Cidadania vai estacionar no bairro Mocambinho! O evento tem como objetivo aproximar e facilitar o acesso da popula\u00e7\u00e3o aos servi\u00e7os oferecidos pelo Governo do Estado.<\/p>\n\n\n<div class=\"wp-block-image\">\n<figure class=\"aligncenter size-large is-resized\"><img decoding=\"async\" loading=\"lazy\" src=\"https:\/\/portal.pi.gov.br\/seres\/wp-content\/uploads\/sites\/87\/2024\/09\/WhatsApp-Image-2024-09-05-at-09.22.29-819x1024.jpeg\" alt=\"\" class=\"wp-image-2496\" width=\"383\" height=\"479\" srcset=\"https:\/\/portal.pi.gov.br\/seres\/wp-content\/uploads\/sites\/87\/2024\/09\/WhatsApp-Image-2024-09-05-at-09.22.29-819x1024.jpeg 819w, https:\/\/portal.pi.gov.br\/seres\/wp-content\/uploads\/sites\/87\/2024\/09\/WhatsApp-Image-2024-09-05-at-09.22.29-240x300.jpeg 240w, https:\/\/portal.pi.gov.br\/seres\/wp-content\/uploads\/sites\/87\/2024\/09\/WhatsApp-Image-2024-09-05-at-09.22.29-768x960.jpeg 768w, https:\/\/portal.pi.gov.br\/seres\/wp-content\/uploads\/sites\/87\/2024\/09\/WhatsApp-Image-2024-09-05-at-09.22.29-336x420.jpeg 336w, https:\/\/portal.pi.gov.br\/seres\/wp-content\/uploads\/sites\/87\/2024\/09\/WhatsApp-Image-2024-09-05-at-09.22.29-432x540.jpeg 432w, https:\/\/portal.pi.gov.br\/seres\/wp-content\/uploads\/sites\/87\/2024\/09\/WhatsApp-Image-2024-09-05-at-09.22.29-624x780.jpeg 624w, https:\/\/portal.pi.gov.br\/seres\/wp-content\/uploads\/sites\/87\/2024\/09\/WhatsApp-Image-2024-09-05-at-09.22.29-947x1184.jpeg 947w, https:\/\/portal.pi.gov.br\/seres\/wp-content\/uploads\/sites\/87\/2024\/09\/WhatsApp-Image-2024-09-05-at-09.22.29.jpeg 1080w\" sizes=\"(max-width: 383px) 100vw, 383px\" \/><\/figure><\/div>\n\n\n<p>A Caravana contar\u00e1 com servi\u00e7os de diversos \u00f3rg\u00e3os estaduais, que disponibilizar\u00e3o dicas e orienta\u00e7\u00f5es de sa\u00fade, atendimentos do Hemopi e do Sine, servi\u00e7os odontol\u00f3gicos, cortes de cabelo, emiss\u00e3o da nova carteira de identidade nacional, brincadeiras e pinturas de rosto para crian\u00e7as, al\u00e9m de a\u00e7\u00f5es do Programa de Regulariza\u00e7\u00e3o Fundi\u00e1ria Urbana, o ProUrbe. A Seres estar\u00e1 presente com informa\u00e7\u00f5es sobre o OPA e outros programas desenvolvidos na secretaria.<\/p>\n\n\n\n<p>A secret\u00e1ria N\u00fabia Lopes destaca que a Caravana leva os servi\u00e7os do Governo do Estado para mais perto da popula\u00e7\u00e3o, facilitando o acesso e contribuindo para a melhoria da qualidade de vida dos cidad\u00e3os e que al\u00e9m dos servi\u00e7os, tamb\u00e9m ter\u00e1 tamb\u00e9m muito lazer e divers\u00e3o. \u201c\u00c9 um evento para toda a fam\u00edlia. \u00c9 a oportunidade para fazer a emiss\u00e3o de documentos, atendimentos de sa\u00fade, orienta\u00e7\u00f5es sobre sua moradia, e muito mais\u201d, explicou.<\/p>\n\n\n\n<p>\ud83d\uddd3 07 de setembro&nbsp;<\/p>\n\n\n\n<p>\ud83d\udccd Pra\u00e7a da Telemar, no Mocambinho<\/p>\n\n\n\n<p>\ud83d\udd52 9h \u00e0s 15h<\/p>\n\n\n\n<p>Venha e traga sua fam\u00edlia.<\/p>\n","protected":false},"excerpt":{"rendered":"<p>Neste s\u00e1bado (07), a Caravana da Cidadania vai estacionar no bairro Mocambinho! O evento tem como objetivo aproximar e facilitar o acesso da popula\u00e7\u00e3o aos servi\u00e7os oferecidos pelo Governo do [&hellip;]<\/p>\n","protected":false},"author":1,"featured_media":2496,"comment_status":"closed","ping_status":"closed","sticky":false,"template":"","format":"standard","meta":[],"categories":[34],"tags":[62,47,41],"featured_image_urls":{"full":["https:\/\/portal.pi.gov.br\/seres\/wp-content\/uploads\/sites\/87\/2024\/09\/WhatsApp-Image-2024-09-05-at-09.22.29.jpeg",1080,1350,false],"thumbnail":["https:\/\/portal.pi.gov.br\/seres\/wp-content\/uploads\/sites\/87\/2024\/09\/WhatsApp-Image-2024-09-05-at-09.22.29-150x150.jpeg",150,150,true],"medium":["https:\/\/portal.pi.gov.br\/seres\/wp-content\/uploads\/sites\/87\/2024\/09\/WhatsApp-Image-2024-09-05-at-09.22.29-240x300.jpeg",240,300,true],"medium_large":["https:\/\/portal.pi.gov.br\/seres\/wp-content\/uploads\/sites\/87\/2024\/09\/WhatsApp-Image-2024-09-05-at-09.22.29-768x960.jpeg",768,960,true],"large":["https:\/\/portal.pi.gov.br\/seres\/wp-content\/uploads\/sites\/87\/2024\/09\/WhatsApp-Image-2024-09-05-at-09.22.29-819x1024.jpeg",819,1024,true],"sgg-420":["https:\/\/portal.pi.gov.br\/seres\/wp-content\/uploads\/sites\/87\/2024\/09\/WhatsApp-Image-2024-09-05-at-09.22.29-336x420.jpeg",336,420,true],"sgg-540":["https:\/\/portal.pi.gov.br\/seres\/wp-content\/uploads\/sites\/87\/2024\/09\/WhatsApp-Image-2024-09-05-at-09.22.29-432x540.jpeg",432,540,true],"sgg-780":["https:\/\/portal.pi.gov.br\/seres\/wp-content\/uploads\/sites\/87\/2024\/09\/WhatsApp-Image-2024-09-05-at-09.22.29-624x780.jpeg",624,780,true],"1536x1536":["https:\/\/portal.pi.gov.br\/seres\/wp-content\/uploads\/sites\/87\/2024\/09\/WhatsApp-Image-2024-09-05-at-09.22.29.jpeg",1080,1350,false],"2048x2048":["https:\/\/portal.pi.gov.br\/seres\/wp-content\/uploads\/sites\/87\/2024\/09\/WhatsApp-Image-2024-09-05-at-09.22.29.jpeg",1080,1350,false],"homepage-slider":["https:\/\/portal.pi.gov.br\/seres\/wp-content\/uploads\/sites\/87\/2024\/09\/WhatsApp-Image-2024-09-05-at-09.22.29-1080x500.jpeg",1080,500,true],"homepage-slider-small":["https:\/\/portal.pi.gov.br\/seres\/wp-content\/uploads\/sites\/87\/2024\/09\/WhatsApp-Image-2024-09-05-at-09.22.29-947x500.jpeg",947,500,true],"page-top":["https:\/\/portal.pi.gov.br\/seres\/wp-content\/uploads\/sites\/87\/2024\/09\/WhatsApp-Image-2024-09-05-at-09.22.29-947x1184.jpeg",947,1184,true],"page-small":["https:\/\/portal.pi.gov.br\/seres\/wp-content\/uploads\/sites\/87\/2024\/09\/WhatsApp-Image-2024-09-05-at-09.22.29-624x780.jpeg",624,780,true],"loop-main":["https:\/\/portal.pi.gov.br\/seres\/wp-content\/uploads\/sites\/87\/2024\/09\/WhatsApp-Image-2024-09-05-at-09.22.29-365x240.jpeg",365,240,true],"thumb-gallery-widget":["https:\/\/portal.pi.gov.br\/seres\/wp-content\/uploads\/sites\/87\/2024\/09\/WhatsApp-Image-2024-09-05-at-09.22.29-84x56.jpeg",84,56,true]},"post_excerpt_stackable":"<p>Neste s\u00e1bado (07), a Caravana da Cidadania vai estacionar no bairro Mocambinho! O evento tem como objetivo aproximar e facilitar o acesso da popula\u00e7\u00e3o aos servi\u00e7os oferecidos pelo Governo do Estado. A Caravana contar\u00e1 com servi\u00e7os de diversos \u00f3rg\u00e3os estaduais, que disponibilizar\u00e3o dicas e orienta\u00e7\u00f5es de sa\u00fade, atendimentos do Hemopi e do Sine, servi\u00e7os odontol\u00f3gicos, cortes de cabelo, emiss\u00e3o da nova carteira de identidade nacional, brincadeiras e pinturas de rosto para crian\u00e7as, al\u00e9m de a\u00e7\u00f5es do Programa de Regulariza\u00e7\u00e3o Fundi\u00e1ria Urbana, o ProUrbe. A Seres estar\u00e1 presente com informa\u00e7\u00f5es sobre o OPA e outros programas desenvolvidos na secretaria. A secret\u00e1ria&hellip;<\/p>\n","category_list":"<a href=\"https:\/\/portal.pi.gov.br\/seres\/category\/noticias\/\" rel=\"category tag\">Not\u00edcias<\/a>","author_info":{"name":"admin","url":"https:\/\/portal.pi.gov.br\/seres\/author\/admin\/"},"comments_num":"0 coment\u00e1rio","featured_image_urls_v2":{"full":["https:\/\/portal.pi.gov.br\/seres\/wp-content\/uploads\/sites\/87\/2024\/09\/WhatsApp-Image-2024-09-05-at-09.22.29.jpeg",1080,1350,false],"thumbnail":["https:\/\/portal.pi.gov.br\/seres\/wp-content\/uploads\/sites\/87\/2024\/09\/WhatsApp-Image-2024-09-05-at-09.22.29-150x150.jpeg",150,150,true],"medium":["https:\/\/portal.pi.gov.br\/seres\/wp-content\/uploads\/sites\/87\/2024\/09\/WhatsApp-Image-2024-09-05-at-09.22.29-240x300.jpeg",240,300,true],"medium_large":["https:\/\/portal.pi.gov.br\/seres\/wp-content\/uploads\/sites\/87\/2024\/09\/WhatsApp-Image-2024-09-05-at-09.22.29-768x960.jpeg",768,960,true],"large":["https:\/\/portal.pi.gov.br\/seres\/wp-content\/uploads\/sites\/87\/2024\/09\/WhatsApp-Image-2024-09-05-at-09.22.29-819x1024.jpeg",819,1024,true],"sgg-420":["https:\/\/portal.pi.gov.br\/seres\/wp-content\/uploads\/sites\/87\/2024\/09\/WhatsApp-Image-2024-09-05-at-09.22.29-336x420.jpeg",336,420,true],"sgg-540":["https:\/\/portal.pi.gov.br\/seres\/wp-content\/uploads\/sites\/87\/2024\/09\/WhatsApp-Image-2024-09-05-at-09.22.29-432x540.jpeg",432,540,true],"sgg-780":["https:\/\/portal.pi.gov.br\/seres\/wp-content\/uploads\/sites\/87\/2024\/09\/WhatsApp-Image-2024-09-05-at-09.22.29-624x780.jpeg",624,780,true],"1536x1536":["https:\/\/portal.pi.gov.br\/seres\/wp-content\/uploads\/sites\/87\/2024\/09\/WhatsApp-Image-2024-09-05-at-09.22.29.jpeg",1080,1350,false],"2048x2048":["https:\/\/portal.pi.gov.br\/seres\/wp-content\/uploads\/sites\/87\/2024\/09\/WhatsApp-Image-2024-09-05-at-09.22.29.jpeg",1080,1350,false],"homepage-slider":["https:\/\/portal.pi.gov.br\/seres\/wp-content\/uploads\/sites\/87\/2024\/09\/WhatsApp-Image-2024-09-05-at-09.22.29-1080x500.jpeg",1080,500,true],"homepage-slider-small":["https:\/\/portal.pi.gov.br\/seres\/wp-content\/uploads\/sites\/87\/2024\/09\/WhatsApp-Image-2024-09-05-at-09.22.29-947x500.jpeg",947,500,true],"page-top":["https:\/\/portal.pi.gov.br\/seres\/wp-content\/uploads\/sites\/87\/2024\/09\/WhatsApp-Image-2024-09-05-at-09.22.29-947x1184.jpeg",947,1184,true],"page-small":["https:\/\/portal.pi.gov.br\/seres\/wp-content\/uploads\/sites\/87\/2024\/09\/WhatsApp-Image-2024-09-05-at-09.22.29-624x780.jpeg",624,780,true],"loop-main":["https:\/\/portal.pi.gov.br\/seres\/wp-content\/uploads\/sites\/87\/2024\/09\/WhatsApp-Image-2024-09-05-at-09.22.29-365x240.jpeg",365,240,true],"thumb-gallery-widget":["https:\/\/portal.pi.gov.br\/seres\/wp-content\/uploads\/sites\/87\/2024\/09\/WhatsApp-Image-2024-09-05-at-09.22.29-84x56.jpeg",84,56,true]},"post_excerpt_stackable_v2":"<p>Neste s\u00e1bado (07), a Caravana da Cidadania vai estacionar no bairro Mocambinho! O evento tem como objetivo aproximar e facilitar o acesso da popula\u00e7\u00e3o aos servi\u00e7os oferecidos pelo Governo do Estado. A Caravana contar\u00e1 com servi\u00e7os de diversos \u00f3rg\u00e3os estaduais, que disponibilizar\u00e3o dicas e orienta\u00e7\u00f5es de sa\u00fade, atendimentos do Hemopi e do Sine, servi\u00e7os odontol\u00f3gicos, cortes de cabelo, emiss\u00e3o da nova carteira de identidade nacional, brincadeiras e pinturas de rosto para crian\u00e7as, al\u00e9m de a\u00e7\u00f5es do Programa de Regulariza\u00e7\u00e3o Fundi\u00e1ria Urbana, o ProUrbe. A Seres estar\u00e1 presente com informa\u00e7\u00f5es sobre o OPA e outros programas desenvolvidos na secretaria. A secret\u00e1ria&hellip;<\/p>\n","category_list_v2":"<a href=\"https:\/\/portal.pi.gov.br\/seres\/category\/noticias\/\" rel=\"category tag\">Not\u00edcias<\/a>","author_info_v2":{"name":"admin","url":"https:\/\/portal.pi.gov.br\/seres\/author\/admin\/"},"comments_num_v2":"0 coment\u00e1rio","jetpack_featured_media_url":"https:\/\/portal.pi.gov.br\/seres\/wp-content\/uploads\/sites\/87\/2024\/09\/WhatsApp-Image-2024-09-05-at-09.22.29.jpeg","_links":{"self":[{"href":"https:\/\/portal.pi.gov.br\/seres\/wp-json\/wp\/v2\/posts\/2495"}],"collection":[{"href":"https:\/\/portal.pi.gov.br\/seres\/wp-json\/wp\/v2\/posts"}],"about":[{"href":"https:\/\/portal.pi.gov.br\/seres\/wp-json\/wp\/v2\/types\/post"}],"author":[{"embeddable":true,"href":"https:\/\/portal.pi.gov.br\/seres\/wp-json\/wp\/v2\/users\/1"}],"replies":[{"embeddable":true,"href":"https:\/\/portal.pi.gov.br\/seres\/wp-json\/wp\/v2\/comments?post=2495"}],"version-history":[{"count":3,"href":"https:\/\/portal.pi.gov.br\/seres\/wp-json\/wp\/v2\/posts\/2495\/revisions"}],"predecessor-version":[{"id":2500,"href":"https:\/\/portal.pi.gov.br\/seres\/wp-json\/wp\/v2\/posts\/2495\/revisions\/2500"}],"wp:featuredmedia":[{"embeddable":true,"href":"https:\/\/portal.pi.gov.br\/seres\/wp-json\/wp\/v2\/media\/2496"}],"wp:attachment":[{"href":"https:\/\/portal.pi.gov.br\/seres\/wp-json\/wp\/v2\/media?parent=2495"}],"wp:term":[{"taxonomy":"category","embeddable":true,"href":"https:\/\/portal.pi.gov.br\/seres\/wp-json\/wp\/v2\/categories?post=2495"},{"taxonomy":"post_tag","embeddable":true,"href":"https:\/\/portal.pi.gov.br\/seres\/wp-json\/wp\/v2\/tags?post=2495"}],"curies":[{"name":"wp","href":"https:\/\/api.w.org\/{rel}","templated":true}]}}