{"id":2501,"date":"2024-09-07T11:50:11","date_gmt":"2024-09-07T14:50:11","guid":{"rendered":"https:\/\/portal.pi.gov.br\/seres\/?p=2501"},"modified":"2024-09-09T11:50:35","modified_gmt":"2024-09-09T14:50:35","slug":"stand-do-opa-participou-de-caravana-por-onde-circularam-mais-de-2-mil-pessoas","status":"publish","type":"post","link":"https:\/\/portal.pi.gov.br\/seres\/2024\/09\/07\/stand-do-opa-participou-de-caravana-por-onde-circularam-mais-de-2-mil-pessoas\/","title":{"rendered":"Stand do OPA participou de Caravana por onde circularam mais de 2 mil pessoas"},"content":{"rendered":"\n<p>As Secretarias das Rela\u00e7\u00f5es Sociais (Seres) e do Planejamento (Seplan) divulgaram informa\u00e7\u00f5es sobre o Or\u00e7amento Participativo (OPA), durante a Caravana da Cidadania, por onde circularam mais de 2 mil pessoas s\u00e1bado (7), no bairro Mocambinho, em Teresina. O evento, promovido pela Secretaria da Administra\u00e7\u00e3o (Sead), facilitou o acesso da popula\u00e7\u00e3o aos servi\u00e7os oferecidos pelo Governo do Estado.<\/p>\n\n\n\n<p>O stand do Or\u00e7amento Participativo (OPA) foi essencial para divulga\u00e7\u00e3o e esclarecimento de d\u00favidas sobre o programa, al\u00e9m de apresent\u00e10lo a novos p\u00fablicos, mostrando a transforma\u00e7\u00e3o da comunidade com a participa\u00e7\u00e3o da popula\u00e7\u00e3o na escolha do investimento dos recursos do Estado.<\/p>\n\n\n<div class=\"wp-block-image\">\n<figure class=\"aligncenter is-resized\"><img decoding=\"async\" loading=\"lazy\" src=\"https:\/\/www.seplan.pi.gov.br\/wp-content\/uploads\/2024\/09\/WhatsApp-Image-2024-09-09-at-10.45.25-768x1024.jpeg\" alt=\"\" class=\"wp-image-11400\" width=\"431\" height=\"575\" \/><\/figure><\/div>\n\n\n<p>O Or\u00e7amento Participativo (OPA) se consolidou em 2023 como um marco na gest\u00e3o p\u00fablica do Piau\u00ed, permitindo a participa\u00e7\u00e3o direta dos cidad\u00e3os na defini\u00e7\u00e3o das prioridades or\u00e7ament\u00e1rias para suas comunidades. Inicialmente implantado em Teresina e Parna\u00edba, com R$ 50 milh\u00f5es em investimentos, o programa foi ampliado para cinco munic\u00edpios em 2024, totalizando R$ 65 milh\u00f5es em recursos para obras e a\u00e7\u00f5es.<\/p>\n\n\n\n<p>O p\u00fablico que foi at\u00e9 a Caravana contou ainda com atendimentos do Hemopi, distribui\u00e7\u00e3o de mudas de \u00e1rvores, cortes de cabelo, emiss\u00e3o da carteira para autistas e da nova carteira de identidade nacional, brincadeiras e pinturas de rosto para as crian\u00e7as, al\u00e9m de a\u00e7\u00f5es do Programa de Regulariza\u00e7\u00e3o Fundi\u00e1ria Urbana (ProUrbe).<\/p>\n\n\n<div class=\"wp-block-image\">\n<figure class=\"aligncenter is-resized\"><img decoding=\"async\" loading=\"lazy\" src=\"https:\/\/www.seplan.pi.gov.br\/wp-content\/uploads\/2024\/09\/WhatsApp-Image-2024-09-09-at-10.45.22-768x1024.jpeg\" alt=\"\" class=\"wp-image-11401\" width=\"453\" height=\"604\" \/><\/figure><\/div>\n\n\n<p>Parceiros<\/p>\n\n\n\n<p>A Caravana da Cidadania \u00e9 um evento que conta com a parceria de diversos \u00f3rg\u00e3os e secretarias estaduais, al\u00e9m da Seplan, como: Assist\u00eancia Social, Trabalho e Direitos Humanos (Sasc), Seguran\u00e7a (SSP), Sa\u00fade (Sesapi), Educa\u00e7\u00e3o (Seduc), do Meio Ambiente e dos Recursos H\u00eddricos (Semarh), Inclus\u00e3o da Pessoa com Defici\u00eancia (Seid), Instituto de Assist\u00eancia \u00e0 Sa\u00fade dos Servidores P\u00fablicos do Estado do Piau\u00ed (Iaspi), Empresa de Tecnologia da Informa\u00e7\u00e3o do Piau\u00ed (Etipi), Ag\u00eancia de Desenvolvimento Habitacional do Piau\u00ed (ADH-PI), Departamentos Estaduais de Tr\u00e2nsito (Detran) e Ag\u00eancia de Fomento e Desenvolvimento do Estado do Piau\u00ed (Badespi), Conselho Regional de Engenharia e Agronomia do Estado do Piau\u00ed (Crea-PI), al\u00e9m do Tribunal de Justi\u00e7a do Piau\u00ed (TJ-PI).<\/p>\n\n\n<div class=\"wp-block-image\">\n<figure class=\"aligncenter is-resized\"><img decoding=\"async\" loading=\"lazy\" src=\"https:\/\/www.seplan.pi.gov.br\/wp-content\/uploads\/2024\/09\/WhatsApp-Image-2024-09-09-at-10.45.19-1-1024x768.jpeg\" alt=\"\" class=\"wp-image-11402\" width=\"486\" height=\"365\" \/><\/figure><\/div>\n\n\n<h5 class=\"wp-block-heading\"><\/h5>\n","protected":false},"excerpt":{"rendered":"<p>As Secretarias das Rela\u00e7\u00f5es Sociais (Seres) e do Planejamento (Seplan) divulgaram informa\u00e7\u00f5es sobre o Or\u00e7amento Participativo (OPA), durante a Caravana da Cidadania, por onde circularam mais de 2 mil pessoas [&hellip;]<\/p>\n","protected":false},"author":1,"featured_media":2502,"comment_status":"closed","ping_status":"closed","sticky":false,"template":"","format":"standard","meta":[],"categories":[34],"tags":[62,47,41],"featured_image_urls":{"full":["https:\/\/portal.pi.gov.br\/seres\/wp-content\/uploads\/sites\/87\/2024\/09\/WhatsApp-Image-2024-09-09-at-10.45.19-1-1024x768-1.jpeg",1024,768,false],"thumbnail":["https:\/\/portal.pi.gov.br\/seres\/wp-content\/uploads\/sites\/87\/2024\/09\/WhatsApp-Image-2024-09-09-at-10.45.19-1-1024x768-1-150x150.jpeg",150,150,true],"medium":["https:\/\/portal.pi.gov.br\/seres\/wp-content\/uploads\/sites\/87\/2024\/09\/WhatsApp-Image-2024-09-09-at-10.45.19-1-1024x768-1-300x225.jpeg",300,225,true],"medium_large":["https:\/\/portal.pi.gov.br\/seres\/wp-content\/uploads\/sites\/87\/2024\/09\/WhatsApp-Image-2024-09-09-at-10.45.19-1-1024x768-1-768x576.jpeg",768,576,true],"large":["https:\/\/portal.pi.gov.br\/seres\/wp-content\/uploads\/sites\/87\/2024\/09\/WhatsApp-Image-2024-09-09-at-10.45.19-1-1024x768-1.jpeg",887,665,false],"sgg-420":["https:\/\/portal.pi.gov.br\/seres\/wp-content\/uploads\/sites\/87\/2024\/09\/WhatsApp-Image-2024-09-09-at-10.45.19-1-1024x768-1-420x315.jpeg",420,315,true],"sgg-540":["https:\/\/portal.pi.gov.br\/seres\/wp-content\/uploads\/sites\/87\/2024\/09\/WhatsApp-Image-2024-09-09-at-10.45.19-1-1024x768-1-540x405.jpeg",540,405,true],"sgg-780":["https:\/\/portal.pi.gov.br\/seres\/wp-content\/uploads\/sites\/87\/2024\/09\/WhatsApp-Image-2024-09-09-at-10.45.19-1-1024x768-1-780x585.jpeg",780,585,true],"1536x1536":["https:\/\/portal.pi.gov.br\/seres\/wp-content\/uploads\/sites\/87\/2024\/09\/WhatsApp-Image-2024-09-09-at-10.45.19-1-1024x768-1.jpeg",1024,768,false],"2048x2048":["https:\/\/portal.pi.gov.br\/seres\/wp-content\/uploads\/sites\/87\/2024\/09\/WhatsApp-Image-2024-09-09-at-10.45.19-1-1024x768-1.jpeg",1024,768,false],"homepage-slider":["https:\/\/portal.pi.gov.br\/seres\/wp-content\/uploads\/sites\/87\/2024\/09\/WhatsApp-Image-2024-09-09-at-10.45.19-1-1024x768-1-1024x500.jpeg",1024,500,true],"homepage-slider-small":["https:\/\/portal.pi.gov.br\/seres\/wp-content\/uploads\/sites\/87\/2024\/09\/WhatsApp-Image-2024-09-09-at-10.45.19-1-1024x768-1-947x500.jpeg",947,500,true],"page-top":["https:\/\/portal.pi.gov.br\/seres\/wp-content\/uploads\/sites\/87\/2024\/09\/WhatsApp-Image-2024-09-09-at-10.45.19-1-1024x768-1-947x710.jpeg",947,710,true],"page-small":["https:\/\/portal.pi.gov.br\/seres\/wp-content\/uploads\/sites\/87\/2024\/09\/WhatsApp-Image-2024-09-09-at-10.45.19-1-1024x768-1-624x468.jpeg",624,468,true],"loop-main":["https:\/\/portal.pi.gov.br\/seres\/wp-content\/uploads\/sites\/87\/2024\/09\/WhatsApp-Image-2024-09-09-at-10.45.19-1-1024x768-1-365x240.jpeg",365,240,true],"thumb-gallery-widget":["https:\/\/portal.pi.gov.br\/seres\/wp-content\/uploads\/sites\/87\/2024\/09\/WhatsApp-Image-2024-09-09-at-10.45.19-1-1024x768-1-84x56.jpeg",84,56,true]},"post_excerpt_stackable":"<p>As Secretarias das Rela\u00e7\u00f5es Sociais (Seres) e do Planejamento (Seplan) divulgaram informa\u00e7\u00f5es sobre o Or\u00e7amento Participativo (OPA), durante a Caravana da Cidadania, por onde circularam mais de 2 mil pessoas s\u00e1bado (7), no bairro Mocambinho, em Teresina. O evento, promovido pela Secretaria da Administra\u00e7\u00e3o (Sead), facilitou o acesso da popula\u00e7\u00e3o aos servi\u00e7os oferecidos pelo Governo do Estado. O stand do Or\u00e7amento Participativo (OPA) foi essencial para divulga\u00e7\u00e3o e esclarecimento de d\u00favidas sobre o programa, al\u00e9m de apresent\u00e10lo a novos p\u00fablicos, mostrando a transforma\u00e7\u00e3o da comunidade com a participa\u00e7\u00e3o da popula\u00e7\u00e3o na escolha do investimento dos recursos do Estado. O Or\u00e7amento&hellip;<\/p>\n","category_list":"<a href=\"https:\/\/portal.pi.gov.br\/seres\/category\/noticias\/\" rel=\"category tag\">Not\u00edcias<\/a>","author_info":{"name":"admin","url":"https:\/\/portal.pi.gov.br\/seres\/author\/admin\/"},"comments_num":"0 coment\u00e1rio","featured_image_urls_v2":{"full":["https:\/\/portal.pi.gov.br\/seres\/wp-content\/uploads\/sites\/87\/2024\/09\/WhatsApp-Image-2024-09-09-at-10.45.19-1-1024x768-1.jpeg",1024,768,false],"thumbnail":["https:\/\/portal.pi.gov.br\/seres\/wp-content\/uploads\/sites\/87\/2024\/09\/WhatsApp-Image-2024-09-09-at-10.45.19-1-1024x768-1-150x150.jpeg",150,150,true],"medium":["https:\/\/portal.pi.gov.br\/seres\/wp-content\/uploads\/sites\/87\/2024\/09\/WhatsApp-Image-2024-09-09-at-10.45.19-1-1024x768-1-300x225.jpeg",300,225,true],"medium_large":["https:\/\/portal.pi.gov.br\/seres\/wp-content\/uploads\/sites\/87\/2024\/09\/WhatsApp-Image-2024-09-09-at-10.45.19-1-1024x768-1-768x576.jpeg",768,576,true],"large":["https:\/\/portal.pi.gov.br\/seres\/wp-content\/uploads\/sites\/87\/2024\/09\/WhatsApp-Image-2024-09-09-at-10.45.19-1-1024x768-1.jpeg",887,665,false],"sgg-420":["https:\/\/portal.pi.gov.br\/seres\/wp-content\/uploads\/sites\/87\/2024\/09\/WhatsApp-Image-2024-09-09-at-10.45.19-1-1024x768-1-420x315.jpeg",420,315,true],"sgg-540":["https:\/\/portal.pi.gov.br\/seres\/wp-content\/uploads\/sites\/87\/2024\/09\/WhatsApp-Image-2024-09-09-at-10.45.19-1-1024x768-1-540x405.jpeg",540,405,true],"sgg-780":["https:\/\/portal.pi.gov.br\/seres\/wp-content\/uploads\/sites\/87\/2024\/09\/WhatsApp-Image-2024-09-09-at-10.45.19-1-1024x768-1-780x585.jpeg",780,585,true],"1536x1536":["https:\/\/portal.pi.gov.br\/seres\/wp-content\/uploads\/sites\/87\/2024\/09\/WhatsApp-Image-2024-09-09-at-10.45.19-1-1024x768-1.jpeg",1024,768,false],"2048x2048":["https:\/\/portal.pi.gov.br\/seres\/wp-content\/uploads\/sites\/87\/2024\/09\/WhatsApp-Image-2024-09-09-at-10.45.19-1-1024x768-1.jpeg",1024,768,false],"homepage-slider":["https:\/\/portal.pi.gov.br\/seres\/wp-content\/uploads\/sites\/87\/2024\/09\/WhatsApp-Image-2024-09-09-at-10.45.19-1-1024x768-1-1024x500.jpeg",1024,500,true],"homepage-slider-small":["https:\/\/portal.pi.gov.br\/seres\/wp-content\/uploads\/sites\/87\/2024\/09\/WhatsApp-Image-2024-09-09-at-10.45.19-1-1024x768-1-947x500.jpeg",947,500,true],"page-top":["https:\/\/portal.pi.gov.br\/seres\/wp-content\/uploads\/sites\/87\/2024\/09\/WhatsApp-Image-2024-09-09-at-10.45.19-1-1024x768-1-947x710.jpeg",947,710,true],"page-small":["https:\/\/portal.pi.gov.br\/seres\/wp-content\/uploads\/sites\/87\/2024\/09\/WhatsApp-Image-2024-09-09-at-10.45.19-1-1024x768-1-624x468.jpeg",624,468,true],"loop-main":["https:\/\/portal.pi.gov.br\/seres\/wp-content\/uploads\/sites\/87\/2024\/09\/WhatsApp-Image-2024-09-09-at-10.45.19-1-1024x768-1-365x240.jpeg",365,240,true],"thumb-gallery-widget":["https:\/\/portal.pi.gov.br\/seres\/wp-content\/uploads\/sites\/87\/2024\/09\/WhatsApp-Image-2024-09-09-at-10.45.19-1-1024x768-1-84x56.jpeg",84,56,true]},"post_excerpt_stackable_v2":"<p>As Secretarias das Rela\u00e7\u00f5es Sociais (Seres) e do Planejamento (Seplan) divulgaram informa\u00e7\u00f5es sobre o Or\u00e7amento Participativo (OPA), durante a Caravana da Cidadania, por onde circularam mais de 2 mil pessoas s\u00e1bado (7), no bairro Mocambinho, em Teresina. O evento, promovido pela Secretaria da Administra\u00e7\u00e3o (Sead), facilitou o acesso da popula\u00e7\u00e3o aos servi\u00e7os oferecidos pelo Governo do Estado. O stand do Or\u00e7amento Participativo (OPA) foi essencial para divulga\u00e7\u00e3o e esclarecimento de d\u00favidas sobre o programa, al\u00e9m de apresent\u00e10lo a novos p\u00fablicos, mostrando a transforma\u00e7\u00e3o da comunidade com a participa\u00e7\u00e3o da popula\u00e7\u00e3o na escolha do investimento dos recursos do Estado. O Or\u00e7amento&hellip;<\/p>\n","category_list_v2":"<a href=\"https:\/\/portal.pi.gov.br\/seres\/category\/noticias\/\" rel=\"category tag\">Not\u00edcias<\/a>","author_info_v2":{"name":"admin","url":"https:\/\/portal.pi.gov.br\/seres\/author\/admin\/"},"comments_num_v2":"0 coment\u00e1rio","jetpack_featured_media_url":"https:\/\/portal.pi.gov.br\/seres\/wp-content\/uploads\/sites\/87\/2024\/09\/WhatsApp-Image-2024-09-09-at-10.45.19-1-1024x768-1.jpeg","_links":{"self":[{"href":"https:\/\/portal.pi.gov.br\/seres\/wp-json\/wp\/v2\/posts\/2501"}],"collection":[{"href":"https:\/\/portal.pi.gov.br\/seres\/wp-json\/wp\/v2\/posts"}],"about":[{"href":"https:\/\/portal.pi.gov.br\/seres\/wp-json\/wp\/v2\/types\/post"}],"author":[{"embeddable":true,"href":"https:\/\/portal.pi.gov.br\/seres\/wp-json\/wp\/v2\/users\/1"}],"replies":[{"embeddable":true,"href":"https:\/\/portal.pi.gov.br\/seres\/wp-json\/wp\/v2\/comments?post=2501"}],"version-history":[{"count":1,"href":"https:\/\/portal.pi.gov.br\/seres\/wp-json\/wp\/v2\/posts\/2501\/revisions"}],"predecessor-version":[{"id":2503,"href":"https:\/\/portal.pi.gov.br\/seres\/wp-json\/wp\/v2\/posts\/2501\/revisions\/2503"}],"wp:featuredmedia":[{"embeddable":true,"href":"https:\/\/portal.pi.gov.br\/seres\/wp-json\/wp\/v2\/media\/2502"}],"wp:attachment":[{"href":"https:\/\/portal.pi.gov.br\/seres\/wp-json\/wp\/v2\/media?parent=2501"}],"wp:term":[{"taxonomy":"category","embeddable":true,"href":"https:\/\/portal.pi.gov.br\/seres\/wp-json\/wp\/v2\/categories?post=2501"},{"taxonomy":"post_tag","embeddable":true,"href":"https:\/\/portal.pi.gov.br\/seres\/wp-json\/wp\/v2\/tags?post=2501"}],"curies":[{"name":"wp","href":"https:\/\/api.w.org\/{rel}","templated":true}]}}